{"id":9603,"date":"2010-02-07T13:22:09","date_gmt":"2010-02-07T12:22:09","guid":{"rendered":"http:\/\/www.filindeblogg.nu\/?p=9603"},"modified":"2010-02-07T13:24:32","modified_gmt":"2010-02-07T12:24:32","slug":"soliga-sondag","status":"publish","type":"post","link":"https:\/\/www.filindeblogg.nu\/?p=9603","title":{"rendered":"Soliga s\u00f6ndag!"},"content":{"rendered":"<p><a rel=\"attachment wp-att-9604\" href=\"http:\/\/www.filindeblogg.nu\/?attachment_id=9604\"><img loading=\"lazy\" class=\"alignnone size-thumbnail wp-image-9604\" title=\"Fyra istappar\" src=\"http:\/\/www.filindeblogg.nu\/wp-content\/uploads\/2010\/02\/Fyra-istappar-150x150.jpg\" alt=\"\" width=\"150\" height=\"150\" \/><\/a>Oj, vilket str\u00e5lande vinterv\u00e4der vi fick idag! 3-4 minus och solsken! Det k\u00e4ndes bara helt sj\u00e4lvklart att ta sig en promenad!<\/p>\n<p>Efter att ha f\u00f6ljt dottern till t\u00e5get tog jag en av mina tidigare rundor som inkluderar ett bes\u00f6k hos <strong>Max och Saga<\/strong>. <a rel=\"attachment wp-att-9605\" href=\"http:\/\/www.filindeblogg.nu\/?attachment_id=9605\"><img loading=\"lazy\" class=\"alignnone size-thumbnail wp-image-9605\" title=\"Kyrkog\u00e5rden 7 febr 10\" src=\"http:\/\/www.filindeblogg.nu\/wp-content\/uploads\/2010\/02\/Kyrkog\u00e5rden-7-febr-10-150x150.jpg\" alt=\"\" width=\"150\" height=\"150\" \/><\/a> H\u00e4r inne bor tv\u00e5 sm\u00e5 barn numera. Det var enormt mycket sn\u00f6 \u00f6verallt. Gravstenarna\u00a0 syntes knappt <a rel=\"attachment wp-att-9606\" href=\"http:\/\/www.filindeblogg.nu\/?attachment_id=9606\"><img loading=\"lazy\" class=\"alignnone size-thumbnail wp-image-9606\" title=\"Gravarna syns inte\" src=\"http:\/\/www.filindeblogg.nu\/wp-content\/uploads\/2010\/02\/Gravarna-syns-inte-150x150.jpg\" alt=\"\" width=\"150\" height=\"150\" \/><\/a> och det var sv\u00e5rt att ta sig fram\u00a0 till gravplatserna &#8211; med ett och annat undantag&#8230; <a rel=\"attachment wp-att-9607\" href=\"http:\/\/www.filindeblogg.nu\/?attachment_id=9607\"><img loading=\"lazy\" class=\"alignnone size-medium wp-image-9607\" title=\"V\u00e4gen till Max o Saga\" src=\"http:\/\/www.filindeblogg.nu\/wp-content\/uploads\/2010\/02\/V\u00e4gen-till-Max-o-Saga-300x225.jpg\" alt=\"\" width=\"180\" height=\"135\" srcset=\"https:\/\/www.filindeblogg.nu\/wp-content\/uploads\/2010\/02\/V\u00e4gen-till-Max-o-Saga-300x225.jpg 300w, https:\/\/www.filindeblogg.nu\/wp-content\/uploads\/2010\/02\/V\u00e4gen-till-Max-o-Saga.jpg 640w\" sizes=\"(max-width: 180px) 100vw, 180px\" \/><\/a> En ny v\u00e4g var upptrampad fram till sm\u00e5barnens grav. <a rel=\"attachment wp-att-9608\" href=\"http:\/\/www.filindeblogg.nu\/?attachment_id=9608\"><img loading=\"lazy\" class=\"alignnone size-thumbnail wp-image-9608\" title=\"Max o Sagas grav1\" src=\"http:\/\/www.filindeblogg.nu\/wp-content\/uploads\/2010\/02\/Max-o-Sagas-grav1-150x150.jpg\" alt=\"\" width=\"150\" height=\"150\" \/><\/a> Sn\u00f6n ligger djup och min favoritljuslykta &#8211; lusthuset &#8211; var begravd i sn\u00f6. D\u00e4rf\u00f6r placerade jag mina tv\u00e5 sm\u00e5 v\u00e4rmeljus framf\u00f6r fotot av barnen. <a rel=\"attachment wp-att-9609\" href=\"http:\/\/www.filindeblogg.nu\/?attachment_id=9609\"><img loading=\"lazy\" class=\"alignnone size-thumbnail wp-image-9609\" title=\"Max o Saga o 2 ljus\" src=\"http:\/\/www.filindeblogg.nu\/wp-content\/uploads\/2010\/02\/Max-o-Saga-o-2-ljus-150x150.jpg\" alt=\"\" width=\"150\" height=\"150\" \/><\/a> Trots att det \u00e4r fruktansv\u00e4rt tragiskt att t\u00e4nka p\u00e5 det som h\u00e4nt och se fotografiet &#8211; s\u00e5 infinner sig alltid en k\u00e4nsla av lugn och frid n\u00e4r jag bes\u00f6ker Max och Saga. Och \u00e4ven denna dag busade dom med mig i fantasin. N\u00e4r jag sagt hej-d\u00e5 och var p\u00e5 v\u00e4g ut s\u00e5 var det n\u00e5gra sm\u00e5ttingar som sl\u00e4ngde l\u00e4tta sn\u00f6bollar fr\u00e5n tr\u00e4dtopparna. Jag tittade upp och visst skymtade jag barnen och h\u00f6rde deras skratt!<br \/>\nHimlen \u00e4r n\u00e4ra. <a rel=\"attachment wp-att-9610\" href=\"http:\/\/www.filindeblogg.nu\/?attachment_id=9610\"><img loading=\"lazy\" class=\"alignnone size-medium wp-image-9610\" title=\"Himelen \u00e4r n\u00e4ra\" src=\"http:\/\/www.filindeblogg.nu\/wp-content\/uploads\/2010\/02\/Himelen-\u00e4r-n\u00e4ra-300x225.jpg\" alt=\"\" width=\"300\" height=\"225\" srcset=\"https:\/\/www.filindeblogg.nu\/wp-content\/uploads\/2010\/02\/Himelen-\u00e4r-n\u00e4ra-300x225.jpg 300w, https:\/\/www.filindeblogg.nu\/wp-content\/uploads\/2010\/02\/Himelen-\u00e4r-n\u00e4ra.jpg 640w\" sizes=\"(max-width: 300px) 100vw, 300px\" \/><\/a><\/p>\n<p>Sen fortsatte jag min promenad och m\u00e5nga arbogabor\u00a0 hade f\u00f6ljt mitt exempel. S\u00e5 h\u00e4rligt v\u00e4der och s\u00e5dana fina bilder man kan f\u00e5 med kameran! <a rel=\"attachment wp-att-9611\" href=\"http:\/\/www.filindeblogg.nu\/?attachment_id=9611\"><img loading=\"lazy\" class=\"alignnone size-thumbnail wp-image-9611\" title=\"Arboga\u00e5n fr\u00e5n Str\u00f6msn\u00e4sbron\" src=\"http:\/\/www.filindeblogg.nu\/wp-content\/uploads\/2010\/02\/Arboga\u00e5n-fr\u00e5n-Str\u00f6msn\u00e4sbron-150x150.jpg\" alt=\"\" width=\"150\" height=\"150\" \/><\/a> H\u00e4r <strong>Arboga\u00e5n fr\u00e5n Str\u00f6msn\u00e4sbron<\/strong>.<\/p>\n<p><strong>\u00c5n fr\u00e5n Labron<\/strong>, v\u00e4sterut: <a rel=\"attachment wp-att-9612\" href=\"http:\/\/www.filindeblogg.nu\/?attachment_id=9612\"><img loading=\"lazy\" class=\"alignnone size-thumbnail wp-image-9612\" title=\"Arboga\u00e5n fr\u00e5n Labron v\u00e4ster\" src=\"http:\/\/www.filindeblogg.nu\/wp-content\/uploads\/2010\/02\/Arboga\u00e5n-fr\u00e5n-Labron-v\u00e4ster-150x150.jpg\" alt=\"\" width=\"150\" height=\"150\" \/><\/a><\/p>\n<p><a rel=\"attachment wp-att-9613\" href=\"http:\/\/www.filindeblogg.nu\/?attachment_id=9613\"><img loading=\"lazy\" class=\"alignnone size-thumbnail wp-image-9613\" title=\"Arboga\u00e5n fr\u00e5n Labron \u00f6ster\" src=\"http:\/\/www.filindeblogg.nu\/wp-content\/uploads\/2010\/02\/Arboga\u00e5n-fr\u00e5n-Labron-\u00f6ster-150x150.jpg\" alt=\"\" width=\"150\" height=\"150\" \/><\/a> och h\u00e4r <strong>Labron mot \u00e5n \u00f6ster\u00f6ver.<\/strong><\/p>\n<p>Jag gick l\u00e4ngs med \u00e5n.\u00a0 <a rel=\"attachment wp-att-9614\" href=\"http:\/\/www.filindeblogg.nu\/?attachment_id=9614\"><img loading=\"lazy\" class=\"alignnone size-thumbnail wp-image-9614\" title=\"Invid Labron\" src=\"http:\/\/www.filindeblogg.nu\/wp-content\/uploads\/2010\/02\/Invid-Labron-150x150.jpg\" alt=\"\" width=\"150\" height=\"150\" \/><\/a> Alltid lika vackert &#8211; vinter- som sommartid. Tyv\u00e4rr hade jag gl\u00f6mt att ta med br\u00f6d men \u00e4nderna verkade m\u00e4tta och bel\u00e5tna redan. H\u00e4r solar sig fyra av dom p\u00e5 ett isflak.\u00a0<a rel=\"attachment wp-att-9616\" href=\"http:\/\/www.filindeblogg.nu\/?attachment_id=9616\"><img loading=\"lazy\" class=\"alignnone size-thumbnail wp-image-9616\" title=\"Fyran \u00e4nder i solen\" src=\"http:\/\/www.filindeblogg.nu\/wp-content\/uploads\/2010\/02\/Fyran-\u00e4nder-i-solen-150x150.jpg\" alt=\"\" width=\"150\" height=\"150\" \/><\/a> \u00c5n \u00e4r n\u00e4stan helg frusen denna vinter.<a rel=\"attachment wp-att-9615\" href=\"http:\/\/www.filindeblogg.nu\/?attachment_id=9615\"><img loading=\"lazy\" class=\"alignnone size-thumbnail wp-image-9615\" title=\"arboga \u00e5 promenaden\" src=\"http:\/\/www.filindeblogg.nu\/wp-content\/uploads\/2010\/02\/arboga-\u00e5-promenaden-150x150.jpg\" alt=\"\" width=\"150\" height=\"150\" \/><\/a> Det \u00e4r lite uppseendev\u00e4ckande. <a rel=\"attachment wp-att-9617\" href=\"http:\/\/www.filindeblogg.nu\/?attachment_id=9617\"><img loading=\"lazy\" class=\"alignnone size-thumbnail wp-image-9617\" title=\"Arboga\u00e5n fr\u00e5n Herrg\u00e5rdsbron\" src=\"http:\/\/www.filindeblogg.nu\/wp-content\/uploads\/2010\/02\/Arboga\u00e5n-fr\u00e5n-Herrg\u00e5rdsbron-150x150.jpg\" alt=\"\" width=\"150\" height=\"150\" \/><\/a> H\u00e4r \u00e4r fotot taget invid <strong>Herrg\u00e5rdsbron.<\/strong><\/p>\n<p>V\u00e4l hemma igen. Wilma rullar runt i solskenet fr\u00e5n f\u00f6nstret. \u00c4ven hon uppskattar solen \u00e4ven om hon helst stannar inomhus.<\/p>\n<p><a rel=\"attachment wp-att-9618\" href=\"http:\/\/www.filindeblogg.nu\/?attachment_id=9618\"><img loading=\"lazy\" class=\"aligncenter size-thumbnail wp-image-9618\" title=\"Wilmar rullar i solskenet p\u00e5 parkettgolvet\" src=\"http:\/\/www.filindeblogg.nu\/wp-content\/uploads\/2010\/02\/Wilmar-rullar-i-solskenet-p\u00e5-parkettgolvet-150x150.jpg\" alt=\"\" width=\"150\" height=\"150\" \/><\/a><\/p>\n","protected":false},"excerpt":{"rendered":"<p>Oj, vilket str\u00e5lande vinterv\u00e4der vi fick idag! 3-4 minus och solsken! Det k\u00e4ndes bara helt sj\u00e4lvklart att ta sig en promenad! Efter att ha f\u00f6ljt dottern till t\u00e5get tog jag en av mina tidigare rundor som inkluderar ett bes\u00f6k hos Max och Saga. H\u00e4r inne bor tv\u00e5 sm\u00e5 barn numera. Det var enormt mycket sn\u00f6 [&hellip;]<\/p>\n","protected":false},"author":1,"featured_media":0,"comment_status":"open","ping_status":"open","sticky":false,"template":"","format":"standard","meta":[],"categories":[100,101,105],"tags":[],"_links":{"self":[{"href":"https:\/\/www.filindeblogg.nu\/index.php?rest_route=\/wp\/v2\/posts\/9603"}],"collection":[{"href":"https:\/\/www.filindeblogg.nu\/index.php?rest_route=\/wp\/v2\/posts"}],"about":[{"href":"https:\/\/www.filindeblogg.nu\/index.php?rest_route=\/wp\/v2\/types\/post"}],"author":[{"embeddable":true,"href":"https:\/\/www.filindeblogg.nu\/index.php?rest_route=\/wp\/v2\/users\/1"}],"replies":[{"embeddable":true,"href":"https:\/\/www.filindeblogg.nu\/index.php?rest_route=%2Fwp%2Fv2%2Fcomments&post=9603"}],"version-history":[{"count":4,"href":"https:\/\/www.filindeblogg.nu\/index.php?rest_route=\/wp\/v2\/posts\/9603\/revisions"}],"predecessor-version":[{"id":9622,"href":"https:\/\/www.filindeblogg.nu\/index.php?rest_route=\/wp\/v2\/posts\/9603\/revisions\/9622"}],"wp:attachment":[{"href":"https:\/\/www.filindeblogg.nu\/index.php?rest_route=%2Fwp%2Fv2%2Fmedia&parent=9603"}],"wp:term":[{"taxonomy":"category","embeddable":true,"href":"https:\/\/www.filindeblogg.nu\/index.php?rest_route=%2Fwp%2Fv2%2Fcategories&post=9603"},{"taxonomy":"post_tag","embeddable":true,"href":"https:\/\/www.filindeblogg.nu\/index.php?rest_route=%2Fwp%2Fv2%2Ftags&post=9603"}],"curies":[{"name":"wp","href":"https:\/\/api.w.org\/{rel}","templated":true}]}}