{"id":70707,"date":"2017-09-14T06:48:36","date_gmt":"2017-09-14T05:48:36","guid":{"rendered":"http:\/\/www.filindeblogg.nu\/?p=70707"},"modified":"2017-09-14T06:48:36","modified_gmt":"2017-09-14T05:48:36","slug":"jag-vill-ha-en-muslimfri-vecka-och-en-blondinfri-festival","status":"publish","type":"post","link":"https:\/\/www.filindeblogg.nu\/?p=70707","title":{"rendered":"Jag vill ha en muslimfri vecka och en blondinfri festival!!"},"content":{"rendered":"<p>Mansfri festival \u00e4r bara b\u00f6rjan!!<\/p>\n<p><img loading=\"lazy\" class=\"size-medium wp-image-70708\" src=\"http:\/\/www.filindeblogg.nu\/wp-content\/uploads\/2017\/09\/image-3-300x158.jpeg\" alt=\"\" width=\"300\" height=\"158\" srcset=\"https:\/\/www.filindeblogg.nu\/wp-content\/uploads\/2017\/09\/image-3-300x158.jpeg 300w, https:\/\/www.filindeblogg.nu\/wp-content\/uploads\/2017\/09\/image-3-768x403.jpeg 768w, https:\/\/www.filindeblogg.nu\/wp-content\/uploads\/2017\/09\/image-3-1024x538.jpeg 1024w, https:\/\/www.filindeblogg.nu\/wp-content\/uploads\/2017\/09\/image-3.jpeg 1200w\" sizes=\"(max-width: 300px) 100vw, 300px\" \/><\/p>\n<p>Nu k\u00f6r vi!! Kan Knyckare och Trump s\u00e5 kan vi!! We&#8217;ll do it the Trump way &#8211; f\u00f6rbud, diskriminering och murar!!<\/p>\n<p><img loading=\"lazy\" class=\"alignnone size-medium wp-image-70709\" src=\"http:\/\/www.filindeblogg.nu\/wp-content\/uploads\/2017\/09\/image-4-300x200.jpeg\" alt=\"\" width=\"300\" height=\"200\" srcset=\"https:\/\/www.filindeblogg.nu\/wp-content\/uploads\/2017\/09\/image-4-300x200.jpeg 300w, https:\/\/www.filindeblogg.nu\/wp-content\/uploads\/2017\/09\/image-4.jpeg 469w\" sizes=\"(max-width: 300px) 100vw, 300px\" \/>Det finns s\u00e5 m\u00e5nga terrord\u00e5d i Islams namn &#8211; jag k\u00e4nner mig inte trygg p\u00e5 min arbetsplats. Jag vill inf\u00f6ra en muslimfri vecka s\u00e5 jag kan jobba tryggt och s\u00e4kert.<\/p>\n<p><img loading=\"lazy\" class=\"aligncenter size-medium wp-image-70721\" src=\"http:\/\/www.filindeblogg.nu\/wp-content\/uploads\/2017\/09\/image-13-300x200.jpeg\" alt=\"\" width=\"300\" height=\"200\" srcset=\"https:\/\/www.filindeblogg.nu\/wp-content\/uploads\/2017\/09\/image-13-300x200.jpeg 300w, https:\/\/www.filindeblogg.nu\/wp-content\/uploads\/2017\/09\/image-13.jpeg 640w\" sizes=\"(max-width: 300px) 100vw, 300px\" \/><\/p>\n<p><img loading=\"lazy\" class=\"alignnone size-medium wp-image-70710\" src=\"http:\/\/www.filindeblogg.nu\/wp-content\/uploads\/2017\/09\/image-2-300x242.png\" alt=\"\" width=\"300\" height=\"242\" srcset=\"https:\/\/www.filindeblogg.nu\/wp-content\/uploads\/2017\/09\/image-2-300x242.png 300w, https:\/\/www.filindeblogg.nu\/wp-content\/uploads\/2017\/09\/image-2-768x619.png 768w, https:\/\/www.filindeblogg.nu\/wp-content\/uploads\/2017\/09\/image-2.png 899w\" sizes=\"(max-width: 300px) 100vw, 300px\" \/>Sk\u00e4ggiga personer f\u00e5r mig att t\u00e4nka p\u00e5 mordiska talibaner! Mitt f\u00f6rslag \u00e4r att f\u00f6rbjuda helsk\u00e4gg p\u00e5 prov en tid s\u00e5 att alla ska kunna k\u00e4nna sig trygga.<\/p>\n<p><img loading=\"lazy\" class=\"alignnone size-medium wp-image-70711\" src=\"http:\/\/www.filindeblogg.nu\/wp-content\/uploads\/2017\/09\/image-5-212x300.jpeg\" alt=\"\" width=\"212\" height=\"300\" srcset=\"https:\/\/www.filindeblogg.nu\/wp-content\/uploads\/2017\/09\/image-5-212x300.jpeg 212w, https:\/\/www.filindeblogg.nu\/wp-content\/uploads\/2017\/09\/image-5-768x1088.jpeg 768w, https:\/\/www.filindeblogg.nu\/wp-content\/uploads\/2017\/09\/image-5-723x1024.jpeg 723w, https:\/\/www.filindeblogg.nu\/wp-content\/uploads\/2017\/09\/image-5.jpeg 1129w\" sizes=\"(max-width: 212px) 100vw, 212px\" \/>Tatueringar \u00e4r v\u00e4l obehagligt! Det vet man ju vilka som tatuerade sig f\u00f6rr i v\u00e4rlden. Jag ser helst att alla med tatueringar h\u00e5ller sig hemma under n\u00e5gra dagar s\u00e5 kanske jag och alla andra m\u00e5r b\u00e4ttre.<\/p>\n<p>Mitt barn har mobbats av tv\u00e5 olika flickor som heter Sara &#8211; jag ser g\u00e4rna att vi provar en Sara-fri vecka i skolan s\u00e5 mitt barn kan k\u00e4nna sig s\u00e4ker d\u00e4r.<\/p>\n<p>En g\u00e5ng fanns det en hemsk m\u00e4nniska som hette Marie. N\u00e4sta g\u00e5ng det ordnas n\u00e5got festligt i stan vill jag g\u00e4rna att vi inf\u00f6r Marie-f\u00f6rbud!<\/p>\n<p><img loading=\"lazy\" class=\"alignnone size-medium wp-image-70712\" src=\"http:\/\/www.filindeblogg.nu\/wp-content\/uploads\/2017\/09\/image-6-295x300.jpeg\" alt=\"\" width=\"295\" height=\"300\" srcset=\"https:\/\/www.filindeblogg.nu\/wp-content\/uploads\/2017\/09\/image-6-295x300.jpeg 295w, https:\/\/www.filindeblogg.nu\/wp-content\/uploads\/2017\/09\/image-6-768x781.jpeg 768w, https:\/\/www.filindeblogg.nu\/wp-content\/uploads\/2017\/09\/image-6-1007x1024.jpeg 1007w, https:\/\/www.filindeblogg.nu\/wp-content\/uploads\/2017\/09\/image-6.jpeg 1500w\" sizes=\"(max-width: 295px) 100vw, 295px\" \/>Min moster har n\u00e4stan blivit prejad av \u00e4ldre folk med rullatorer n\u00e4r hon ska g\u00e5 och handla. Jag tycker vi f\u00f6rbjuder rullatorer p\u00e5 prov n\u00e5gra dagar. Eller vi kan helt enkelt f\u00f6rbjuda \u00e4ldre folk att g\u00e5 ut under s\u00e4g 3 dagar.<\/p>\n<p><img loading=\"lazy\" class=\"size-medium wp-image-70713\" src=\"http:\/\/www.filindeblogg.nu\/wp-content\/uploads\/2017\/09\/image-7-184x300.jpeg\" alt=\"\" width=\"184\" height=\"300\" srcset=\"https:\/\/www.filindeblogg.nu\/wp-content\/uploads\/2017\/09\/image-7-184x300.jpeg 184w, https:\/\/www.filindeblogg.nu\/wp-content\/uploads\/2017\/09\/image-7.jpeg 306w\" sizes=\"(max-width: 184px) 100vw, 184px\" \/><\/p>\n<p>T\u00e4nk vad ledsen man blir n\u00e4r man ser en massa halvnakna personer om sommaren. Kroppsdelar visas upp offentligt liksom &#8211; br\u00f6st och genomskinligt &#8211; och \u00e5tsmitande korta shorts! Varf\u00f6r inte tvinga m\u00e4nniskor att t\u00e4cka sig! Det vill jag inf\u00f6ra p\u00e5 prov till sommaren 2018!<\/p>\n<p><img loading=\"lazy\" class=\"alignnone size-medium wp-image-70714\" src=\"http:\/\/www.filindeblogg.nu\/wp-content\/uploads\/2017\/09\/image-8-300x200.jpeg\" alt=\"\" width=\"300\" height=\"200\" srcset=\"https:\/\/www.filindeblogg.nu\/wp-content\/uploads\/2017\/09\/image-8-300x200.jpeg 300w, https:\/\/www.filindeblogg.nu\/wp-content\/uploads\/2017\/09\/image-8.jpeg 750w\" sizes=\"(max-width: 300px) 100vw, 300px\" \/>Medeltiden var en hemsk tid i svensk historia. Kan vi inte ha Medeltidsdagarna i Arboga n\u00e4sta \u00e5r utan medeltida inslag! Alla m\u00e5ste kunna k\u00e4nna sig trygga under dessa dagar och Medeltiden \u00e4r sannerligen inget att hylla!<\/p>\n<p>&nbsp;<\/p>\n<p>HJ\u00c4LP!! DE D\u00c4R HEMSKA F\u00d6RORTERNA!!! Det vet man ju hur det g\u00e5r till d\u00e4r!! Kan vi inte anordna en f\u00f6rortsfri helg i oktober!<\/p>\n<p>&nbsp;<\/p>\n<p><img loading=\"lazy\" class=\"alignnone size-full wp-image-70716\" src=\"http:\/\/www.filindeblogg.nu\/wp-content\/uploads\/2017\/09\/image-10.jpeg\" alt=\"\" width=\"236\" height=\"270\" \/>Jag \u00e4r s\u00e5 tr\u00f6tt p\u00e5 dumma blondiner med duckface som pladdrar runt om snyggaste killarna, b\u00e4sta ligget och senaste ragget &#8211; mitt f\u00f6rslag \u00e4r en blondinfri festival!<\/p>\n<p>Ett par g\u00e5nger har jag h\u00f6rt talas om folk som haft stora problem med sina Ford-bilar. Kan vi inte p\u00e5 prov stoppa f\u00f6rs\u00e4ljningen av Fordar ett par veckor.<\/p>\n<p><img loading=\"lazy\" class=\"alignnone size-medium wp-image-70715\" src=\"http:\/\/www.filindeblogg.nu\/wp-content\/uploads\/2017\/09\/image-9-300x200.jpeg\" alt=\"\" width=\"300\" height=\"200\" srcset=\"https:\/\/www.filindeblogg.nu\/wp-content\/uploads\/2017\/09\/image-9-300x200.jpeg 300w, https:\/\/www.filindeblogg.nu\/wp-content\/uploads\/2017\/09\/image-9-768x511.jpeg 768w, https:\/\/www.filindeblogg.nu\/wp-content\/uploads\/2017\/09\/image-9-1024x682.jpeg 1024w, https:\/\/www.filindeblogg.nu\/wp-content\/uploads\/2017\/09\/image-9.jpeg 2043w\" sizes=\"(max-width: 300px) 100vw, 300px\" \/>Jag har faktiskt f\u00e5tt min bil p\u00e5k\u00f6rd tv\u00e5 g\u00e5nger av bilar av m\u00e4rket Hyundai! Det skulle k\u00e4nnas tryggt om vi best\u00e4mde en Hyundai-fri vecka p\u00e5 v\u00e5ra v\u00e4gar!<\/p>\n<p><img loading=\"lazy\" class=\"alignnone size-medium wp-image-70720\" src=\"http:\/\/www.filindeblogg.nu\/wp-content\/uploads\/2017\/09\/image-4-300x219.png\" alt=\"\" width=\"300\" height=\"219\" srcset=\"https:\/\/www.filindeblogg.nu\/wp-content\/uploads\/2017\/09\/image-4-300x219.png 300w, https:\/\/www.filindeblogg.nu\/wp-content\/uploads\/2017\/09\/image-4-768x561.png 768w, https:\/\/www.filindeblogg.nu\/wp-content\/uploads\/2017\/09\/image-4.png 1024w\" sizes=\"(max-width: 300px) 100vw, 300px\" \/>Pizza f\u00e5r mig att m\u00e5 illa. Kan vi inte f\u00f6rbjuda f\u00f6rs\u00e4ljningen av pizza en vecka. Kanske p\u00e5 sikt st\u00e4nga dessa illaluktande fenomen som kommer fr\u00e5n Italien. \u00c4sch, f\u00f6rbjud Italien ocks\u00e5!<\/p>\n<p>Personer som har vissa sorts kl\u00e4der och mest dom i starkt gult f\u00e5r mig att m\u00e5 d\u00e5ligt. Kan vi p\u00e5 prov f\u00f6rbjuda dessa kl\u00e4der i gult &#8211; s\u00e5 att vi alla ska kunna m\u00e5 bra!<\/p>\n<p>En varg i Kolsva tog en katt! Jag tycker det \u00e4r h\u00f6g tid att skjuta bort alla vargar! Ta med alla andra hotfulla rovdjur ocks\u00e5! Grannens katt \u00e4r en l\u00f6msk sak till exempel! Varf\u00f6r inte f\u00f6rbjuda alla med vassa t\u00e4nder! Eller vass tunga&#8230;<\/p>\n<p><img loading=\"lazy\" class=\"alignnone size-medium wp-image-70719\" src=\"http:\/\/www.filindeblogg.nu\/wp-content\/uploads\/2017\/09\/image-12-300x169.jpeg\" alt=\"\" width=\"300\" height=\"169\" srcset=\"https:\/\/www.filindeblogg.nu\/wp-content\/uploads\/2017\/09\/image-12-300x169.jpeg 300w, https:\/\/www.filindeblogg.nu\/wp-content\/uploads\/2017\/09\/image-12-768x432.jpeg 768w, https:\/\/www.filindeblogg.nu\/wp-content\/uploads\/2017\/09\/image-12-1024x576.jpeg 1024w, https:\/\/www.filindeblogg.nu\/wp-content\/uploads\/2017\/09\/image-12.jpeg 1280w\" sizes=\"(max-width: 300px) 100vw, 300px\" \/>\u00a0Och det viktigaste av allt: HATA M\u00c4N RIKTIGT MYCKET s\u00e5 kommer v\u00e4rlden att bli en s\u00e5 mycket b\u00e4ttre plats!!<\/p>\n<p><img loading=\"lazy\" class=\"aligncenter size-full wp-image-70718\" src=\"http:\/\/www.filindeblogg.nu\/wp-content\/uploads\/2017\/09\/image-11.jpeg\" alt=\"\" width=\"240\" height=\"166\" \/><\/p>\n<p>&nbsp;<\/p>\n<p>&nbsp;<\/p>\n","protected":false},"excerpt":{"rendered":"<p>Mansfri festival \u00e4r bara b\u00f6rjan!! Nu k\u00f6r vi!! Kan Knyckare och Trump s\u00e5 kan vi!! We&#8217;ll do it the Trump way &#8211; f\u00f6rbud, diskriminering och murar!! Det finns s\u00e5 m\u00e5nga terrord\u00e5d i Islams namn &#8211; jag k\u00e4nner mig inte trygg p\u00e5 min arbetsplats. Jag vill inf\u00f6ra en muslimfri vecka s\u00e5 jag kan jobba tryggt och [&hellip;]<\/p>\n","protected":false},"author":1,"featured_media":0,"comment_status":"open","ping_status":"open","sticky":false,"template":"","format":"standard","meta":[],"categories":[1,118,162,100],"tags":[],"_links":{"self":[{"href":"https:\/\/www.filindeblogg.nu\/index.php?rest_route=\/wp\/v2\/posts\/70707"}],"collection":[{"href":"https:\/\/www.filindeblogg.nu\/index.php?rest_route=\/wp\/v2\/posts"}],"about":[{"href":"https:\/\/www.filindeblogg.nu\/index.php?rest_route=\/wp\/v2\/types\/post"}],"author":[{"embeddable":true,"href":"https:\/\/www.filindeblogg.nu\/index.php?rest_route=\/wp\/v2\/users\/1"}],"replies":[{"embeddable":true,"href":"https:\/\/www.filindeblogg.nu\/index.php?rest_route=%2Fwp%2Fv2%2Fcomments&post=70707"}],"version-history":[{"count":1,"href":"https:\/\/www.filindeblogg.nu\/index.php?rest_route=\/wp\/v2\/posts\/70707\/revisions"}],"predecessor-version":[{"id":70722,"href":"https:\/\/www.filindeblogg.nu\/index.php?rest_route=\/wp\/v2\/posts\/70707\/revisions\/70722"}],"wp:attachment":[{"href":"https:\/\/www.filindeblogg.nu\/index.php?rest_route=%2Fwp%2Fv2%2Fmedia&parent=70707"}],"wp:term":[{"taxonomy":"category","embeddable":true,"href":"https:\/\/www.filindeblogg.nu\/index.php?rest_route=%2Fwp%2Fv2%2Fcategories&post=70707"},{"taxonomy":"post_tag","embeddable":true,"href":"https:\/\/www.filindeblogg.nu\/index.php?rest_route=%2Fwp%2Fv2%2Ftags&post=70707"}],"curies":[{"name":"wp","href":"https:\/\/api.w.org\/{rel}","templated":true}]}}