{"id":6587,"date":"2009-07-04T10:35:05","date_gmt":"2009-07-04T09:35:05","guid":{"rendered":"http:\/\/www.filindeblogg.nu\/?p=6587"},"modified":"2009-07-04T16:51:11","modified_gmt":"2009-07-04T15:51:11","slug":"cykeltur-till-kyrkogarden","status":"publish","type":"post","link":"https:\/\/www.filindeblogg.nu\/?p=6587","title":{"rendered":"Cykeltur till kyrkog\u00e5rden"},"content":{"rendered":"<p>S\u00e5 sk\u00f6nt att vakna till lite svalare v\u00e4der<a href=\"http:\/\/www.dn.se\/kultur-noje\/debatt-essa\/schulman-blogg-1.904970\">!<\/a> Som vanligt tog jag mig en cykeltur f\u00f6r att k\u00f6pa jordgubbar till barnen. <img loading=\"lazy\" class=\"alignnone size-medium wp-image-6588\" title=\"Jordgubbar till barnen\" src=\"http:\/\/www.filindeblogg.nu\/wp-content\/uploads\/2009\/07\/Jordgubbar-till-barnen-300x225.jpg\" alt=\"Jordgubbar till barnen\" width=\"180\" height=\"135\" srcset=\"https:\/\/www.filindeblogg.nu\/wp-content\/uploads\/2009\/07\/Jordgubbar-till-barnen-300x225.jpg 300w, https:\/\/www.filindeblogg.nu\/wp-content\/uploads\/2009\/07\/Jordgubbar-till-barnen.jpg 600w\" sizes=\"(max-width: 180px) 100vw, 180px\" \/> N\u00e4r jag handlat de fina b\u00e4ren intill Konsumhuset kom jag att t\u00e4nka p\u00e5 tv\u00e5 andra sm\u00e5 barn som s\u00e4kert ocks\u00e5 vill ha jordgubbar<a href=\"http:\/\/www.dn.se\/nyheter\/sverige\/morddomda-arbogakvinnan-overfors-till-tyskland-1.905172\">.<\/a> Eller i alla fall hade velat ha&#8230;<\/p>\n<p>S\u00e5 jag cyklade till Kyrkog\u00e5rden<a href=\"http:\/\/www.svd.se\/nyheter\/inrikes\/artikel_3163227.svd\">.<\/a> <img loading=\"lazy\" class=\"alignnone size-thumbnail wp-image-6589\" title=\"V\u00e4lkommen in p\u00e5 kyrkog\u00e5rden\" src=\"http:\/\/www.filindeblogg.nu\/wp-content\/uploads\/2009\/07\/V\u00e4lkommen-in-p\u00e5-kyrkog\u00e5rden-150x150.jpg\" alt=\"V\u00e4lkommen in p\u00e5 kyrkog\u00e5rden\" width=\"150\" height=\"150\" \/> <em>&#8221;V\u00e4lkommen in&#8221; <\/em>tycktes grinden s\u00e4ga.<\/p>\n<p><img loading=\"lazy\" class=\"alignleft size-thumbnail wp-image-6590\" title=\"Kyrkog\u00e5rden 4 juli 09\" src=\"http:\/\/www.filindeblogg.nu\/wp-content\/uploads\/2009\/07\/Kyrkog\u00e5rden-4-juli-09-150x150.jpg\" alt=\"Kyrkog\u00e5rden 4 juli 09\" width=\"150\" height=\"150\" \/>Oavsett vad man har f\u00f6r planer med sin cykelf\u00e4rd eller promenad<\/p>\n<p>s\u00e5 kan en tur genom <strong>Arbogas gamla kyrkog\u00e5rd <\/strong>rekommenderas<a href=\"http:\/\/sydsvenskan.se\/sverige\/article450459\/Morddomd-overfors-till-Tyskland.html\">.<\/a><\/p>\n<p>Nu i dessa sommartider \u00e4r det s\u00e5 lugnt och svalt h\u00e4r inne.<\/p>\n<p>Fridfullt och rofyllt<a href=\"http:\/\/hd.se\/inrikes\/2009\/07\/04\/morddoemd-oeverfoers-till-tyskland\/\">.<\/a><\/p>\n<p>Gr\u00f6nare \u00e4n gr\u00f6nt och s\u00e5 alla doftande lindblommor.<\/p>\n<p>S\u00e5 kom jag d\u00e5 fram\u00a0<img loading=\"lazy\" class=\"alignnone size-medium wp-image-6591\" title=\"Graven utan duvor\" src=\"http:\/\/www.filindeblogg.nu\/wp-content\/uploads\/2009\/07\/Graven-utan-duvor-225x300.jpg\" alt=\"Graven utan duvor\" width=\"158\" height=\"210\" srcset=\"https:\/\/www.filindeblogg.nu\/wp-content\/uploads\/2009\/07\/Graven-utan-duvor-225x300.jpg 225w, https:\/\/www.filindeblogg.nu\/wp-content\/uploads\/2009\/07\/Graven-utan-duvor.jpg 450w\" sizes=\"(max-width: 158px) 100vw, 158px\" \/><strong> Max och Sagas gravplats <\/strong>\u00e4r s\u00e5 vacker. Och n\u00e4r jag n\u00e4rmade mig h\u00f6rde jag alla f\u00e5glar igen.<\/p>\n<p>Jag tror att f\u00e5glarna \u00e4r speciella v\u00e4nner till barnen numera.<br \/>\nDe sjunger och kvittrar. <img loading=\"lazy\" class=\"alignnone size-thumbnail wp-image-6595\" title=\"F\u00e5glarna ropade p\u00e5 kyrkog\u00e5rden\" src=\"http:\/\/www.filindeblogg.nu\/wp-content\/uploads\/2009\/07\/F\u00e5glarna-ropade-p\u00e5-kyrkog\u00e5rden-150x150.jpg\" alt=\"F\u00e5glarna ropade p\u00e5 kyrkog\u00e5rden\" width=\"150\" height=\"150\" \/> Finns d\u00e4r &#8211; f\u00f6r barnen, s\u00e5 k\u00e4nns det.<\/p>\n<p>Jordgubbar till Max och Saga! <img loading=\"lazy\" class=\"alignnone size-medium wp-image-6592\" title=\"Jordgubbar till Max och Saga\" src=\"http:\/\/www.filindeblogg.nu\/wp-content\/uploads\/2009\/07\/Jordgubbar-till-Max-och-Saga-225x300.jpg\" alt=\"Jordgubbar till Max och Saga\" width=\"135\" height=\"180\" srcset=\"https:\/\/www.filindeblogg.nu\/wp-content\/uploads\/2009\/07\/Jordgubbar-till-Max-och-Saga-225x300.jpg 225w, https:\/\/www.filindeblogg.nu\/wp-content\/uploads\/2009\/07\/Jordgubbar-till-Max-och-Saga.jpg 450w\" sizes=\"(max-width: 135px) 100vw, 135px\" \/> Tv\u00e5 sm\u00e5 ljus t\u00e4nde jag ocks\u00e5. Men de fina lyktorna var borta, \u00e4ven &#8221;lusthuset&#8221; som var min favorit. Jag undrar om gravsk\u00e4ndaren tog dom ocks\u00e5&#8230;<\/p>\n<p>De vita duvorna \u00e4r borta fr\u00e5n stenen<img loading=\"lazy\" class=\"alignnone size-medium wp-image-6593\" title=\"Gravstenen uppifr\u00e5n 4 juli 09\" src=\"http:\/\/www.filindeblogg.nu\/wp-content\/uploads\/2009\/07\/Gravstenen-uppifr\u00e5n-4-juli-09-300x225.jpg\" alt=\"Gravstenen uppifr\u00e5n 4 juli 09\" width=\"180\" height=\"135\" srcset=\"https:\/\/www.filindeblogg.nu\/wp-content\/uploads\/2009\/07\/Gravstenen-uppifr\u00e5n-4-juli-09-300x225.jpg 300w, https:\/\/www.filindeblogg.nu\/wp-content\/uploads\/2009\/07\/Gravstenen-uppifr\u00e5n-4-juli-09.jpg 600w\" sizes=\"(max-width: 180px) 100vw, 180px\" \/><br \/>\nBara h\u00e5len finns kvar d\u00e4r de var f\u00e4stade&#8230; <img loading=\"lazy\" class=\"alignnone size-medium wp-image-6594\" title=\"Gravstenen h\u00e5len efter duvorna\" src=\"http:\/\/www.filindeblogg.nu\/wp-content\/uploads\/2009\/07\/Gravstenen-h\u00e5len-efter-duvorna-300x225.jpg\" alt=\"Gravstenen h\u00e5len efter duvorna\" width=\"180\" height=\"135\" srcset=\"https:\/\/www.filindeblogg.nu\/wp-content\/uploads\/2009\/07\/Gravstenen-h\u00e5len-efter-duvorna-300x225.jpg 300w, https:\/\/www.filindeblogg.nu\/wp-content\/uploads\/2009\/07\/Gravstenen-h\u00e5len-efter-duvorna.jpg 600w\" sizes=\"(max-width: 180px) 100vw, 180px\" \/> S\u00e5 sorgligt.<\/p>\n<p>Jag hade ju cykeln med mig. <img loading=\"lazy\" class=\"alignnone size-medium wp-image-6596\" title=\"Cyklade till kyrkog\u00e5rden\" src=\"http:\/\/www.filindeblogg.nu\/wp-content\/uploads\/2009\/07\/Cyklade-till-kyrkog\u00e5rden-225x300.jpg\" alt=\"Cyklade till kyrkog\u00e5rden\" width=\"135\" height=\"180\" srcset=\"https:\/\/www.filindeblogg.nu\/wp-content\/uploads\/2009\/07\/Cyklade-till-kyrkog\u00e5rden-225x300.jpg 225w, https:\/\/www.filindeblogg.nu\/wp-content\/uploads\/2009\/07\/Cyklade-till-kyrkog\u00e5rden.jpg 450w\" sizes=\"(max-width: 135px) 100vw, 135px\" \/> N\u00e4r jag tog den f\u00f6r att cykla hem\u00e5t &#8211; kom den d\u00e4r fantasin \u00f6ver mig igen. Tv\u00e5 sm\u00e5 barn ville f\u00f6rst\u00e5s \u00e5ka med p\u00e5 paketh\u00e5llaren!<img loading=\"lazy\" class=\"alignnone size-thumbnail wp-image-6597\" title=\"Cykeltur p\u00e5 kyrkog\u00e5rden\" src=\"http:\/\/www.filindeblogg.nu\/wp-content\/uploads\/2009\/07\/Cykeltur-p\u00e5-kyrkog\u00e5rden--150x150.jpg\" alt=\"Cykeltur p\u00e5 kyrkog\u00e5rden\" width=\"150\" height=\"150\" \/> De fick plats b\u00e5da tv\u00e5! Sen cyklade vi!<\/p>\n<p><img loading=\"lazy\" class=\"alignnone size-thumbnail wp-image-6598\" title=\"Hej vad det g\u00e5r per cykel\" src=\"http:\/\/www.filindeblogg.nu\/wp-content\/uploads\/2009\/07\/Hej-vad-det-g\u00e5r-per-cykel-150x150.jpg\" alt=\"Hej vad det g\u00e5r per cykel\" width=\"150\" height=\"150\" \/>Hej, vad det gick!! Jag log f\u00f6r mig sj\u00e4lv f\u00f6r jag h\u00f6rde barnen skratta bakom mig och jag k\u00e4nde tv\u00e5 sm\u00e5 barnaarmar runt min midja. Jag tror det var Max. Saga satt framf\u00f6r honom f\u00f6r att inte trilla av men Max h\u00f6ll armarna s\u00e5 att hon var skyddad och samtidigt kunde han h\u00e5lla i mig. Det var s\u00e5 h\u00e4rligt att cykla genom parken och h\u00f6ra de lyckliga skratten.<\/p>\n<p>Tack och lov f\u00f6r fantasin. Den kan g\u00f6ra under. Ett bes\u00f6k bland de d\u00f6da p\u00e5 kyrkog\u00e5rden kan ge gl\u00e4dje och f\u00f6rtr\u00f6stan ist\u00e4lle f\u00f6r vemod och t\u00e5rar. Jag \u00f6nskar att alla kunde dr\u00f6mma sig iv\u00e4g och l\u00e5t fantasin g\u00f6ra sm\u00e5 mirakel. Och vem vet vad som v\u00e4ntar oss efter d\u00f6den&#8230; Kanske ligger fantasi och dr\u00f6mmar n\u00e4ra det ok\u00e4nda som v\u00e4ntar efter livets slut&#8230;<\/p>\n<p><img loading=\"lazy\" class=\"aligncenter size-medium wp-image-6599\" title=\"R\u00f6d vresros\" src=\"http:\/\/www.filindeblogg.nu\/wp-content\/uploads\/2009\/07\/R\u00f6d-vresros-300x225.jpg\" alt=\"R\u00f6d vresros\" width=\"300\" height=\"225\" srcset=\"https:\/\/www.filindeblogg.nu\/wp-content\/uploads\/2009\/07\/R\u00f6d-vresros-300x225.jpg 300w, https:\/\/www.filindeblogg.nu\/wp-content\/uploads\/2009\/07\/R\u00f6d-vresros.jpg 600w\" sizes=\"(max-width: 300px) 100vw, 300px\" \/><\/p>\n","protected":false},"excerpt":{"rendered":"<p>S\u00e5 sk\u00f6nt att vakna till lite svalare v\u00e4der! Som vanligt tog jag mig en cykeltur f\u00f6r att k\u00f6pa jordgubbar till barnen. N\u00e4r jag handlat de fina b\u00e4ren intill Konsumhuset kom jag att t\u00e4nka p\u00e5 tv\u00e5 andra sm\u00e5 barn som s\u00e4kert ocks\u00e5 vill ha jordgubbar. Eller i alla fall hade velat ha&#8230; S\u00e5 jag cyklade till [&hellip;]<\/p>\n","protected":false},"author":1,"featured_media":0,"comment_status":"open","ping_status":"open","sticky":false,"template":"","format":"standard","meta":[],"categories":[100,101,105],"tags":[],"_links":{"self":[{"href":"https:\/\/www.filindeblogg.nu\/index.php?rest_route=\/wp\/v2\/posts\/6587"}],"collection":[{"href":"https:\/\/www.filindeblogg.nu\/index.php?rest_route=\/wp\/v2\/posts"}],"about":[{"href":"https:\/\/www.filindeblogg.nu\/index.php?rest_route=\/wp\/v2\/types\/post"}],"author":[{"embeddable":true,"href":"https:\/\/www.filindeblogg.nu\/index.php?rest_route=\/wp\/v2\/users\/1"}],"replies":[{"embeddable":true,"href":"https:\/\/www.filindeblogg.nu\/index.php?rest_route=%2Fwp%2Fv2%2Fcomments&post=6587"}],"version-history":[{"count":7,"href":"https:\/\/www.filindeblogg.nu\/index.php?rest_route=\/wp\/v2\/posts\/6587\/revisions"}],"predecessor-version":[{"id":6602,"href":"https:\/\/www.filindeblogg.nu\/index.php?rest_route=\/wp\/v2\/posts\/6587\/revisions\/6602"}],"wp:attachment":[{"href":"https:\/\/www.filindeblogg.nu\/index.php?rest_route=%2Fwp%2Fv2%2Fmedia&parent=6587"}],"wp:term":[{"taxonomy":"category","embeddable":true,"href":"https:\/\/www.filindeblogg.nu\/index.php?rest_route=%2Fwp%2Fv2%2Fcategories&post=6587"},{"taxonomy":"post_tag","embeddable":true,"href":"https:\/\/www.filindeblogg.nu\/index.php?rest_route=%2Fwp%2Fv2%2Ftags&post=6587"}],"curies":[{"name":"wp","href":"https:\/\/api.w.org\/{rel}","templated":true}]}}