{"id":6433,"date":"2009-06-25T10:44:12","date_gmt":"2009-06-25T09:44:12","guid":{"rendered":"http:\/\/www.filindeblogg.nu\/?p=6433"},"modified":"2009-06-25T10:49:06","modified_gmt":"2009-06-25T09:49:06","slug":"max-och-sagas-grav-skandad","status":"publish","type":"post","link":"https:\/\/www.filindeblogg.nu\/?p=6433","title":{"rendered":"MAX OCH SAGAS GRAV SK\u00c4NDAD!"},"content":{"rendered":"<p><strong>Vem har vandaliserat Max och Sagas grav i Arboga!!?<\/strong> N\u00e4r <strong>Emma<\/strong> och hennes sambo kom hem fr\u00e5n en semesterresa uppt\u00e4ckte de att de sm\u00e5 duvorna p\u00e5 gravstenen var borta<a href=\"http:\/\/www.dn.se\/sthlm\/verk-pa-rosendals-tradgard-vandaliserade-1.898106\">!<\/a><\/p>\n<p><em>&#8221;-Vem kan g\u00f6ra s\u00e5 h\u00e4r mot mina barn&#8221;<\/em> s\u00e4ger Emma i <a href=\"http:\/\/www.aftonbladet.se\/nyheter\/article5427382.ab\"><strong>Aftonbladet.<\/strong><\/a><\/p>\n<p><strong>Ja, vem?? <\/strong><\/p>\n<p><img loading=\"lazy\" class=\"alignnone size-full wp-image-6434\" title=\"Arg gul ikon\" src=\"http:\/\/www.filindeblogg.nu\/wp-content\/uploads\/2009\/06\/Arg-gul-ikon.jpeg\" alt=\"Arg gul ikon\" width=\"83\" height=\"83\" \/><\/p>\n<p>Alla i <strong>Arboga <\/strong>vet vilka Max och Saga var<a href=\"http:\/\/www.svd.se\/nyheter\/inrikes\/artikel_3114293.svd\">!<\/a> F\u00f6rmodligen \u00e4r de sm\u00e5 m\u00f6rdade barnen v\u00e4lk\u00e4nda i hela <strong>Sverige<a href=\"http:\/\/www.kvp.se\/nyheter\/1.1618441\/michelle-forsvunnen-pa-lyxkryssning\">.<\/a><\/strong><a href=\"http:\/\/www.kvp.se\/nyheter\/1.1618441\/michelle-forsvunnen-pa-lyxkryssning\"> <\/a>Deras grav med den vackra gravstenen g\u00e5r heller inte att ta miste p\u00e5!<img loading=\"lazy\" class=\"alignnone size-medium wp-image-6435\" title=\"Gravstenen n\u00e4rbild\" src=\"http:\/\/www.filindeblogg.nu\/wp-content\/uploads\/2009\/06\/Gravstenen-n\u00e4rbild-288x300.jpg\" alt=\"Gravstenen n\u00e4rbild\" width=\"288\" height=\"300\" srcset=\"https:\/\/www.filindeblogg.nu\/wp-content\/uploads\/2009\/06\/Gravstenen-n\u00e4rbild-288x300.jpg 288w, https:\/\/www.filindeblogg.nu\/wp-content\/uploads\/2009\/06\/Gravstenen-n\u00e4rbild.jpg 576w\" sizes=\"(max-width: 288px) 100vw, 288px\" \/> Den som ryckte bord duvorna fr\u00e5n stenen visste vilken grav han eller hon sk\u00e4ndade.<\/p>\n<p>Vet n\u00e5gon var duvorna finns? Skriv en rad s\u00e5 meddelar jag polisen!<\/p>\n<p>Duvorna ser ut s\u00e5 h\u00e4r: <img loading=\"lazy\" class=\"alignnone size-medium wp-image-6436\" title=\"Frusna duvor p\u00e5 gravstenen\" src=\"http:\/\/www.filindeblogg.nu\/wp-content\/uploads\/2009\/06\/Frusna-duvor-p\u00e5-gravstenen-300x225.jpg\" alt=\"Frusna duvor p\u00e5 gravstenen\" width=\"300\" height=\"225\" srcset=\"https:\/\/www.filindeblogg.nu\/wp-content\/uploads\/2009\/06\/Frusna-duvor-p\u00e5-gravstenen-300x225.jpg 300w, https:\/\/www.filindeblogg.nu\/wp-content\/uploads\/2009\/06\/Frusna-duvor-p\u00e5-gravstenen.jpg 640w\" sizes=\"(max-width: 300px) 100vw, 300px\" \/><\/p>\n","protected":false},"excerpt":{"rendered":"<p>Vem har vandaliserat Max och Sagas grav i Arboga!!? N\u00e4r Emma och hennes sambo kom hem fr\u00e5n en semesterresa uppt\u00e4ckte de att de sm\u00e5 duvorna p\u00e5 gravstenen var borta! &#8221;-Vem kan g\u00f6ra s\u00e5 h\u00e4r mot mina barn&#8221; s\u00e4ger Emma i Aftonbladet. Ja, vem?? Alla i Arboga vet vilka Max och Saga var! F\u00f6rmodligen \u00e4r de [&hellip;]<\/p>\n","protected":false},"author":1,"featured_media":0,"comment_status":"open","ping_status":"open","sticky":false,"template":"","format":"standard","meta":[],"categories":[100,101,105],"tags":[],"_links":{"self":[{"href":"https:\/\/www.filindeblogg.nu\/index.php?rest_route=\/wp\/v2\/posts\/6433"}],"collection":[{"href":"https:\/\/www.filindeblogg.nu\/index.php?rest_route=\/wp\/v2\/posts"}],"about":[{"href":"https:\/\/www.filindeblogg.nu\/index.php?rest_route=\/wp\/v2\/types\/post"}],"author":[{"embeddable":true,"href":"https:\/\/www.filindeblogg.nu\/index.php?rest_route=\/wp\/v2\/users\/1"}],"replies":[{"embeddable":true,"href":"https:\/\/www.filindeblogg.nu\/index.php?rest_route=%2Fwp%2Fv2%2Fcomments&post=6433"}],"version-history":[{"count":3,"href":"https:\/\/www.filindeblogg.nu\/index.php?rest_route=\/wp\/v2\/posts\/6433\/revisions"}],"predecessor-version":[{"id":6438,"href":"https:\/\/www.filindeblogg.nu\/index.php?rest_route=\/wp\/v2\/posts\/6433\/revisions\/6438"}],"wp:attachment":[{"href":"https:\/\/www.filindeblogg.nu\/index.php?rest_route=%2Fwp%2Fv2%2Fmedia&parent=6433"}],"wp:term":[{"taxonomy":"category","embeddable":true,"href":"https:\/\/www.filindeblogg.nu\/index.php?rest_route=%2Fwp%2Fv2%2Fcategories&post=6433"},{"taxonomy":"post_tag","embeddable":true,"href":"https:\/\/www.filindeblogg.nu\/index.php?rest_route=%2Fwp%2Fv2%2Ftags&post=6433"}],"curies":[{"name":"wp","href":"https:\/\/api.w.org\/{rel}","templated":true}]}}