{"id":62260,"date":"2015-02-15T11:02:56","date_gmt":"2015-02-15T10:02:56","guid":{"rendered":"http:\/\/www.filindeblogg.nu\/?p=62260"},"modified":"2015-02-15T11:02:56","modified_gmt":"2015-02-15T10:02:56","slug":"allas-ratt-att-visa-agneta-bode-med-huvudet-under-armen","status":"publish","type":"post","link":"https:\/\/www.filindeblogg.nu\/?p=62260","title":{"rendered":"Allas r\u00e4tt att visa Agneta Bode med huvudet under armen?"},"content":{"rendered":"<p><img loading=\"lazy\" class=\"alignnone  wp-image-62261\" src=\"http:\/\/www.filindeblogg.nu\/wp-content\/uploads\/2015\/02\/0133-225x300.jpg\" alt=\"013\" width=\"156\" height=\"208\" srcset=\"https:\/\/www.filindeblogg.nu\/wp-content\/uploads\/2015\/02\/0133-225x300.jpg 225w, https:\/\/www.filindeblogg.nu\/wp-content\/uploads\/2015\/02\/0133.jpg 450w\" sizes=\"(max-width: 156px) 100vw, 156px\" \/> S\u00e5 h\u00e4r ser f\u00f6rstasidan p\u00e5<a href=\"http:\/\/www.dn.se\/\" target=\"_blank\"><strong> Dagens Nyheter<\/strong><\/a> ut idag. <strong><em>&#8221;Intensiv jakt efter terrord\u00e5d&#8221;<\/em><\/strong> &#8211; d\u00f6da och skadade i <strong>K\u00f6penhamn<\/strong>.<br \/>\nEn annan rubrik lyder, citat:<strong><em> &#8221;Allt st\u00f6rre hot mot islamkritiker&#8221;<\/em><\/strong>.<\/p>\n<p>Det handlar &#8211; bland annat &#8211; om den h\u00e4r mannen. <img loading=\"lazy\" class=\"alignnone size-medium wp-image-62262\" src=\"http:\/\/www.filindeblogg.nu\/wp-content\/uploads\/2015\/02\/0121-225x300.jpg\" alt=\"012\" width=\"225\" height=\"300\" srcset=\"https:\/\/www.filindeblogg.nu\/wp-content\/uploads\/2015\/02\/0121-225x300.jpg 225w, https:\/\/www.filindeblogg.nu\/wp-content\/uploads\/2015\/02\/0121.jpg 450w\" sizes=\"(max-width: 225px) 100vw, 225px\" \/> <strong>Lars Vilks<\/strong> och hans r\u00e4tt att f\u00e5 rita <strong>Muhammed<\/strong> som rondellhund.<\/p>\n<p>F\u00f6r det fria ordet g\u00e4ller ju&#8230; <img loading=\"lazy\" class=\"alignnone size-medium wp-image-62263\" src=\"http:\/\/www.filindeblogg.nu\/wp-content\/uploads\/2015\/02\/0142-300x225.jpg\" alt=\"014\" width=\"300\" height=\"225\" srcset=\"https:\/\/www.filindeblogg.nu\/wp-content\/uploads\/2015\/02\/0142-300x225.jpg 300w, https:\/\/www.filindeblogg.nu\/wp-content\/uploads\/2015\/02\/0142.jpg 600w\" sizes=\"(max-width: 300px) 100vw, 300px\" \/><\/p>\n<p><img loading=\"lazy\" class=\"alignnone size-full wp-image-62264\" src=\"http:\/\/www.filindeblogg.nu\/wp-content\/uploads\/2015\/02\/Head-under-his-arm.jpg\" alt=\"Head under his arm\" width=\"82\" height=\"129\" \/>\u00a0Samma r\u00e4tt har d\u00e5 Arbogabor som inte gillar det Socialdemokratiska styret i stan att g\u00e5ng efter annan publicera bilder p\u00e5 <strong>Agneta Bode<\/strong>\u00a0<img loading=\"lazy\" class=\"alignnone size-full wp-image-62266\" src=\"http:\/\/www.filindeblogg.nu\/wp-content\/uploads\/2015\/02\/Agneta-bode-Kopia.jpg\" alt=\"Agneta bode - Kopia\" width=\"51\" height=\"55\" \/> med huvudet under armen! <img loading=\"lazy\" class=\"alignnone size-full wp-image-62265\" src=\"http:\/\/www.filindeblogg.nu\/wp-content\/uploads\/2015\/02\/Huvud-under-armen-Kopia.jpg\" alt=\"Huvud under armen - Kopia\" width=\"91\" height=\"150\" \/> Eller&#8230;?<\/p>\n<p><img loading=\"lazy\" class=\"alignnone size-full wp-image-62267\" src=\"http:\/\/www.filindeblogg.nu\/wp-content\/uploads\/2015\/02\/Linde-och-Felix.jpg\" alt=\"Linde och Felix\" width=\"137\" height=\"91\" \/>\u00a0Likv\u00e4l som bloggaren borde st\u00e5 ut med karikatyrer av sig sj\u00e4lv eller sina husdjur h\u00e4ngandes blodiga i en galen vargs gap!? <img loading=\"lazy\" class=\"alignnone size-full wp-image-62268\" src=\"http:\/\/www.filindeblogg.nu\/wp-content\/uploads\/2015\/02\/Tecknad-galen-varg.jpg\" alt=\"Tecknad galen varg\" width=\"96\" height=\"86\" \/><br \/>\n<img loading=\"lazy\" class=\"alignnone size-full wp-image-62269\" src=\"http:\/\/www.filindeblogg.nu\/wp-content\/uploads\/2015\/02\/Arg-varg-Kopia.jpg\" alt=\"Arg varg - Kopia\" width=\"111\" height=\"84\" \/> Yttrandefrihet g\u00e4ller ju!! <img loading=\"lazy\" class=\"alignnone size-full wp-image-62270\" src=\"http:\/\/www.filindeblogg.nu\/wp-content\/uploads\/2015\/02\/Varg-med-byte.jpg\" alt=\"Varg med byte\" width=\"137\" height=\"107\" \/><\/p>\n<p>Bloggaren tror att hon delar \u00e5sikt med Bode om det grundl\u00e4ggande fria ordet men ocks\u00e5 vikten av respekt.<br \/>\nOm en unge retar en annan varje dag i tv\u00e5 m\u00e5nader och sen f\u00e5r sp\u00f6 &#8211; vems fel \u00e4r det d\u00e5?\u00a0 Vem ska d\u00f6mas? Den som har r\u00e4tten att uttrycka sig fritt eller den som f\u00f6rsvarar sig?<br \/>\nNaturligtvis ska inte v\u00e5ld brukas men risken \u00e4r stor att sinnet rinner \u00f6ver till slut. Vems fel \u00e4r det d\u00e5?<\/p>\n<p>Bloggaren \u00e4r s\u00e5 innerligt tr\u00f6tt p\u00e5 r\u00e4ttigheterna att fritt h\u00e5na andra och sen skrika p\u00e5 f\u00f6rd\u00f6manden n\u00e4r angreppen sl\u00e5r tillbaka.<br \/>\nTr\u00f6tt i allm\u00e4nhet och just nu tr\u00f6tt i synnerhet p\u00e5 mediokra konstn\u00e4ren Vilks som s\u00e4tter en \u00e4ra i att f\u00e5 publicitet genom att kr\u00e4nka andra.<\/p>\n<p><img loading=\"lazy\" class=\"alignnone  wp-image-62271\" src=\"http:\/\/www.filindeblogg.nu\/wp-content\/uploads\/2015\/02\/Aftonbladet-300x120.jpg\" alt=\"Aftonbladet\" width=\"220\" height=\"88\" srcset=\"https:\/\/www.filindeblogg.nu\/wp-content\/uploads\/2015\/02\/Aftonbladet-300x120.jpg 300w, https:\/\/www.filindeblogg.nu\/wp-content\/uploads\/2015\/02\/Aftonbladet.jpg 655w\" sizes=\"(max-width: 220px) 100vw, 220px\" \/> K\u00f6penhamn ig\u00e5r <a href=\"http:\/\/www.aftonbladet.se\/\" target=\"_blank\">&#8211;<\/a><br \/>\noch i <strong>USA<\/strong>&#8230; <img loading=\"lazy\" class=\"alignnone  wp-image-62272\" src=\"http:\/\/www.filindeblogg.nu\/wp-content\/uploads\/2015\/02\/0163-300x225.jpg\" alt=\"016\" width=\"211\" height=\"158\" srcset=\"https:\/\/www.filindeblogg.nu\/wp-content\/uploads\/2015\/02\/0163-300x225.jpg 300w, https:\/\/www.filindeblogg.nu\/wp-content\/uploads\/2015\/02\/0163.jpg 600w\" sizes=\"(max-width: 211px) 100vw, 211px\" \/> Man utreder morden p\u00e5 tre muslimer som m\u00f6jligt hatbrott&#8230; <img loading=\"lazy\" class=\"alignnone size-medium wp-image-62273\" src=\"http:\/\/www.filindeblogg.nu\/wp-content\/uploads\/2015\/02\/0153-225x300.jpg\" alt=\"015\" width=\"225\" height=\"300\" srcset=\"https:\/\/www.filindeblogg.nu\/wp-content\/uploads\/2015\/02\/0153-225x300.jpg 225w, https:\/\/www.filindeblogg.nu\/wp-content\/uploads\/2015\/02\/0153.jpg 450w\" sizes=\"(max-width: 225px) 100vw, 225px\" \/><\/p>\n<p>Och samtidigt ett &#8221;hem&#8221; i <strong>Libanon<\/strong>&#8230; <img loading=\"lazy\" class=\"alignnone size-medium wp-image-62274\" src=\"http:\/\/www.filindeblogg.nu\/wp-content\/uploads\/2015\/02\/0175-300x225.jpg\" alt=\"017\" width=\"300\" height=\"225\" srcset=\"https:\/\/www.filindeblogg.nu\/wp-content\/uploads\/2015\/02\/0175-300x225.jpg 300w, https:\/\/www.filindeblogg.nu\/wp-content\/uploads\/2015\/02\/0175.jpg 600w\" sizes=\"(max-width: 300px) 100vw, 300px\" \/><\/p>\n<p>Vad \u00e4r viktigt i livet? Att stj\u00e4lpa eller hj\u00e4lpa andra?<\/p>\n<p>I den demokratiska r\u00e4ttigheten att uttrycka sig fritt &#8211; finns det inte ocks\u00e5 en f\u00f6rv\u00e4ntan om respekt? Att demokrati ocks\u00e5 inneb\u00e4r respektfullhet och h\u00e4nsyn? Eller har vi inte kommit l\u00e4ngre?<\/p>\n<p><img loading=\"lazy\" class=\"aligncenter size-medium wp-image-62275\" src=\"http:\/\/www.filindeblogg.nu\/wp-content\/uploads\/2015\/02\/0272-225x300.jpg\" alt=\"027\" width=\"225\" height=\"300\" srcset=\"https:\/\/www.filindeblogg.nu\/wp-content\/uploads\/2015\/02\/0272-225x300.jpg 225w, https:\/\/www.filindeblogg.nu\/wp-content\/uploads\/2015\/02\/0272.jpg 450w\" sizes=\"(max-width: 225px) 100vw, 225px\" \/><\/p>\n<p>Dagens predikan &#8211; dagen efter Alla Hj\u00e4rtans dag&#8230;<\/p>\n<p>&nbsp;<\/p>\n","protected":false},"excerpt":{"rendered":"<p>S\u00e5 h\u00e4r ser f\u00f6rstasidan p\u00e5 Dagens Nyheter ut idag. &#8221;Intensiv jakt efter terrord\u00e5d&#8221; &#8211; d\u00f6da och skadade i K\u00f6penhamn. En annan rubrik lyder, citat: &#8221;Allt st\u00f6rre hot mot islamkritiker&#8221;. Det handlar &#8211; bland annat &#8211; om den h\u00e4r mannen. Lars Vilks och hans r\u00e4tt att f\u00e5 rita Muhammed som rondellhund. F\u00f6r det fria ordet g\u00e4ller [&hellip;]<\/p>\n","protected":false},"author":1,"featured_media":0,"comment_status":"open","ping_status":"open","sticky":false,"template":"","format":"standard","meta":[],"categories":[131,156,100,160,128,101,150],"tags":[],"_links":{"self":[{"href":"https:\/\/www.filindeblogg.nu\/index.php?rest_route=\/wp\/v2\/posts\/62260"}],"collection":[{"href":"https:\/\/www.filindeblogg.nu\/index.php?rest_route=\/wp\/v2\/posts"}],"about":[{"href":"https:\/\/www.filindeblogg.nu\/index.php?rest_route=\/wp\/v2\/types\/post"}],"author":[{"embeddable":true,"href":"https:\/\/www.filindeblogg.nu\/index.php?rest_route=\/wp\/v2\/users\/1"}],"replies":[{"embeddable":true,"href":"https:\/\/www.filindeblogg.nu\/index.php?rest_route=%2Fwp%2Fv2%2Fcomments&post=62260"}],"version-history":[{"count":7,"href":"https:\/\/www.filindeblogg.nu\/index.php?rest_route=\/wp\/v2\/posts\/62260\/revisions"}],"predecessor-version":[{"id":62282,"href":"https:\/\/www.filindeblogg.nu\/index.php?rest_route=\/wp\/v2\/posts\/62260\/revisions\/62282"}],"wp:attachment":[{"href":"https:\/\/www.filindeblogg.nu\/index.php?rest_route=%2Fwp%2Fv2%2Fmedia&parent=62260"}],"wp:term":[{"taxonomy":"category","embeddable":true,"href":"https:\/\/www.filindeblogg.nu\/index.php?rest_route=%2Fwp%2Fv2%2Fcategories&post=62260"},{"taxonomy":"post_tag","embeddable":true,"href":"https:\/\/www.filindeblogg.nu\/index.php?rest_route=%2Fwp%2Fv2%2Ftags&post=62260"}],"curies":[{"name":"wp","href":"https:\/\/api.w.org\/{rel}","templated":true}]}}