{"id":60963,"date":"2014-11-29T10:45:34","date_gmt":"2014-11-29T09:45:34","guid":{"rendered":"http:\/\/www.filindeblogg.nu\/?p=60963"},"modified":"2014-11-29T10:46:00","modified_gmt":"2014-11-29T09:46:00","slug":"krav-och-resor","status":"publish","type":"post","link":"https:\/\/www.filindeblogg.nu\/?p=60963","title":{"rendered":"Krav och resor i \u00d6steuropa!"},"content":{"rendered":"<p>F\u00f6rst det d\u00e4r med krav&#8230;<\/p>\n<p><img loading=\"lazy\" class=\"alignnone size-full wp-image-60964\" src=\"http:\/\/www.filindeblogg.nu\/wp-content\/uploads\/2014\/11\/Besviken-smiley.jpg\" alt=\"Besviken smiley\" width=\"94\" height=\"84\" \/>H\u00e4r om dagen kom ett brev fr\u00e5n <strong>Posten i Stockholm<\/strong>. Det inneh\u00f6ll det h\u00e4r: <img loading=\"lazy\" class=\"alignnone  wp-image-60965\" src=\"http:\/\/www.filindeblogg.nu\/wp-content\/uploads\/2014\/11\/IMG_4478-300x300.jpg\" alt=\"IMG_4478\" width=\"190\" height=\"190\" srcset=\"https:\/\/www.filindeblogg.nu\/wp-content\/uploads\/2014\/11\/IMG_4478-300x300.jpg 300w, https:\/\/www.filindeblogg.nu\/wp-content\/uploads\/2014\/11\/IMG_4478-150x150.jpg 150w, https:\/\/www.filindeblogg.nu\/wp-content\/uploads\/2014\/11\/IMG_4478-144x144.jpg 144w, https:\/\/www.filindeblogg.nu\/wp-content\/uploads\/2014\/11\/IMG_4478.jpg 640w\" sizes=\"(max-width: 190px) 100vw, 190px\" \/> <strong><em>&#8221;Eftertaxering&#8221;<\/em><\/strong>.<\/p>\n<p>Enligt inneh\u00e5llet har bloggaren skickat ett brev utan frim\u00e4rken eller en f\u00f6rs\u00e4ndelse med f\u00f6r lite porto till en adress i Stockholm vilket har f\u00f6ranlett Posten att kr\u00e4va bloggaren p\u00e5 39 kronor!<\/p>\n<p><img loading=\"lazy\" class=\"alignnone  wp-image-60967\" src=\"http:\/\/www.filindeblogg.nu\/wp-content\/uploads\/2014\/11\/Postens-krav-Kopia-229x300.jpg\" alt=\"Postens krav - Kopia\" width=\"164\" height=\"215\" srcset=\"https:\/\/www.filindeblogg.nu\/wp-content\/uploads\/2014\/11\/Postens-krav-Kopia-229x300.jpg 229w, https:\/\/www.filindeblogg.nu\/wp-content\/uploads\/2014\/11\/Postens-krav-Kopia.jpg 490w\" sizes=\"(max-width: 164px) 100vw, 164px\" \/> F\u00f6r det f\u00f6rsta verkar det ganska ot\u00e4nkbart att bloggaren skulle ha postat ett brev utan porto. M\u00f6jligheten kan finnas att frim\u00e4rkena ramlat av &#8211; s\u00e5dana d\u00e4r som inte \u00e4r sj\u00e4lvh\u00e4ftande.<br \/>\nBloggaren v\u00e4ger dessutom all korrespondens som verkar tyngre \u00e4n normalt porto som \u00e4r 7 kronor f\u00f6r 50 gram.<br \/>\nMan kan undra vad denna administration kostade j\u00e4mf\u00f6rt med de 39 kronor som bloggaren nu skickat iv\u00e4g till Posten&#8230;<\/p>\n<p><img loading=\"lazy\" class=\"alignnone  wp-image-60968\" src=\"http:\/\/www.filindeblogg.nu\/wp-content\/uploads\/2014\/11\/Smiley-n\u00f6jd.jpg\" alt=\"Smiley n\u00f6jd\" width=\"104\" height=\"105\" \/> Roligare saker \u00e4r resor! <img loading=\"lazy\" class=\"alignnone size-full wp-image-60969\" src=\"http:\/\/www.filindeblogg.nu\/wp-content\/uploads\/2014\/11\/Resv\u00e4ska1.jpg\" alt=\"Resv\u00e4ska\" width=\"90\" height=\"90\" \/><br \/>\nIg\u00e5r ber\u00e4ttade bloggaren om minnessaker fr\u00e5n resor och avslutade med det h\u00e4r: <img loading=\"lazy\" class=\"alignnone  wp-image-60970\" src=\"http:\/\/www.filindeblogg.nu\/wp-content\/uploads\/2014\/11\/0066-300x225.jpg\" alt=\"006\" width=\"205\" height=\"154\" srcset=\"https:\/\/www.filindeblogg.nu\/wp-content\/uploads\/2014\/11\/0066-300x225.jpg 300w, https:\/\/www.filindeblogg.nu\/wp-content\/uploads\/2014\/11\/0066-1024x768.jpg 1024w, https:\/\/www.filindeblogg.nu\/wp-content\/uploads\/2014\/11\/0066-900x675.jpg 900w\" sizes=\"(max-width: 205px) 100vw, 205px\" \/> Idag ska det inte handla om fl\u00f6jten fr\u00e5n <strong>Mexiko<\/strong> utan om den lilla kitteln till h\u00f6ger.<\/p>\n<p>Sommaren 1979 \u00e5kte vi runt med bil i <strong>\u00d6steuropa<\/strong>. F\u00e4rja \u00f6ver till <strong>Polen<\/strong>, sen vidare till <strong>Tjeckoslovakien<\/strong> &#8211; som det hette d\u00e5, genom <strong>\u00d6sterrike<\/strong> och ner till det som d\u00e5 kallades <strong>Jugoslavien<\/strong>.<br \/>\n<img loading=\"lazy\" class=\"alignnone size-medium wp-image-60971\" src=\"http:\/\/www.filindeblogg.nu\/wp-content\/uploads\/2014\/11\/Karta-\u00f6ver-forna-Jugoslavien-300x219.png\" alt=\"Karta \u00f6ver forna Jugoslavien\" width=\"300\" height=\"219\" srcset=\"https:\/\/www.filindeblogg.nu\/wp-content\/uploads\/2014\/11\/Karta-\u00f6ver-forna-Jugoslavien-300x219.png 300w, https:\/\/www.filindeblogg.nu\/wp-content\/uploads\/2014\/11\/Karta-\u00f6ver-forna-Jugoslavien.png 800w\" sizes=\"(max-width: 300px) 100vw, 300px\" \/> <strong>Ljubljana<\/strong>, <strong>Zagreb,<\/strong> <strong>Split<\/strong> och \u00f6ver bergen ner mot <strong>Skopje<\/strong>.<br \/>\nP\u00e5 v\u00e4g uppf\u00f6r bergmassiven gick det bra men p\u00e5 v\u00e4gen ner var vi livr\u00e4dda! Smala, kringelikrokv\u00e4gar och i bakhasorna l\u00e5g stora tankbilar och l\u00e5ngtradare och tutade. D\u00e4r n\u00e5gonstans tog bromsbel\u00e4ggen slut p\u00e5 den gamla saaben! Det g\u00e4llde ju att bromsa i dessa branter s\u00e5 man inte hamnade utanf\u00f6r&#8230; Bloggarens gode chauff\u00f6r var ocks\u00e5 en duktig mekaniker och bromsarna fungerade snart igen!<br \/>\nS\u00e5 h\u00e4r kunde det se ut&#8230; <img loading=\"lazy\" class=\"alignnone size-full wp-image-60973\" src=\"http:\/\/www.filindeblogg.nu\/wp-content\/uploads\/2014\/11\/Slingerv\u00e4gar.jpg\" alt=\"Slingerv\u00e4gar\" width=\"101\" height=\"135\" \/> (Bild fr\u00e5n Internet)<br \/>\nP\u00e5 en marknad i Skopje k\u00f6ptes denna lilla kittel. <img loading=\"lazy\" class=\"alignnone size-medium wp-image-60972\" src=\"http:\/\/www.filindeblogg.nu\/wp-content\/uploads\/2014\/11\/0079-300x225.jpg\" alt=\"007\" width=\"300\" height=\"225\" srcset=\"https:\/\/www.filindeblogg.nu\/wp-content\/uploads\/2014\/11\/0079-300x225.jpg 300w, https:\/\/www.filindeblogg.nu\/wp-content\/uploads\/2014\/11\/0079-1024x768.jpg 1024w, https:\/\/www.filindeblogg.nu\/wp-content\/uploads\/2014\/11\/0079-900x675.jpg 900w\" sizes=\"(max-width: 300px) 100vw, 300px\" \/> Visst \u00e4r den vacker!<br \/>\nEn man satt ute och hamrade f\u00f6rem\u00e5l i koppar som som s\u00e5ldes till inv\u00e5narna att anv\u00e4ndas som hush\u00e5llsf\u00f6rem\u00e5l. F\u00f6r oss blev det en fin minnessak.<\/p>\n<p><img loading=\"lazy\" class=\"alignnone size-full wp-image-60974\" src=\"http:\/\/www.filindeblogg.nu\/wp-content\/uploads\/2014\/11\/Jugoslaviens-r\u00f6da-stj\u00e4rna-2.jpg\" alt=\"Jugoslaviens r\u00f6da stj\u00e4rna 2\" width=\"152\" height=\"152\" srcset=\"https:\/\/www.filindeblogg.nu\/wp-content\/uploads\/2014\/11\/Jugoslaviens-r\u00f6da-stj\u00e4rna-2.jpg 152w, https:\/\/www.filindeblogg.nu\/wp-content\/uploads\/2014\/11\/Jugoslaviens-r\u00f6da-stj\u00e4rna-2-150x150.jpg 150w, https:\/\/www.filindeblogg.nu\/wp-content\/uploads\/2014\/11\/Jugoslaviens-r\u00f6da-stj\u00e4rna-2-144x144.jpg 144w\" sizes=\"(max-width: 152px) 100vw, 152px\" \/> P\u00e5 den tiden s\u00e5g man r\u00f6da stj\u00e4rnor \u00f6verallt i Jugoslavien liksom foton av <strong>Tito<\/strong>. <img loading=\"lazy\" class=\"alignnone size-full wp-image-60975\" src=\"http:\/\/www.filindeblogg.nu\/wp-content\/uploads\/2014\/11\/Portr\u00e4tt-Tito.jpg\" alt=\"Portr\u00e4tt Tito\" width=\"100\" height=\"146\" \/> <strong>Josip Tito<\/strong> som var president 1953-1980. Tito avled \u00e5ret efter vi varit d\u00e4r, n\u00e4stan 88 \u00e5r gammal.<br \/>\nL\u00e4s om Tito p\u00e5 Wikipedia <a href=\"http:\/\/sv.wikipedia.org\/wiki\/Josip_Broz_Tito\" target=\"_blank\"><strong>H\u00c4R!<\/strong><\/a><\/p>\n<p>Jugoslavien var ett mycket vackert land. Det k\u00e4ndes hemskt n\u00e4r krig och v\u00e4pnade konflikter br\u00f6t ut under 1990-talet! S\u00e5 mycket som f\u00f6rst\u00f6rdes, s\u00e5 mycket lidande. L\u00e4s om det forna Jugoslavien <a href=\"http:\/\/sv.wikipedia.org\/wiki\/Jugoslavien\" target=\"_blank\"><strong>H\u00c4R<\/strong> <\/a>och de s\u00e5 kallade <strong><em>&#8221;Jugoslaviska krigen&#8221;<\/em><\/strong> <a href=\"http:\/\/sv.wikipedia.org\/wiki\/Jugoslaviska_krigen\" target=\"_blank\"><strong>H\u00c4R!<\/strong><\/a><\/p>\n<p><img loading=\"lazy\" class=\"aligncenter size-full wp-image-60976\" src=\"http:\/\/www.filindeblogg.nu\/wp-content\/uploads\/2014\/11\/Jugoslaviens-flagga.jpg\" alt=\"Jugoslaviens flagga\" width=\"152\" height=\"152\" srcset=\"https:\/\/www.filindeblogg.nu\/wp-content\/uploads\/2014\/11\/Jugoslaviens-flagga.jpg 152w, https:\/\/www.filindeblogg.nu\/wp-content\/uploads\/2014\/11\/Jugoslaviens-flagga-150x150.jpg 150w, https:\/\/www.filindeblogg.nu\/wp-content\/uploads\/2014\/11\/Jugoslaviens-flagga-144x144.jpg 144w\" sizes=\"(max-width: 152px) 100vw, 152px\" \/><\/p>\n<p>Bloggaren skulle g\u00e4rna vilja \u00e5terse alla vackra platser i de l\u00e4nder som numera \u00e4r <strong>Serbien, Kroatien, Slovenien, Bosnien och Hercegovina, Montenegro, Makedonien och Kosovo<\/strong>. <img loading=\"lazy\" class=\"alignnone  wp-image-60977\" src=\"http:\/\/www.filindeblogg.nu\/wp-content\/uploads\/2014\/11\/Resv\u00e4ska2.jpg\" alt=\"Resv\u00e4ska\" width=\"47\" height=\"47\" \/><\/p>\n<p>Resan slutade inte i Jugoslavien utan gick vidare ner till<strong> Grekland<\/strong> d\u00e4r <strong>Aten<\/strong> med flera st\u00e4llen bes\u00f6ktes. Vi f\u00f6rs\u00f6kte f\u00e5 inresetillst\u00e5nd i <strong>Albanien<\/strong> med det var om\u00f6jligt. Albanien var ett st\u00e4ngt land d\u00e5 &#8211; 1979.<br \/>\nSen tog vi bilf\u00e4rja \u00f6ver fr\u00e5n<strong> Igoumenitsa<\/strong> till <strong>Brindisi<\/strong> i <strong>Italien<\/strong> f\u00f6r vidare f\u00e4rd upp\u00e5t och hem igen s\u00e5 sm\u00e5ningom. N\u00e4r vi passerade <strong>Korfu<\/strong> klev m\u00e5nga t\u00e5gluffare p\u00e5 f\u00e4rjan. Men p\u00e5 den tiden var det billigare och bekv\u00e4mare att \u00e5ka bil. Ingen t\u00e4nkte heller p\u00e5 milj\u00f6f\u00f6rst\u00f6ring&#8230;<\/p>\n<p><img loading=\"lazy\" class=\"alignnone  wp-image-60978\" src=\"http:\/\/www.filindeblogg.nu\/wp-content\/uploads\/2014\/11\/0067-300x225.jpg\" alt=\"006\" width=\"152\" height=\"114\" srcset=\"https:\/\/www.filindeblogg.nu\/wp-content\/uploads\/2014\/11\/0067-300x225.jpg 300w, https:\/\/www.filindeblogg.nu\/wp-content\/uploads\/2014\/11\/0067-1024x768.jpg 1024w, https:\/\/www.filindeblogg.nu\/wp-content\/uploads\/2014\/11\/0067-900x675.jpg 900w\" sizes=\"(max-width: 152px) 100vw, 152px\" \/> Det sista f\u00f6rem\u00e5let p\u00e5 bilden &#8211; den \u00e4ggformade saken \u00e4r en g\u00e5va fr\u00e5n <strong>Venezuela<\/strong>. Bloggaren fick den av en v\u00e4n till sin dotter.<\/p>\n<p><img loading=\"lazy\" class=\"alignnone  wp-image-60979\" src=\"http:\/\/www.filindeblogg.nu\/wp-content\/uploads\/2014\/11\/0115-225x300.jpg\" alt=\"011\" width=\"152\" height=\"203\" srcset=\"https:\/\/www.filindeblogg.nu\/wp-content\/uploads\/2014\/11\/0115-225x300.jpg 225w, https:\/\/www.filindeblogg.nu\/wp-content\/uploads\/2014\/11\/0115-768x1024.jpg 768w, https:\/\/www.filindeblogg.nu\/wp-content\/uploads\/2014\/11\/0115-900x1200.jpg 900w\" sizes=\"(max-width: 152px) 100vw, 152px\" \/> En vas fr\u00e5n <strong>Tapara-tr\u00e4det.<\/strong> <img loading=\"lazy\" class=\"alignnone size-full wp-image-60980\" src=\"http:\/\/www.filindeblogg.nu\/wp-content\/uploads\/2014\/11\/Tapara-2.jpg\" alt=\"Tapara-2\" width=\"130\" height=\"98\" \/><\/p>\n<p><img loading=\"lazy\" class=\"alignnone size-full wp-image-60981\" src=\"http:\/\/www.filindeblogg.nu\/wp-content\/uploads\/2014\/11\/Tapara.jpg\" alt=\"Tapara\" width=\"116\" height=\"86\" \/> Av frukterna n\u00e4r de torkats g\u00f6rs vackra f\u00f6rem\u00e5l i Venezuela. <img loading=\"lazy\" class=\"alignnone size-full wp-image-60982\" src=\"http:\/\/www.filindeblogg.nu\/wp-content\/uploads\/2014\/11\/Folklore.jpg\" alt=\"Folklore\" width=\"126\" height=\"89\" \/> Skalet \u00e4r h\u00e5rt och vattenbest\u00e4ndigt s\u00e5 vasen som bloggaren fick h\u00e5ller vatten och kan f\u00f6rses med blommor.<\/p>\n<p>Nu blir det inget mer om bloggarens souvenirer &#8211; en del av dem&#8230;<br \/>\nAvslutar med ett k\u00e4rt f\u00f6rem\u00e5l, en tekanna av speciellt slag! \ud83d\ude42 Tekannan \u00e4r en avbild av huset i <strong>Goathland,<\/strong> norra <strong>Yorkshire<\/strong> d\u00e4r <strong><em>&#8221;Tillbaka till Aidensfield&#8221;<\/em><\/strong>, TV-serien spelades in.<br \/>\nOm resan dit i maj i \u00e5r har bloggaren ber\u00e4ttat tidigare men det kommer att bli fler resor dit, var s\u00e5 s\u00e4ker! \ud83d\ude09<\/p>\n<p><img loading=\"lazy\" class=\"aligncenter size-medium wp-image-60983\" src=\"http:\/\/www.filindeblogg.nu\/wp-content\/uploads\/2014\/11\/0146-225x300.jpg\" alt=\"014\" width=\"225\" height=\"300\" srcset=\"https:\/\/www.filindeblogg.nu\/wp-content\/uploads\/2014\/11\/0146-225x300.jpg 225w, https:\/\/www.filindeblogg.nu\/wp-content\/uploads\/2014\/11\/0146-768x1024.jpg 768w, https:\/\/www.filindeblogg.nu\/wp-content\/uploads\/2014\/11\/0146-900x1200.jpg 900w\" sizes=\"(max-width: 225px) 100vw, 225px\" \/><\/p>\n<p>&nbsp;<\/p>\n<p>&nbsp;<\/p>\n","protected":false},"excerpt":{"rendered":"<p>F\u00f6rst det d\u00e4r med krav&#8230; H\u00e4r om dagen kom ett brev fr\u00e5n Posten i Stockholm. Det inneh\u00f6ll det h\u00e4r: &#8221;Eftertaxering&#8221;. Enligt inneh\u00e5llet har bloggaren skickat ett brev utan frim\u00e4rken eller en f\u00f6rs\u00e4ndelse med f\u00f6r lite porto till en adress i Stockholm vilket har f\u00f6ranlett Posten att kr\u00e4va bloggaren p\u00e5 39 kronor! F\u00f6r det f\u00f6rsta verkar [&hellip;]<\/p>\n","protected":false},"author":1,"featured_media":0,"comment_status":"open","ping_status":"open","sticky":false,"template":"","format":"standard","meta":[],"categories":[172,100,132,141,101],"tags":[],"_links":{"self":[{"href":"https:\/\/www.filindeblogg.nu\/index.php?rest_route=\/wp\/v2\/posts\/60963"}],"collection":[{"href":"https:\/\/www.filindeblogg.nu\/index.php?rest_route=\/wp\/v2\/posts"}],"about":[{"href":"https:\/\/www.filindeblogg.nu\/index.php?rest_route=\/wp\/v2\/types\/post"}],"author":[{"embeddable":true,"href":"https:\/\/www.filindeblogg.nu\/index.php?rest_route=\/wp\/v2\/users\/1"}],"replies":[{"embeddable":true,"href":"https:\/\/www.filindeblogg.nu\/index.php?rest_route=%2Fwp%2Fv2%2Fcomments&post=60963"}],"version-history":[{"count":9,"href":"https:\/\/www.filindeblogg.nu\/index.php?rest_route=\/wp\/v2\/posts\/60963\/revisions"}],"predecessor-version":[{"id":60992,"href":"https:\/\/www.filindeblogg.nu\/index.php?rest_route=\/wp\/v2\/posts\/60963\/revisions\/60992"}],"wp:attachment":[{"href":"https:\/\/www.filindeblogg.nu\/index.php?rest_route=%2Fwp%2Fv2%2Fmedia&parent=60963"}],"wp:term":[{"taxonomy":"category","embeddable":true,"href":"https:\/\/www.filindeblogg.nu\/index.php?rest_route=%2Fwp%2Fv2%2Fcategories&post=60963"},{"taxonomy":"post_tag","embeddable":true,"href":"https:\/\/www.filindeblogg.nu\/index.php?rest_route=%2Fwp%2Fv2%2Ftags&post=60963"}],"curies":[{"name":"wp","href":"https:\/\/api.w.org\/{rel}","templated":true}]}}