{"id":5803,"date":"2009-05-20T12:52:15","date_gmt":"2009-05-20T11:52:15","guid":{"rendered":"http:\/\/www.filindeblogg.nu\/?p=5803"},"modified":"2009-05-20T12:57:34","modified_gmt":"2009-05-20T11:57:34","slug":"morgonpromenad-20-maj","status":"publish","type":"post","link":"https:\/\/www.filindeblogg.nu\/?p=5803","title":{"rendered":"Morgonpromenad 20 maj"},"content":{"rendered":"<p><img loading=\"lazy\" class=\"alignleft size-thumbnail wp-image-5804\" title=\"syrenkvistar\" src=\"http:\/\/www.filindeblogg.nu\/wp-content\/uploads\/2009\/05\/syrenkvistar-150x150.jpg\" alt=\"syrenkvistar\" width=\"90\" height=\"90\" \/>Imorse blev det \u00e4ntligen av med en morgonpromenad.<\/p>\n<p>Jag t\u00e4nkte bege mig ut redan 06.30 men s\u00e5 tyckte jag synd om Mannen i mitt liv. Lite s\u00e4llskap vid frukostbordet borde jag erbjuda, tyckte jag.<\/p>\n<p>Men en timma senare bar det av.<\/p>\n<p>Jag tog v\u00e4gen \u00f6ver kyrkog\u00e5rden, <img loading=\"lazy\" class=\"alignnone size-medium wp-image-5805\" title=\"kastanj-vid-kyrkan\" src=\"http:\/\/www.filindeblogg.nu\/wp-content\/uploads\/2009\/05\/kastanj-vid-kyrkan-225x300.jpg\" alt=\"kastanj-vid-kyrkan\" width=\"135\" height=\"180\" srcset=\"https:\/\/www.filindeblogg.nu\/wp-content\/uploads\/2009\/05\/kastanj-vid-kyrkan-225x300.jpg 225w, https:\/\/www.filindeblogg.nu\/wp-content\/uploads\/2009\/05\/kastanj-vid-kyrkan.jpg 450w\" sizes=\"(max-width: 135px) 100vw, 135px\" \/>den kyrkog\u00e5rd som omg\u00e4rdar <strong>Nicolaikyrkan<\/strong>. Kastanjetr\u00e4d \u00e4r v\u00e4l underbara! N\u00e4r de blommar \u00e4r de helt fantastiska, tycker jag.<br \/>\nPrecis utanf\u00f6r kyrkog\u00e5rden tr\u00e4ffade jag <strong>Ingrid<\/strong>. Det var l\u00e4nge sen och vi fick oss en pratstund. Hon ska \u00f6ppna eget snart och jag lovade direkt att g\u00f6ra ett bes\u00f6k d\u00e4r och f\u00e5 lite massage!<br \/>\nFr\u00e5n syrenbusken p\u00e5 bilden \u00f6verst hade jag plockat en bukett till <strong>Max och Saga<\/strong>. Strax innan Ahl\u00f6fsparken tr\u00e4ffade jag<strong> Kicki och Rambo<\/strong>. Ocks\u00e5 det m\u00f6tet var s\u00e5 roligt! Vi gjorde s\u00e4llskap en bit.<br \/>\nRhododendron har b\u00f6rjat blomma i parken! <img loading=\"lazy\" class=\"alignnone size-thumbnail wp-image-5806\" title=\"rhodondendron-i-ahlofsparken\" src=\"http:\/\/www.filindeblogg.nu\/wp-content\/uploads\/2009\/05\/rhodondendron-i-ahlofsparken-150x150.jpg\" alt=\"rhodondendron-i-ahlofsparken\" width=\"150\" height=\"150\" \/><\/p>\n<p>S\u00e5 var jag d\u00e5 framme. <img loading=\"lazy\" class=\"alignnone size-thumbnail wp-image-5807\" title=\"max-och-saga-20-maj\" src=\"http:\/\/www.filindeblogg.nu\/wp-content\/uploads\/2009\/05\/max-och-saga-20-maj-150x150.jpg\" alt=\"max-och-saga-20-maj\" width=\"150\" height=\"150\" \/>Visst bor dom fint &#8211; Max och Saga!? Att ta en promenad p\u00e5 den vackra, stilla kyrkog\u00e5rden s\u00e5 h\u00e4r \u00e5rs \u00e4r n\u00e5got jag verkligen kan rekommendera!<br \/>\nVarf\u00f6r inte hedra minnet av Max och Saga genom att bes\u00f6ka dom? Det har n\u00e4stan blivit s\u00e5 att m\u00e4nniskor vallf\u00e4rdar till den lilla graven. Och varf\u00f6r inte? L\u00e5t minnet av de b\u00e5da barnen leva.<\/p>\n<p>M\u00e5nga, m\u00e5nga har p\u00e5verkats av den fruktansv\u00e4rda h\u00e4ndelsen i mars f\u00f6rra \u00e5ret. Man t\u00e4nker till litegrann, funderar \u00e4nnu en g\u00e5ng &#8211; och det kan r\u00f6ra sig s\u00e5v\u00e4l om att l\u00e5ta bli att gn\u00e4lla och klaga, som att krama sina barn en extrag\u00e5ng f\u00f6r man vet ju faktiskt inte om man lever imorgon.<br \/>\nOm denna tragedi\u00a0 kan f\u00f6ra med sig att vi t\u00e4nker mer k\u00e4rleksfulla tankar vore v\u00e4l verkligen att hedra Max och Saga.<br \/>\nUnna dig en stilla promenad, en meditation \u00f6ver livet och bes\u00f6k kyrkog\u00e5rden.<br \/>\n<img loading=\"lazy\" class=\"alignnone size-thumbnail wp-image-5809\" title=\"max-o-saga3-20-maj\" src=\"http:\/\/www.filindeblogg.nu\/wp-content\/uploads\/2009\/05\/max-o-saga3-20-maj-150x150.jpg\" alt=\"max-o-saga3-20-maj\" width=\"150\" height=\"150\" \/>Max och Saga har s\u00e5 mycket blommor och s\u00e5 m\u00e5nga saker. H\u00e4r faller min skugga \u00f6ver graven n\u00e4r jag fotograferar.<img loading=\"lazy\" class=\"alignnone size-thumbnail wp-image-5808\" title=\"max-o-saga2-20-maj\" src=\"http:\/\/www.filindeblogg.nu\/wp-content\/uploads\/2009\/05\/max-o-saga2-20-maj-150x150.jpg\" alt=\"max-o-saga2-20-maj\" width=\"120\" height=\"120\" \/><\/p>\n<p><img loading=\"lazy\" class=\"alignnone size-thumbnail wp-image-5811\" title=\"max-o-saga4-20-maj\" src=\"http:\/\/www.filindeblogg.nu\/wp-content\/uploads\/2009\/05\/max-o-saga4-20-maj-150x150.jpg\" alt=\"max-o-saga4-20-maj\" width=\"150\" height=\"150\" \/>Visst har barnen fin utsikt?<br \/>\nDet \u00e4r s\u00e5 vackert och gr\u00f6nt h\u00e4r! <img loading=\"lazy\" class=\"alignnone size-thumbnail wp-image-5812\" title=\"max-o-saga-5-20-maj\" src=\"http:\/\/www.filindeblogg.nu\/wp-content\/uploads\/2009\/05\/max-o-saga-5-20-maj-150x150.jpg\" alt=\"max-o-saga-5-20-maj\" width=\"150\" height=\"150\" \/> S\u00e5 harmoniskt!<\/p>\n<p>Idag k\u00e4nde jag p\u00e5 mig att Max och Saga skulle p\u00e5 utflykt! Det liksom k\u00e4ndes i luften n\u00e4r jag n\u00e4rmade mig deras grav. Solens sken och den lummiga gr\u00f6nskan, f\u00e5gelkvittret och visst h\u00f6rde jag barnen prata&#8230; Om mats\u00e4ckspaket och saft som skulle packas med. Dom hade inte tid med mig idag. \u00c4ventyret v\u00e4ntade.<br \/>\n<img loading=\"lazy\" class=\"aligncenter size-thumbnail wp-image-5814\" title=\"lupinblad-med-vattendroppe\" src=\"http:\/\/www.filindeblogg.nu\/wp-content\/uploads\/2009\/05\/lupinblad-med-vattendroppe-150x150.jpg\" alt=\"lupinblad-med-vattendroppe\" width=\"122\" height=\"97\" \/><\/p>\n<p>P\u00e5 hemv\u00e4gen gick jag genom<strong> Ahl\u00f6fsparken<\/strong>. <img loading=\"lazy\" class=\"alignnone size-thumbnail wp-image-5813\" title=\"ahlofsparken-20-maj-09\" src=\"http:\/\/www.filindeblogg.nu\/wp-content\/uploads\/2009\/05\/ahlofsparken-20-maj-09-150x150.jpg\" alt=\"ahlofsparken-20-maj-09\" width=\"150\" height=\"150\" \/> En liten oas mitt i <strong>Arboga<\/strong>.<br \/>\nJag sneddade \u00e5ter \u00f6ver <strong>Nicolai kyrkog\u00e5rd<\/strong>. <img loading=\"lazy\" class=\"alignnone size-thumbnail wp-image-5815\" title=\"ingang-mot-nicolai-kyrkogard\" src=\"http:\/\/www.filindeblogg.nu\/wp-content\/uploads\/2009\/05\/ingang-mot-nicolai-kyrkogard-150x150.jpg\" alt=\"ingang-mot-nicolai-kyrkogard\" width=\"150\" height=\"150\" \/><\/p>\n<p>Precis invid den vackra ing\u00e5ngen v\u00e4xte n\u00e5gra liljekonvaljer! Jag plockade faktiskt tv\u00e5 stycken &#8211; f\u00f6r de doftade s\u00e5 underbart.<img loading=\"lazy\" class=\"alignnone size-thumbnail wp-image-5816\" title=\"2-liljekonvaljer\" src=\"http:\/\/www.filindeblogg.nu\/wp-content\/uploads\/2009\/05\/2-liljekonvaljer-150x150.jpg\" alt=\"2-liljekonvaljer\" width=\"150\" height=\"150\" \/><\/p>\n<p>Sen var jag snart hemma och tillbaka i verkligheten. Fast inte riktigt \u00e4nd\u00e5&#8230; N\u00e4r jag bes\u00f6kte ICA f\u00f6r att k\u00f6pa potatis fick jag upp denna ur potatisl\u00e5ren!<\/p>\n<p style=\"text-align: center;\"><img loading=\"lazy\" class=\"aligncenter size-medium wp-image-5817\" title=\"potatis-som-ett-hjarta\" src=\"http:\/\/www.filindeblogg.nu\/wp-content\/uploads\/2009\/05\/potatis-som-ett-hjarta-300x225.jpg\" alt=\"potatis-som-ett-hjarta\" width=\"240\" height=\"180\" srcset=\"https:\/\/www.filindeblogg.nu\/wp-content\/uploads\/2009\/05\/potatis-som-ett-hjarta-300x225.jpg 300w, https:\/\/www.filindeblogg.nu\/wp-content\/uploads\/2009\/05\/potatis-som-ett-hjarta.jpg 600w\" sizes=\"(max-width: 240px) 100vw, 240px\" \/>En potatis i form av ett hj\u00e4rta!!<\/p>\n<p style=\"text-align: center;\">Det tog jag som ett gott tecken!<br \/>\n\ud83d\ude42<\/p>\n<p style=\"text-align: center;\">Ha en fin dag! Ta g\u00e4rna en vallf\u00e4rdande promenad!<br \/>\nSj\u00e4lv \u00e5ker jag till <strong>K\u00f6ping <\/strong>nu f\u00f6r att h\u00e4mta dottern!<\/p>\n<p style=\"text-align: center;\"><img loading=\"lazy\" class=\"aligncenter size-medium wp-image-5818\" title=\"appelblom2\" src=\"http:\/\/www.filindeblogg.nu\/wp-content\/uploads\/2009\/05\/appelblom2-300x225.jpg\" alt=\"appelblom2\" width=\"300\" height=\"225\" srcset=\"https:\/\/www.filindeblogg.nu\/wp-content\/uploads\/2009\/05\/appelblom2-300x225.jpg 300w, https:\/\/www.filindeblogg.nu\/wp-content\/uploads\/2009\/05\/appelblom2.jpg 600w\" sizes=\"(max-width: 300px) 100vw, 300px\" \/><\/p>\n","protected":false},"excerpt":{"rendered":"<p>Imorse blev det \u00e4ntligen av med en morgonpromenad. Jag t\u00e4nkte bege mig ut redan 06.30 men s\u00e5 tyckte jag synd om Mannen i mitt liv. Lite s\u00e4llskap vid frukostbordet borde jag erbjuda, tyckte jag. Men en timma senare bar det av. Jag tog v\u00e4gen \u00f6ver kyrkog\u00e5rden, den kyrkog\u00e5rd som omg\u00e4rdar Nicolaikyrkan. Kastanjetr\u00e4d \u00e4r v\u00e4l underbara! [&hellip;]<\/p>\n","protected":false},"author":1,"featured_media":0,"comment_status":"open","ping_status":"open","sticky":false,"template":"","format":"standard","meta":[],"categories":[100,101,105],"tags":[],"_links":{"self":[{"href":"https:\/\/www.filindeblogg.nu\/index.php?rest_route=\/wp\/v2\/posts\/5803"}],"collection":[{"href":"https:\/\/www.filindeblogg.nu\/index.php?rest_route=\/wp\/v2\/posts"}],"about":[{"href":"https:\/\/www.filindeblogg.nu\/index.php?rest_route=\/wp\/v2\/types\/post"}],"author":[{"embeddable":true,"href":"https:\/\/www.filindeblogg.nu\/index.php?rest_route=\/wp\/v2\/users\/1"}],"replies":[{"embeddable":true,"href":"https:\/\/www.filindeblogg.nu\/index.php?rest_route=%2Fwp%2Fv2%2Fcomments&post=5803"}],"version-history":[{"count":3,"href":"https:\/\/www.filindeblogg.nu\/index.php?rest_route=\/wp\/v2\/posts\/5803\/revisions"}],"predecessor-version":[{"id":5820,"href":"https:\/\/www.filindeblogg.nu\/index.php?rest_route=\/wp\/v2\/posts\/5803\/revisions\/5820"}],"wp:attachment":[{"href":"https:\/\/www.filindeblogg.nu\/index.php?rest_route=%2Fwp%2Fv2%2Fmedia&parent=5803"}],"wp:term":[{"taxonomy":"category","embeddable":true,"href":"https:\/\/www.filindeblogg.nu\/index.php?rest_route=%2Fwp%2Fv2%2Fcategories&post=5803"},{"taxonomy":"post_tag","embeddable":true,"href":"https:\/\/www.filindeblogg.nu\/index.php?rest_route=%2Fwp%2Fv2%2Ftags&post=5803"}],"curies":[{"name":"wp","href":"https:\/\/api.w.org\/{rel}","templated":true}]}}