{"id":55569,"date":"2014-03-23T13:28:52","date_gmt":"2014-03-23T12:28:52","guid":{"rendered":"http:\/\/www.filindeblogg.nu\/?p=55569"},"modified":"2014-03-23T13:29:48","modified_gmt":"2014-03-23T12:29:48","slug":"kanslomassig-predikan","status":"publish","type":"post","link":"https:\/\/www.filindeblogg.nu\/?p=55569","title":{"rendered":"K\u00e4nslom\u00e4ssig predikan &#8211; vilka minnen tillverkar du?"},"content":{"rendered":"<p><a href=\"http:\/\/www.filindeblogg.nu\/wp-content\/uploads\/2014\/03\/029.jpg\"><img loading=\"lazy\" class=\"alignnone  wp-image-55570\" alt=\"029\" src=\"http:\/\/www.filindeblogg.nu\/wp-content\/uploads\/2014\/03\/029-300x225.jpg\" width=\"180\" height=\"135\" srcset=\"https:\/\/www.filindeblogg.nu\/wp-content\/uploads\/2014\/03\/029-300x225.jpg 300w, https:\/\/www.filindeblogg.nu\/wp-content\/uploads\/2014\/03\/029.jpg 600w\" sizes=\"(max-width: 180px) 100vw, 180px\" \/><\/a> En kort, lite k\u00e4nslom\u00e4ssig predikan blir det i bloggen denna s\u00f6ndag.<\/p>\n<p>Bloggaren k\u00e4nner sig s\u00e5 idag &#8211; k\u00e4nslosam. Minnen g\u00f6r sig p\u00e5minda, tankarna virvlar runt och samtidigt \u00e4r det &#8221;h\u00e4r och nu&#8221;.<br \/>\nFotot av barnen en g\u00e5ng f\u00f6r m\u00e5nga \u00e5r sedan&#8230; <a href=\"http:\/\/www.filindeblogg.nu\/wp-content\/uploads\/2014\/03\/0261.jpg\"><img loading=\"lazy\" class=\"alignnone  wp-image-55572\" alt=\"026\" src=\"http:\/\/www.filindeblogg.nu\/wp-content\/uploads\/2014\/03\/0261-300x241.jpg\" width=\"180\" height=\"145\" srcset=\"https:\/\/www.filindeblogg.nu\/wp-content\/uploads\/2014\/03\/0261-300x241.jpg 300w, https:\/\/www.filindeblogg.nu\/wp-content\/uploads\/2014\/03\/0261.jpg 548w\" sizes=\"(max-width: 180px) 100vw, 180px\" \/><\/a><br \/>\nEn lycklig och glad bild &#8211; en lycklig och glad tid. Lyckan och gl\u00e4djen best\u00e5r \u00e4n idag men har f\u00f6r\u00e4ndrats \u00f6ver tid.<\/p>\n<p>Minnen fr\u00e5n resor. <a href=\"http:\/\/www.filindeblogg.nu\/wp-content\/uploads\/2014\/03\/0274.jpg\"><img loading=\"lazy\" class=\"alignnone  wp-image-55573\" alt=\"027\" src=\"http:\/\/www.filindeblogg.nu\/wp-content\/uploads\/2014\/03\/0274-225x300.jpg\" width=\"135\" height=\"180\" srcset=\"https:\/\/www.filindeblogg.nu\/wp-content\/uploads\/2014\/03\/0274-225x300.jpg 225w, https:\/\/www.filindeblogg.nu\/wp-content\/uploads\/2014\/03\/0274.jpg 450w\" sizes=\"(max-width: 135px) 100vw, 135px\" \/><\/a> En av m\u00e5nga resebilder p\u00e5 bloggarens v\u00e4gg. En katt f\u00f6rst\u00e5s. <strong>Katten Moous<\/strong> p\u00e5 <strong>Caf\u00e9 Doelen i Amsterdam<\/strong>. En stor r\u00f6d och vacker kisse som bodde d\u00e4r till kaf\u00e9g\u00e4sternas f\u00f6rn\u00f6jelse. Tankarna svirrar iv\u00e4g&#8230; S\u00e5 kul vi hade det&#8230; S\u00e5 roligt det \u00e4r att resa! Och att komma hem igen. <a href=\"http:\/\/www.filindeblogg.nu\/wp-content\/uploads\/2014\/03\/0177.jpg\"><img loading=\"lazy\" class=\"alignnone  wp-image-55574\" alt=\"017\" src=\"http:\/\/www.filindeblogg.nu\/wp-content\/uploads\/2014\/03\/0177-225x300.jpg\" width=\"135\" height=\"180\" srcset=\"https:\/\/www.filindeblogg.nu\/wp-content\/uploads\/2014\/03\/0177-225x300.jpg 225w, https:\/\/www.filindeblogg.nu\/wp-content\/uploads\/2014\/03\/0177.jpg 450w\" sizes=\"(max-width: 135px) 100vw, 135px\" \/><\/a><\/p>\n<p><a href=\"http:\/\/www.filindeblogg.nu\/wp-content\/uploads\/2014\/03\/0017.jpg\"><img loading=\"lazy\" class=\"alignnone  wp-image-55571\" alt=\"001\" src=\"http:\/\/www.filindeblogg.nu\/wp-content\/uploads\/2014\/03\/0017-300x225.jpg\" width=\"180\" height=\"135\" srcset=\"https:\/\/www.filindeblogg.nu\/wp-content\/uploads\/2014\/03\/0017-300x225.jpg 300w, https:\/\/www.filindeblogg.nu\/wp-content\/uploads\/2014\/03\/0017.jpg 600w\" sizes=\"(max-width: 180px) 100vw, 180px\" \/><\/a> En bukett &#8211; av minnen &#8211; men ocks\u00e5 blommor! Blommor som genererar minnen f\u00f6r k\u00e4ra mor. <a href=\"http:\/\/www.filindeblogg.nu\/wp-content\/uploads\/2014\/03\/00910.jpg\"><img loading=\"lazy\" class=\"alignnone  wp-image-55575\" alt=\"009\" src=\"http:\/\/www.filindeblogg.nu\/wp-content\/uploads\/2014\/03\/00910-222x300.jpg\" width=\"133\" height=\"180\" srcset=\"https:\/\/www.filindeblogg.nu\/wp-content\/uploads\/2014\/03\/00910-222x300.jpg 222w, https:\/\/www.filindeblogg.nu\/wp-content\/uploads\/2014\/03\/00910.jpg 436w\" sizes=\"(max-width: 133px) 100vw, 133px\" \/><\/a> \u00c4lskade, \u00e4lskade mamma &#8211; s\u00e5 glad att hon finns! Minnen&#8230;<\/p>\n<p><a href=\"http:\/\/www.filindeblogg.nu\/wp-content\/uploads\/2014\/03\/0074.jpg\"><img loading=\"lazy\" class=\"alignnone  wp-image-55576\" alt=\"007\" src=\"http:\/\/www.filindeblogg.nu\/wp-content\/uploads\/2014\/03\/0074-218x300.jpg\" width=\"131\" height=\"180\" srcset=\"https:\/\/www.filindeblogg.nu\/wp-content\/uploads\/2014\/03\/0074-218x300.jpg 218w, https:\/\/www.filindeblogg.nu\/wp-content\/uploads\/2014\/03\/0074.jpg 437w\" sizes=\"(max-width: 131px) 100vw, 131px\" \/><\/a> Buketter p\u00e5 rad &#8211; minnen och k\u00e4nslan av omtanke. <a href=\"http:\/\/www.filindeblogg.nu\/wp-content\/uploads\/2014\/03\/0056.jpg\"><img loading=\"lazy\" class=\"alignnone  wp-image-55577\" alt=\"005\" src=\"http:\/\/www.filindeblogg.nu\/wp-content\/uploads\/2014\/03\/0056-300x225.jpg\" width=\"180\" height=\"135\" srcset=\"https:\/\/www.filindeblogg.nu\/wp-content\/uploads\/2014\/03\/0056-300x225.jpg 300w, https:\/\/www.filindeblogg.nu\/wp-content\/uploads\/2014\/03\/0056.jpg 600w\" sizes=\"(max-width: 180px) 100vw, 180px\" \/><\/a><\/p>\n<p>Till lunch \u00e4rtsoppan vi fann i frysen&#8230; <a href=\"http:\/\/www.filindeblogg.nu\/wp-content\/uploads\/2014\/03\/Pappas-\u00e4rtsoppa.jpg\"><img loading=\"lazy\" class=\"alignnone  wp-image-55578\" alt=\"Pappas \u00e4rtsoppa\" src=\"http:\/\/www.filindeblogg.nu\/wp-content\/uploads\/2014\/03\/Pappas-\u00e4rtsoppa-300x225.jpg\" width=\"180\" height=\"135\" srcset=\"https:\/\/www.filindeblogg.nu\/wp-content\/uploads\/2014\/03\/Pappas-\u00e4rtsoppa-300x225.jpg 300w, https:\/\/www.filindeblogg.nu\/wp-content\/uploads\/2014\/03\/Pappas-\u00e4rtsoppa.jpg 600w\" sizes=\"(max-width: 180px) 100vw, 180px\" \/><\/a> Tillagad f\u00f6r mindre \u00e4n ett \u00e5r sedan av en \u00e4lskad pappa. S\u00e5 god och v\u00e4llagad. Nu delade vi soppan och minnen av honom. S\u00e5 fanns han hos oss d\u00e4r igen &#8211; fast \u00e4nd\u00e5 borta&#8230;<\/p>\n<p>Minnen &#8211; redan f\u00f6r en stund sedan. \u00d6gonblicket nyss \u00e4r redan ett minne blott. S\u00e5 fort tiden g\u00e5r. Det \u00e4r h\u00e4r och nu men \u00e4nd\u00e5 viktigt med minnen.<\/p>\n<p>Och vad vi f\u00f6rser vi oss med f\u00f6r minnen! Vad g\u00f6r du idag som blir till ett minne imorgon? \u00c4r det n\u00e5got bra, n\u00e5got d\u00e5ligt? L\u00e5ter du ilska och girighet styra din dag &#8211; eller \u00e4r det k\u00e4rlek och omsorg som g\u00e4ller?<\/p>\n<p>Hur blir minnet av idag &#8211; imorgon? Du v\u00e4ljer sj\u00e4lv &#8211; s\u00e5 v\u00e4lj r\u00e4tt&#8230;<\/p>\n<p><a href=\"http:\/\/www.filindeblogg.nu\/wp-content\/uploads\/2014\/03\/0025.jpg\"><img loading=\"lazy\" class=\"aligncenter size-medium wp-image-55579\" alt=\"002\" src=\"http:\/\/www.filindeblogg.nu\/wp-content\/uploads\/2014\/03\/0025-225x300.jpg\" width=\"225\" height=\"300\" srcset=\"https:\/\/www.filindeblogg.nu\/wp-content\/uploads\/2014\/03\/0025-225x300.jpg 225w, https:\/\/www.filindeblogg.nu\/wp-content\/uploads\/2014\/03\/0025.jpg 450w\" sizes=\"(max-width: 225px) 100vw, 225px\" \/><\/a><\/p>\n<p>&nbsp;<\/p>\n<p>&nbsp;<\/p>\n","protected":false},"excerpt":{"rendered":"<p>En kort, lite k\u00e4nslom\u00e4ssig predikan blir det i bloggen denna s\u00f6ndag. Bloggaren k\u00e4nner sig s\u00e5 idag &#8211; k\u00e4nslosam. Minnen g\u00f6r sig p\u00e5minda, tankarna virvlar runt och samtidigt \u00e4r det &#8221;h\u00e4r och nu&#8221;. Fotot av barnen en g\u00e5ng f\u00f6r m\u00e5nga \u00e5r sedan&#8230; En lycklig och glad bild &#8211; en lycklig och glad tid. Lyckan och gl\u00e4djen [&hellip;]<\/p>\n","protected":false},"author":1,"featured_media":0,"comment_status":"open","ping_status":"open","sticky":false,"template":"","format":"standard","meta":[],"categories":[41,143,100,132,141,101],"tags":[],"_links":{"self":[{"href":"https:\/\/www.filindeblogg.nu\/index.php?rest_route=\/wp\/v2\/posts\/55569"}],"collection":[{"href":"https:\/\/www.filindeblogg.nu\/index.php?rest_route=\/wp\/v2\/posts"}],"about":[{"href":"https:\/\/www.filindeblogg.nu\/index.php?rest_route=\/wp\/v2\/types\/post"}],"author":[{"embeddable":true,"href":"https:\/\/www.filindeblogg.nu\/index.php?rest_route=\/wp\/v2\/users\/1"}],"replies":[{"embeddable":true,"href":"https:\/\/www.filindeblogg.nu\/index.php?rest_route=%2Fwp%2Fv2%2Fcomments&post=55569"}],"version-history":[{"count":4,"href":"https:\/\/www.filindeblogg.nu\/index.php?rest_route=\/wp\/v2\/posts\/55569\/revisions"}],"predecessor-version":[{"id":55583,"href":"https:\/\/www.filindeblogg.nu\/index.php?rest_route=\/wp\/v2\/posts\/55569\/revisions\/55583"}],"wp:attachment":[{"href":"https:\/\/www.filindeblogg.nu\/index.php?rest_route=%2Fwp%2Fv2%2Fmedia&parent=55569"}],"wp:term":[{"taxonomy":"category","embeddable":true,"href":"https:\/\/www.filindeblogg.nu\/index.php?rest_route=%2Fwp%2Fv2%2Fcategories&post=55569"},{"taxonomy":"post_tag","embeddable":true,"href":"https:\/\/www.filindeblogg.nu\/index.php?rest_route=%2Fwp%2Fv2%2Ftags&post=55569"}],"curies":[{"name":"wp","href":"https:\/\/api.w.org\/{rel}","templated":true}]}}