{"id":5555,"date":"2009-05-05T09:06:37","date_gmt":"2009-05-05T08:06:37","guid":{"rendered":"http:\/\/www.filindeblogg.nu\/?p=5555"},"modified":"2009-05-05T09:09:54","modified_gmt":"2009-05-05T08:09:54","slug":"max-och-sagas-fodelsedagar","status":"publish","type":"post","link":"https:\/\/www.filindeblogg.nu\/?p=5555","title":{"rendered":"Max och Sagas f\u00f6delsedagar"},"content":{"rendered":"<p><img loading=\"lazy\" class=\"aligncenter size-medium wp-image-5556\" title=\"gravblommor-med-flaggor\" src=\"http:\/\/www.filindeblogg.nu\/wp-content\/uploads\/2009\/05\/gravblommor-med-flaggor-300x225.jpg\" alt=\"gravblommor-med-flaggor\" width=\"300\" height=\"225\" srcset=\"https:\/\/www.filindeblogg.nu\/wp-content\/uploads\/2009\/05\/gravblommor-med-flaggor-300x225.jpg 300w, https:\/\/www.filindeblogg.nu\/wp-content\/uploads\/2009\/05\/gravblommor-med-flaggor-1024x768.jpg 1024w, https:\/\/www.filindeblogg.nu\/wp-content\/uploads\/2009\/05\/gravblommor-med-flaggor.jpg 1229w\" sizes=\"(max-width: 300px) 100vw, 300px\" \/>I s\u00f6ndags, 3 maj, skulle <strong>Max <\/strong>ha blivit 5 \u00e5r om han f\u00e5tt leva<a href=\"http:\/\/www.dn.se\/nyheter\/sverige\/mamma-atalas-for-knivkast-mot-son-1.857854\">.<\/a> Lilla<strong> Saga<\/strong> har sin f\u00f6delsedag idag den 5 maj och hade fyllt 3 \u00e5r om hon varit i livet<a href=\"http:\/\/www.svd.se\/nyheter\/utrikes\/artikel_2837669.svd\">.<\/a><\/p>\n<p><img loading=\"lazy\" class=\"aligncenter size-thumbnail wp-image-5557\" title=\"max-och-sagas-fodelsedagsgrav\" src=\"http:\/\/www.filindeblogg.nu\/wp-content\/uploads\/2009\/05\/max-och-sagas-fodelsedagsgrav-150x150.jpg\" alt=\"max-och-sagas-fodelsedagsgrav\" width=\"150\" height=\"150\" \/><br \/>\nDe b\u00e5da sm\u00e5 barnen m\u00f6rdades genom ett fasansfullt vansinnesd\u00e5d den 17 mars f\u00f6rra \u00e5ret<a href=\"http:\/\/www.aftonbladet.se\/nyheter\/153kvinnordodade\/article5004131.ab\">. <\/a>V\u00e5r lilla stad <strong>Arboga<\/strong> skakades sv\u00e5rt<a href=\"http:\/\/www.kvp.se\/nyheter\/1.1556987\/fantombilden-av-dubbelmordaren\">.<\/a> N\u00e5gra familjers tillvaro slogs s\u00f6nder fullst\u00e4ndigt. Hela Sverige kom att ber\u00f6ras av h\u00e4ndelsen<a href=\"http:\/\/sydsvenskan.se\/inpalivet\/article429918\/Antligen-fri-fran-skracken.html\">.<\/a><\/p>\n<p>Ig\u00e5r &#8211; dagen mellan de sm\u00e5 syskonens f\u00f6delsedagar &#8211; vet jag att<strong> mamma Emma <\/strong>planerade ett litet f\u00f6delsedagskalas f\u00f6r sina d\u00f6da barn. Ballonger skulle s\u00e4ndas upp till himlen fr\u00e5n barnens gravplats.<br \/>\nMen redan innan pryddes graven av blommor, paket och ballonger. Jag sj\u00e4lv var dit ig\u00e5r. <img loading=\"lazy\" class=\"alignnone size-thumbnail wp-image-5558\" title=\"max-o-sagas-grattiskort\" src=\"http:\/\/www.filindeblogg.nu\/wp-content\/uploads\/2009\/05\/max-o-sagas-grattiskort-150x150.jpg\" alt=\"max-o-sagas-grattiskort\" width=\"120\" height=\"120\" \/> Det h\u00e4r lilla kortet tyckte jag passade s\u00e5 bra. Ett litet lusthus p\u00e5 en pionblommas blad d\u00e4r tv\u00e5 sm\u00e5 barn leker. Paket f\u00f6rst\u00e5s med k\u00e4rlek i! <img loading=\"lazy\" class=\"alignnone size-thumbnail wp-image-5559\" title=\"paket-till-max-och-saga\" src=\"http:\/\/www.filindeblogg.nu\/wp-content\/uploads\/2009\/05\/paket-till-max-och-saga-150x150.jpg\" alt=\"paket-till-max-och-saga\" width=\"120\" height=\"120\" \/> Det blev fint ihop med det lilla vita lusthus i form av en ljuslykta som finns hos barnen. Det som jag tycker s\u00e5 mycket om.<img loading=\"lazy\" class=\"alignnone size-thumbnail wp-image-5562\" title=\"grattis-max-och-saga\" src=\"http:\/\/www.filindeblogg.nu\/wp-content\/uploads\/2009\/05\/grattis-max-och-saga-150x150.jpg\" alt=\"grattis-max-och-saga\" width=\"120\" height=\"120\" \/><br \/>\nHela den lilla gravplatsen var s\u00e5 fin!<\/p>\n<p><img loading=\"lazy\" class=\"aligncenter size-medium wp-image-5563\" title=\"fodelsedagsgrav1\" src=\"http:\/\/www.filindeblogg.nu\/wp-content\/uploads\/2009\/05\/fodelsedagsgrav1-300x225.jpg\" alt=\"fodelsedagsgrav1\" width=\"300\" height=\"225\" srcset=\"https:\/\/www.filindeblogg.nu\/wp-content\/uploads\/2009\/05\/fodelsedagsgrav1-300x225.jpg 300w, https:\/\/www.filindeblogg.nu\/wp-content\/uploads\/2009\/05\/fodelsedagsgrav1-1024x768.jpg 1024w, https:\/\/www.filindeblogg.nu\/wp-content\/uploads\/2009\/05\/fodelsedagsgrav1.jpg 1229w\" sizes=\"(max-width: 300px) 100vw, 300px\" \/><\/p>\n<p style=\"text-align: center;\">Bland uppvaktningen ber\u00f6rdes jag mycket av denna fina bukett:<br \/>\n<img loading=\"lazy\" class=\"aligncenter size-medium wp-image-5564\" title=\"dagisfroknarnas-grattis-till-doda-barn\" src=\"http:\/\/www.filindeblogg.nu\/wp-content\/uploads\/2009\/05\/dagisfroknarnas-grattis-till-doda-barn-300x225.jpg\" alt=\"dagisfroknarnas-grattis-till-doda-barn\" width=\"240\" height=\"180\" srcset=\"https:\/\/www.filindeblogg.nu\/wp-content\/uploads\/2009\/05\/dagisfroknarnas-grattis-till-doda-barn-300x225.jpg 300w, https:\/\/www.filindeblogg.nu\/wp-content\/uploads\/2009\/05\/dagisfroknarnas-grattis-till-doda-barn-1024x768.jpg 1024w, https:\/\/www.filindeblogg.nu\/wp-content\/uploads\/2009\/05\/dagisfroknarnas-grattis-till-doda-barn.jpg 1229w\" sizes=\"(max-width: 240px) 100vw, 240px\" \/><\/p>\n<p style=\"text-align: left;\">Som alltid n\u00e4r jag bes\u00f6ker barnen fl\u00f6g fantasin iv\u00e4g med mig. Ballongerna p\u00e5 gravstenen r\u00f6rde sig och pl\u00f6tsligt s\u00e5g jag Max kika fram bakom en av ballongerna! Lilla Saga skrattade av f\u00f6rtjusning n\u00e4r jag hoppade till av f\u00f6rv\u00e5ning. Men barnen hade inte tid med mig idag. Det var s\u00e5 m\u00e5nga \u00e4nglabarn inbjudna till kalaset och det var en fr\u00f6jd att se sm\u00e5barnen stoja och leka p\u00e5 den lugna kyrkog\u00e5rden.<\/p>\n<p style=\"text-align: left;\">Jag log f\u00f6r mig sj\u00e4lv n\u00e4r jag gick mot utg\u00e5ngen. Men barnen var inte klara med mig \u00e4n!<br \/>\nPl\u00f6tsligt s\u00e5g jag n\u00e5got!<img loading=\"lazy\" class=\"alignnone size-medium wp-image-5565\" title=\"mastradet\" src=\"http:\/\/www.filindeblogg.nu\/wp-content\/uploads\/2009\/05\/mastradet-225x300.jpg\" alt=\"mastradet\" width=\"225\" height=\"300\" srcset=\"https:\/\/www.filindeblogg.nu\/wp-content\/uploads\/2009\/05\/mastradet-225x300.jpg 225w, https:\/\/www.filindeblogg.nu\/wp-content\/uploads\/2009\/05\/mastradet-768x1024.jpg 768w, https:\/\/www.filindeblogg.nu\/wp-content\/uploads\/2009\/05\/mastradet.jpg 922w\" sizes=\"(max-width: 225px) 100vw, 225px\" \/> N\u00e5got r\u00f6rde sig upp i tr\u00e4det. Fick mig att lyfta blicken lite.<br \/>\n<img loading=\"lazy\" class=\"alignnone size-medium wp-image-5566\" title=\"mastradet-2\" src=\"http:\/\/www.filindeblogg.nu\/wp-content\/uploads\/2009\/05\/mastradet-2-225x300.jpg\" alt=\"mastradet-2\" width=\"225\" height=\"300\" srcset=\"https:\/\/www.filindeblogg.nu\/wp-content\/uploads\/2009\/05\/mastradet-2-225x300.jpg 225w, https:\/\/www.filindeblogg.nu\/wp-content\/uploads\/2009\/05\/mastradet-2-768x1024.jpg 768w, https:\/\/www.filindeblogg.nu\/wp-content\/uploads\/2009\/05\/mastradet-2.jpg 922w\" sizes=\"(max-width: 225px) 100vw, 225px\" \/>En m\u00e5s i sitt bo!! De sn\u00e4lla f\u00e5glarna tar hand om \u00e4nglabarnen \u00e4ven p\u00e5 f\u00f6delsedagen f\u00f6rst\u00e5s!<br \/>\nF\u00f6r visst var det sm\u00e5 barnahuvuden som stack fram under m\u00e5smammans vingar! D\u00e4r bland det mjuka dunet satt de s\u00e5 sk\u00f6nt. Och vilken utsikt! Deras sm\u00e5 h\u00e4nder vinkade glatt farv\u00e4l till mig! Snart v\u00e4ntade en flygtur p\u00e5 m\u00e5sens rygg f\u00f6rstod jag.<br \/>\nJa, det \u00e4r h\u00e4rligt att kunna fantisera, dr\u00f6mma sig bort n\u00e4r v\u00e4rlden ibland k\u00e4nns lite extra kall och h\u00e5rd.<\/p>\n<p style=\"text-align: left;\"><strong>Varm kram till Emma, till Nicklas, till mormor och morfar, till farmor och farfar och till alla andra som deltog i Max och Sagas f\u00f6delsedagskalas &#8211; bokstavligen eller i tankarna.<\/strong><\/p>\n<p style=\"text-align: center;\"><img loading=\"lazy\" class=\"aligncenter size-medium wp-image-5567\" title=\"mastradet-3\" src=\"http:\/\/www.filindeblogg.nu\/wp-content\/uploads\/2009\/05\/mastradet-3-225x300.jpg\" alt=\"mastradet-3\" width=\"180\" height=\"240\" srcset=\"https:\/\/www.filindeblogg.nu\/wp-content\/uploads\/2009\/05\/mastradet-3-225x300.jpg 225w, https:\/\/www.filindeblogg.nu\/wp-content\/uploads\/2009\/05\/mastradet-3-768x1024.jpg 768w, https:\/\/www.filindeblogg.nu\/wp-content\/uploads\/2009\/05\/mastradet-3.jpg 922w\" sizes=\"(max-width: 180px) 100vw, 180px\" \/><\/p>\n","protected":false},"excerpt":{"rendered":"<p>I s\u00f6ndags, 3 maj, skulle Max ha blivit 5 \u00e5r om han f\u00e5tt leva. Lilla Saga har sin f\u00f6delsedag idag den 5 maj och hade fyllt 3 \u00e5r om hon varit i livet. De b\u00e5da sm\u00e5 barnen m\u00f6rdades genom ett fasansfullt vansinnesd\u00e5d den 17 mars f\u00f6rra \u00e5ret. V\u00e5r lilla stad Arboga skakades sv\u00e5rt. N\u00e5gra familjers [&hellip;]<\/p>\n","protected":false},"author":1,"featured_media":0,"comment_status":"open","ping_status":"open","sticky":false,"template":"","format":"standard","meta":[],"categories":[100,101,105],"tags":[],"_links":{"self":[{"href":"https:\/\/www.filindeblogg.nu\/index.php?rest_route=\/wp\/v2\/posts\/5555"}],"collection":[{"href":"https:\/\/www.filindeblogg.nu\/index.php?rest_route=\/wp\/v2\/posts"}],"about":[{"href":"https:\/\/www.filindeblogg.nu\/index.php?rest_route=\/wp\/v2\/types\/post"}],"author":[{"embeddable":true,"href":"https:\/\/www.filindeblogg.nu\/index.php?rest_route=\/wp\/v2\/users\/1"}],"replies":[{"embeddable":true,"href":"https:\/\/www.filindeblogg.nu\/index.php?rest_route=%2Fwp%2Fv2%2Fcomments&post=5555"}],"version-history":[{"count":2,"href":"https:\/\/www.filindeblogg.nu\/index.php?rest_route=\/wp\/v2\/posts\/5555\/revisions"}],"predecessor-version":[{"id":5569,"href":"https:\/\/www.filindeblogg.nu\/index.php?rest_route=\/wp\/v2\/posts\/5555\/revisions\/5569"}],"wp:attachment":[{"href":"https:\/\/www.filindeblogg.nu\/index.php?rest_route=%2Fwp%2Fv2%2Fmedia&parent=5555"}],"wp:term":[{"taxonomy":"category","embeddable":true,"href":"https:\/\/www.filindeblogg.nu\/index.php?rest_route=%2Fwp%2Fv2%2Fcategories&post=5555"},{"taxonomy":"post_tag","embeddable":true,"href":"https:\/\/www.filindeblogg.nu\/index.php?rest_route=%2Fwp%2Fv2%2Ftags&post=5555"}],"curies":[{"name":"wp","href":"https:\/\/api.w.org\/{rel}","templated":true}]}}