{"id":54221,"date":"2014-01-30T10:35:24","date_gmt":"2014-01-30T09:35:24","guid":{"rendered":"http:\/\/www.filindeblogg.nu\/?p=54221"},"modified":"2014-01-30T10:42:16","modified_gmt":"2014-01-30T09:42:16","slug":"blackface","status":"publish","type":"post","link":"https:\/\/www.filindeblogg.nu\/?p=54221","title":{"rendered":"Blackface"},"content":{"rendered":"<p><a href=\"http:\/\/www.filindeblogg.nu\/wp-content\/uploads\/2014\/01\/300px-Minstrel_PosterBillyVanWare_edit.jpg\"><img loading=\"lazy\" class=\"alignnone size-full wp-image-54222\" alt=\"300px-Minstrel_PosterBillyVanWare_edit\" src=\"http:\/\/www.filindeblogg.nu\/wp-content\/uploads\/2014\/01\/300px-Minstrel_PosterBillyVanWare_edit.jpg\" width=\"300\" height=\"222\" \/><\/a> Ordet &#8221;blackface&#8221; for in i bloggarens huvud vid \u00e5synen av sig sj\u00e4lv! <a href=\"http:\/\/www.filindeblogg.nu\/wp-content\/uploads\/2014\/01\/015-Kopia.jpg\"><img loading=\"lazy\" class=\"alignnone  wp-image-54223\" alt=\"015 - Kopia\" src=\"http:\/\/www.filindeblogg.nu\/wp-content\/uploads\/2014\/01\/015-Kopia-251x300.jpg\" width=\"151\" height=\"180\" srcset=\"https:\/\/www.filindeblogg.nu\/wp-content\/uploads\/2014\/01\/015-Kopia-251x300.jpg 251w, https:\/\/www.filindeblogg.nu\/wp-content\/uploads\/2014\/01\/015-Kopia.jpg 306w\" sizes=\"(max-width: 151px) 100vw, 151px\" \/><\/a><\/p>\n<p><a href=\"http:\/\/www.filindeblogg.nu\/wp-content\/uploads\/2014\/01\/0183.jpg\"><img loading=\"lazy\" class=\"alignnone  wp-image-54224\" alt=\"018\" src=\"http:\/\/www.filindeblogg.nu\/wp-content\/uploads\/2014\/01\/0183-225x300.jpg\" width=\"108\" height=\"144\" srcset=\"https:\/\/www.filindeblogg.nu\/wp-content\/uploads\/2014\/01\/0183-225x300.jpg 225w, https:\/\/www.filindeblogg.nu\/wp-content\/uploads\/2014\/01\/0183.jpg 450w\" sizes=\"(max-width: 108px) 100vw, 108px\" \/><\/a> Den h\u00e4r tuben gjorde bloggaren svart<a href=\"http:\/\/www.dn.se\/sthlm\/lotta-edholm-livsmedelsverket-har-en-rigid-installning\/\" target=\"_blank\">.<\/a> <a href=\"http:\/\/www.filindeblogg.nu\/wp-content\/uploads\/2014\/01\/0156.jpg\"><img loading=\"lazy\" class=\"alignnone  wp-image-54225\" alt=\"015\" src=\"http:\/\/www.filindeblogg.nu\/wp-content\/uploads\/2014\/01\/0156-225x300.jpg\" width=\"108\" height=\"144\" srcset=\"https:\/\/www.filindeblogg.nu\/wp-content\/uploads\/2014\/01\/0156-225x300.jpg 225w, https:\/\/www.filindeblogg.nu\/wp-content\/uploads\/2014\/01\/0156.jpg 450w\" sizes=\"(max-width: 108px) 100vw, 108px\" \/><\/a> J\u00e4ttekul f\u00f6rst! Mindre kul n\u00e4r det svarta skulle &#8221;peelas&#8221; bort&#8230; <a href=\"http:\/\/www.filindeblogg.nu\/wp-content\/uploads\/2014\/01\/0196.jpg\"><img loading=\"lazy\" class=\"alignnone  wp-image-54226\" alt=\"019\" src=\"http:\/\/www.filindeblogg.nu\/wp-content\/uploads\/2014\/01\/0196-182x300.jpg\" width=\"87\" height=\"144\" srcset=\"https:\/\/www.filindeblogg.nu\/wp-content\/uploads\/2014\/01\/0196-182x300.jpg 182w, https:\/\/www.filindeblogg.nu\/wp-content\/uploads\/2014\/01\/0196.jpg 296w\" sizes=\"(max-width: 87px) 100vw, 87px\" \/><\/a> Det var hur sv\u00e5rt som helst och bloggaren t\u00e4nker aldrig mer g\u00f6ra om det! \ud83d\ude41<\/p>\n<p>Ordet &#8221;blackface&#8221; \u00e4r idag f\u00f6rknippat med rasism och absolut ingenting som bloggaren vill ha med att g\u00f6ra<a href=\"http:\/\/www.aftonbladet.se\/nyheter\/article18264413.ab\" target=\"_blank\">. <\/a>Under den senaste <strong>Pridefestivalen<\/strong> i<strong> Stockholm<\/strong> gjordes en anm\u00e4lan mot just &#8221;blackface&#8221; genom<a href=\"http:\/\/www.afrosvenskarna.se\/\" target=\"_blank\"><strong> Afrosvenskarna Riksf\u00f6rbund<\/strong><\/a>. L\u00e4s <a href=\"http:\/\/www.metro.se\/nyheter\/pride-polisanmalt-for-hets-mot-folkgrupp\/EVHmhg!9HcJ7XdjRQPXk\/\" target=\"_blank\"><strong>H\u00c4R<\/strong> <\/a>i tidningen <strong>Metro<\/strong>.\u00a0 <strong>\u00c5hlens<\/strong> fick dra in sin julkatalog f\u00f6rra \u00e5ret p\u00e5 grund av just &#8221;blackface&#8221;. <a href=\"http:\/\/www.filindeblogg.nu\/wp-content\/uploads\/2014\/01\/Blackface-\u00c5hlens.jpg\"><img loading=\"lazy\" class=\"alignnone size-full wp-image-54227\" alt=\"Blackface \u00c5hlens\" src=\"http:\/\/www.filindeblogg.nu\/wp-content\/uploads\/2014\/01\/Blackface-\u00c5hlens.jpg\" width=\"128\" height=\"46\" \/><\/a> L\u00e4s <a href=\"http:\/\/www.svd.se\/naringsliv\/branscher\/handel-och-tjanster\/ahlens-stoppar-julkatalog_8746868.svd\" target=\"_blank\"><strong>H\u00c4R<\/strong><\/a> i Svenskan.<\/p>\n<p>L\u00e4s <a href=\"http:\/\/sv.wikipedia.org\/wiki\/Blackface\" target=\"_blank\"><strong>H\u00c4R<\/strong> <\/a>p\u00e5 <strong>Wikipedia<\/strong> om ordet &#8221;blackface&#8221;<a href=\"http:\/\/www.svd.se\/nyheter\/inrikes\/delar-ut-hamburgare-pa-kottfri-dag_8939070.svd\" target=\"_blank\">. <\/a>Den f\u00f6rsta bilden p\u00e5 bloggen \u00e4r h\u00e4mtad fr\u00e5n Wikipedia<a href=\"http:\/\/www.expressen.se\/nyheter\/pekas-ut-som-sambo-till-grundaren-hotas\/\" target=\"_blank\">.<\/a><\/p>\n<p><a href=\"http:\/\/www.filindeblogg.nu\/wp-content\/uploads\/2014\/01\/Selfie-med-nya-kl\u00e4der-Kopia1.jpg\"><img loading=\"lazy\" class=\"alignnone  wp-image-54230\" alt=\"Selfie med nya kl\u00e4der - Kopia\" src=\"http:\/\/www.filindeblogg.nu\/wp-content\/uploads\/2014\/01\/Selfie-med-nya-kl\u00e4der-Kopia1-165x300.jpg\" width=\"99\" height=\"180\" srcset=\"https:\/\/www.filindeblogg.nu\/wp-content\/uploads\/2014\/01\/Selfie-med-nya-kl\u00e4der-Kopia1-165x300.jpg 165w, https:\/\/www.filindeblogg.nu\/wp-content\/uploads\/2014\/01\/Selfie-med-nya-kl\u00e4der-Kopia1.jpg 208w\" sizes=\"(max-width: 99px) 100vw, 99px\" \/><\/a> Nu \u00e4r bloggaren glad och sig sj\u00e4lv igen! \ud83d\ude42<\/p>\n<p>\u00d6ver till s\u00e5dant man kan stoppa i sig! <a href=\"http:\/\/www.filindeblogg.nu\/wp-content\/uploads\/2014\/01\/00111.jpg\"><img loading=\"lazy\" class=\"alignnone  wp-image-54231\" alt=\"001\" src=\"http:\/\/www.filindeblogg.nu\/wp-content\/uploads\/2014\/01\/00111-300x225.jpg\" width=\"180\" height=\"135\" srcset=\"https:\/\/www.filindeblogg.nu\/wp-content\/uploads\/2014\/01\/00111-300x225.jpg 300w, https:\/\/www.filindeblogg.nu\/wp-content\/uploads\/2014\/01\/00111.jpg 600w\" sizes=\"(max-width: 180px) 100vw, 180px\" \/><\/a> Kanske en bortgl\u00f6md traditionell matr\u00e4tt av husmanstyp! Mannagrynspudding! S\u00e5 gott med en klick sylt! Vegetariskt \u00e4r det ocks\u00e5 och billigt om pl\u00e5nboken \u00e4r tunn.<\/p>\n<p><a href=\"http:\/\/www.filindeblogg.nu\/wp-content\/uploads\/2014\/01\/0026.jpg\"><img loading=\"lazy\" class=\"alignnone  wp-image-54232\" alt=\"002\" src=\"http:\/\/www.filindeblogg.nu\/wp-content\/uploads\/2014\/01\/0026-225x300.jpg\" width=\"135\" height=\"180\" srcset=\"https:\/\/www.filindeblogg.nu\/wp-content\/uploads\/2014\/01\/0026-225x300.jpg 225w, https:\/\/www.filindeblogg.nu\/wp-content\/uploads\/2014\/01\/0026.jpg 450w\" sizes=\"(max-width: 135px) 100vw, 135px\" \/><\/a> <strong>Skyr<\/strong>, gillar bloggaren! <a href=\"http:\/\/www.filindeblogg.nu\/wp-content\/uploads\/2014\/01\/0036.jpg\"><img loading=\"lazy\" class=\"alignnone  wp-image-54233\" alt=\"003\" src=\"http:\/\/www.filindeblogg.nu\/wp-content\/uploads\/2014\/01\/0036-300x225.jpg\" width=\"180\" height=\"135\" srcset=\"https:\/\/www.filindeblogg.nu\/wp-content\/uploads\/2014\/01\/0036-300x225.jpg 300w, https:\/\/www.filindeblogg.nu\/wp-content\/uploads\/2014\/01\/0036.jpg 600w\" sizes=\"(max-width: 180px) 100vw, 180px\" \/><\/a> J\u00e4ttegod isl\u00e4ndsk yoghurt! Smalmat ocks\u00e5! <a href=\"http:\/\/www.filindeblogg.nu\/wp-content\/uploads\/2014\/01\/0047.jpg\"><img loading=\"lazy\" class=\"alignnone  wp-image-54234\" alt=\"004\" src=\"http:\/\/www.filindeblogg.nu\/wp-content\/uploads\/2014\/01\/0047-300x225.jpg\" width=\"180\" height=\"135\" srcset=\"https:\/\/www.filindeblogg.nu\/wp-content\/uploads\/2014\/01\/0047-300x225.jpg 300w, https:\/\/www.filindeblogg.nu\/wp-content\/uploads\/2014\/01\/0047.jpg 600w\" sizes=\"(max-width: 180px) 100vw, 180px\" \/><\/a> 0,2 % fett! L\u00e4s mer om Skyr <a href=\"http:\/\/skyrsverige.se\/\" target=\"_blank\"><strong>H\u00c4R<\/strong><\/a>!<a href=\"http:\/\/www.filindeblogg.nu\/wp-content\/uploads\/2014\/01\/Skyr.png\"><img loading=\"lazy\" class=\"alignnone  wp-image-54235\" alt=\"Skyr\" src=\"http:\/\/www.filindeblogg.nu\/wp-content\/uploads\/2014\/01\/Skyr-300x243.png\" width=\"180\" height=\"146\" srcset=\"https:\/\/www.filindeblogg.nu\/wp-content\/uploads\/2014\/01\/Skyr-300x243.png 300w, https:\/\/www.filindeblogg.nu\/wp-content\/uploads\/2014\/01\/Skyr.png 330w\" sizes=\"(max-width: 180px) 100vw, 180px\" \/><\/a> Bilden p\u00e5 islandsh\u00e4star \u00e4r fr\u00e5n Skyrs hemsida.<\/p>\n<p><a href=\"http:\/\/www.filindeblogg.nu\/wp-content\/uploads\/2014\/01\/0057.jpg\"><img loading=\"lazy\" class=\"alignnone  wp-image-54236\" alt=\"005\" src=\"http:\/\/www.filindeblogg.nu\/wp-content\/uploads\/2014\/01\/0057-225x300.jpg\" width=\"135\" height=\"180\" srcset=\"https:\/\/www.filindeblogg.nu\/wp-content\/uploads\/2014\/01\/0057-225x300.jpg 225w, https:\/\/www.filindeblogg.nu\/wp-content\/uploads\/2014\/01\/0057.jpg 450w\" sizes=\"(max-width: 135px) 100vw, 135px\" \/><\/a> Den h\u00e4r \u00f6lsorten provade bloggaren h\u00e4r om helgen. <a href=\"http:\/\/www.filindeblogg.nu\/wp-content\/uploads\/2014\/01\/Hundkapsyl.jpg\"><img loading=\"lazy\" class=\"alignnone size-medium wp-image-54237\" alt=\"Hundkapsyl\" src=\"http:\/\/www.filindeblogg.nu\/wp-content\/uploads\/2014\/01\/Hundkapsyl-300x225.jpg\" width=\"300\" height=\"225\" srcset=\"https:\/\/www.filindeblogg.nu\/wp-content\/uploads\/2014\/01\/Hundkapsyl-300x225.jpg 300w, https:\/\/www.filindeblogg.nu\/wp-content\/uploads\/2014\/01\/Hundkapsyl.jpg 600w\" sizes=\"(max-width: 300px) 100vw, 300px\" \/><\/a> Inte helt i bloggarens smak men roligt att prova.<\/p>\n<p>Den h\u00e4r drycken f\u00f6redras framf\u00f6r \u00f6l. <a href=\"http:\/\/www.filindeblogg.nu\/wp-content\/uploads\/2014\/01\/0164.jpg\"><img loading=\"lazy\" class=\"alignnone size-medium wp-image-54238\" alt=\"016\" src=\"http:\/\/www.filindeblogg.nu\/wp-content\/uploads\/2014\/01\/0164-225x300.jpg\" width=\"225\" height=\"300\" srcset=\"https:\/\/www.filindeblogg.nu\/wp-content\/uploads\/2014\/01\/0164-225x300.jpg 225w, https:\/\/www.filindeblogg.nu\/wp-content\/uploads\/2014\/01\/0164.jpg 450w\" sizes=\"(max-width: 225px) 100vw, 225px\" \/><\/a> En mugg kaffe! Till det nybakad ostfralla! H\u00e4rligt! Fast den allra b\u00e4sta drycken tycker bloggaren \u00e4r vatten! <a href=\"http:\/\/www.filindeblogg.nu\/wp-content\/uploads\/2014\/01\/Vatten.jpg\"><img loading=\"lazy\" class=\"alignnone size-full wp-image-54239\" alt=\"Vatten\" src=\"http:\/\/www.filindeblogg.nu\/wp-content\/uploads\/2014\/01\/Vatten.jpg\" width=\"130\" height=\"78\" \/><\/a> Bloggaren b\u00f6rjar alltid dagen med tv\u00e5 stora glas vatten. S\u00c5 gott!<\/p>\n<p>P\u00e5 tal om mat och dryck s\u00e5 finns en sida om resor i dagens lokalblad. <a href=\"http:\/\/www.filindeblogg.nu\/wp-content\/uploads\/2014\/01\/0095.jpg\"><img loading=\"lazy\" class=\"alignnone  wp-image-54240\" alt=\"009\" src=\"http:\/\/www.filindeblogg.nu\/wp-content\/uploads\/2014\/01\/0095-300x225.jpg\" width=\"180\" height=\"135\" srcset=\"https:\/\/www.filindeblogg.nu\/wp-content\/uploads\/2014\/01\/0095-300x225.jpg 300w, https:\/\/www.filindeblogg.nu\/wp-content\/uploads\/2014\/01\/0095.jpg 600w\" sizes=\"(max-width: 180px) 100vw, 180px\" \/><\/a> Bloggaren skulle g\u00e4rna g\u00f6ra en resa i <strong>Mandela<\/strong>s fotsp\u00e5r men nu f\u00f6ll blicken p\u00e5 en annan notis &#8211; om ett kaf\u00e9! Det h\u00e4r: <a href=\"http:\/\/www.filindeblogg.nu\/wp-content\/uploads\/2014\/01\/0084.jpg\"><img loading=\"lazy\" class=\"alignnone  wp-image-54241\" alt=\"008\" src=\"http:\/\/www.filindeblogg.nu\/wp-content\/uploads\/2014\/01\/0084-300x225.jpg\" width=\"180\" height=\"135\" srcset=\"https:\/\/www.filindeblogg.nu\/wp-content\/uploads\/2014\/01\/0084-300x225.jpg 300w, https:\/\/www.filindeblogg.nu\/wp-content\/uploads\/2014\/01\/0084.jpg 600w\" sizes=\"(max-width: 180px) 100vw, 180px\" \/><\/a> <strong>Paris<\/strong> \u00e4r n\u00e4rmare \u00e4n <strong>Sydafrika<\/strong> och bloggaren \u00e4lskar <strong>Frankrike<\/strong>s huvudstad. D\u00e4rmed blir det f\u00f6rhoppningsvis en resa dit snart igen och d\u00e5 ska det h\u00e4r kaf\u00e9et letas upp! <a href=\"http:\/\/www.filindeblogg.nu\/wp-content\/uploads\/2014\/01\/0076.jpg\"><img loading=\"lazy\" class=\"alignnone size-medium wp-image-54242\" alt=\"007\" src=\"http:\/\/www.filindeblogg.nu\/wp-content\/uploads\/2014\/01\/0076-225x300.jpg\" width=\"225\" height=\"300\" srcset=\"https:\/\/www.filindeblogg.nu\/wp-content\/uploads\/2014\/01\/0076-225x300.jpg 225w, https:\/\/www.filindeblogg.nu\/wp-content\/uploads\/2014\/01\/0076.jpg 450w\" sizes=\"(max-width: 225px) 100vw, 225px\" \/><\/a> L\u00e4s om &#8221;<strong>Le Caf\u00e9 des chats&#8221;<\/strong> &#8211; p\u00e5 deras franska hemsida <a href=\"http:\/\/www.lecafedeschats.fr\/\" target=\"_blank\"><strong>H\u00c4R<\/strong><\/a>!<br \/>\nBilden h\u00e4r <a href=\"http:\/\/www.filindeblogg.nu\/wp-content\/uploads\/2014\/01\/Inuti-Le-Caf\u00e9-des-chats.jpg\"><img loading=\"lazy\" class=\"alignnone  wp-image-54243\" alt=\"Inuti Le Caf\u00e9 des chats\" src=\"http:\/\/www.filindeblogg.nu\/wp-content\/uploads\/2014\/01\/Inuti-Le-Caf\u00e9-des-chats.jpg\" width=\"180\" height=\"119\" \/><\/a> \u00e4r tagen fr\u00e5n hemsidan &#8211; och den h\u00e4r <a href=\"http:\/\/www.filindeblogg.nu\/wp-content\/uploads\/2014\/01\/Le-caf\u00e9-des-chats-i-Paris-Bild-fr\u00e5n-Facebook.jpg\"><img loading=\"lazy\" class=\"alignnone size-medium wp-image-54244\" alt=\"Le caf\u00e9 des chats i Paris Bild fr\u00e5n Facebook\" src=\"http:\/\/www.filindeblogg.nu\/wp-content\/uploads\/2014\/01\/Le-caf\u00e9-des-chats-i-Paris-Bild-fr\u00e5n-Facebook-300x173.jpg\" width=\"300\" height=\"173\" srcset=\"https:\/\/www.filindeblogg.nu\/wp-content\/uploads\/2014\/01\/Le-caf\u00e9-des-chats-i-Paris-Bild-fr\u00e5n-Facebook-300x173.jpg 300w, https:\/\/www.filindeblogg.nu\/wp-content\/uploads\/2014\/01\/Le-caf\u00e9-des-chats-i-Paris-Bild-fr\u00e5n-Facebook-900x521.jpg 900w, https:\/\/www.filindeblogg.nu\/wp-content\/uploads\/2014\/01\/Le-caf\u00e9-des-chats-i-Paris-Bild-fr\u00e5n-Facebook.jpg 1024w\" sizes=\"(max-width: 300px) 100vw, 300px\" \/><\/a> fr\u00e5n deras sida p\u00e5 <strong>Facebook<\/strong>!<\/p>\n<p>P\u00e5 tal om katter! <a href=\"http:\/\/www.filindeblogg.nu\/wp-content\/uploads\/2014\/01\/Wilma-p\u00e5-kudde.jpg\"><img loading=\"lazy\" class=\"alignnone  wp-image-54245\" alt=\"Wilma p\u00e5 kudde\" src=\"http:\/\/www.filindeblogg.nu\/wp-content\/uploads\/2014\/01\/Wilma-p\u00e5-kudde-300x225.jpg\" width=\"180\" height=\"135\" srcset=\"https:\/\/www.filindeblogg.nu\/wp-content\/uploads\/2014\/01\/Wilma-p\u00e5-kudde-300x225.jpg 300w, https:\/\/www.filindeblogg.nu\/wp-content\/uploads\/2014\/01\/Wilma-p\u00e5-kudde.jpg 600w\" sizes=\"(max-width: 180px) 100vw, 180px\" \/><\/a> <strong>Wilma<\/strong> i kamouflage!<\/p>\n<p style=\"text-align: center;\">Ha en fin torsdag allesammans!<\/p>\n<p style=\"text-align: center;\"><a href=\"http:\/\/www.filindeblogg.nu\/wp-content\/uploads\/2014\/01\/Wilma-p\u00e5-kudde-v\u00e4ckt.jpg\"><img loading=\"lazy\" class=\"aligncenter size-medium wp-image-54246\" alt=\"Wilma p\u00e5 kudde v\u00e4ckt\" src=\"http:\/\/www.filindeblogg.nu\/wp-content\/uploads\/2014\/01\/Wilma-p\u00e5-kudde-v\u00e4ckt-300x225.jpg\" width=\"300\" height=\"225\" srcset=\"https:\/\/www.filindeblogg.nu\/wp-content\/uploads\/2014\/01\/Wilma-p\u00e5-kudde-v\u00e4ckt-300x225.jpg 300w, https:\/\/www.filindeblogg.nu\/wp-content\/uploads\/2014\/01\/Wilma-p\u00e5-kudde-v\u00e4ckt.jpg 600w\" sizes=\"(max-width: 300px) 100vw, 300px\" \/><\/a><\/p>\n","protected":false},"excerpt":{"rendered":"<p>Ordet &#8221;blackface&#8221; for in i bloggarens huvud vid \u00e5synen av sig sj\u00e4lv! Den h\u00e4r tuben gjorde bloggaren svart. J\u00e4ttekul f\u00f6rst! Mindre kul n\u00e4r det svarta skulle &#8221;peelas&#8221; bort&#8230; Det var hur sv\u00e5rt som helst och bloggaren t\u00e4nker aldrig mer g\u00f6ra om det! \ud83d\ude41 Ordet &#8221;blackface&#8221; \u00e4r idag f\u00f6rknippat med rasism och absolut ingenting som bloggaren [&hellip;]<\/p>\n","protected":false},"author":1,"featured_media":0,"comment_status":"open","ping_status":"open","sticky":false,"template":"","format":"standard","meta":[],"categories":[41,142,162,100,158,141,101],"tags":[],"_links":{"self":[{"href":"https:\/\/www.filindeblogg.nu\/index.php?rest_route=\/wp\/v2\/posts\/54221"}],"collection":[{"href":"https:\/\/www.filindeblogg.nu\/index.php?rest_route=\/wp\/v2\/posts"}],"about":[{"href":"https:\/\/www.filindeblogg.nu\/index.php?rest_route=\/wp\/v2\/types\/post"}],"author":[{"embeddable":true,"href":"https:\/\/www.filindeblogg.nu\/index.php?rest_route=\/wp\/v2\/users\/1"}],"replies":[{"embeddable":true,"href":"https:\/\/www.filindeblogg.nu\/index.php?rest_route=%2Fwp%2Fv2%2Fcomments&post=54221"}],"version-history":[{"count":12,"href":"https:\/\/www.filindeblogg.nu\/index.php?rest_route=\/wp\/v2\/posts\/54221\/revisions"}],"predecessor-version":[{"id":54258,"href":"https:\/\/www.filindeblogg.nu\/index.php?rest_route=\/wp\/v2\/posts\/54221\/revisions\/54258"}],"wp:attachment":[{"href":"https:\/\/www.filindeblogg.nu\/index.php?rest_route=%2Fwp%2Fv2%2Fmedia&parent=54221"}],"wp:term":[{"taxonomy":"category","embeddable":true,"href":"https:\/\/www.filindeblogg.nu\/index.php?rest_route=%2Fwp%2Fv2%2Fcategories&post=54221"},{"taxonomy":"post_tag","embeddable":true,"href":"https:\/\/www.filindeblogg.nu\/index.php?rest_route=%2Fwp%2Fv2%2Ftags&post=54221"}],"curies":[{"name":"wp","href":"https:\/\/api.w.org\/{rel}","templated":true}]}}