{"id":5415,"date":"2009-04-22T12:33:46","date_gmt":"2009-04-22T11:33:46","guid":{"rendered":"http:\/\/www.filindeblogg.nu\/?p=5415"},"modified":"2009-04-22T12:44:20","modified_gmt":"2009-04-22T11:44:20","slug":"lyckodag","status":"publish","type":"post","link":"https:\/\/www.filindeblogg.nu\/?p=5415","title":{"rendered":"Lyckodag"},"content":{"rendered":"<p>Vissa dagar \u00e4r lyckodagar. Dagar d\u00e5 det h\u00e4nder h\u00e4rliga saker som g\u00f6r att man m\u00e5r bra. Alla dagar kan vara s\u00e5dana, enligt <strong>Kay Pollak!!<\/strong> Mer om det l\u00e4ngre ner i bloggen!<\/p>\n<p><img loading=\"lazy\" class=\"alignnone size-medium wp-image-5416\" title=\"tidig-morgon-21-april-09\" src=\"http:\/\/www.filindeblogg.nu\/wp-content\/uploads\/2009\/04\/tidig-morgon-21-april-09-300x225.jpg\" alt=\"tidig-morgon-21-april-09\" width=\"300\" height=\"225\" srcset=\"https:\/\/www.filindeblogg.nu\/wp-content\/uploads\/2009\/04\/tidig-morgon-21-april-09-300x225.jpg 300w, https:\/\/www.filindeblogg.nu\/wp-content\/uploads\/2009\/04\/tidig-morgon-21-april-09.jpg 320w\" sizes=\"(max-width: 300px) 100vw, 300px\" \/>Morgonen ig\u00e5r b\u00f6rjade redan s\u00e5 h\u00e4r bra med en underbar himmel n\u00e4r solen gick upp.<\/p>\n<p><img loading=\"lazy\" class=\"alignright size-full wp-image-5417\" title=\"paketen-fran-linda\" src=\"http:\/\/www.filindeblogg.nu\/wp-content\/uploads\/2009\/04\/paketen-fran-linda.jpg\" alt=\"paketen-fran-linda\" width=\"180\" height=\"240\" \/>Efter att ha skjutsat dottern till skolan \u00e5kte jag till <strong>lasarettet i K\u00f6ping <\/strong>d\u00e4r jag st\u00e4mt tr\u00e4ff med <strong>Linda!<\/strong><\/p>\n<p>Av Linda fick jag detta!<\/p>\n<p>Tv\u00e5 sp\u00e4nnande paket!<\/p>\n<p>Det ena \u00e4r till mig &#8211; en vinst som Linda vunnit med mig som anledning&#8230;<br \/>\nDet andra \u00e4r Lindas eget som hon nu gav bort till den gemensamma n\u00e4mnaren f\u00f6r dessa paket &#8211; <strong>Emma!<\/strong><\/p>\n<p>L\u00e5ter det kryptiskt? Ja kanske, men alltsammans gjorde mig j\u00e4ttelycklig! HJ\u00c4RTEVARMT TACK TILL DIG LINDA!<\/p>\n<p>Nu ska jag bara se till att \u00f6verl\u00e4mna det ena paketet till Emma. \ud83d\ude42<\/p>\n<p>Dagen fortsatten sen mot <strong>Hallstahammar<\/strong> d\u00e4r jag st\u00e4mt tr\u00e4ff med en k\u00e4r v\u00e4n. Hon var s\u00e5 ledsen och bedr\u00f6vad. Men s\u00e5 sm\u00e5ningom, n\u00e4r ett par timmar hade g\u00e5tt och vi satt p\u00e5 ett trevligt fik s\u00e5g jag hur det v\u00e4nde f\u00f6r henne. Att se henne glad igen &#8211; var det b\u00e4sta som h\u00e4nde ig\u00e5r!<\/p>\n<p>Till eftermiddagen hade jag biljett till <strong>Kay Pollaks f\u00f6rel\u00e4sning i V\u00e4ster\u00e5s! &#8221;Att v\u00e4xa genom m\u00f6ten &#8211; och v\u00e4lja gl\u00e4dje&#8221; <\/strong>var namnet p\u00e5 f\u00f6rel\u00e4sningen!<img loading=\"lazy\" class=\"alignnone size-full wp-image-5418\" title=\"kay-pollak\" src=\"http:\/\/www.filindeblogg.nu\/wp-content\/uploads\/2009\/04\/kay-pollak.jpg\" alt=\"kay-pollak\" width=\"320\" height=\"240\" srcset=\"https:\/\/www.filindeblogg.nu\/wp-content\/uploads\/2009\/04\/kay-pollak.jpg 320w, https:\/\/www.filindeblogg.nu\/wp-content\/uploads\/2009\/04\/kay-pollak-300x225.jpg 300w\" sizes=\"(max-width: 320px) 100vw, 320px\" \/> Kay Pollak var &#8211; och \u00e4r &#8211; en fantastisk f\u00f6rel\u00e4sare! F\u00f6r den som inte riktigt kan s\u00e4tta fingret p\u00e5 vem han \u00e4r s\u00e5 vill jag n\u00e4mna tv\u00e5 filmer som han gjort:<br \/>\n<img loading=\"lazy\" class=\"alignnone size-full wp-image-5419\" title=\"barnens-ojpg\" src=\"http:\/\/www.filindeblogg.nu\/wp-content\/uploads\/2009\/04\/barnens-ojpg.jpg\" alt=\"barnens-ojpg\" width=\"102\" height=\"151\" \/><strong>Barnens \u00d6<\/strong> <img loading=\"lazy\" class=\"alignnone size-medium wp-image-5420\" title=\"sa-som-i-himmelenjpg\" src=\"http:\/\/www.filindeblogg.nu\/wp-content\/uploads\/2009\/04\/sa-som-i-himmelenjpg-215x300.jpg\" alt=\"sa-som-i-himmelenjpg\" width=\"215\" height=\"300\" srcset=\"https:\/\/www.filindeblogg.nu\/wp-content\/uploads\/2009\/04\/sa-som-i-himmelenjpg-215x300.jpg 215w, https:\/\/www.filindeblogg.nu\/wp-content\/uploads\/2009\/04\/sa-som-i-himmelenjpg.jpg 350w\" sizes=\"(max-width: 215px) 100vw, 215px\" \/> <strong>S\u00e5 som i himmelen<\/strong><\/p>\n<p>Kay Pollak \u00e4r dessutom f\u00f6rfattare och en av hans mest l\u00e4sta b\u00f6cker \u00e4r: <img loading=\"lazy\" class=\"alignnone size-full wp-image-5421\" title=\"att-valja-gladje\" src=\"http:\/\/www.filindeblogg.nu\/wp-content\/uploads\/2009\/04\/att-valja-gladje.jpeg\" alt=\"att-valja-gladje\" width=\"95\" height=\"154\" \/><br \/>\nDet var utifr\u00e5n den boken Kay Pollak f\u00f6rel\u00e4ste ig\u00e5r inf\u00f6r en n\u00e4stan fullsatt kongresshall i V\u00e4ster\u00e5s.<br \/>\n<img loading=\"lazy\" class=\"alignnone size-thumbnail wp-image-5422\" title=\"fullsmockat-i-st-kongressalen\" src=\"http:\/\/www.filindeblogg.nu\/wp-content\/uploads\/2009\/04\/fullsmockat-i-st-kongressalen-150x150.jpg\" alt=\"fullsmockat-i-st-kongressalen\" width=\"150\" height=\"150\" \/> Alla 525 som var d\u00e4r fick sig m\u00e5nga tankest\u00e4llare men \u00e4nnu fler skratt.<br \/>\nI pausen var det bokf\u00f6rs\u00e4ljning: <img loading=\"lazy\" class=\"alignnone size-thumbnail wp-image-5423\" title=\"bokforsaljning-pollak\" src=\"http:\/\/www.filindeblogg.nu\/wp-content\/uploads\/2009\/04\/bokforsaljning-pollak-150x150.jpg\" alt=\"bokforsaljning-pollak\" width=\"150\" height=\"150\" \/> Jag k\u00f6pte b\u00f6cker och en av dom ska jag ge till v\u00e4nnen i Hallstahammar.<\/p>\n<p>Ja, det var en riktigt fin lyckodag ig\u00e5r. Och efter Kay Pollaks &#8221;lektion&#8221; \u00e4r varje ny dag en 10:a f\u00f6r mig!! Man kan sj\u00e4lv se till att alla dagar blir lyckodagar.<br \/>\nHar ni inte l\u00e4st n\u00e5gon av hans b\u00f6cker &#8211; g\u00f6r det! Ni hittar dom i bokhandeln eller p\u00e5 t ex<a href=\"http:\/\/www.adlibris.com\/se\/product.aspx?isbn=9185567167\"><strong> Adlibris<\/strong><\/a> eller <a href=\"http:\/\/www.bokus.com\/b\/9789185567164.html\"><strong>Bokia<\/strong><\/a>! P\u00e5 b\u00e5da internetbokhandlarna finns boken <strong>&#8221;Att v\u00e4lja gl\u00e4dje&#8221; i pocketformat f\u00f6r 39 kr!!<\/strong> F\u00f6r endast 39 kronor f\u00e5r du n\u00e5got som helt kan f\u00f6r\u00e4ndra ditt liv! Unna dig det!!<\/p>\n<p>***<\/p>\n<p>Lyckan stod mig bi \u00e4ven idag! \ud83d\ude42<br \/>\nImorse tog jag en promenad och bes\u00f6kte sm\u00e5ttingarn p\u00e5 kyrkog\u00e5rden igen.<br \/>\n<img loading=\"lazy\" class=\"alignnone size-thumbnail wp-image-5424\" title=\"barnens-hem-numera\" src=\"http:\/\/www.filindeblogg.nu\/wp-content\/uploads\/2009\/04\/barnens-hem-numera-150x150.jpg\" alt=\"barnens-hem-numera\" width=\"150\" height=\"150\" \/>H\u00e4r kan man finna barnen numera. Fast idag hade jag lite otur. \ud83d\ude09<br \/>\nN\u00e4r jag n\u00e4rmade mig gravplatsen satte sig en bj\u00f6rktrast p\u00e5 stenen intill barnens och kvittrade uppfordrande. Jag funderade \u00f6ver vad den ville.<br \/>\nN\u00e4r jag t\u00e4nt mina ljus p\u00e5 graven r\u00e4ttade jag till en hj\u00e4rtkruka med blommor s\u00e5 den skulle synas lite b\u00e4ttre. P\u00e5 mjukisdjuret intill kl\u00e4ttrade d\u00e5 en spindel upp: <img loading=\"lazy\" class=\"alignnone size-medium wp-image-5425\" title=\"spindel-pa-mjukishund\" src=\"http:\/\/www.filindeblogg.nu\/wp-content\/uploads\/2009\/04\/spindel-pa-mjukishund-300x225.jpg\" alt=\"spindel-pa-mjukishund\" width=\"240\" height=\"180\" srcset=\"https:\/\/www.filindeblogg.nu\/wp-content\/uploads\/2009\/04\/spindel-pa-mjukishund-300x225.jpg 300w, https:\/\/www.filindeblogg.nu\/wp-content\/uploads\/2009\/04\/spindel-pa-mjukishund.jpg 320w\" sizes=\"(max-width: 240px) 100vw, 240px\" \/> Ser ni &#8211; till v\u00e4nster p\u00e5 leksakshundens ben!<br \/>\n<img loading=\"lazy\" class=\"alignnone size-medium wp-image-5426\" title=\"storre-bild-pa-spindeln\" src=\"http:\/\/www.filindeblogg.nu\/wp-content\/uploads\/2009\/04\/storre-bild-pa-spindeln-300x225.jpg\" alt=\"storre-bild-pa-spindeln\" width=\"210\" height=\"158\" srcset=\"https:\/\/www.filindeblogg.nu\/wp-content\/uploads\/2009\/04\/storre-bild-pa-spindeln-300x225.jpg 300w, https:\/\/www.filindeblogg.nu\/wp-content\/uploads\/2009\/04\/storre-bild-pa-spindeln.jpg 320w\" sizes=\"(max-width: 210px) 100vw, 210px\" \/>&#8221;<em>-Hej&#8221;,<\/em> sa jag, precis som jag alltid s\u00e4ger till djur och insekter. (Mycket dumt, tycker min dotter&#8230;).<br \/>\nDet var som om spindeln sa det f\u00e5geln p\u00e5 stenen intill velat s\u00e4ga tidigare:<em> &#8221;-Tyv\u00e4rr, barnen \u00e4r inte h\u00e4r idag!&#8221;<br \/>\n<\/em>Men var kan dom d\u00e5 vara, t\u00e4nkte jag. Men s\u00e5 tittade jag ner\u00e5t vattnet och d\u00e4r plaskade det f\u00f6r fullt lite l\u00e4ngre bort. <em>&#8221;-Aha&#8221;<\/em>, sa jag f\u00f6r mig sj\u00e4lv,<em> &#8221;barnen \u00e4r d\u00e4r nere och leker i vattnet med sj\u00f6f\u00e5glarna&#8221;.<\/em><\/p>\n<p>Jag log f\u00f6r mig sj\u00e4lv. Jaha, s\u00e5 idag var dom inte hemma. Och inte beh\u00f6vde jag oroa mig f\u00f6r att det skulle vara f\u00f6r kallt i vattnet bland \u00e4nder och dopping. F\u00f6r de h\u00e4r tv\u00e5 sm\u00e5 barnen \u00e4r alltid skyddade fr\u00e5n v\u00e4der och vind. Jag fick n\u00f6ja mig med deras glada foto intill stenen idag! \ud83d\ude42<\/p>\n<p><img loading=\"lazy\" class=\"aligncenter size-medium wp-image-5427\" title=\"max-o-saga-puss-o-kram\" src=\"http:\/\/www.filindeblogg.nu\/wp-content\/uploads\/2009\/04\/max-o-saga-puss-o-kram-300x225.jpg\" alt=\"max-o-saga-puss-o-kram\" width=\"300\" height=\"225\" srcset=\"https:\/\/www.filindeblogg.nu\/wp-content\/uploads\/2009\/04\/max-o-saga-puss-o-kram-300x225.jpg 300w, https:\/\/www.filindeblogg.nu\/wp-content\/uploads\/2009\/04\/max-o-saga-puss-o-kram.jpg 320w\" sizes=\"(max-width: 300px) 100vw, 300px\" \/><\/p>\n<p>Som pricken \u00f6ver i fick jag chansen att krama barnens mamma idag ocks\u00e5!! Hon arbetstr\u00e4nade och att se henne d\u00e4r p\u00e5 sitt jobb gjorde mig v\u00e4ldigt, v\u00e4ldigt glad! Kram till dig ocks\u00e5 Emma!<\/p>\n","protected":false},"excerpt":{"rendered":"<p>Vissa dagar \u00e4r lyckodagar. Dagar d\u00e5 det h\u00e4nder h\u00e4rliga saker som g\u00f6r att man m\u00e5r bra. Alla dagar kan vara s\u00e5dana, enligt Kay Pollak!! Mer om det l\u00e4ngre ner i bloggen! Morgonen ig\u00e5r b\u00f6rjade redan s\u00e5 h\u00e4r bra med en underbar himmel n\u00e4r solen gick upp. Efter att ha skjutsat dottern till skolan \u00e5kte jag [&hellip;]<\/p>\n","protected":false},"author":1,"featured_media":0,"comment_status":"open","ping_status":"open","sticky":false,"template":"","format":"standard","meta":[],"categories":[100,101,105],"tags":[],"_links":{"self":[{"href":"https:\/\/www.filindeblogg.nu\/index.php?rest_route=\/wp\/v2\/posts\/5415"}],"collection":[{"href":"https:\/\/www.filindeblogg.nu\/index.php?rest_route=\/wp\/v2\/posts"}],"about":[{"href":"https:\/\/www.filindeblogg.nu\/index.php?rest_route=\/wp\/v2\/types\/post"}],"author":[{"embeddable":true,"href":"https:\/\/www.filindeblogg.nu\/index.php?rest_route=\/wp\/v2\/users\/1"}],"replies":[{"embeddable":true,"href":"https:\/\/www.filindeblogg.nu\/index.php?rest_route=%2Fwp%2Fv2%2Fcomments&post=5415"}],"version-history":[{"count":5,"href":"https:\/\/www.filindeblogg.nu\/index.php?rest_route=\/wp\/v2\/posts\/5415\/revisions"}],"predecessor-version":[{"id":5429,"href":"https:\/\/www.filindeblogg.nu\/index.php?rest_route=\/wp\/v2\/posts\/5415\/revisions\/5429"}],"wp:attachment":[{"href":"https:\/\/www.filindeblogg.nu\/index.php?rest_route=%2Fwp%2Fv2%2Fmedia&parent=5415"}],"wp:term":[{"taxonomy":"category","embeddable":true,"href":"https:\/\/www.filindeblogg.nu\/index.php?rest_route=%2Fwp%2Fv2%2Fcategories&post=5415"},{"taxonomy":"post_tag","embeddable":true,"href":"https:\/\/www.filindeblogg.nu\/index.php?rest_route=%2Fwp%2Fv2%2Ftags&post=5415"}],"curies":[{"name":"wp","href":"https:\/\/api.w.org\/{rel}","templated":true}]}}