{"id":53967,"date":"2014-01-19T11:37:35","date_gmt":"2014-01-19T10:37:35","guid":{"rendered":"http:\/\/www.filindeblogg.nu\/?p=53967"},"modified":"2014-01-19T11:37:35","modified_gmt":"2014-01-19T10:37:35","slug":"tank-pa-vilodagen-sa-att-du-helgar-den-hur-da","status":"publish","type":"post","link":"https:\/\/www.filindeblogg.nu\/?p=53967","title":{"rendered":"&#8221;T\u00e4nk p\u00e5 vilodagen s\u00e5 att du helgar den&#8230;&#8221; &#8211; hur d\u00e5?"},"content":{"rendered":"<p>&nbsp;<\/p>\n<p style=\"text-align: center;\"><img loading=\"lazy\" class=\"aligncenter  wp-image-53968\" alt=\"030\" src=\"http:\/\/www.filindeblogg.nu\/wp-content\/uploads\/2014\/01\/0301-225x300.jpg\" width=\"180\" height=\"240\" srcset=\"https:\/\/www.filindeblogg.nu\/wp-content\/uploads\/2014\/01\/0301-225x300.jpg 225w, https:\/\/www.filindeblogg.nu\/wp-content\/uploads\/2014\/01\/0301.jpg 450w\" sizes=\"(max-width: 180px) 100vw, 180px\" \/><\/p>\n<p>S\u00f6ndagen \u00e4r h\u00e4r &#8211; vilodagen &#8211; den som ska helgas, enligt det tredje budordet. Men vad menas med att &#8221;helga vilodagen&#8221; &#8211; egentligen?<\/p>\n<p><a href=\"http:\/\/www.filindeblogg.nu\/wp-content\/uploads\/2014\/01\/0024.jpg\"><img loading=\"lazy\" class=\"alignnone  wp-image-53969\" alt=\"002\" src=\"http:\/\/www.filindeblogg.nu\/wp-content\/uploads\/2014\/01\/0024-300x225.jpg\" width=\"180\" height=\"135\" srcset=\"https:\/\/www.filindeblogg.nu\/wp-content\/uploads\/2014\/01\/0024-300x225.jpg 300w, https:\/\/www.filindeblogg.nu\/wp-content\/uploads\/2014\/01\/0024.jpg 600w\" sizes=\"(max-width: 180px) 100vw, 180px\" \/><\/a> Sl\u00f6a hela dagen, som <strong>Vilda Wilma?<\/strong><\/p>\n<p>Eller kan man str\u00e4cka lite p\u00e5 sig? Som <strong>Curry<\/strong>.\u00a0 <a href=\"http:\/\/www.filindeblogg.nu\/wp-content\/uploads\/2014\/01\/0213.jpg\"><img loading=\"lazy\" class=\"alignnone  wp-image-53971\" alt=\"021\" src=\"http:\/\/www.filindeblogg.nu\/wp-content\/uploads\/2014\/01\/0213-300x231.jpg\" width=\"180\" height=\"139\" srcset=\"https:\/\/www.filindeblogg.nu\/wp-content\/uploads\/2014\/01\/0213-300x231.jpg 300w, https:\/\/www.filindeblogg.nu\/wp-content\/uploads\/2014\/01\/0213.jpg 582w\" sizes=\"(max-width: 180px) 100vw, 180px\" \/><\/a> G\u00f6ra lite nytta?<\/p>\n<p><a href=\"http:\/\/www.filindeblogg.nu\/wp-content\/uploads\/2014\/01\/0174.jpg\"><img loading=\"lazy\" class=\"alignnone  wp-image-53972\" alt=\"017\" src=\"http:\/\/www.filindeblogg.nu\/wp-content\/uploads\/2014\/01\/0174-300x225.jpg\" width=\"180\" height=\"135\" srcset=\"https:\/\/www.filindeblogg.nu\/wp-content\/uploads\/2014\/01\/0174-300x225.jpg 300w, https:\/\/www.filindeblogg.nu\/wp-content\/uploads\/2014\/01\/0174.jpg 600w\" sizes=\"(max-width: 180px) 100vw, 180px\" \/><\/a> Ta en promenad, som <strong>Felix<\/strong>, \u00e4r det att helga eller vanhelga?<\/p>\n<p>Bloggaren kollar sin kalender f\u00f6r n\u00e4sta vecka och finner den full med sysslor av allehanda slag. D\u00e4rf\u00f6r har hon best\u00e4mt att hennes s\u00e4tt att helga vilodagen, men framf\u00f6r allt sig sj\u00e4lv, \u00e4r att g\u00f6ra lite nytta s\u00e5 att kommande veckodagar blir lite helgade ocks\u00e5. S\u00e5 att m\u00e5ndag, tisdag, onsdag och resten av vardagarna blir mindre arbetssamma med f\u00e4rre m\u00e5sten och mer tid f\u00f6r just vila.<\/p>\n<p><a href=\"http:\/\/www.filindeblogg.nu\/wp-content\/uploads\/2014\/01\/Is-i-frys.jpg\"><img loading=\"lazy\" class=\"alignnone  wp-image-53973\" alt=\"Is i frys\" src=\"http:\/\/www.filindeblogg.nu\/wp-content\/uploads\/2014\/01\/Is-i-frys-300x225.jpg\" width=\"180\" height=\"135\" srcset=\"https:\/\/www.filindeblogg.nu\/wp-content\/uploads\/2014\/01\/Is-i-frys-300x225.jpg 300w, https:\/\/www.filindeblogg.nu\/wp-content\/uploads\/2014\/01\/Is-i-frys.jpg 500w\" sizes=\"(max-width: 180px) 100vw, 180px\" \/><\/a> S\u00e5dan h\u00e4r nytta kan man g\u00f6ra! Frosta av frysar! <a href=\"http:\/\/www.filindeblogg.nu\/wp-content\/uploads\/2014\/01\/Annie-Lennox-i-en-frysbox.jpg\"><img loading=\"lazy\" class=\"alignnone  wp-image-53974\" alt=\"Annie Lennox i en frysbox\" src=\"http:\/\/www.filindeblogg.nu\/wp-content\/uploads\/2014\/01\/Annie-Lennox-i-en-frysbox-162x300.jpg\" width=\"130\" height=\"240\" srcset=\"https:\/\/www.filindeblogg.nu\/wp-content\/uploads\/2014\/01\/Annie-Lennox-i-en-frysbox-162x300.jpg 162w, https:\/\/www.filindeblogg.nu\/wp-content\/uploads\/2014\/01\/Annie-Lennox-i-en-frysbox.jpg 217w\" sizes=\"(max-width: 130px) 100vw, 130px\" \/><\/a> OBS! Bilderna p\u00e5 isig frys och p\u00e5 <strong>Annie Lennox<\/strong> \u00e4r inte tagna hemma hos bloggaren! \ud83d\ude09<\/p>\n<p><a href=\"http:\/\/www.filindeblogg.nu\/wp-content\/uploads\/2014\/01\/Carola-sockor.jpg\"><img loading=\"lazy\" class=\"alignnone  wp-image-53975\" alt=\"Carola sockor\" src=\"http:\/\/www.filindeblogg.nu\/wp-content\/uploads\/2014\/01\/Carola-sockor-225x300.jpg\" width=\"135\" height=\"180\" srcset=\"https:\/\/www.filindeblogg.nu\/wp-content\/uploads\/2014\/01\/Carola-sockor-225x300.jpg 225w, https:\/\/www.filindeblogg.nu\/wp-content\/uploads\/2014\/01\/Carola-sockor.jpg 231w\" sizes=\"(max-width: 135px) 100vw, 135px\" \/><\/a> Sen kan man chilla framf\u00f6r TV:n och kolla <strong><em>&#8221;Midsomer murders&#8221;<\/em><\/strong> eller favoriten <strong><em>&#8221;Tillbaka till Aidensfield&#8221;<\/em><\/strong>!<br \/>\nF\u00f6r s\u00e4kerhets skull med <strong>Carola<\/strong>s sk\u00f6na raggsockor p\u00e5! \ud83d\ude42<\/p>\n<p>D\u00e5 kan man passa p\u00e5 att dr\u00f6mma om den d\u00e4r resan som bara SKA bli av! Den till <strong>Goathland<\/strong> i norra <strong>Yorkshire<\/strong> &#8211; som blev <strong>Aidensfield<\/strong> n\u00e4r\u00a0 TV-serien spelades in. <a href=\"http:\/\/www.filindeblogg.nu\/wp-content\/uploads\/2014\/01\/Goathland-Hotel-Aidensfield-Arms.jpg\"><img loading=\"lazy\" class=\"alignnone size-full wp-image-53978\" alt=\"Goathland Hotel Aidensfield Arms\" src=\"http:\/\/www.filindeblogg.nu\/wp-content\/uploads\/2014\/01\/Goathland-Hotel-Aidensfield-Arms.jpg\" width=\"133\" height=\"100\" \/><\/a> <a href=\"http:\/\/www.thegoathlandhotel.co.uk\/\" target=\"_blank\"><strong>Goathland Hotel<\/strong> <\/a>&#8211; ska bokas! Huset blev puben <strong>&#8221;Aidensfield Arms&#8221;<\/strong>, i\u00a0 den popul\u00e4ra, brittiska TV-serien.<br \/>\nOm bloggaren kommer dit &#8211; FEL &#8211; <strong>N\u00c4R<\/strong> bloggaren kommer dit &#8211; kommer f\u00f6rst\u00e5s rapportering d\u00e4rifr\u00e5n med bilder! \ud83d\ude00<\/p>\n<p>N\u00e4r man sitter i sin soffa och tar det lugnt kan blicka ut \u00f6ver julgranen som f\u00e5r st\u00e5 kvar en tid till! <a href=\"http:\/\/www.filindeblogg.nu\/wp-content\/uploads\/2014\/01\/0018.jpg\"><img loading=\"lazy\" class=\"alignnone  wp-image-53976\" alt=\"001\" src=\"http:\/\/www.filindeblogg.nu\/wp-content\/uploads\/2014\/01\/0018-218x300.jpg\" width=\"131\" height=\"180\" srcset=\"https:\/\/www.filindeblogg.nu\/wp-content\/uploads\/2014\/01\/0018-218x300.jpg 218w, https:\/\/www.filindeblogg.nu\/wp-content\/uploads\/2014\/01\/0018.jpg 437w\" sizes=\"(max-width: 131px) 100vw, 131px\" \/><\/a> Bloggaren har inte hj\u00e4rta att kasta ut en levande gran som dricker vatten varje dag och skjuter gr\u00f6na skott! <a href=\"http:\/\/www.filindeblogg.nu\/wp-content\/uploads\/2014\/01\/0332.jpg\"><img loading=\"lazy\" class=\"alignnone  wp-image-53977\" alt=\"033\" src=\"http:\/\/www.filindeblogg.nu\/wp-content\/uploads\/2014\/01\/0332-300x225.jpg\" width=\"180\" height=\"135\" srcset=\"https:\/\/www.filindeblogg.nu\/wp-content\/uploads\/2014\/01\/0332-300x225.jpg 300w, https:\/\/www.filindeblogg.nu\/wp-content\/uploads\/2014\/01\/0332.jpg 600w\" sizes=\"(max-width: 180px) 100vw, 180px\" \/><\/a><\/p>\n<p>S\u00f6ndag &#8211; predikan &#8211; t\u00e4nk p\u00e5 vilodagen s\u00e5 att du helgar den &#8211; p\u00e5 mitt s\u00e4tt! Vilket \u00e4r ditt?<\/p>\n<p><img loading=\"lazy\" class=\"aligncenter size-medium wp-image-53979\" alt=\"034\" src=\"http:\/\/www.filindeblogg.nu\/wp-content\/uploads\/2014\/01\/0343-225x300.jpg\" width=\"225\" height=\"300\" srcset=\"https:\/\/www.filindeblogg.nu\/wp-content\/uploads\/2014\/01\/0343-225x300.jpg 225w, https:\/\/www.filindeblogg.nu\/wp-content\/uploads\/2014\/01\/0343.jpg 450w\" sizes=\"(max-width: 225px) 100vw, 225px\" \/><\/p>\n","protected":false},"excerpt":{"rendered":"<p>&nbsp; S\u00f6ndagen \u00e4r h\u00e4r &#8211; vilodagen &#8211; den som ska helgas, enligt det tredje budordet. Men vad menas med att &#8221;helga vilodagen&#8221; &#8211; egentligen? Sl\u00f6a hela dagen, som Vilda Wilma? Eller kan man str\u00e4cka lite p\u00e5 sig? Som Curry.\u00a0 G\u00f6ra lite nytta? Ta en promenad, som Felix, \u00e4r det att helga eller vanhelga? Bloggaren kollar [&hellip;]<\/p>\n","protected":false},"author":1,"featured_media":0,"comment_status":"open","ping_status":"open","sticky":false,"template":"","format":"standard","meta":[],"categories":[41,143,100,141,101],"tags":[],"_links":{"self":[{"href":"https:\/\/www.filindeblogg.nu\/index.php?rest_route=\/wp\/v2\/posts\/53967"}],"collection":[{"href":"https:\/\/www.filindeblogg.nu\/index.php?rest_route=\/wp\/v2\/posts"}],"about":[{"href":"https:\/\/www.filindeblogg.nu\/index.php?rest_route=\/wp\/v2\/types\/post"}],"author":[{"embeddable":true,"href":"https:\/\/www.filindeblogg.nu\/index.php?rest_route=\/wp\/v2\/users\/1"}],"replies":[{"embeddable":true,"href":"https:\/\/www.filindeblogg.nu\/index.php?rest_route=%2Fwp%2Fv2%2Fcomments&post=53967"}],"version-history":[{"count":14,"href":"https:\/\/www.filindeblogg.nu\/index.php?rest_route=\/wp\/v2\/posts\/53967\/revisions"}],"predecessor-version":[{"id":53993,"href":"https:\/\/www.filindeblogg.nu\/index.php?rest_route=\/wp\/v2\/posts\/53967\/revisions\/53993"}],"wp:attachment":[{"href":"https:\/\/www.filindeblogg.nu\/index.php?rest_route=%2Fwp%2Fv2%2Fmedia&parent=53967"}],"wp:term":[{"taxonomy":"category","embeddable":true,"href":"https:\/\/www.filindeblogg.nu\/index.php?rest_route=%2Fwp%2Fv2%2Fcategories&post=53967"},{"taxonomy":"post_tag","embeddable":true,"href":"https:\/\/www.filindeblogg.nu\/index.php?rest_route=%2Fwp%2Fv2%2Ftags&post=53967"}],"curies":[{"name":"wp","href":"https:\/\/api.w.org\/{rel}","templated":true}]}}