{"id":53007,"date":"2013-12-09T13:29:26","date_gmt":"2013-12-09T12:29:26","guid":{"rendered":"http:\/\/www.filindeblogg.nu\/?p=53007"},"modified":"2013-12-09T14:21:00","modified_gmt":"2013-12-09T13:21:00","slug":"sno-i-arboga-slanbar-helge-och-mera-tag-bla-tag","status":"publish","type":"post","link":"https:\/\/www.filindeblogg.nu\/?p=53007","title":{"rendered":"Sn\u00f6 i Arboga, sl\u00e5nb\u00e4r, Helge och mera t\u00e5g &#8211; bl\u00e5 t\u00e5g!"},"content":{"rendered":"<p><a href=\"http:\/\/www.filindeblogg.nu\/wp-content\/uploads\/2013\/12\/0044.jpg\"><img loading=\"lazy\" class=\"alignnone  wp-image-52994\" alt=\"004\" src=\"http:\/\/www.filindeblogg.nu\/wp-content\/uploads\/2013\/12\/0044-225x300.jpg\" width=\"135\" height=\"180\" srcset=\"https:\/\/www.filindeblogg.nu\/wp-content\/uploads\/2013\/12\/0044-225x300.jpg 225w, https:\/\/www.filindeblogg.nu\/wp-content\/uploads\/2013\/12\/0044.jpg 450w\" sizes=\"(max-width: 135px) 100vw, 135px\" \/><\/a> Fuchsian som \u00f6vervintrar verkar trivas bra f\u00f6r den blommar! Den har det b\u00e4ttre i tv\u00e4ttstugan \u00e4n utomhus nu &#8211; det \u00e4r helt klart &#8211; f\u00f6r nu har kylan och sn\u00f6n kommit!<\/p>\n<p><a href=\"http:\/\/www.filindeblogg.nu\/wp-content\/uploads\/2013\/12\/Julmarknad-2013-i-Arboga-Foto-Hans-Spritt.jpg\"><img loading=\"lazy\" class=\"alignnone size-medium wp-image-52995\" alt=\"Julmarknad 2013 i Arboga Foto Hans Spritt\" src=\"http:\/\/www.filindeblogg.nu\/wp-content\/uploads\/2013\/12\/Julmarknad-2013-i-Arboga-Foto-Hans-Spritt-300x172.jpg\" width=\"300\" height=\"172\" srcset=\"https:\/\/www.filindeblogg.nu\/wp-content\/uploads\/2013\/12\/Julmarknad-2013-i-Arboga-Foto-Hans-Spritt-300x172.jpg 300w, https:\/\/www.filindeblogg.nu\/wp-content\/uploads\/2013\/12\/Julmarknad-2013-i-Arboga-Foto-Hans-Spritt.jpg 720w\" sizes=\"(max-width: 300px) 100vw, 300px\" \/><\/a> I helgen var det julmarknad i <strong>Arboga<\/strong> och <strong>Arbogas Lucia<\/strong> kr\u00f6ntes ig\u00e5r. De h\u00e4r vackra bilderna fr\u00e5n ett sn\u00f6igt Arboga ig\u00e5r kv\u00e4ll \u00e4r tagna av<strong> Hans Spritt<\/strong>. <a href=\"http:\/\/www.filindeblogg.nu\/wp-content\/uploads\/2013\/12\/Jultomat-i-sn\u00f6-Foto-Hans-Spritt.jpg\"><img loading=\"lazy\" class=\"alignnone size-medium wp-image-52996\" alt=\"Jultomat i sn\u00f6 Foto Hans Spritt\" src=\"http:\/\/www.filindeblogg.nu\/wp-content\/uploads\/2013\/12\/Jultomat-i-sn\u00f6-Foto-Hans-Spritt-300x200.jpg\" width=\"300\" height=\"200\" srcset=\"https:\/\/www.filindeblogg.nu\/wp-content\/uploads\/2013\/12\/Jultomat-i-sn\u00f6-Foto-Hans-Spritt-300x200.jpg 300w, https:\/\/www.filindeblogg.nu\/wp-content\/uploads\/2013\/12\/Jultomat-i-sn\u00f6-Foto-Hans-Spritt.jpg 720w\" sizes=\"(max-width: 300px) 100vw, 300px\" \/><\/a><\/p>\n<p>Idag sn\u00f6ar det inte. <a href=\"http:\/\/www.filindeblogg.nu\/wp-content\/uploads\/2013\/12\/0053.jpg\"><img loading=\"lazy\" class=\"alignnone size-medium wp-image-52997\" alt=\"005\" src=\"http:\/\/www.filindeblogg.nu\/wp-content\/uploads\/2013\/12\/0053-300x207.jpg\" width=\"300\" height=\"207\" srcset=\"https:\/\/www.filindeblogg.nu\/wp-content\/uploads\/2013\/12\/0053-300x207.jpg 300w, https:\/\/www.filindeblogg.nu\/wp-content\/uploads\/2013\/12\/0053.jpg 600w\" sizes=\"(max-width: 300px) 100vw, 300px\" \/><\/a> Det \u00e4r n\u00e5gra minusgrader och solsken. <a href=\"http:\/\/www.filindeblogg.nu\/wp-content\/uploads\/2013\/12\/Arboga-9-dec-2013.jpg\"><img loading=\"lazy\" class=\"alignnone size-medium wp-image-52998\" alt=\"Arboga 9 dec 2013\" src=\"http:\/\/www.filindeblogg.nu\/wp-content\/uploads\/2013\/12\/Arboga-9-dec-2013-300x175.jpg\" width=\"300\" height=\"175\" srcset=\"https:\/\/www.filindeblogg.nu\/wp-content\/uploads\/2013\/12\/Arboga-9-dec-2013-300x175.jpg 300w, https:\/\/www.filindeblogg.nu\/wp-content\/uploads\/2013\/12\/Arboga-9-dec-2013.jpg 600w\" sizes=\"(max-width: 300px) 100vw, 300px\" \/><\/a> Bloggaren tog bilderna runt lunchtid. <a href=\"http:\/\/www.filindeblogg.nu\/wp-content\/uploads\/2013\/12\/0072.jpg\"><img loading=\"lazy\" class=\"alignnone  wp-image-52999\" alt=\"007\" src=\"http:\/\/www.filindeblogg.nu\/wp-content\/uploads\/2013\/12\/0072-225x300.jpg\" width=\"135\" height=\"180\" srcset=\"https:\/\/www.filindeblogg.nu\/wp-content\/uploads\/2013\/12\/0072-225x300.jpg 225w, https:\/\/www.filindeblogg.nu\/wp-content\/uploads\/2013\/12\/0072.jpg 450w\" sizes=\"(max-width: 135px) 100vw, 135px\" \/><\/a><\/p>\n<p>Katterna h\u00e5ller sig inne och <strong>Felix<\/strong> hittar nya st\u00e4llen att dricka vatten p\u00e5&#8230; <a href=\"http:\/\/www.filindeblogg.nu\/wp-content\/uploads\/2013\/12\/Felix-dricker-vatten-i-f\u00f6nstret.jpg\"><img loading=\"lazy\" class=\"alignnone size-medium wp-image-53000\" alt=\"Felix dricker vatten i f\u00f6nstret\" src=\"http:\/\/www.filindeblogg.nu\/wp-content\/uploads\/2013\/12\/Felix-dricker-vatten-i-f\u00f6nstret-225x300.jpg\" width=\"225\" height=\"300\" srcset=\"https:\/\/www.filindeblogg.nu\/wp-content\/uploads\/2013\/12\/Felix-dricker-vatten-i-f\u00f6nstret-225x300.jpg 225w, https:\/\/www.filindeblogg.nu\/wp-content\/uploads\/2013\/12\/Felix-dricker-vatten-i-f\u00f6nstret.jpg 231w\" sizes=\"(max-width: 225px) 100vw, 225px\" \/><\/a> I f\u00f6nstret och i diskhon&#8230; <a href=\"http:\/\/www.filindeblogg.nu\/wp-content\/uploads\/2013\/12\/0093.jpg\"><img loading=\"lazy\" class=\"alignnone size-medium wp-image-53001\" alt=\"009\" src=\"http:\/\/www.filindeblogg.nu\/wp-content\/uploads\/2013\/12\/0093-300x225.jpg\" width=\"300\" height=\"225\" srcset=\"https:\/\/www.filindeblogg.nu\/wp-content\/uploads\/2013\/12\/0093-300x225.jpg 300w, https:\/\/www.filindeblogg.nu\/wp-content\/uploads\/2013\/12\/0093.jpg 600w\" sizes=\"(max-width: 300px) 100vw, 300px\" \/><\/a> Bloggaren har lagt glasburkar i vatten f\u00f6r att f\u00e5 bort etiketterna och det \u00e4r INTE diskmedel i vattnet, s\u00e5 ingen beh\u00f6ver oroa sig \u00f6ver Felix h\u00e4lsa! \ud83d\ude42<\/p>\n<p>Vad g\u00f6r man om man inte har lust att g\u00e5 ut i kylan och \u00e4r r\u00e4dd att halka p\u00e5 sn\u00f6 och is? Jo, man kan ta hand om sina sl\u00e5nb\u00e4r! <a href=\"http:\/\/www.filindeblogg.nu\/wp-content\/uploads\/2013\/12\/Sl\u00e4nb\u00e4r-2.jpg\"><img loading=\"lazy\" class=\"alignnone size-full wp-image-53018\" alt=\"Sl\u00e4nb\u00e4r 2\" src=\"http:\/\/www.filindeblogg.nu\/wp-content\/uploads\/2013\/12\/Sl\u00e4nb\u00e4r-2.jpg\" width=\"145\" height=\"96\" \/><\/a> Bloggaren fick sl\u00e5nb\u00e4r av en god v\u00e4n i h\u00f6stas <a href=\"http:\/\/www.filindeblogg.nu\/wp-content\/uploads\/2013\/12\/Sl\u00e5nb\u00e4r-i-bunke.jpg\"><img loading=\"lazy\" class=\"alignnone size-full wp-image-53002\" alt=\"Sl\u00e5nb\u00e4r i bunke\" src=\"http:\/\/www.filindeblogg.nu\/wp-content\/uploads\/2013\/12\/Sl\u00e5nb\u00e4r-i-bunke.jpg\" width=\"137\" height=\"92\" \/><\/a>och best\u00e4mde sig f\u00f6r att g\u00f6ra sl\u00e5nb\u00e4rslik\u00f6r. Efter att sl\u00e5nb\u00e4ren legat i frysen n\u00e5gra dagar (ett m\u00e5ste med sl\u00e5nb\u00e4r) h\u00e4lldes sprit p\u00e5 b\u00e4ren som sen st\u00e4lldes undan ett par m\u00e5nader.<br \/>\n<a href=\"http:\/\/www.filindeblogg.nu\/wp-content\/uploads\/2013\/12\/Lik\u00f6r-1.jpg\"><img loading=\"lazy\" class=\"alignnone  wp-image-53003\" alt=\"Lik\u00f6r 1\" src=\"http:\/\/www.filindeblogg.nu\/wp-content\/uploads\/2013\/12\/Lik\u00f6r-1-225x300.jpg\" width=\"135\" height=\"180\" srcset=\"https:\/\/www.filindeblogg.nu\/wp-content\/uploads\/2013\/12\/Lik\u00f6r-1-225x300.jpg 225w, https:\/\/www.filindeblogg.nu\/wp-content\/uploads\/2013\/12\/Lik\u00f6r-1.jpg 231w\" sizes=\"(max-width: 135px) 100vw, 135px\" \/><\/a> N\u00e4r b\u00e4ren silats ifr\u00e5n var det bara att s\u00e4tta till sockerlag efter tycke och smak! Bloggaren blev lite yr av allt provsmakande men resultatet blev mycket bra, faktiskt j\u00e4ttegott! Och s\u00e5 vacker f\u00e4rg! <a href=\"http:\/\/www.filindeblogg.nu\/wp-content\/uploads\/2013\/12\/Lik\u00f6r-2.jpg\"><img loading=\"lazy\" class=\"alignnone  wp-image-53004\" alt=\"Lik\u00f6r 2\" src=\"http:\/\/www.filindeblogg.nu\/wp-content\/uploads\/2013\/12\/Lik\u00f6r-2-225x300.jpg\" width=\"135\" height=\"180\" srcset=\"https:\/\/www.filindeblogg.nu\/wp-content\/uploads\/2013\/12\/Lik\u00f6r-2-225x300.jpg 225w, https:\/\/www.filindeblogg.nu\/wp-content\/uploads\/2013\/12\/Lik\u00f6r-2.jpg 231w\" sizes=\"(max-width: 135px) 100vw, 135px\" \/><\/a> Bloggaren t\u00e4nker bjuda tomten p\u00e5 ett glas! \ud83d\ude00 <a href=\"http:\/\/www.filindeblogg.nu\/wp-content\/uploads\/2013\/12\/Tomten-sk\u00e5lar.jpg\"><img loading=\"lazy\" class=\"alignnone size-full wp-image-53005\" alt=\"Tomten sk\u00e5lar\" src=\"http:\/\/www.filindeblogg.nu\/wp-content\/uploads\/2013\/12\/Tomten-sk\u00e5lar.jpg\" width=\"124\" height=\"109\" \/><\/a><\/p>\n<p><strong>Helge<\/strong>, ja! Nu \u00e4r det slut! <a href=\"http:\/\/www.filindeblogg.nu\/wp-content\/uploads\/2013\/12\/0062.jpg\"><img loading=\"lazy\" class=\"alignnone  wp-image-53006\" alt=\"006\" src=\"http:\/\/www.filindeblogg.nu\/wp-content\/uploads\/2013\/12\/0062-300x247.jpg\" width=\"180\" height=\"148\" srcset=\"https:\/\/www.filindeblogg.nu\/wp-content\/uploads\/2013\/12\/0062-300x247.jpg 300w, https:\/\/www.filindeblogg.nu\/wp-content\/uploads\/2013\/12\/0062.jpg 513w\" sizes=\"(max-width: 180px) 100vw, 180px\" \/><\/a> <strong>Helge Skoog<\/strong> deltog i den sista middagsbjudningen i torsdags i TV4:s <strong><em>&#8221;Halv \u00e5tta hos mig&#8221;<\/em><\/strong>!<br \/>\n<a href=\"http:\/\/www.filindeblogg.nu\/wp-content\/uploads\/2013\/12\/0112.jpg\"><img loading=\"lazy\" class=\"alignnone  wp-image-53008\" alt=\"011\" src=\"http:\/\/www.filindeblogg.nu\/wp-content\/uploads\/2013\/12\/0112-300x225.jpg\" width=\"180\" height=\"135\" srcset=\"https:\/\/www.filindeblogg.nu\/wp-content\/uploads\/2013\/12\/0112-300x225.jpg 300w, https:\/\/www.filindeblogg.nu\/wp-content\/uploads\/2013\/12\/0112.jpg 600w\" sizes=\"(max-width: 180px) 100vw, 180px\" \/><\/a> Han f\u00e5r en ers\u00e4ttare och det redan ikv\u00e4ll. Bloggaren \u00e4r dock tveksam till om n\u00e5gon egentligen kan ers\u00e4tta Helge i detta program. Vi f\u00e5r se.<\/p>\n<p>Mer t\u00e5g utlovades ocks\u00e5! Och inte vilket t\u00e5g som helst utan <em><strong>&#8221;Bl\u00e5 t\u00e5get&#8221;<\/strong><\/em>! <a href=\"http:\/\/www.filindeblogg.nu\/wp-content\/uploads\/2013\/12\/Bl\u00e5-t\u00e5get.jpg\"><img loading=\"lazy\" class=\"alignnone size-medium wp-image-53009\" alt=\"Bl\u00e5 t\u00e5get\" src=\"http:\/\/www.filindeblogg.nu\/wp-content\/uploads\/2013\/12\/Bl\u00e5-t\u00e5get-300x111.jpg\" width=\"300\" height=\"111\" srcset=\"https:\/\/www.filindeblogg.nu\/wp-content\/uploads\/2013\/12\/Bl\u00e5-t\u00e5get-300x111.jpg 300w, https:\/\/www.filindeblogg.nu\/wp-content\/uploads\/2013\/12\/Bl\u00e5-t\u00e5get.jpg 540w\" sizes=\"(max-width: 300px) 100vw, 300px\" \/><\/a> Nej, det \u00e4r inte SJ utan <strong><em>&#8221;Skandinaviska Jernbanor&#8221;<\/em> <\/strong>som erbjuder lite annorlunda t\u00e5gresa <strong>mellan G\u00f6teborg och Stockholm<\/strong>!<\/p>\n<p><a href=\"http:\/\/www.filindeblogg.nu\/wp-content\/uploads\/2013\/12\/P\u00e5-Bl\u00e5-t\u00e5get.jpeg\"><img loading=\"lazy\" class=\"alignnone  wp-image-53020\" alt=\"P\u00e5 Bl\u00e5 t\u00e5get\" src=\"http:\/\/www.filindeblogg.nu\/wp-content\/uploads\/2013\/12\/P\u00e5-Bl\u00e5-t\u00e5get-225x300.jpeg\" width=\"158\" height=\"210\" srcset=\"https:\/\/www.filindeblogg.nu\/wp-content\/uploads\/2013\/12\/P\u00e5-Bl\u00e5-t\u00e5get-225x300.jpeg 225w, https:\/\/www.filindeblogg.nu\/wp-content\/uploads\/2013\/12\/P\u00e5-Bl\u00e5-t\u00e5get.jpeg 338w\" sizes=\"(max-width: 158px) 100vw, 158px\" \/><\/a>\u00a0Dottern tog det t\u00e5get ig\u00e5r! <a href=\"http:\/\/www.filindeblogg.nu\/wp-content\/uploads\/2013\/12\/Bl\u00e5-t\u00e5get-restaurangvagn.jpg\"><img loading=\"lazy\" class=\"alignnone size-medium wp-image-53010\" alt=\"Bl\u00e5 t\u00e5get restaurangvagn\" src=\"http:\/\/www.filindeblogg.nu\/wp-content\/uploads\/2013\/12\/Bl\u00e5-t\u00e5get-restaurangvagn-300x225.jpg\" width=\"300\" height=\"225\" srcset=\"https:\/\/www.filindeblogg.nu\/wp-content\/uploads\/2013\/12\/Bl\u00e5-t\u00e5get-restaurangvagn-300x225.jpg 300w, https:\/\/www.filindeblogg.nu\/wp-content\/uploads\/2013\/12\/Bl\u00e5-t\u00e5get-restaurangvagn.jpg 490w\" sizes=\"(max-width: 300px) 100vw, 300px\" \/><\/a>Hon garanterar &#8211; det var en upplevelse! <a href=\"http:\/\/www.filindeblogg.nu\/wp-content\/uploads\/2013\/12\/Mat-Bl\u00e5-t\u00e5get.jpg\"><img loading=\"lazy\" class=\"alignnone size-medium wp-image-53011\" alt=\"Mat Bl\u00e5 t\u00e5get\" src=\"http:\/\/www.filindeblogg.nu\/wp-content\/uploads\/2013\/12\/Mat-Bl\u00e5-t\u00e5get-300x225.jpg\" width=\"300\" height=\"225\" srcset=\"https:\/\/www.filindeblogg.nu\/wp-content\/uploads\/2013\/12\/Mat-Bl\u00e5-t\u00e5get-300x225.jpg 300w, https:\/\/www.filindeblogg.nu\/wp-content\/uploads\/2013\/12\/Mat-Bl\u00e5-t\u00e5get.jpg 490w\" sizes=\"(max-width: 300px) 100vw, 300px\" \/><\/a> Middag p\u00e5 vita dukar av en kock p\u00e5 t\u00e5get &#8211; inte illa, inte illa alls! Flera fantastiska r\u00e4tter att v\u00e4lja p\u00e5 att det smakade mycket gott, betygar dottern.<\/p>\n<p>Citat fr\u00e5n Bl\u00e5 T\u00e5gets hemsida:<\/p>\n<p><em>&#8221;Den 11 december 2011 invigdes Skandinaviska Jernbanors Bl\u00e5 T\u00e5get. Ett privat t\u00e5ginitiativ, m\u00f6jliggjort genom avregleringen av den svenska t\u00e5gtrafiken i oktober 2010. Efter l\u00e5ng tids planering och stora investeringar har regulj\u00e4r persontrafik etablerats p\u00e5 str\u00e4ckan G\u00f6teborg \u2013 Stockholm \u2013 Uppsala t\/r med stopp i Sk\u00f6vde och Hallsberg. Se fullst\u00e4ndig tidtabell under fliken \u201cTidtabell\u201d.<\/em><\/p>\n<p><em>Bl\u00e5 T\u00e5get \u00e4r ett nytt klassiskt t\u00e5g med restaurangvagn med fullst\u00e4ndiga r\u00e4ttigheter och en unik barvagn med pianobar och bekv\u00e4ma skinnf\u00e5t\u00f6ljer. Vi erbjuder en kvalitetsresa i genuin t\u00e5gmilj\u00f6 d\u00e4r sj\u00e4lva resan \u00e4r en del av m\u00e5let. En upplevelse, en plats d\u00e4r man kan umg\u00e5s \u00f6ver en god middag, arbeta i lugn och ro eller bara njuta med ett glas vin. Bl\u00e5 T\u00e5get har nya milj\u00f6v\u00e4nliga lok och klassiska vackra 60-talsvagnar. V\u00e5ra kockar arbetar i eget k\u00f6k ombord och lagar l\u00e4ckerheter som serveras till borden&#8230;.&#8221;<\/em><\/p>\n<p>Dotterns varmr\u00e4tt: <a href=\"http:\/\/www.filindeblogg.nu\/wp-content\/uploads\/2013\/12\/IMG_4011.jpg\"><img loading=\"lazy\" class=\"alignnone  wp-image-53022\" alt=\"IMG_4011\" src=\"http:\/\/www.filindeblogg.nu\/wp-content\/uploads\/2013\/12\/IMG_4011-300x225.jpg\" width=\"180\" height=\"135\" srcset=\"https:\/\/www.filindeblogg.nu\/wp-content\/uploads\/2013\/12\/IMG_4011-300x225.jpg 300w, https:\/\/www.filindeblogg.nu\/wp-content\/uploads\/2013\/12\/IMG_4011.jpg 490w\" sizes=\"(max-width: 180px) 100vw, 180px\" \/><\/a> Kalkon!<\/p>\n<p>Efterr\u00e4tt, chokladfondant! <a href=\"http:\/\/www.filindeblogg.nu\/wp-content\/uploads\/2013\/12\/IMG_4014.jpg\"><img loading=\"lazy\" class=\"alignnone  wp-image-53023\" alt=\"IMG_4014\" src=\"http:\/\/www.filindeblogg.nu\/wp-content\/uploads\/2013\/12\/IMG_4014-300x225.jpg\" width=\"180\" height=\"135\" srcset=\"https:\/\/www.filindeblogg.nu\/wp-content\/uploads\/2013\/12\/IMG_4014-300x225.jpg 300w, https:\/\/www.filindeblogg.nu\/wp-content\/uploads\/2013\/12\/IMG_4014.jpg 490w\" sizes=\"(max-width: 180px) 100vw, 180px\" \/><\/a><\/p>\n<p>Klicka <a href=\"http:\/\/www.blataget.com\/om\" target=\"_blank\"><strong>H\u00c4R<\/strong><\/a> f\u00f6r att l\u00e4sa mer om resor med Bl\u00e5 T\u00e5get! Bokningar kan nu g\u00f6ras fram till 3 mars 2014! <a href=\"http:\/\/www.filindeblogg.nu\/wp-content\/uploads\/2013\/12\/Bl\u00e5g-t\u00e5get-foto.jpg\"><img loading=\"lazy\" class=\"alignnone size-medium wp-image-53013\" alt=\"Bl\u00e5g t\u00e5get foto\" src=\"http:\/\/www.filindeblogg.nu\/wp-content\/uploads\/2013\/12\/Bl\u00e5g-t\u00e5get-foto-300x113.jpg\" width=\"300\" height=\"113\" srcset=\"https:\/\/www.filindeblogg.nu\/wp-content\/uploads\/2013\/12\/Bl\u00e5g-t\u00e5get-foto-300x113.jpg 300w, https:\/\/www.filindeblogg.nu\/wp-content\/uploads\/2013\/12\/Bl\u00e5g-t\u00e5get-foto.jpg 580w\" sizes=\"(max-width: 300px) 100vw, 300px\" \/><\/a><\/p>\n<p>N\u00e5got att dr\u00f6mma om till v\u00e5ren kanske! \ud83d\ude42 Njut dagen, ta den tillvara, imorgon \u00e4r den borta.<\/p>\n<p><a href=\"http:\/\/www.filindeblogg.nu\/wp-content\/uploads\/2013\/12\/IMG_3832.JPG1.jpeg\"><img loading=\"lazy\" class=\"aligncenter size-medium wp-image-53014\" alt=\"IMG_3832.JPG\" src=\"http:\/\/www.filindeblogg.nu\/wp-content\/uploads\/2013\/12\/IMG_3832.JPG1-225x300.jpeg\" width=\"225\" height=\"300\" srcset=\"https:\/\/www.filindeblogg.nu\/wp-content\/uploads\/2013\/12\/IMG_3832.JPG1-225x300.jpeg 225w, https:\/\/www.filindeblogg.nu\/wp-content\/uploads\/2013\/12\/IMG_3832.JPG1.jpeg 338w\" sizes=\"(max-width: 225px) 100vw, 225px\" \/><\/a><\/p>\n<p>&nbsp;<\/p>\n","protected":false},"excerpt":{"rendered":"<p>Fuchsian som \u00f6vervintrar verkar trivas bra f\u00f6r den blommar! Den har det b\u00e4ttre i tv\u00e4ttstugan \u00e4n utomhus nu &#8211; det \u00e4r helt klart &#8211; f\u00f6r nu har kylan och sn\u00f6n kommit! I helgen var det julmarknad i Arboga och Arbogas Lucia kr\u00f6ntes ig\u00e5r. De h\u00e4r vackra bilderna fr\u00e5n ett sn\u00f6igt Arboga ig\u00e5r kv\u00e4ll \u00e4r tagna [&hellip;]<\/p>\n","protected":false},"author":1,"featured_media":0,"comment_status":"open","ping_status":"open","sticky":false,"template":"","format":"standard","meta":[],"categories":[127,41,100,158,141,101,153],"tags":[],"_links":{"self":[{"href":"https:\/\/www.filindeblogg.nu\/index.php?rest_route=\/wp\/v2\/posts\/53007"}],"collection":[{"href":"https:\/\/www.filindeblogg.nu\/index.php?rest_route=\/wp\/v2\/posts"}],"about":[{"href":"https:\/\/www.filindeblogg.nu\/index.php?rest_route=\/wp\/v2\/types\/post"}],"author":[{"embeddable":true,"href":"https:\/\/www.filindeblogg.nu\/index.php?rest_route=\/wp\/v2\/users\/1"}],"replies":[{"embeddable":true,"href":"https:\/\/www.filindeblogg.nu\/index.php?rest_route=%2Fwp%2Fv2%2Fcomments&post=53007"}],"version-history":[{"count":5,"href":"https:\/\/www.filindeblogg.nu\/index.php?rest_route=\/wp\/v2\/posts\/53007\/revisions"}],"predecessor-version":[{"id":53024,"href":"https:\/\/www.filindeblogg.nu\/index.php?rest_route=\/wp\/v2\/posts\/53007\/revisions\/53024"}],"wp:attachment":[{"href":"https:\/\/www.filindeblogg.nu\/index.php?rest_route=%2Fwp%2Fv2%2Fmedia&parent=53007"}],"wp:term":[{"taxonomy":"category","embeddable":true,"href":"https:\/\/www.filindeblogg.nu\/index.php?rest_route=%2Fwp%2Fv2%2Fcategories&post=53007"},{"taxonomy":"post_tag","embeddable":true,"href":"https:\/\/www.filindeblogg.nu\/index.php?rest_route=%2Fwp%2Fv2%2Ftags&post=53007"}],"curies":[{"name":"wp","href":"https:\/\/api.w.org\/{rel}","templated":true}]}}