{"id":48628,"date":"2013-07-01T08:46:57","date_gmt":"2013-07-01T07:46:57","guid":{"rendered":"http:\/\/www.filindeblogg.nu\/?p=48628"},"modified":"2013-07-01T08:46:58","modified_gmt":"2013-07-01T07:46:58","slug":"besok-husa-gard-norr-om-stockholm-ett-krav","status":"publish","type":"post","link":"https:\/\/www.filindeblogg.nu\/?p=48628","title":{"rendered":"Bes\u00f6k Husa G\u00e5rd norr om Stockholm &#8211; ett KRAV!"},"content":{"rendered":"<p><a href=\"http:\/\/www.filindeblogg.nu\/?attachment_id=48629\" rel=\"attachment wp-att-48629\"><img loading=\"lazy\" class=\"alignnone  wp-image-48629\" title=\"Solen g\u00e5r ner\" src=\"http:\/\/www.filindeblogg.nu\/wp-content\/uploads\/2013\/07\/Solen-g\u00e5r-ner-225x300.jpg\" alt=\"\" width=\"135\" height=\"180\" srcset=\"https:\/\/www.filindeblogg.nu\/wp-content\/uploads\/2013\/07\/Solen-g\u00e5r-ner-225x300.jpg 225w, https:\/\/www.filindeblogg.nu\/wp-content\/uploads\/2013\/07\/Solen-g\u00e5r-ner.jpg 450w\" sizes=\"(max-width: 135px) 100vw, 135px\" \/><\/a> Solen g\u00e5r ner \u00f6ver juni m\u00e5nad och juli \u00e4r h\u00e4r!<\/p>\n<p><a href=\"http:\/\/www.filindeblogg.nu\/?attachment_id=48630\" rel=\"attachment wp-att-48630\"><img loading=\"lazy\" class=\"alignnone  wp-image-48630\" title=\"015\" src=\"http:\/\/www.filindeblogg.nu\/wp-content\/uploads\/2013\/07\/015-300x225.jpg\" alt=\"\" width=\"180\" height=\"135\" srcset=\"https:\/\/www.filindeblogg.nu\/wp-content\/uploads\/2013\/07\/015-300x225.jpg 300w, https:\/\/www.filindeblogg.nu\/wp-content\/uploads\/2013\/07\/015.jpg 600w\" sizes=\"(max-width: 180px) 100vw, 180px\" \/><\/a>\u00a0I l\u00f6rdags tog jag en biltur (med s\u00e4krade hjul&#8230;) till <strong>Husa G\u00e5rd<\/strong> utanf\u00f6r <strong>Vallentuna<\/strong>, norr om <strong>Stockholm<\/strong>.<br \/>\nJag har n\u00e4mligen en del <a href=\"http:\/\/www.filindeblogg.nu\/?attachment_id=48631\" rel=\"attachment wp-att-48631\"><img loading=\"lazy\" class=\"alignnone size-full wp-image-48631\" title=\"KRAV\" src=\"http:\/\/www.filindeblogg.nu\/wp-content\/uploads\/2013\/07\/KRAV.jpg\" alt=\"\" width=\"144\" height=\"89\" \/><\/a>p\u00e5 mig sj\u00e4lv! Ett av dem \u00e4r att om k\u00f6tt ska \u00e4tas n\u00e5gon enstaka g\u00e5ng s\u00e5 ska det vara fr\u00e5n 1) djur som inte fraktats l\u00e5nga v\u00e4gar i djurtransport mot d\u00f6den och 2) djur som haft ett s\u00e5 bra liv som m\u00f6jligt om de lever bara f\u00f6r att bli mat p\u00e5 en tallrik!<br \/>\n\u00c4r djuren sedan behandlade ekologisk och via <a href=\"http:\/\/www.krav.se\/\" target=\"_blank\"><strong>KRAV<\/strong><\/a> s\u00e5 \u00e4r det s\u00e5 mycket b\u00e4ttre! Fulltr\u00e4ffen blir just <a href=\"http:\/\/husagard.se\/\" target=\"_blank\">Husa G\u00e5rd<\/a>! <a href=\"http:\/\/www.filindeblogg.nu\/?attachment_id=48632\" rel=\"attachment wp-att-48632\"><img loading=\"lazy\" class=\"alignnone size-full wp-image-48632\" title=\"F\u00e5r Husa G\u00e5rd\" src=\"http:\/\/www.filindeblogg.nu\/wp-content\/uploads\/2013\/07\/F\u00e5r-Husa-G\u00e5rd.jpg\" alt=\"\" width=\"180\" height=\"150\" \/><\/a><br \/>\nIdylliskt b\u00f6ljar landskapet intill <strong>Brottby<\/strong> och <strong>Vada kyrka. <a href=\"http:\/\/www.filindeblogg.nu\/?attachment_id=48634\" rel=\"attachment wp-att-48634\"><img loading=\"lazy\" class=\"alignnone  wp-image-48634\" title=\"031\" src=\"http:\/\/www.filindeblogg.nu\/wp-content\/uploads\/2013\/07\/031-300x225.jpg\" alt=\"\" width=\"180\" height=\"135\" srcset=\"https:\/\/www.filindeblogg.nu\/wp-content\/uploads\/2013\/07\/031-300x225.jpg 300w, https:\/\/www.filindeblogg.nu\/wp-content\/uploads\/2013\/07\/031.jpg 600w\" sizes=\"(max-width: 180px) 100vw, 180px\" \/><\/a> <\/strong>Lite sv\u00e5rt att hitta f\u00f6r min GPS vill inte riktigt k\u00e4nna till adresserna h\u00e4r. Men s\u00e5 &#8211; en skylt!\u00a0<a href=\"http:\/\/www.filindeblogg.nu\/?attachment_id=48635\" rel=\"attachment wp-att-48635\"><img loading=\"lazy\" class=\"alignnone  wp-image-48635\" title=\"030\" src=\"http:\/\/www.filindeblogg.nu\/wp-content\/uploads\/2013\/07\/030-300x225.jpg\" alt=\"\" width=\"180\" height=\"135\" srcset=\"https:\/\/www.filindeblogg.nu\/wp-content\/uploads\/2013\/07\/030-300x225.jpg 300w, https:\/\/www.filindeblogg.nu\/wp-content\/uploads\/2013\/07\/030.jpg 600w\" sizes=\"(max-width: 180px) 100vw, 180px\" \/><\/a><br \/>\nFram genom det vackra sommarlandskapet\u00a0<a href=\"http:\/\/www.filindeblogg.nu\/?attachment_id=48636\" rel=\"attachment wp-att-48636\"><img loading=\"lazy\" class=\"alignnone  wp-image-48636\" title=\"025\" src=\"http:\/\/www.filindeblogg.nu\/wp-content\/uploads\/2013\/07\/025-300x225.jpg\" alt=\"\" width=\"180\" height=\"135\" srcset=\"https:\/\/www.filindeblogg.nu\/wp-content\/uploads\/2013\/07\/025-300x225.jpg 300w, https:\/\/www.filindeblogg.nu\/wp-content\/uploads\/2013\/07\/025.jpg 600w\" sizes=\"(max-width: 180px) 100vw, 180px\" \/><\/a> och d\u00e4r ligger pl\u00f6tsligt g\u00e5rden! <img loading=\"lazy\" class=\"alignnone  wp-image-48633\" title=\"020\" src=\"http:\/\/www.filindeblogg.nu\/wp-content\/uploads\/2013\/07\/020-300x225.jpg\" alt=\"\" width=\"180\" height=\"135\" srcset=\"https:\/\/www.filindeblogg.nu\/wp-content\/uploads\/2013\/07\/020-300x225.jpg 300w, https:\/\/www.filindeblogg.nu\/wp-content\/uploads\/2013\/07\/020.jpg 600w\" sizes=\"(max-width: 180px) 100vw, 180px\" \/><br \/>\nJag missar butiken f\u00f6rst &#8211; den ligger s\u00e5 oansenligt. Men sen f\u00e5r jag syn p\u00e5 m\u00e4rket p\u00e5 d\u00f6rren: <a href=\"http:\/\/www.filindeblogg.nu\/?attachment_id=48637\" rel=\"attachment wp-att-48637\"><img loading=\"lazy\" class=\"alignnone  wp-image-48637\" title=\"022\" src=\"http:\/\/www.filindeblogg.nu\/wp-content\/uploads\/2013\/07\/022-300x225.jpg\" alt=\"\" width=\"180\" height=\"135\" srcset=\"https:\/\/www.filindeblogg.nu\/wp-content\/uploads\/2013\/07\/022-300x225.jpg 300w, https:\/\/www.filindeblogg.nu\/wp-content\/uploads\/2013\/07\/022.jpg 600w\" sizes=\"(max-width: 180px) 100vw, 180px\" \/><\/a><br \/>\nNu har jag kommit r\u00e4tt! \ud83d\ude42 <a href=\"http:\/\/www.filindeblogg.nu\/?attachment_id=48638\" rel=\"attachment wp-att-48638\"><img loading=\"lazy\" class=\"alignnone  wp-image-48638\" title=\"021\" src=\"http:\/\/www.filindeblogg.nu\/wp-content\/uploads\/2013\/07\/021-300x225.jpg\" alt=\"\" width=\"180\" height=\"135\" srcset=\"https:\/\/www.filindeblogg.nu\/wp-content\/uploads\/2013\/07\/021-300x225.jpg 300w, https:\/\/www.filindeblogg.nu\/wp-content\/uploads\/2013\/07\/021.jpg 600w\" sizes=\"(max-width: 180px) 100vw, 180px\" \/><\/a><\/p>\n<p><a href=\"http:\/\/www.filindeblogg.nu\/?attachment_id=48639\" rel=\"attachment wp-att-48639\"><img loading=\"lazy\" class=\"alignnone  wp-image-48639\" title=\"017\" src=\"http:\/\/www.filindeblogg.nu\/wp-content\/uploads\/2013\/07\/017-225x300.jpg\" alt=\"\" width=\"135\" height=\"180\" srcset=\"https:\/\/www.filindeblogg.nu\/wp-content\/uploads\/2013\/07\/017-225x300.jpg 225w, https:\/\/www.filindeblogg.nu\/wp-content\/uploads\/2013\/07\/017.jpg 450w\" sizes=\"(max-width: 135px) 100vw, 135px\" \/><\/a> En liten, liten butik. Kyldisken l\u00e4ngst fram och till v\u00e4nster skymtar f\u00e5rskinn till f\u00f6rs\u00e4ljning.<br \/>\nEn kund f\u00f6re mig tittade in i frysrummet f\u00f6r att v\u00e4lja r\u00e4tt varor. <a href=\"http:\/\/www.filindeblogg.nu\/?attachment_id=48640\" rel=\"attachment wp-att-48640\"><img loading=\"lazy\" class=\"alignnone  wp-image-48640\" title=\"016\" src=\"http:\/\/www.filindeblogg.nu\/wp-content\/uploads\/2013\/07\/016-300x225.jpg\" alt=\"\" width=\"180\" height=\"135\" srcset=\"https:\/\/www.filindeblogg.nu\/wp-content\/uploads\/2013\/07\/016-300x225.jpg 300w, https:\/\/www.filindeblogg.nu\/wp-content\/uploads\/2013\/07\/016.jpg 600w\" sizes=\"(max-width: 180px) 100vw, 180px\" \/><\/a><br \/>\nSen var det min tur! <a href=\"http:\/\/www.filindeblogg.nu\/?attachment_id=48641\" rel=\"attachment wp-att-48641\"><img loading=\"lazy\" class=\"alignnone  wp-image-48641\" title=\"018\" src=\"http:\/\/www.filindeblogg.nu\/wp-content\/uploads\/2013\/07\/018-225x300.jpg\" alt=\"\" width=\"135\" height=\"180\" srcset=\"https:\/\/www.filindeblogg.nu\/wp-content\/uploads\/2013\/07\/018-225x300.jpg 225w, https:\/\/www.filindeblogg.nu\/wp-content\/uploads\/2013\/07\/018.jpg 450w\" sizes=\"(max-width: 135px) 100vw, 135px\" \/><\/a> Jag handlade s\u00e5 pass mycket att n\u00e4sta resa hit kan f\u00f6retas f\u00f6rst i december m\u00e5nad. Expediten ber\u00e4ttade att julskinka m\u00e5ste bokas i god tid. G\u00e5rden har endast 50 grisar och dessa tingas tidigt.<\/p>\n<p><a href=\"http:\/\/www.filindeblogg.nu\/?attachment_id=48642\" rel=\"attachment wp-att-48642\"><img loading=\"lazy\" class=\"alignnone  wp-image-48642\" title=\"040\" src=\"http:\/\/www.filindeblogg.nu\/wp-content\/uploads\/2013\/07\/040-300x225.jpg\" alt=\"\" width=\"180\" height=\"135\" srcset=\"https:\/\/www.filindeblogg.nu\/wp-content\/uploads\/2013\/07\/040-300x225.jpg 300w, https:\/\/www.filindeblogg.nu\/wp-content\/uploads\/2013\/07\/040.jpg 600w\" sizes=\"(max-width: 180px) 100vw, 180px\" \/><\/a> Det blev ett par l\u00e5dor! <a href=\"http:\/\/www.filindeblogg.nu\/?attachment_id=48643\" rel=\"attachment wp-att-48643\"><img loading=\"lazy\" class=\"alignnone  wp-image-48643\" title=\"043\" src=\"http:\/\/www.filindeblogg.nu\/wp-content\/uploads\/2013\/07\/043-225x300.jpg\" alt=\"\" width=\"135\" height=\"180\" srcset=\"https:\/\/www.filindeblogg.nu\/wp-content\/uploads\/2013\/07\/043-225x300.jpg 225w, https:\/\/www.filindeblogg.nu\/wp-content\/uploads\/2013\/07\/043.jpg 450w\" sizes=\"(max-width: 135px) 100vw, 135px\" \/><\/a> En s k grill\u00e5da med alla m\u00f6jliga godsaker att l\u00e4gga p\u00e5 grillen i sommar &#8211; flintastek, kotletter, karr\u00e9 m m. <a href=\"http:\/\/www.filindeblogg.nu\/?attachment_id=48645\" rel=\"attachment wp-att-48645\"><img loading=\"lazy\" class=\"alignnone  wp-image-48645\" title=\"047\" src=\"http:\/\/www.filindeblogg.nu\/wp-content\/uploads\/2013\/07\/047-300x225.jpg\" alt=\"\" width=\"180\" height=\"135\" srcset=\"https:\/\/www.filindeblogg.nu\/wp-content\/uploads\/2013\/07\/047-300x225.jpg 300w, https:\/\/www.filindeblogg.nu\/wp-content\/uploads\/2013\/07\/047.jpg 600w\" sizes=\"(max-width: 180px) 100vw, 180px\" \/><\/a><br \/>\n5 kg n\u00f6t- och blandf\u00e4rs! <a href=\"http:\/\/www.filindeblogg.nu\/?attachment_id=48648\" rel=\"attachment wp-att-48648\"><img loading=\"lazy\" class=\"alignnone  wp-image-48648\" title=\"041\" src=\"http:\/\/www.filindeblogg.nu\/wp-content\/uploads\/2013\/07\/041-300x225.jpg\" alt=\"\" width=\"180\" height=\"135\" srcset=\"https:\/\/www.filindeblogg.nu\/wp-content\/uploads\/2013\/07\/041-300x225.jpg 300w, https:\/\/www.filindeblogg.nu\/wp-content\/uploads\/2013\/07\/041.jpg 600w\" sizes=\"(max-width: 180px) 100vw, 180px\" \/><\/a><\/p>\n<p><a href=\"http:\/\/www.filindeblogg.nu\/?attachment_id=48644\" rel=\"attachment wp-att-48644\"><img loading=\"lazy\" class=\"alignnone  wp-image-48644\" title=\"044\" src=\"http:\/\/www.filindeblogg.nu\/wp-content\/uploads\/2013\/07\/044-225x300.jpg\" alt=\"\" width=\"135\" height=\"180\" srcset=\"https:\/\/www.filindeblogg.nu\/wp-content\/uploads\/2013\/07\/044-225x300.jpg 225w, https:\/\/www.filindeblogg.nu\/wp-content\/uploads\/2013\/07\/044.jpg 450w\" sizes=\"(max-width: 135px) 100vw, 135px\" \/><\/a> En <em>&#8221;Finl\u00e5da&#8221;<\/em> med n\u00f6tk\u00f6tt ocks\u00e5. Inneh\u00e5ller bland annat biff, entrecote och oxfil\u00e9. Nu \u00e4r frysen full! <a href=\"http:\/\/www.filindeblogg.nu\/?attachment_id=48646\" rel=\"attachment wp-att-48646\"><img loading=\"lazy\" class=\"alignnone  wp-image-48646\" title=\"049\" src=\"http:\/\/www.filindeblogg.nu\/wp-content\/uploads\/2013\/07\/049-300x225.jpg\" alt=\"\" width=\"180\" height=\"135\" srcset=\"https:\/\/www.filindeblogg.nu\/wp-content\/uploads\/2013\/07\/049-300x225.jpg 300w, https:\/\/www.filindeblogg.nu\/wp-content\/uploads\/2013\/07\/049.jpg 600w\" sizes=\"(max-width: 180px) 100vw, 180px\" \/><\/a><\/p>\n<p>Husa G\u00e5rd \u00e4r v\u00e4l v\u00e4rt en omv\u00e4g runt vanliga <strong>ICA<\/strong> och <strong>Konsum<\/strong>! F\u00f6r djurens skull, f\u00f6r ditt goda samvetes skull och f\u00f6r smaken p\u00e5 maten!<br \/>\n<strong>Klicka <a href=\"http:\/\/husagard.se\/\" target=\"_blank\">H\u00c4R <\/a>f\u00f6r att l\u00e4sa p\u00e5 Husa G\u00e5rds hemsida! \u00d6ppettiderna \u00e4r fredagar 16-17.30 och l\u00f6rdagar 11-13.30.<\/strong><br \/>\nP\u00e5 hemsidan kan ni l\u00e4sa att \u00e4ven<strong> Plura<\/strong> hittat hit med TV-team! <a href=\"http:\/\/www.filindeblogg.nu\/?attachment_id=48647\" rel=\"attachment wp-att-48647\"><img loading=\"lazy\" class=\"alignnone size-full wp-image-48647\" title=\"Plura\" src=\"http:\/\/www.filindeblogg.nu\/wp-content\/uploads\/2013\/07\/Plura.jpg\" alt=\"\" width=\"100\" height=\"150\" \/><\/a><\/p>\n<p><strong>\u00a0<a href=\"http:\/\/www.filindeblogg.nu\/?attachment_id=48672\" rel=\"attachment wp-att-48672\"><img loading=\"lazy\" class=\"alignnone  wp-image-48672\" title=\"Husa G\u00e5rd Foto Fria Tidningen\" src=\"http:\/\/www.filindeblogg.nu\/wp-content\/uploads\/2013\/07\/Husa-G\u00e5rd-Foto-Fria-Tidningen-300x212.jpg\" alt=\"\" width=\"180\" height=\"127\" srcset=\"https:\/\/www.filindeblogg.nu\/wp-content\/uploads\/2013\/07\/Husa-G\u00e5rd-Foto-Fria-Tidningen-300x212.jpg 300w, https:\/\/www.filindeblogg.nu\/wp-content\/uploads\/2013\/07\/Husa-G\u00e5rd-Foto-Fria-Tidningen.jpg 600w\" sizes=\"(max-width: 180px) 100vw, 180px\" \/><\/a> Fria Tidningen<\/strong> har ocks\u00e5 skrivit ett reportage om g\u00e5rden &#8211; l\u00e4s <a href=\"http:\/\/www.google.se\/imgres?imgurl=http:\/\/www.fria.nu\/files\/bilder\/15489.preview.jpg&amp;imgrefurl=http:\/\/www.fria.nu\/artikel\/94922&amp;usg=__P2LrZtu-SEzgfQSUdaBmO4eBdAc=&amp;h=424&amp;w=600&amp;sz=63&amp;hl=sv&amp;start=1&amp;sig2=RESk69xcXdWyL5MDCtDltA&amp;zoom=1&amp;tbnid=hlAqW10T8iQCPM:&amp;tbnh=95&amp;tbnw=135&amp;ei=NSbRUZu1BOyQ4gSYkYCACw&amp;itbs=1&amp;sa=X&amp;ved=0CCsQrQMwAA\" target=\"_blank\"><strong>H\u00c4R<\/strong><\/a>!<br \/>\nFotot visar \u00e4garen <strong>Staffan Ahr\u00e9n<\/strong> och \u00e4r taget av Fria Tidningen.<\/p>\n<p><a href=\"http:\/\/www.filindeblogg.nu\/?attachment_id=48649\" rel=\"attachment wp-att-48649\"><img loading=\"lazy\" class=\"aligncenter size-medium wp-image-48649\" title=\"001\" src=\"http:\/\/www.filindeblogg.nu\/wp-content\/uploads\/2013\/07\/001-300x225.jpg\" alt=\"\" width=\"300\" height=\"225\" srcset=\"https:\/\/www.filindeblogg.nu\/wp-content\/uploads\/2013\/07\/001-300x225.jpg 300w, https:\/\/www.filindeblogg.nu\/wp-content\/uploads\/2013\/07\/001.jpg 600w\" sizes=\"(max-width: 300px) 100vw, 300px\" \/><\/a><\/p>\n<p><a href=\"http:\/\/www.filindeblogg.nu\/?attachment_id=48650\" rel=\"attachment wp-att-48650\"><img loading=\"lazy\" class=\"alignnone  wp-image-48650\" title=\"Kalenderblad\" src=\"http:\/\/www.filindeblogg.nu\/wp-content\/uploads\/2013\/07\/Kalenderblad.jpg\" alt=\"\" width=\"76\" height=\"55\" \/><\/a>Gratta g\u00e4rna <strong>Gun<\/strong> och <strong>Gunnel<\/strong> idag! <strong>Gunsorna<\/strong> har namnsdag! <a href=\"http:\/\/www.filindeblogg.nu\/?attachment_id=48651\" rel=\"attachment wp-att-48651\"><img loading=\"lazy\" class=\"alignnone  wp-image-48651\" title=\"vykort flicka - Kopia\" src=\"http:\/\/www.filindeblogg.nu\/wp-content\/uploads\/2013\/07\/vykort-flicka-Kopia.jpg\" alt=\"\" width=\"33\" height=\"58\" \/><\/a><\/p>\n<p style=\"text-align: center;\"><img loading=\"lazy\" class=\"aligncenter  wp-image-48652\" title=\"008\" src=\"http:\/\/www.filindeblogg.nu\/wp-content\/uploads\/2013\/07\/008-225x300.jpg\" alt=\"\" width=\"158\" height=\"210\" srcset=\"https:\/\/www.filindeblogg.nu\/wp-content\/uploads\/2013\/07\/008-225x300.jpg 225w, https:\/\/www.filindeblogg.nu\/wp-content\/uploads\/2013\/07\/008.jpg 450w\" sizes=\"(max-width: 158px) 100vw, 158px\" \/><\/p>\n<p><a href=\"http:\/\/www.filindeblogg.nu\/?attachment_id=48653\" rel=\"attachment wp-att-48653\"><img loading=\"lazy\" class=\"alignnone size-medium wp-image-48653\" title=\"Dagen g\u00e5r mot sitt slut och m\u00e5naden... 30 juni 2013\" src=\"http:\/\/www.filindeblogg.nu\/wp-content\/uploads\/2013\/07\/Dagen-g\u00e5r-mot-sitt-slut-och-m\u00e5naden...-30-juni-2013-225x300.jpg\" alt=\"\" width=\"225\" height=\"300\" srcset=\"https:\/\/www.filindeblogg.nu\/wp-content\/uploads\/2013\/07\/Dagen-g\u00e5r-mot-sitt-slut-och-m\u00e5naden...-30-juni-2013-225x300.jpg 225w, https:\/\/www.filindeblogg.nu\/wp-content\/uploads\/2013\/07\/Dagen-g\u00e5r-mot-sitt-slut-och-m\u00e5naden...-30-juni-2013.jpg 450w\" sizes=\"(max-width: 225px) 100vw, 225px\" \/><\/a>\u00a0 Adj\u00f6 juni &#8211; v\u00e4lkommen juli men vad du nu kan ha i ditt sk\u00f6te. En del positiva KRAV kanske&#8230; \ud83d\ude42<\/p>\n<p>&nbsp;<\/p>\n","protected":false},"excerpt":{"rendered":"<p>Solen g\u00e5r ner \u00f6ver juni m\u00e5nad och juli \u00e4r h\u00e4r! \u00a0I l\u00f6rdags tog jag en biltur (med s\u00e4krade hjul&#8230;) till Husa G\u00e5rd utanf\u00f6r Vallentuna, norr om Stockholm. Jag har n\u00e4mligen en del p\u00e5 mig sj\u00e4lv! Ett av dem \u00e4r att om k\u00f6tt ska \u00e4tas n\u00e5gon enstaka g\u00e5ng s\u00e5 ska det vara fr\u00e5n 1) djur som [&hellip;]<\/p>\n","protected":false},"author":1,"featured_media":0,"comment_status":"open","ping_status":"open","sticky":false,"template":"","format":"standard","meta":[],"categories":[100,158,145,141,101,150],"tags":[],"_links":{"self":[{"href":"https:\/\/www.filindeblogg.nu\/index.php?rest_route=\/wp\/v2\/posts\/48628"}],"collection":[{"href":"https:\/\/www.filindeblogg.nu\/index.php?rest_route=\/wp\/v2\/posts"}],"about":[{"href":"https:\/\/www.filindeblogg.nu\/index.php?rest_route=\/wp\/v2\/types\/post"}],"author":[{"embeddable":true,"href":"https:\/\/www.filindeblogg.nu\/index.php?rest_route=\/wp\/v2\/users\/1"}],"replies":[{"embeddable":true,"href":"https:\/\/www.filindeblogg.nu\/index.php?rest_route=%2Fwp%2Fv2%2Fcomments&post=48628"}],"version-history":[{"count":26,"href":"https:\/\/www.filindeblogg.nu\/index.php?rest_route=\/wp\/v2\/posts\/48628\/revisions"}],"predecessor-version":[{"id":48680,"href":"https:\/\/www.filindeblogg.nu\/index.php?rest_route=\/wp\/v2\/posts\/48628\/revisions\/48680"}],"wp:attachment":[{"href":"https:\/\/www.filindeblogg.nu\/index.php?rest_route=%2Fwp%2Fv2%2Fmedia&parent=48628"}],"wp:term":[{"taxonomy":"category","embeddable":true,"href":"https:\/\/www.filindeblogg.nu\/index.php?rest_route=%2Fwp%2Fv2%2Fcategories&post=48628"},{"taxonomy":"post_tag","embeddable":true,"href":"https:\/\/www.filindeblogg.nu\/index.php?rest_route=%2Fwp%2Fv2%2Ftags&post=48628"}],"curies":[{"name":"wp","href":"https:\/\/api.w.org\/{rel}","templated":true}]}}