{"id":48194,"date":"2013-06-20T06:33:29","date_gmt":"2013-06-20T05:33:29","guid":{"rendered":"http:\/\/www.filindeblogg.nu\/?p=48194"},"modified":"2013-06-20T06:33:30","modified_gmt":"2013-06-20T05:33:30","slug":"sorg-och-gladje-i-midsommartid-om-giriga-tjuvar-och-generosa-givare","status":"publish","type":"post","link":"https:\/\/www.filindeblogg.nu\/?p=48194","title":{"rendered":"Sorg och gl\u00e4dje i midsommartid. Om giriga tjuvar och gener\u00f6sa givare."},"content":{"rendered":"<p><a href=\"http:\/\/www.filindeblogg.nu\/?attachment_id=48195\" rel=\"attachment wp-att-48195\"><img loading=\"lazy\" class=\"alignnone size-full wp-image-48195\" title=\"Midsommarst\u00e5ng\" src=\"http:\/\/www.filindeblogg.nu\/wp-content\/uploads\/2013\/06\/Midsommarst\u00e5ng.jpg\" alt=\"\" width=\"100\" height=\"95\" \/><\/a>S\u00e5 h\u00e4r i midsommartid n\u00e4r allt k\u00e4nns ljuvligt &#8211; det gr\u00f6nskar och blommar, solen v\u00e4rmer och f\u00e5glarna kvittrar &#8211; s\u00e5 tycker man att alla borde vara glada och n\u00f6jda! Men icke&#8230;<\/p>\n<p>H\u00e4r kommer foton som bloggaren tagit fr\u00e5n dagens <strong>Bbl\/AT<\/strong>. F\u00f6rst ut \u00e4r detta f\u00f6rskr\u00e4ckliga: <a href=\"http:\/\/www.filindeblogg.nu\/?attachment_id=48196\" rel=\"attachment wp-att-48196\"><img loading=\"lazy\" class=\"alignnone  wp-image-48196\" title=\"006\" src=\"http:\/\/www.filindeblogg.nu\/wp-content\/uploads\/2013\/06\/0063-225x300.jpg\" alt=\"\" width=\"135\" height=\"180\" srcset=\"https:\/\/www.filindeblogg.nu\/wp-content\/uploads\/2013\/06\/0063-225x300.jpg 225w, https:\/\/www.filindeblogg.nu\/wp-content\/uploads\/2013\/06\/0063.jpg 450w\" sizes=\"(max-width: 135px) 100vw, 135px\" \/><\/a> En ynkrygg har stulit jordgubbskassan fr\u00e5n en 12-\u00e5rig pojke! Hur kan man vara s\u00e5 gemen!?<br \/>\nBloggaren f\u00f6rv\u00e4ntar sig f\u00f6rst och fr\u00e4mst att tjuven kommer p\u00e5 b\u00e4ttre tankar och l\u00e4mnar tillbaka pengarna. Annars hoppas bloggaren att pengarna inte kommer till n\u00e5gon gl\u00e4dje alls och att eventuella jordgubbar fastnar i halsen!<\/p>\n<p>Men det finns hopp om m\u00e4nskligheten! Det h\u00e4r l\u00e4ser bloggaren ocks\u00e5 i dagens <strong>Arboga Tidning:<\/strong> <a href=\"http:\/\/www.filindeblogg.nu\/?attachment_id=48197\" rel=\"attachment wp-att-48197\"><img loading=\"lazy\" class=\"alignnone  wp-image-48197\" title=\"007\" src=\"http:\/\/www.filindeblogg.nu\/wp-content\/uploads\/2013\/06\/0074-300x225.jpg\" alt=\"\" width=\"180\" height=\"135\" srcset=\"https:\/\/www.filindeblogg.nu\/wp-content\/uploads\/2013\/06\/0074-300x225.jpg 300w, https:\/\/www.filindeblogg.nu\/wp-content\/uploads\/2013\/06\/0074.jpg 600w\" sizes=\"(max-width: 180px) 100vw, 180px\" \/><\/a> Flera av tidningens l\u00e4sare har h\u00f6rt av sig ang\u00e5ende <strong>Unga Livs<\/strong> hj\u00e4lps\u00e4ndning som inte kommer iv\u00e4g p\u00e5 grund av konkursen. Man vill starta en insamling! \u00c4n b\u00e4ttre \u00e4r att <a href=\"http:\/\/www.sparbankenvm.se\/\" target=\"_blank\"><strong>Sparbanken V\u00e4stra M\u00e4lardalen<\/strong><\/a> genom VD <strong>Mikael Bohman<\/strong> erbjuder sig att betala hela transporten!\u00a0<a href=\"http:\/\/www.filindeblogg.nu\/?attachment_id=48198\" rel=\"attachment wp-att-48198\"><img loading=\"lazy\" class=\"alignnone size-medium wp-image-48198\" title=\"008\" src=\"http:\/\/www.filindeblogg.nu\/wp-content\/uploads\/2013\/06\/0083-300x225.jpg\" alt=\"\" width=\"300\" height=\"225\" srcset=\"https:\/\/www.filindeblogg.nu\/wp-content\/uploads\/2013\/06\/0083-300x225.jpg 300w, https:\/\/www.filindeblogg.nu\/wp-content\/uploads\/2013\/06\/0083.jpg 600w\" sizes=\"(max-width: 300px) 100vw, 300px\" \/><\/a> Heders!!<\/p>\n<p>K\u00f6p <strong>B\u00e4rgslagsbladet\/Arboga Tidning<\/strong> och l\u00e4s! S\u00e5 sm\u00e5ningom kanske artiklarna finns p\u00e5 n\u00e4tet ocks\u00e5 &#8211; typ <a href=\"http:\/\/bblat.se\/\" target=\"_blank\"><strong>H\u00c4R!<\/strong><\/a><\/p>\n<p>V\u00e4garbetet i <strong>Arboga<\/strong> forts\u00e4tter \u00e4ven idag kant\u00e4nka &#8211; och bloggaren hoppas verkligen att inte <strong>Sturegatan<\/strong> gl\u00f6ms bort! <a href=\"http:\/\/www.filindeblogg.nu\/?attachment_id=48199\" rel=\"attachment wp-att-48199\"><img loading=\"lazy\" class=\"alignnone  wp-image-48199\" title=\"001\" src=\"http:\/\/www.filindeblogg.nu\/wp-content\/uploads\/2013\/06\/0016-300x225.jpg\" alt=\"\" width=\"180\" height=\"135\" srcset=\"https:\/\/www.filindeblogg.nu\/wp-content\/uploads\/2013\/06\/0016-300x225.jpg 300w, https:\/\/www.filindeblogg.nu\/wp-content\/uploads\/2013\/06\/0016.jpg 600w\" sizes=\"(max-width: 180px) 100vw, 180px\" \/><\/a> H\u00e5l i gatan!<br \/>\nDet blir tr\u00e5ngt n\u00e4r bilar ska m\u00f6tas och m\u00e4ngder av kunder till kinarestaurangen parkerat utefter sidan p\u00e5 gatan.Kr\u00e5ngligt ocks\u00e5 att ta sig in och ut p\u00e5 <strong>Stureleden <\/strong>med en kon i v\u00e4gen.<\/p>\n<p><a href=\"http:\/\/www.filindeblogg.nu\/?attachment_id=48200\" rel=\"attachment wp-att-48200\"><img loading=\"lazy\" class=\"alignnone size-medium wp-image-48200\" title=\"002\" src=\"http:\/\/www.filindeblogg.nu\/wp-content\/uploads\/2013\/06\/0023-300x225.jpg\" alt=\"\" width=\"300\" height=\"225\" srcset=\"https:\/\/www.filindeblogg.nu\/wp-content\/uploads\/2013\/06\/0023-300x225.jpg 300w, https:\/\/www.filindeblogg.nu\/wp-content\/uploads\/2013\/06\/0023.jpg 600w\" sizes=\"(max-width: 300px) 100vw, 300px\" \/><\/a> Vad r\u00f6r sig i en liten hundskalle en solig sommardag?<\/p>\n<p><a href=\"http:\/\/www.filindeblogg.nu\/?attachment_id=48201\" rel=\"attachment wp-att-48201\"><img loading=\"lazy\" class=\"alignnone  wp-image-48201\" title=\"004\" src=\"http:\/\/www.filindeblogg.nu\/wp-content\/uploads\/2013\/06\/0045-300x225.jpg\" alt=\"\" width=\"180\" height=\"135\" srcset=\"https:\/\/www.filindeblogg.nu\/wp-content\/uploads\/2013\/06\/0045-300x225.jpg 300w, https:\/\/www.filindeblogg.nu\/wp-content\/uploads\/2013\/06\/0045.jpg 600w\" sizes=\"(max-width: 180px) 100vw, 180px\" \/><\/a> H\u00e5lla utkik efter grannens katter?<\/p>\n<p>Nej, chilla sk\u00f6nt i lugn och ro p\u00e5 gr\u00e4smattan \u00e4r b\u00e4ttre upp! <a href=\"http:\/\/www.filindeblogg.nu\/?attachment_id=48202\" rel=\"attachment wp-att-48202\"><img loading=\"lazy\" class=\"alignnone  wp-image-48202\" title=\"005\" src=\"http:\/\/www.filindeblogg.nu\/wp-content\/uploads\/2013\/06\/0056-300x225.jpg\" alt=\"\" width=\"180\" height=\"135\" srcset=\"https:\/\/www.filindeblogg.nu\/wp-content\/uploads\/2013\/06\/0056-300x225.jpg 300w, https:\/\/www.filindeblogg.nu\/wp-content\/uploads\/2013\/06\/0056.jpg 600w\" sizes=\"(max-width: 180px) 100vw, 180px\" \/><\/a><br \/>\n<strong>Ebba<\/strong> softar i det gr\u00f6na! \ud83d\ude42<\/p>\n<p><a href=\"http:\/\/www.filindeblogg.nu\/?attachment_id=48203\" rel=\"attachment wp-att-48203\"><img loading=\"lazy\" class=\"alignnone  wp-image-48203\" title=\"Kalenderblad\" src=\"http:\/\/www.filindeblogg.nu\/wp-content\/uploads\/2013\/06\/Kalenderblad17.jpg\" alt=\"\" width=\"109\" height=\"79\" \/><\/a>Vackra <strong>Linda<\/strong> har namnsdag idag! Linda betyder vacker p\u00e5 spanska! <strong>GRATTIS!<\/strong> <a href=\"http:\/\/www.filindeblogg.nu\/?attachment_id=48204\" rel=\"attachment wp-att-48204\"><img loading=\"lazy\" class=\"alignnone  wp-image-48204\" title=\"vykort flicka - Kopia\" src=\"http:\/\/www.filindeblogg.nu\/wp-content\/uploads\/2013\/06\/vykort-flicka-Kopia18.jpg\" alt=\"\" width=\"47\" height=\"83\" \/><\/a><\/p>\n<p>Till sist kan bloggaren avsl\u00f6ja att hon hittat sin egen &#8221;stairway to heaven&#8221;! \ud83d\ude09<\/p>\n<p><a href=\"http:\/\/www.filindeblogg.nu\/?attachment_id=48205\" rel=\"attachment wp-att-48205\"><img loading=\"lazy\" class=\"aligncenter size-medium wp-image-48205\" title=\"Heaven\" src=\"http:\/\/www.filindeblogg.nu\/wp-content\/uploads\/2013\/06\/Heaven-225x300.jpg\" alt=\"\" width=\"225\" height=\"300\" srcset=\"https:\/\/www.filindeblogg.nu\/wp-content\/uploads\/2013\/06\/Heaven-225x300.jpg 225w, https:\/\/www.filindeblogg.nu\/wp-content\/uploads\/2013\/06\/Heaven.jpg 231w\" sizes=\"(max-width: 225px) 100vw, 225px\" \/><\/a><\/p>\n","protected":false},"excerpt":{"rendered":"<p>S\u00e5 h\u00e4r i midsommartid n\u00e4r allt k\u00e4nns ljuvligt &#8211; det gr\u00f6nskar och blommar, solen v\u00e4rmer och f\u00e5glarna kvittrar &#8211; s\u00e5 tycker man att alla borde vara glada och n\u00f6jda! Men icke&#8230; H\u00e4r kommer foton som bloggaren tagit fr\u00e5n dagens Bbl\/AT. F\u00f6rst ut \u00e4r detta f\u00f6rskr\u00e4ckliga: En ynkrygg har stulit jordgubbskassan fr\u00e5n en 12-\u00e5rig pojke! Hur [&hellip;]<\/p>\n","protected":false},"author":1,"featured_media":0,"comment_status":"open","ping_status":"open","sticky":false,"template":"","format":"standard","meta":[],"categories":[131,100,149,101,153,133],"tags":[],"_links":{"self":[{"href":"https:\/\/www.filindeblogg.nu\/index.php?rest_route=\/wp\/v2\/posts\/48194"}],"collection":[{"href":"https:\/\/www.filindeblogg.nu\/index.php?rest_route=\/wp\/v2\/posts"}],"about":[{"href":"https:\/\/www.filindeblogg.nu\/index.php?rest_route=\/wp\/v2\/types\/post"}],"author":[{"embeddable":true,"href":"https:\/\/www.filindeblogg.nu\/index.php?rest_route=\/wp\/v2\/users\/1"}],"replies":[{"embeddable":true,"href":"https:\/\/www.filindeblogg.nu\/index.php?rest_route=%2Fwp%2Fv2%2Fcomments&post=48194"}],"version-history":[{"count":10,"href":"https:\/\/www.filindeblogg.nu\/index.php?rest_route=\/wp\/v2\/posts\/48194\/revisions"}],"predecessor-version":[{"id":48215,"href":"https:\/\/www.filindeblogg.nu\/index.php?rest_route=\/wp\/v2\/posts\/48194\/revisions\/48215"}],"wp:attachment":[{"href":"https:\/\/www.filindeblogg.nu\/index.php?rest_route=%2Fwp%2Fv2%2Fmedia&parent=48194"}],"wp:term":[{"taxonomy":"category","embeddable":true,"href":"https:\/\/www.filindeblogg.nu\/index.php?rest_route=%2Fwp%2Fv2%2Fcategories&post=48194"},{"taxonomy":"post_tag","embeddable":true,"href":"https:\/\/www.filindeblogg.nu\/index.php?rest_route=%2Fwp%2Fv2%2Ftags&post=48194"}],"curies":[{"name":"wp","href":"https:\/\/api.w.org\/{rel}","templated":true}]}}