{"id":48018,"date":"2013-06-15T09:11:02","date_gmt":"2013-06-15T08:11:02","guid":{"rendered":"http:\/\/www.filindeblogg.nu\/?p=48018"},"modified":"2013-06-15T09:11:02","modified_gmt":"2013-06-15T08:11:02","slug":"dyr-fika-och-karnevalsyra-i-arboga-plus-falska-polisbilar","status":"publish","type":"post","link":"https:\/\/www.filindeblogg.nu\/?p=48018","title":{"rendered":"Dyr fika och karnevalsyra i Arboga plus falska polisbilar!"},"content":{"rendered":"<p><a href=\"http:\/\/www.filindeblogg.nu\/?attachment_id=48020\" rel=\"attachment wp-att-48020\"><img loading=\"lazy\" class=\"alignnone size-medium wp-image-48020\" title=\"021\" src=\"http:\/\/www.filindeblogg.nu\/wp-content\/uploads\/2013\/06\/0211-300x252.jpg\" alt=\"\" width=\"300\" height=\"252\" srcset=\"https:\/\/www.filindeblogg.nu\/wp-content\/uploads\/2013\/06\/0211-300x252.jpg 300w, https:\/\/www.filindeblogg.nu\/wp-content\/uploads\/2013\/06\/0211.jpg 527w\" sizes=\"(max-width: 300px) 100vw, 300px\" \/><\/a> F\u00f6rst ut<a href=\"http:\/\/www.arbogakarnevalen.se\/\" target=\"_blank\"><strong> Arbogakarnevalen<\/strong><\/a>! Programmet f\u00f6r dagen!<\/p>\n<p><strong>V\u00c4LKOMMEN TILL EN H\u00c4RLIG YRA I ARBOGA!<\/strong> <a href=\"http:\/\/www.filindeblogg.nu\/?attachment_id=48019\" rel=\"attachment wp-att-48019\"><img loading=\"lazy\" class=\"alignnone size-medium wp-image-48019\" title=\"019\" src=\"http:\/\/www.filindeblogg.nu\/wp-content\/uploads\/2013\/06\/0192-225x300.jpg\" alt=\"\" width=\"225\" height=\"300\" srcset=\"https:\/\/www.filindeblogg.nu\/wp-content\/uploads\/2013\/06\/0192-225x300.jpg 225w, https:\/\/www.filindeblogg.nu\/wp-content\/uploads\/2013\/06\/0192.jpg 450w\" sizes=\"(max-width: 225px) 100vw, 225px\" \/><\/a><\/p>\n<p><a href=\"http:\/\/www.filindeblogg.nu\/?attachment_id=48021\" rel=\"attachment wp-att-48021\"><img loading=\"lazy\" class=\"alignnone size-full wp-image-48021\" title=\"Cafe\" src=\"http:\/\/www.filindeblogg.nu\/wp-content\/uploads\/2013\/06\/Cafe.jpg\" alt=\"\" width=\"95\" height=\"126\" \/><\/a> Sen dyra fik! Arboga m\u00e5ste ju n\u00e4stan vara v\u00e4rldsk\u00e4nt f\u00f6r alla sina caf\u00e9er i f\u00f6rh\u00e5llande till inv\u00e5narantal! N\u00e5ja kanske inte &#8211; men m\u00e5nga fikast\u00e4llen finns det!<\/p>\n<p>Tyv\u00e4rr verkar konkurrensen inte gjort fikabr\u00f6det till kaffet billigare&#8230;\u00a0<a href=\"http:\/\/www.filindeblogg.nu\/?attachment_id=48023\" rel=\"attachment wp-att-48023\"><img loading=\"lazy\" class=\"alignnone size-full wp-image-48023\" title=\"Godsaker\" src=\"http:\/\/www.filindeblogg.nu\/wp-content\/uploads\/2013\/06\/Godsaker.jpg\" alt=\"\" width=\"120\" height=\"150\" \/><\/a><br \/>\nSe h\u00e4r notan fr\u00e5n ig\u00e5r: <a href=\"http:\/\/www.filindeblogg.nu\/?attachment_id=48022\" rel=\"attachment wp-att-48022\"><img loading=\"lazy\" class=\"alignnone size-medium wp-image-48022\" title=\"DYR FIKA\" src=\"http:\/\/www.filindeblogg.nu\/wp-content\/uploads\/2013\/06\/DYR-FIKA-300x225.jpg\" alt=\"\" width=\"300\" height=\"225\" srcset=\"https:\/\/www.filindeblogg.nu\/wp-content\/uploads\/2013\/06\/DYR-FIKA-300x225.jpg 300w, https:\/\/www.filindeblogg.nu\/wp-content\/uploads\/2013\/06\/DYR-FIKA.jpg 600w\" sizes=\"(max-width: 300px) 100vw, 300px\" \/><\/a><\/p>\n<p>Bloggaren v\u00e4ljer att inte peka ut just det h\u00e4r caf\u00e9et f\u00f6r hon tror det ser ungef\u00e4r likadant ut \u00f6ver hela stan. En bakelse f\u00f6r n\u00e4stan 30 sp\u00e4nn och ett wienerbr\u00f6d f\u00f6r 22 kronor!! Hutl\u00f6st, tycker bloggaren!<br \/>\nDet blir dyrt n\u00e4r man ska bjuda mormor p\u00e5 fika, m\u00e4rkte sonen! \ud83d\ude41<\/p>\n<p>Kan n\u00e5gon av caf\u00e9erna visa p\u00e5 motsatsen!? Bjuda in till billigare fika i den stora konkurrensen som r\u00e5der!? Bloggaren ser g\u00e4rna svar p\u00e5 den fr\u00e5gan!<\/p>\n<p><a href=\"http:\/\/www.filindeblogg.nu\/?attachment_id=48024\" rel=\"attachment wp-att-48024\"><img loading=\"lazy\" class=\"aligncenter size-full wp-image-48024\" title=\"Coffe and sweet food\" src=\"http:\/\/www.filindeblogg.nu\/wp-content\/uploads\/2013\/06\/Coffe-and-sweet-food.jpg\" alt=\"\" width=\"124\" height=\"80\" \/><\/a><\/p>\n<p><a href=\"http:\/\/www.filindeblogg.nu\/?attachment_id=48025\" rel=\"attachment wp-att-48025\"><img loading=\"lazy\" class=\"alignnone  wp-image-48025\" title=\"072\" src=\"http:\/\/www.filindeblogg.nu\/wp-content\/uploads\/2013\/06\/072-225x300.jpg\" alt=\"\" width=\"135\" height=\"180\" srcset=\"https:\/\/www.filindeblogg.nu\/wp-content\/uploads\/2013\/06\/072-225x300.jpg 225w, https:\/\/www.filindeblogg.nu\/wp-content\/uploads\/2013\/06\/072.jpg 450w\" sizes=\"(max-width: 135px) 100vw, 135px\" \/><\/a> Tills priserna minskat rej\u00e4lt tar bloggaren fikat hemma! <a href=\"http:\/\/www.filindeblogg.nu\/?attachment_id=48026\" rel=\"attachment wp-att-48026\"><img loading=\"lazy\" class=\"alignnone  wp-image-48026\" title=\"008\" src=\"http:\/\/www.filindeblogg.nu\/wp-content\/uploads\/2013\/06\/0081-300x225.jpg\" alt=\"\" width=\"180\" height=\"135\" srcset=\"https:\/\/www.filindeblogg.nu\/wp-content\/uploads\/2013\/06\/0081-300x225.jpg 300w, https:\/\/www.filindeblogg.nu\/wp-content\/uploads\/2013\/06\/0081.jpg 600w\" sizes=\"(max-width: 180px) 100vw, 180px\" \/><\/a> Hembakat smakar alltid b\u00e4st och den h\u00e4r \u00e5rstiden \u00e4r kaffe och bullar ute p\u00e5 gr\u00e4smattan, i parken eller i skogsgl\u00e4ntan \u00f6verl\u00e4gset caf\u00e9bes\u00f6k om solen skiner!<\/p>\n<p><a href=\"http:\/\/www.filindeblogg.nu\/?attachment_id=48027\" rel=\"attachment wp-att-48027\"><img loading=\"lazy\" class=\"alignnone  wp-image-48027\" title=\"331\" src=\"http:\/\/www.filindeblogg.nu\/wp-content\/uploads\/2013\/06\/331-225x300.jpg\" alt=\"\" width=\"135\" height=\"180\" srcset=\"https:\/\/www.filindeblogg.nu\/wp-content\/uploads\/2013\/06\/331-225x300.jpg 225w, https:\/\/www.filindeblogg.nu\/wp-content\/uploads\/2013\/06\/331.jpg 450w\" sizes=\"(max-width: 135px) 100vw, 135px\" \/><\/a> Doften av kaprifol sl\u00e5r n\u00e4stan allt! \ud83d\ude42 <a href=\"http:\/\/www.filindeblogg.nu\/?attachment_id=48028\" rel=\"attachment wp-att-48028\"><img loading=\"lazy\" class=\"alignnone  wp-image-48028\" title=\"012\" src=\"http:\/\/www.filindeblogg.nu\/wp-content\/uploads\/2013\/06\/0121-300x225.jpg\" alt=\"\" width=\"180\" height=\"135\" srcset=\"https:\/\/www.filindeblogg.nu\/wp-content\/uploads\/2013\/06\/0121-300x225.jpg 300w, https:\/\/www.filindeblogg.nu\/wp-content\/uploads\/2013\/06\/0121.jpg 600w\" sizes=\"(max-width: 180px) 100vw, 180px\" \/><\/a><\/p>\n<p><a href=\"http:\/\/www.filindeblogg.nu\/?attachment_id=48029\" rel=\"attachment wp-att-48029\"><img loading=\"lazy\" class=\"aligncenter size-medium wp-image-48029\" title=\"013\" src=\"http:\/\/www.filindeblogg.nu\/wp-content\/uploads\/2013\/06\/013-225x300.jpg\" alt=\"\" width=\"225\" height=\"300\" srcset=\"https:\/\/www.filindeblogg.nu\/wp-content\/uploads\/2013\/06\/013-225x300.jpg 225w, https:\/\/www.filindeblogg.nu\/wp-content\/uploads\/2013\/06\/013.jpg 450w\" sizes=\"(max-width: 225px) 100vw, 225px\" \/><\/a><\/p>\n<p>P\u00e5 tal om karnevalsyra s\u00e5 kan det blir s\u00e5 yrsligt f\u00f6r en del att det blir plingplingbilen med bl\u00e5ljus som f\u00e5r avsluta &#8221;festligheterna&#8221;. M\u00e4rkligt nog verkar det helt i sin ordning att sj\u00e4lv \u00e4ga en polisbil!! <a href=\"http:\/\/www.filindeblogg.nu\/?attachment_id=48030\" rel=\"attachment wp-att-48030\"><img loading=\"lazy\" class=\"alignnone size-medium wp-image-48030\" title=\"065\" src=\"http:\/\/www.filindeblogg.nu\/wp-content\/uploads\/2013\/06\/0651-225x300.jpg\" alt=\"\" width=\"225\" height=\"300\" srcset=\"https:\/\/www.filindeblogg.nu\/wp-content\/uploads\/2013\/06\/0651-225x300.jpg 225w, https:\/\/www.filindeblogg.nu\/wp-content\/uploads\/2013\/06\/0651.jpg 450w\" sizes=\"(max-width: 225px) 100vw, 225px\" \/><\/a> En &#8221;privat polisbil&#8221; finns till exempel i <strong>V\u00e4stanfors<\/strong> h\u00e4r i <strong>V\u00e4stmanland<\/strong>.<br \/>\nSverige har en del m\u00e4rkliga lagar, m\u00e5 jag s\u00e4ga! Det \u00e4r lagligt att privat k\u00f6ra runt i en polisbil men man f\u00e5r inte agera polis!<\/p>\n<p>Liknande fall i<strong> Eskilstuna<\/strong>! D\u00e4r har en 20-\u00e5ring &#8221;gjort om&#8221; sin Volvo till polisbil: <a href=\"http:\/\/www.filindeblogg.nu\/?attachment_id=48033\" rel=\"attachment wp-att-48033\"><img loading=\"lazy\" class=\"alignnone  wp-image-48033\" title=\"Falsk polisbil\" src=\"http:\/\/www.filindeblogg.nu\/wp-content\/uploads\/2013\/06\/Falsk-polisbil-300x192.jpg\" alt=\"\" width=\"180\" height=\"115\" srcset=\"https:\/\/www.filindeblogg.nu\/wp-content\/uploads\/2013\/06\/Falsk-polisbil-300x192.jpg 300w, https:\/\/www.filindeblogg.nu\/wp-content\/uploads\/2013\/06\/Falsk-polisbil.jpg 468w\" sizes=\"(max-width: 180px) 100vw, 180px\" \/><\/a> (Foto fr\u00e5n Eskilstunakuriren)<\/p>\n<p>Citat ur tidningen: &#8221;<em>Enligt honom \u00e4r det inte sj\u00e4lva innehavet av en falsk polisbil som \u00e4r straffbart. D\u00e4remot att utge sig f\u00f6r att vara polis.<\/em><br \/>\n<em> &#8211; Till exempel \u00e4r det ju inte heller brottsligt att ha p\u00e5 sig en polisuniform och vara ensam hemma p\u00e5 kammaren. Det \u00e4r n\u00e4r man utger sig f\u00f6r att vara polis eller annan myndighetsperson inf\u00f6r andra som det inte \u00e4r till\u00e5tet, s\u00e4ger Dennis Nordberg.&#8221;<br \/>\n<\/em><strong>Dennis Norberg<\/strong> var jourhavande f\u00f6runders\u00f6kningsledare hos S\u00f6rmlandspolisen vid tillf\u00e4llet.<\/p>\n<p>Sk\u00f6t er nu idag s\u00e5 slipper ni \u00e5ka vare sig falsk eller \u00e4kta polisbil!<\/p>\n<p><a href=\"http:\/\/www.filindeblogg.nu\/?attachment_id=48034\" rel=\"attachment wp-att-48034\"><img loading=\"lazy\" class=\"alignnone  wp-image-48034\" title=\"Kalenderblad\" src=\"http:\/\/www.filindeblogg.nu\/wp-content\/uploads\/2013\/06\/Kalenderblad12.jpg\" alt=\"\" width=\"65\" height=\"47\" \/><\/a><strong>Margit<\/strong> och<strong> Margot<\/strong> gratuleras p\u00e5 namnsdagen! Bjud p\u00e5 fikat hemma&#8230; <a href=\"http:\/\/www.filindeblogg.nu\/?attachment_id=48035\" rel=\"attachment wp-att-48035\"><img loading=\"lazy\" class=\"alignnone  wp-image-48035\" title=\"vykort flicka - Kopia\" src=\"http:\/\/www.filindeblogg.nu\/wp-content\/uploads\/2013\/06\/vykort-flicka-Kopia13.jpg\" alt=\"\" width=\"28\" height=\"50\" \/><\/a><\/p>\n<p style=\"text-align: center;\">Njut dagen!<\/p>\n<p><a href=\"http:\/\/www.filindeblogg.nu\/?attachment_id=48036\" rel=\"attachment wp-att-48036\"><img loading=\"lazy\" class=\"aligncenter size-medium wp-image-48036\" title=\"002\" src=\"http:\/\/www.filindeblogg.nu\/wp-content\/uploads\/2013\/06\/0022-300x225.jpg\" alt=\"\" width=\"300\" height=\"225\" srcset=\"https:\/\/www.filindeblogg.nu\/wp-content\/uploads\/2013\/06\/0022-300x225.jpg 300w, https:\/\/www.filindeblogg.nu\/wp-content\/uploads\/2013\/06\/0022.jpg 600w\" sizes=\"(max-width: 300px) 100vw, 300px\" \/><\/a><\/p>\n<p>&nbsp;<\/p>\n","protected":false},"excerpt":{"rendered":"<p>F\u00f6rst ut Arbogakarnevalen! Programmet f\u00f6r dagen! V\u00c4LKOMMEN TILL EN H\u00c4RLIG YRA I ARBOGA! Sen dyra fik! Arboga m\u00e5ste ju n\u00e4stan vara v\u00e4rldsk\u00e4nt f\u00f6r alla sina caf\u00e9er i f\u00f6rh\u00e5llande till inv\u00e5narantal! N\u00e5ja kanske inte &#8211; men m\u00e5nga fikast\u00e4llen finns det! Tyv\u00e4rr verkar konkurrensen inte gjort fikabr\u00f6det till kaffet billigare&#8230;\u00a0 Se h\u00e4r notan fr\u00e5n ig\u00e5r: Bloggaren v\u00e4ljer [&hellip;]<\/p>\n","protected":false},"author":1,"featured_media":0,"comment_status":"open","ping_status":"open","sticky":false,"template":"","format":"standard","meta":[],"categories":[127,115,131,142,100,149,101],"tags":[],"_links":{"self":[{"href":"https:\/\/www.filindeblogg.nu\/index.php?rest_route=\/wp\/v2\/posts\/48018"}],"collection":[{"href":"https:\/\/www.filindeblogg.nu\/index.php?rest_route=\/wp\/v2\/posts"}],"about":[{"href":"https:\/\/www.filindeblogg.nu\/index.php?rest_route=\/wp\/v2\/types\/post"}],"author":[{"embeddable":true,"href":"https:\/\/www.filindeblogg.nu\/index.php?rest_route=\/wp\/v2\/users\/1"}],"replies":[{"embeddable":true,"href":"https:\/\/www.filindeblogg.nu\/index.php?rest_route=%2Fwp%2Fv2%2Fcomments&post=48018"}],"version-history":[{"count":12,"href":"https:\/\/www.filindeblogg.nu\/index.php?rest_route=\/wp\/v2\/posts\/48018\/revisions"}],"predecessor-version":[{"id":48046,"href":"https:\/\/www.filindeblogg.nu\/index.php?rest_route=\/wp\/v2\/posts\/48018\/revisions\/48046"}],"wp:attachment":[{"href":"https:\/\/www.filindeblogg.nu\/index.php?rest_route=%2Fwp%2Fv2%2Fmedia&parent=48018"}],"wp:term":[{"taxonomy":"category","embeddable":true,"href":"https:\/\/www.filindeblogg.nu\/index.php?rest_route=%2Fwp%2Fv2%2Fcategories&post=48018"},{"taxonomy":"post_tag","embeddable":true,"href":"https:\/\/www.filindeblogg.nu\/index.php?rest_route=%2Fwp%2Fv2%2Ftags&post=48018"}],"curies":[{"name":"wp","href":"https:\/\/api.w.org\/{rel}","templated":true}]}}