{"id":47824,"date":"2013-06-10T08:10:20","date_gmt":"2013-06-10T07:10:20","guid":{"rendered":"http:\/\/www.filindeblogg.nu\/?p=47824"},"modified":"2013-06-10T08:10:21","modified_gmt":"2013-06-10T07:10:21","slug":"faglarna-och-annat-intressant-pa-resande-fot","status":"publish","type":"post","link":"https:\/\/www.filindeblogg.nu\/?p=47824","title":{"rendered":"F\u00e5glarna och annat intressant p\u00e5 resande fot"},"content":{"rendered":"<p><a href=\"http:\/\/www.filindeblogg.nu\/?attachment_id=47825\" rel=\"attachment wp-att-47825\"><img loading=\"lazy\" class=\"alignnone  wp-image-47825\" title=\"Strandpromenaden i Varberg fredag kv\u00e4ll 7 juni 2013\" src=\"http:\/\/www.filindeblogg.nu\/wp-content\/uploads\/2013\/06\/Strandpromenaden-i-Varberg-fredag-kv\u00e4ll-7-juni-2013-225x300.jpg\" alt=\"\" width=\"135\" height=\"180\" srcset=\"https:\/\/www.filindeblogg.nu\/wp-content\/uploads\/2013\/06\/Strandpromenaden-i-Varberg-fredag-kv\u00e4ll-7-juni-2013-225x300.jpg 225w, https:\/\/www.filindeblogg.nu\/wp-content\/uploads\/2013\/06\/Strandpromenaden-i-Varberg-fredag-kv\u00e4ll-7-juni-2013-768x1024.jpg 768w, https:\/\/www.filindeblogg.nu\/wp-content\/uploads\/2013\/06\/Strandpromenaden-i-Varberg-fredag-kv\u00e4ll-7-juni-2013.jpg 1536w\" sizes=\"(max-width: 135px) 100vw, 135px\" \/><\/a> Resan forts\u00e4tter men bloggaren stannar kvar en stund i <strong>Hall\u00e4ndska Varberg<\/strong>. <strong>Varberg<\/strong> har vackra solnedg\u00e5ngar i havet. Varberg har inte mycket mygg &#8211; de bl\u00e5ser bort. Varberg har ocks\u00e5 f\u00e5glar&#8230;<a href=\"http:\/\/www.filindeblogg.nu\/?attachment_id=47826\" rel=\"attachment wp-att-47826\"><img loading=\"lazy\" class=\"alignnone size-full wp-image-47826\" title=\"Fiskm\u00e5s\" src=\"http:\/\/www.filindeblogg.nu\/wp-content\/uploads\/2013\/06\/Fiskm\u00e5s.jpg\" alt=\"\" width=\"110\" height=\"87\" \/><\/a><\/p>\n<p>Enligt v\u00e4nnen <strong>Ingrid<\/strong> f\u00e5r man se upp! En korv med br\u00f6d i handen kan snabbt bli ett ensamt br\u00f6d utan korv om m\u00e5sar och trutar f\u00e5r som de vill.<\/p>\n<p><a href=\"http:\/\/www.filindeblogg.nu\/?attachment_id=47827\" rel=\"attachment wp-att-47827\"><img loading=\"lazy\" class=\"alignnone  wp-image-47827\" title=\"189\" src=\"http:\/\/www.filindeblogg.nu\/wp-content\/uploads\/2013\/06\/189-300x225.jpg\" alt=\"\" width=\"180\" height=\"135\" srcset=\"https:\/\/www.filindeblogg.nu\/wp-content\/uploads\/2013\/06\/189-300x225.jpg 300w, https:\/\/www.filindeblogg.nu\/wp-content\/uploads\/2013\/06\/189.jpg 600w\" sizes=\"(max-width: 180px) 100vw, 180px\" \/><\/a> F\u00e5glar &#8211; kretsande runt i skyn h\u00f6gt \u00f6ver <strong>Varbergs f\u00e4stning.<\/strong> En visar mer intresse f\u00f6r dig&#8230; <a href=\"http:\/\/www.filindeblogg.nu\/?attachment_id=47828\" rel=\"attachment wp-att-47828\"><img loading=\"lazy\" class=\"alignnone  wp-image-47828\" title=\"163\" src=\"http:\/\/www.filindeblogg.nu\/wp-content\/uploads\/2013\/06\/163-300x225.jpg\" alt=\"\" width=\"180\" height=\"135\" srcset=\"https:\/\/www.filindeblogg.nu\/wp-content\/uploads\/2013\/06\/163-300x225.jpg 300w, https:\/\/www.filindeblogg.nu\/wp-content\/uploads\/2013\/06\/163.jpg 600w\" sizes=\"(max-width: 180px) 100vw, 180px\" \/><\/a><br \/>\nKommer n\u00e4rmare&#8230; <a href=\"http:\/\/www.filindeblogg.nu\/?attachment_id=47829\" rel=\"attachment wp-att-47829\"><img loading=\"lazy\" class=\"alignnone  wp-image-47829\" title=\"164\" src=\"http:\/\/www.filindeblogg.nu\/wp-content\/uploads\/2013\/06\/164-300x225.jpg\" alt=\"\" width=\"180\" height=\"135\" srcset=\"https:\/\/www.filindeblogg.nu\/wp-content\/uploads\/2013\/06\/164-300x225.jpg 300w, https:\/\/www.filindeblogg.nu\/wp-content\/uploads\/2013\/06\/164.jpg 600w\" sizes=\"(max-width: 180px) 100vw, 180px\" \/><\/a> Tankarna g\u00e5r pl\u00f6tsligt till en speciell film&#8230; <a href=\"http:\/\/www.filindeblogg.nu\/?attachment_id=47830\" rel=\"attachment wp-att-47830\"><img loading=\"lazy\" class=\"alignnone  wp-image-47830\" title=\"faglarna_63\" src=\"http:\/\/www.filindeblogg.nu\/wp-content\/uploads\/2013\/06\/faglarna_63-207x300.jpg\" alt=\"\" width=\"124\" height=\"180\" srcset=\"https:\/\/www.filindeblogg.nu\/wp-content\/uploads\/2013\/06\/faglarna_63-207x300.jpg 207w, https:\/\/www.filindeblogg.nu\/wp-content\/uploads\/2013\/06\/faglarna_63.jpg 339w\" sizes=\"(max-width: 124px) 100vw, 124px\" \/><\/a> &#8230;och vad som h\u00e4nde i den!!\u00a0 <a href=\"http:\/\/www.filindeblogg.nu\/?attachment_id=47831\" rel=\"attachment wp-att-47831\"><img loading=\"lazy\" class=\"alignnone size-medium wp-image-47831\" title=\"the-birds-e1286402759333\" src=\"http:\/\/www.filindeblogg.nu\/wp-content\/uploads\/2013\/06\/the-birds-e1286402759333-300x158.jpg\" alt=\"\" width=\"300\" height=\"158\" srcset=\"https:\/\/www.filindeblogg.nu\/wp-content\/uploads\/2013\/06\/the-birds-e1286402759333-300x158.jpg 300w, https:\/\/www.filindeblogg.nu\/wp-content\/uploads\/2013\/06\/the-birds-e1286402759333.jpg 580w\" sizes=\"(max-width: 300px) 100vw, 300px\" \/><\/a><\/p>\n<p>Nej d\u00e5, bloggaren \u00e4r inte r\u00e4dd f\u00f6r f\u00e5glar alls. Inte i Varberg och inte heller i Arboga trots att en m\u00e5s faktiskt f\u00f6rberedde sig p\u00e5 ett anfall n\u00e4r jag kom cyklande en dag. Den fl\u00f6g i full fart r\u00e4tt mot mig! Det var s\u00e5 att jag t\u00e4nkte:<em> &#8221;- Inte \u00e4r det v\u00e4l mig den har n\u00e5got emot!?&#8221;<\/em> Men det hade den! Den vek undan strax innan krocken och jag uppt\u00e4ckte snart vad aggressiviteten berodde p\u00e5 &#8211; en unge satt h\u00f6gt upp p\u00e5 ett tak alldeles intill. Men n\u00e4r jag lugnt cyklade vidare struntade m\u00e5sf\u00f6r\u00e4ldrarna i mig.<\/p>\n<p>Men det var ju <strong>G\u00f6teborg<\/strong> det skulle handla om idag! D\u00e4r finns det ocks\u00e5 f\u00e5glar! <a href=\"http:\/\/www.filindeblogg.nu\/?attachment_id=47832\" rel=\"attachment wp-att-47832\"><img loading=\"lazy\" class=\"alignnone  wp-image-47832\" title=\"301\" src=\"http:\/\/www.filindeblogg.nu\/wp-content\/uploads\/2013\/06\/301-300x225.jpg\" alt=\"\" width=\"180\" height=\"135\" srcset=\"https:\/\/www.filindeblogg.nu\/wp-content\/uploads\/2013\/06\/301-300x225.jpg 300w, https:\/\/www.filindeblogg.nu\/wp-content\/uploads\/2013\/06\/301.jpg 600w\" sizes=\"(max-width: 180px) 100vw, 180px\" \/><\/a> P\u00e5 <strong>Caf\u00e9 Tintin<\/strong> eller <a href=\"http:\/\/www.ct24.se\/\" target=\"_blank\"><strong>CT24<\/strong> <\/a>som det heter numera kan man ta sig en fika n\u00e4stan alla tider p\u00e5 dygnet. Bloggaren avverkade dubbel frukost d\u00e4r i l\u00f6rdags. <a href=\"http:\/\/www.filindeblogg.nu\/?attachment_id=47833\" rel=\"attachment wp-att-47833\"><img loading=\"lazy\" class=\"alignnone  wp-image-47833\" title=\"299\" src=\"http:\/\/www.filindeblogg.nu\/wp-content\/uploads\/2013\/06\/299-300x225.jpg\" alt=\"\" width=\"180\" height=\"135\" srcset=\"https:\/\/www.filindeblogg.nu\/wp-content\/uploads\/2013\/06\/299-300x225.jpg 300w, https:\/\/www.filindeblogg.nu\/wp-content\/uploads\/2013\/06\/299.jpg 600w\" sizes=\"(max-width: 180px) 100vw, 180px\" \/><\/a> Det gillade f\u00e5glarna&#8230;<\/p>\n<p><a href=\"http:\/\/www.filindeblogg.nu\/?attachment_id=47834\" rel=\"attachment wp-att-47834\"><img loading=\"lazy\" class=\"alignnone  wp-image-47834\" title=\"308\" src=\"http:\/\/www.filindeblogg.nu\/wp-content\/uploads\/2013\/06\/308-225x300.jpg\" alt=\"\" width=\"135\" height=\"180\" srcset=\"https:\/\/www.filindeblogg.nu\/wp-content\/uploads\/2013\/06\/308-225x300.jpg 225w, https:\/\/www.filindeblogg.nu\/wp-content\/uploads\/2013\/06\/308.jpg 450w\" sizes=\"(max-width: 135px) 100vw, 135px\" \/><\/a> Sparvarna var inte lika n\u00e4rg\u00e5ngna som ryktet s\u00e4ger om artfr\u00e4nderna i Varberg men nog passade de p\u00e5 allt! \ud83d\ude42 <a href=\"http:\/\/www.filindeblogg.nu\/?attachment_id=47835\" rel=\"attachment wp-att-47835\"><img loading=\"lazy\" class=\"alignnone size-medium wp-image-47835\" title=\"Sparvar i G\u00f6teborg\" src=\"http:\/\/www.filindeblogg.nu\/wp-content\/uploads\/2013\/06\/Sparvar-i-G\u00f6teborg-225x300.jpg\" alt=\"\" width=\"225\" height=\"300\" srcset=\"https:\/\/www.filindeblogg.nu\/wp-content\/uploads\/2013\/06\/Sparvar-i-G\u00f6teborg-225x300.jpg 225w, https:\/\/www.filindeblogg.nu\/wp-content\/uploads\/2013\/06\/Sparvar-i-G\u00f6teborg.jpg 231w\" sizes=\"(max-width: 225px) 100vw, 225px\" \/><\/a><\/p>\n<p>N\u00e4r sonen anl\u00e4nde blev det promenad till den fantastiska, 137 hektar stora<strong> <\/strong><a href=\"http:\/\/www5.goteborg.se\/prod\/parkochnatur\/dalis2.nsf\/vyPublicerade\/9257AEDAF6BEB00CC125754B0043DABD?OpenDocument\" target=\"_blank\"><strong>Slottsskogen<\/strong><\/a> i G\u00f6teborg! <a href=\"http:\/\/www.filindeblogg.nu\/?attachment_id=47836\" rel=\"attachment wp-att-47836\"><img loading=\"lazy\" class=\"alignnone  wp-image-47836\" title=\"312\" src=\"http:\/\/www.filindeblogg.nu\/wp-content\/uploads\/2013\/06\/312-300x225.jpg\" alt=\"\" width=\"180\" height=\"135\" srcset=\"https:\/\/www.filindeblogg.nu\/wp-content\/uploads\/2013\/06\/312-300x225.jpg 300w, https:\/\/www.filindeblogg.nu\/wp-content\/uploads\/2013\/06\/312.jpg 600w\" sizes=\"(max-width: 180px) 100vw, 180px\" \/><\/a>Vi var sugna p\u00e5 lunch och den intogs i vackra <strong>Villa Belparc<\/strong><strong> <\/strong>intill <strong>Stora Dammen<\/strong>. <a href=\"http:\/\/www.filindeblogg.nu\/?attachment_id=47837\" rel=\"attachment wp-att-47837\"><img loading=\"lazy\" class=\"alignnone  wp-image-47837\" title=\"315\" src=\"http:\/\/www.filindeblogg.nu\/wp-content\/uploads\/2013\/06\/315-225x300.jpg\" alt=\"\" width=\"135\" height=\"180\" srcset=\"https:\/\/www.filindeblogg.nu\/wp-content\/uploads\/2013\/06\/315-225x300.jpg 225w, https:\/\/www.filindeblogg.nu\/wp-content\/uploads\/2013\/06\/315.jpg 450w\" sizes=\"(max-width: 135px) 100vw, 135px\" \/><\/a> Underbar plats och god mat! <a href=\"http:\/\/www.filindeblogg.nu\/?attachment_id=47838\" rel=\"attachment wp-att-47838\"><img loading=\"lazy\" class=\"alignnone  wp-image-47838\" title=\"317\" src=\"http:\/\/www.filindeblogg.nu\/wp-content\/uploads\/2013\/06\/317-225x300.jpg\" alt=\"\" width=\"135\" height=\"180\" srcset=\"https:\/\/www.filindeblogg.nu\/wp-content\/uploads\/2013\/06\/317-225x300.jpg 225w, https:\/\/www.filindeblogg.nu\/wp-content\/uploads\/2013\/06\/317.jpg 450w\" sizes=\"(max-width: 135px) 100vw, 135px\" \/><\/a> Klicka <a href=\"http:\/\/www.villabelparc.se\/\" target=\"_blank\"><strong>H\u00c4R<\/strong><\/a> f\u00f6r att komma till Villa Belparc.<\/p>\n<p>D\u00e4r gav sig ocks\u00e5 f\u00e5glarna till k\u00e4nna! Kanske aningen mer diskret \u00e4n att norpa korven ur br\u00f6det &#8211; men inte l\u00e5ngt ifr\u00e5n&#8230; H\u00e4r \u00e4r det g\u00e4ster som just l\u00e4mnat sitt bord och f\u00f6rmodligen ocks\u00e5 l\u00e4mnat lite rester&#8230; <a href=\"http:\/\/www.filindeblogg.nu\/?attachment_id=47839\" rel=\"attachment wp-att-47839\"><img loading=\"lazy\" class=\"alignnone size-medium wp-image-47839\" title=\"318\" src=\"http:\/\/www.filindeblogg.nu\/wp-content\/uploads\/2013\/06\/318-300x276.jpg\" alt=\"\" width=\"300\" height=\"276\" srcset=\"https:\/\/www.filindeblogg.nu\/wp-content\/uploads\/2013\/06\/318-300x276.jpg 300w, https:\/\/www.filindeblogg.nu\/wp-content\/uploads\/2013\/06\/318.jpg 377w\" sizes=\"(max-width: 300px) 100vw, 300px\" \/><\/a> Servit\u00f6rerna var snabbt p\u00e5 plats och plockade undan disk och rester!<\/p>\n<p>I Slottsskogen fanns ocks\u00e5 de h\u00e4r fantastiska h\u00e4starna! <a href=\"http:\/\/www.filindeblogg.nu\/?attachment_id=47840\" rel=\"attachment wp-att-47840\"><img loading=\"lazy\" class=\"alignnone size-medium wp-image-47840\" title=\"326\" src=\"http:\/\/www.filindeblogg.nu\/wp-content\/uploads\/2013\/06\/326-300x225.jpg\" alt=\"\" width=\"300\" height=\"225\" srcset=\"https:\/\/www.filindeblogg.nu\/wp-content\/uploads\/2013\/06\/326-300x225.jpg 300w, https:\/\/www.filindeblogg.nu\/wp-content\/uploads\/2013\/06\/326.jpg 600w\" sizes=\"(max-width: 300px) 100vw, 300px\" \/><\/a> Konstverken \u00e4r gjorda i siluett i en sorts pl\u00e5t och visar vildh\u00e4star. 10 olika skulpturer finns p\u00e5 plats och konstn\u00e4ren heter<strong> Per Josephson<\/strong>.<\/p>\n<p><a href=\"http:\/\/www.filindeblogg.nu\/?attachment_id=47841\" rel=\"attachment wp-att-47841\"><img loading=\"lazy\" class=\"alignnone  wp-image-47841\" title=\"327\" src=\"http:\/\/www.filindeblogg.nu\/wp-content\/uploads\/2013\/06\/327-225x300.jpg\" alt=\"\" width=\"135\" height=\"180\" srcset=\"https:\/\/www.filindeblogg.nu\/wp-content\/uploads\/2013\/06\/327-225x300.jpg 225w, https:\/\/www.filindeblogg.nu\/wp-content\/uploads\/2013\/06\/327.jpg 450w\" sizes=\"(max-width: 135px) 100vw, 135px\" \/><\/a> S\u00e5 h\u00e4r s\u00e4ger Per Josephson om vildh\u00e4starna p\u00e5 <strong>G\u00f6teborgs stads hemsida<\/strong>, citat:<\/p>\n<p><em>&#8221;- Idag har vildh\u00e4stens existens n\u00e4stintill utraderats. Det fria t\u00e4nkandet, den spontana irrf\u00e4rden, att r\u00f6ra sig med vinden har ramats in och slutits. De stora f\u00e4lten, de o\u00e4ndliga vidderna d\u00e4r tankarna r\u00f6r sig obehindrat krymper. H\u00e4sten har alltid haft en central position i konsten. Dels f\u00f6r de proportionerliga volymerna och r\u00f6relsen, men \u00e4ven f\u00f6r m\u00e4nniskans behov av f\u00f6rstr\u00f6else.&#8221;<\/em><\/p>\n<p>L\u00e4s mer <a href=\"http:\/\/goteborg.se\/wps\/portal\/press-media\/pressmeddelanden\/pressmeddelande\/pressmeddelanden\/ac8a4637-2a04-406b-a9e6-7526a262fb4b\/!ut\/p\/b1\/hZBJkqpAAETP0gegqQEQltBFyyCoUBTDhgBEZVSEBvT07T9Ax89dRuTi5eMTPuY2UFRERZIQH_FJn83VJZuqW5-1_3oipUgDR1mDKtizgw7MnS0g38NofxT4kI_qYtXIaF50Pb-CDdHNuKY_81E1BnIixTLH1dJez5MhLG0xjxHO7ADCk7FtxEwmMlWedrEXuM3RHDOobuAcOCwfBjOzUBcu-7NV9oamjWfveWXjXZh6uVzOTkCl6D41tvGwFFbe7S-YohBymIqHUCTdGzx-g4M_ooL__Yrfg82fg7cpykdASP36eTdfzcurwepMzQU41EHwxWyXEM-l-uIrljvpCwSvALvU2rnEfPnN-PRPu8OJeYGmapH7eBq8xSdV3n0uRfcJPjFEgggVCJCgYKAIPKtjSXxLXnTdT9chqhklnbSvroTrQzkwKy6xleZAsKbfhuHa3hXiHU7lTXJ-ylpVjdeBlJQU6Hi5qS33ffkWLbtQzdJJnVsT65Vn57thRuwKT4A2ALd48uB8_8pl3fUe8bYwhdQLPF9dVgmicm0q6avVOqc1xtrEeQyR9UDJg7FU7p1kO5ZDtuK9x7YzlxOu682QaAEMz00QbNa2pdiWbGkGVJbxKqky09wd-OBd49aVfJc8nlzG5Yv68fEL9PARlg!!\/dl4\/d5\/L2dBISEvZ0FBIS9nQSEh\/\" target=\"_blank\"><strong>H\u00c4R<\/strong><\/a> p\u00e5 G\u00f6teborgs stads hemsida. Klicka <a href=\"http:\/\/shop.perjosephson.se\/\" target=\"_blank\"><strong>H\u00c4R<\/strong><\/a> f\u00f6r att komma till Per Josephson! Du kan best\u00e4lla en egen vildh\u00e4st d\u00e4r om du vill!<\/p>\n<p><a href=\"http:\/\/www.filindeblogg.nu\/?attachment_id=47842\" rel=\"attachment wp-att-47842\"><img loading=\"lazy\" class=\"alignnone  wp-image-47842\" title=\"306\" src=\"http:\/\/www.filindeblogg.nu\/wp-content\/uploads\/2013\/06\/306-300x225.jpg\" alt=\"\" width=\"180\" height=\"135\" srcset=\"https:\/\/www.filindeblogg.nu\/wp-content\/uploads\/2013\/06\/306-300x225.jpg 300w, https:\/\/www.filindeblogg.nu\/wp-content\/uploads\/2013\/06\/306.jpg 600w\" sizes=\"(max-width: 180px) 100vw, 180px\" \/><\/a> Rhododendron intill Caf\u00e9 CT24 f\u00e5r avsluta resan till G\u00f6teborg.<\/p>\n<p><a href=\"http:\/\/www.filindeblogg.nu\/?attachment_id=47843\" rel=\"attachment wp-att-47843\"><img loading=\"lazy\" class=\"alignnone  wp-image-47843\" title=\"Kalenderblad\" src=\"http:\/\/www.filindeblogg.nu\/wp-content\/uploads\/2013\/06\/Kalenderblad7.jpg\" alt=\"\" width=\"109\" height=\"79\" \/><\/a>Hurra f\u00f6r <strong>Svante<\/strong> och <strong>Boris<\/strong> som har namnsdag idag! <a href=\"http:\/\/www.filindeblogg.nu\/?attachment_id=47844\" rel=\"attachment wp-att-47844\"><img loading=\"lazy\" class=\"alignnone  wp-image-47844\" title=\"vykort flicka - Kopia\" src=\"http:\/\/www.filindeblogg.nu\/wp-content\/uploads\/2013\/06\/vykort-flicka-Kopia8.jpg\" alt=\"\" width=\"47\" height=\"83\" \/><\/a><\/p>\n<p style=\"text-align: center;\">Vi ses imorgon igen!<\/p>\n<p><a href=\"http:\/\/www.filindeblogg.nu\/?attachment_id=47845\" rel=\"attachment wp-att-47845\"><img loading=\"lazy\" class=\"aligncenter size-medium wp-image-47845\" title=\"333\" src=\"http:\/\/www.filindeblogg.nu\/wp-content\/uploads\/2013\/06\/333-225x300.jpg\" alt=\"\" width=\"225\" height=\"300\" srcset=\"https:\/\/www.filindeblogg.nu\/wp-content\/uploads\/2013\/06\/333-225x300.jpg 225w, https:\/\/www.filindeblogg.nu\/wp-content\/uploads\/2013\/06\/333.jpg 450w\" sizes=\"(max-width: 225px) 100vw, 225px\" \/><\/a><\/p>\n<p>&nbsp;<\/p>\n","protected":false},"excerpt":{"rendered":"<p>Resan forts\u00e4tter men bloggaren stannar kvar en stund i Hall\u00e4ndska Varberg. Varberg har vackra solnedg\u00e5ngar i havet. Varberg har inte mycket mygg &#8211; de bl\u00e5ser bort. Varberg har ocks\u00e5 f\u00e5glar&#8230; Enligt v\u00e4nnen Ingrid f\u00e5r man se upp! En korv med br\u00f6d i handen kan snabbt bli ett ensamt br\u00f6d utan korv om m\u00e5sar och trutar [&hellip;]<\/p>\n","protected":false},"author":1,"featured_media":0,"comment_status":"open","ping_status":"open","sticky":false,"template":"","format":"standard","meta":[],"categories":[126,100,158,149,141,101],"tags":[],"_links":{"self":[{"href":"https:\/\/www.filindeblogg.nu\/index.php?rest_route=\/wp\/v2\/posts\/47824"}],"collection":[{"href":"https:\/\/www.filindeblogg.nu\/index.php?rest_route=\/wp\/v2\/posts"}],"about":[{"href":"https:\/\/www.filindeblogg.nu\/index.php?rest_route=\/wp\/v2\/types\/post"}],"author":[{"embeddable":true,"href":"https:\/\/www.filindeblogg.nu\/index.php?rest_route=\/wp\/v2\/users\/1"}],"replies":[{"embeddable":true,"href":"https:\/\/www.filindeblogg.nu\/index.php?rest_route=%2Fwp%2Fv2%2Fcomments&post=47824"}],"version-history":[{"count":40,"href":"https:\/\/www.filindeblogg.nu\/index.php?rest_route=\/wp\/v2\/posts\/47824\/revisions"}],"predecessor-version":[{"id":47885,"href":"https:\/\/www.filindeblogg.nu\/index.php?rest_route=\/wp\/v2\/posts\/47824\/revisions\/47885"}],"wp:attachment":[{"href":"https:\/\/www.filindeblogg.nu\/index.php?rest_route=%2Fwp%2Fv2%2Fmedia&parent=47824"}],"wp:term":[{"taxonomy":"category","embeddable":true,"href":"https:\/\/www.filindeblogg.nu\/index.php?rest_route=%2Fwp%2Fv2%2Fcategories&post=47824"},{"taxonomy":"post_tag","embeddable":true,"href":"https:\/\/www.filindeblogg.nu\/index.php?rest_route=%2Fwp%2Fv2%2Ftags&post=47824"}],"curies":[{"name":"wp","href":"https:\/\/api.w.org\/{rel}","templated":true}]}}