{"id":47672,"date":"2013-06-07T08:03:42","date_gmt":"2013-06-07T07:03:42","guid":{"rendered":"http:\/\/www.filindeblogg.nu\/?p=47672"},"modified":"2013-06-07T08:03:46","modified_gmt":"2013-06-07T07:03:46","slug":"vad-tar-man-med-pa-resa","status":"publish","type":"post","link":"https:\/\/www.filindeblogg.nu\/?p=47672","title":{"rendered":"Vad tar man med p\u00e5 resa?"},"content":{"rendered":"<p><a href=\"http:\/\/www.filindeblogg.nu\/?attachment_id=47674\" rel=\"attachment wp-att-47674\"><img loading=\"lazy\" class=\"alignnone size-full wp-image-47674\" title=\"Resv\u00e4ska\" src=\"http:\/\/www.filindeblogg.nu\/wp-content\/uploads\/2013\/06\/Resv\u00e4ska.jpg\" alt=\"\" width=\"121\" height=\"92\" \/><\/a>Vad tar du med dig p\u00e5 resan?<\/p>\n<p>Kl\u00e4der, tandborste och annat n\u00f6dv\u00e4ndigt f\u00f6rst\u00e5s.\u00a0 Det kan l\u00e4tt bli \u00f6verfullt i v\u00e4skan&#8230; <a href=\"http:\/\/www.filindeblogg.nu\/?attachment_id=47676\" rel=\"attachment wp-att-47676\"><img loading=\"lazy\" class=\"alignnone size-full wp-image-47676\" title=\"Resv\u00e4ska \u00f6verfull\" src=\"http:\/\/www.filindeblogg.nu\/wp-content\/uploads\/2013\/06\/Resv\u00e4ska-\u00f6verfull.jpg\" alt=\"\" width=\"150\" height=\"113\" \/><\/a><\/p>\n<p>\u00c4r du som bloggaren &#8211; intresserad av fotografering &#8211; ta inte med bara kameran utan ocks\u00e5 den h\u00e4r boken som reselektyr: <a href=\"http:\/\/www.filindeblogg.nu\/?attachment_id=47675\" rel=\"attachment wp-att-47675\"><img loading=\"lazy\" class=\"alignnone  wp-image-47675\" title=\"085\" src=\"http:\/\/www.filindeblogg.nu\/wp-content\/uploads\/2013\/06\/0851-225x300.jpg\" alt=\"\" width=\"135\" height=\"180\" srcset=\"https:\/\/www.filindeblogg.nu\/wp-content\/uploads\/2013\/06\/0851-225x300.jpg 225w, https:\/\/www.filindeblogg.nu\/wp-content\/uploads\/2013\/06\/0851.jpg 450w\" sizes=\"(max-width: 135px) 100vw, 135px\" \/><\/a><\/p>\n<p><strong><em>&#8221;B\u00e4ttre bilder\/Grunderna&#8221; <\/em><\/strong>&#8211; den kan nog bloggaren beh\u00f6va! Vill du ocks\u00e5 f\u00f6rb\u00e4ttra dina fotokunskaper &#8211; k\u00f6p boken! Den finns bland annat p\u00e5 <a href=\"http:\/\/www.bokus.com\/bok\/9789197726054\/battre-bilder-grunderna\/\" target=\"_blank\"><strong>Bokus<\/strong><\/a>. <a href=\"http:\/\/www.filindeblogg.nu\/?attachment_id=47678\" rel=\"attachment wp-att-47678\"><img loading=\"lazy\" class=\"alignnone  wp-image-47678\" title=\"Bokmalen\" src=\"http:\/\/www.filindeblogg.nu\/wp-content\/uploads\/2013\/06\/Bokmalen.jpg\" alt=\"\" width=\"68\" height=\"47\" \/><\/a><br \/>\nBoken \u00e4r liten, mjuk och smidig. F\u00e5r l\u00e4tt plats tillsammans med kameran i det mest \u00f6verfulla bagage! \ud83d\ude42<\/p>\n<p style=\"text-align: center;\"><a href=\"http:\/\/www.filindeblogg.nu\/?attachment_id=47677\" rel=\"attachment wp-att-47677\"><img loading=\"lazy\" class=\"aligncenter  wp-image-47677\" title=\"032\" src=\"http:\/\/www.filindeblogg.nu\/wp-content\/uploads\/2013\/06\/0322-300x225.jpg\" alt=\"\" width=\"180\" height=\"135\" srcset=\"https:\/\/www.filindeblogg.nu\/wp-content\/uploads\/2013\/06\/0322-300x225.jpg 300w, https:\/\/www.filindeblogg.nu\/wp-content\/uploads\/2013\/06\/0322.jpg 600w\" sizes=\"(max-width: 180px) 100vw, 180px\" \/><\/a><\/p>\n<p style=\"text-align: left;\"><a href=\"http:\/\/www.filindeblogg.nu\/?attachment_id=47681\" rel=\"attachment wp-att-47681\"><img loading=\"lazy\" class=\"alignnone  wp-image-47681\" title=\"Kalenderblad\" src=\"http:\/\/www.filindeblogg.nu\/wp-content\/uploads\/2013\/06\/Kalenderblad3.jpg\" alt=\"\" width=\"109\" height=\"79\" \/><\/a><strong>Grattis Robert och Robin p\u00e5 namnsdagen!<\/strong> <a href=\"http:\/\/www.filindeblogg.nu\/?attachment_id=47682\" rel=\"attachment wp-att-47682\"><img loading=\"lazy\" class=\"alignnone  wp-image-47682\" title=\"vykort flicka - Kopia\" src=\"http:\/\/www.filindeblogg.nu\/wp-content\/uploads\/2013\/06\/vykort-flicka-Kopia4.jpg\" alt=\"\" width=\"47\" height=\"83\" \/><\/a><\/p>\n<p style=\"text-align: left;\"><a href=\"http:\/\/www.filindeblogg.nu\/?attachment_id=47683\" rel=\"attachment wp-att-47683\"><img loading=\"lazy\" class=\"aligncenter size-medium wp-image-47683\" title=\"045\" src=\"http:\/\/www.filindeblogg.nu\/wp-content\/uploads\/2013\/06\/045-300x225.jpg\" alt=\"\" width=\"300\" height=\"225\" srcset=\"https:\/\/www.filindeblogg.nu\/wp-content\/uploads\/2013\/06\/045-300x225.jpg 300w, https:\/\/www.filindeblogg.nu\/wp-content\/uploads\/2013\/06\/045.jpg 600w\" sizes=\"(max-width: 300px) 100vw, 300px\" \/><\/a><\/p>\n<p>&nbsp;<\/p>\n","protected":false},"excerpt":{"rendered":"<p>Vad tar du med dig p\u00e5 resan? Kl\u00e4der, tandborste och annat n\u00f6dv\u00e4ndigt f\u00f6rst\u00e5s.\u00a0 Det kan l\u00e4tt bli \u00f6verfullt i v\u00e4skan&#8230; \u00c4r du som bloggaren &#8211; intresserad av fotografering &#8211; ta inte med bara kameran utan ocks\u00e5 den h\u00e4r boken som reselektyr: &#8221;B\u00e4ttre bilder\/Grunderna&#8221; &#8211; den kan nog bloggaren beh\u00f6va! Vill du ocks\u00e5 f\u00f6rb\u00e4ttra dina fotokunskaper [&hellip;]<\/p>\n","protected":false},"author":1,"featured_media":0,"comment_status":"open","ping_status":"open","sticky":false,"template":"","format":"standard","meta":[],"categories":[1,100,149,141,101],"tags":[],"_links":{"self":[{"href":"https:\/\/www.filindeblogg.nu\/index.php?rest_route=\/wp\/v2\/posts\/47672"}],"collection":[{"href":"https:\/\/www.filindeblogg.nu\/index.php?rest_route=\/wp\/v2\/posts"}],"about":[{"href":"https:\/\/www.filindeblogg.nu\/index.php?rest_route=\/wp\/v2\/types\/post"}],"author":[{"embeddable":true,"href":"https:\/\/www.filindeblogg.nu\/index.php?rest_route=\/wp\/v2\/users\/1"}],"replies":[{"embeddable":true,"href":"https:\/\/www.filindeblogg.nu\/index.php?rest_route=%2Fwp%2Fv2%2Fcomments&post=47672"}],"version-history":[{"count":18,"href":"https:\/\/www.filindeblogg.nu\/index.php?rest_route=\/wp\/v2\/posts\/47672\/revisions"}],"predecessor-version":[{"id":47753,"href":"https:\/\/www.filindeblogg.nu\/index.php?rest_route=\/wp\/v2\/posts\/47672\/revisions\/47753"}],"wp:attachment":[{"href":"https:\/\/www.filindeblogg.nu\/index.php?rest_route=%2Fwp%2Fv2%2Fmedia&parent=47672"}],"wp:term":[{"taxonomy":"category","embeddable":true,"href":"https:\/\/www.filindeblogg.nu\/index.php?rest_route=%2Fwp%2Fv2%2Fcategories&post=47672"},{"taxonomy":"post_tag","embeddable":true,"href":"https:\/\/www.filindeblogg.nu\/index.php?rest_route=%2Fwp%2Fv2%2Ftags&post=47672"}],"curies":[{"name":"wp","href":"https:\/\/api.w.org\/{rel}","templated":true}]}}