{"id":4713,"date":"2009-02-23T11:52:14","date_gmt":"2009-02-23T10:52:14","guid":{"rendered":"http:\/\/www.filindeblogg.nu\/?p=4713"},"modified":"2009-04-20T11:32:37","modified_gmt":"2009-04-20T10:32:37","slug":"tidigt-strovtag-en-mandagsmorgon","status":"publish","type":"post","link":"https:\/\/www.filindeblogg.nu\/?p=4713","title":{"rendered":"Tidigt str\u00f6vt\u00e5g en m\u00e5ndagsmorgon"},"content":{"rendered":"<p><img loading=\"lazy\" class=\"alignnone size-medium wp-image-4714\" title=\"morgonpromenad-23-febr-09\" src=\"http:\/\/www.filindeblogg.nu\/wp-content\/uploads\/2009\/02\/morgonpromenad-23-febr-09-300x225.jpg\" alt=\"morgonpromenad-23-febr-09\" width=\"300\" height=\"225\" srcset=\"https:\/\/www.filindeblogg.nu\/wp-content\/uploads\/2009\/02\/morgonpromenad-23-febr-09-300x225.jpg 300w, https:\/\/www.filindeblogg.nu\/wp-content\/uploads\/2009\/02\/morgonpromenad-23-febr-09.jpg 640w\" sizes=\"(max-width: 300px) 100vw, 300px\" \/>Har man oro i sj\u00e4len \u00e4r det sk\u00f6nt med en promenad. Oavsett v\u00e4der och vind, oavsett tid p\u00e5 dygnet. Strax efter 7 imorse inledde jag mitt str\u00f6vt\u00e5g genom <strong>Arboga<\/strong>. Det var redan ganska ljust, gryning &#8211; jag hade helst velat komma iv\u00e4g \u00e4nnu tidigare.<\/p>\n<p>Arboga var folktomt. Kanske n\u00e5gra firar sportlov medan andra dr\u00f6jer kvar en stund i s\u00e4ngen innan avf\u00e4rd till jobbet. <img loading=\"lazy\" class=\"alignnone size-thumbnail wp-image-4715\" title=\"morg-prom-2\" src=\"http:\/\/www.filindeblogg.nu\/wp-content\/uploads\/2009\/02\/morg-prom-2-150x150.jpg\" alt=\"morg-prom-2\" width=\"150\" height=\"150\" \/> V\u00e4ldigt lite folk men ganska mycket sn\u00f6.<br \/>\nKommunfolket h\u00e4ver upp sn\u00f6massorna d\u00e4r det finns plats, verkar det.<br \/>\n<img loading=\"lazy\" class=\"alignnone size-thumbnail wp-image-4716\" title=\"morg-prom-3\" src=\"http:\/\/www.filindeblogg.nu\/wp-content\/uploads\/2009\/02\/morg-prom-3-150x150.jpg\" alt=\"morg-prom-3\" width=\"150\" height=\"150\" \/> Stora sn\u00f6h\u00f6gar p\u00e5 <strong>Nygatans g\u00e5gata<\/strong>&#8230;<br \/>\n<img loading=\"lazy\" class=\"alignnone size-thumbnail wp-image-4717\" title=\"morg-prom-4\" src=\"http:\/\/www.filindeblogg.nu\/wp-content\/uploads\/2009\/02\/morg-prom-4-150x150.jpg\" alt=\"morg-prom-4\" width=\"150\" height=\"150\" \/>&#8230;och en j\u00e4tteh\u00f6g mitt p\u00e5 <strong>Nytorget<\/strong>. Det \u00e4r knappt man ser varuhusen bakom. Kanske lika bra det. F d Hemk\u00f6p gapar ju lika tomt som alltid. Nyligen gladde sig kommunalr\u00e5det i lokaltidningen \u00f6ver att den nya \u00e4garen \u00e4r &#8221;lokal&#8221;. Sj\u00e4lv \u00e4r jag inte helt s\u00e4ker p\u00e5 att lokala f\u00f6rm\u00e5gor fixar det j\u00e4ttarna inte klarar. Hemk\u00f6p la ju ner och ICA \u00e4r inte intresserade.<\/p>\n<p>Jag vek av mot J\u00e4rntorgsgatan och fortsatte in p\u00e5 Smedjegatan. D\u00e4r uppt\u00e4ckte jag att n\u00e5gon haft &#8221;kul&#8221; i helgen och krossat d\u00f6rren p\u00e5 <strong>Ryds Damekipering<\/strong>&#8230; \ud83d\ude41 <img loading=\"lazy\" class=\"alignnone size-thumbnail wp-image-4718\" title=\"ryds\" src=\"http:\/\/www.filindeblogg.nu\/wp-content\/uploads\/2009\/02\/ryds-150x150.jpg\" alt=\"ryds\" width=\"150\" height=\"150\" \/> Hoppas att inget blev stulet hos <strong>Inga-Britt Ryd<\/strong>. Jag hoppas att Arbogaborna f\u00f6rst\u00e5r att uppskatta n\u00e4mnda Inga-Britt och hennes k\u00e4nsla f\u00f6r mode. Hon har inte de billigaste kl\u00e4derna men vill du ha n\u00e5got extra, kanske lite exklusivt &#8211; b\u00f6r du g\u00f6ra ett bes\u00f6k i hennes aff\u00e4r. Hon har mycket bra smak och kan tala om direkt f\u00f6r dig vad som passar din stil och dina f\u00e4rger. Jag vet att hon har m\u00e5nga, trogna kunder som reser l\u00e5ngav\u00e4ga ifr\u00e5n f\u00f6r att hitta det d\u00e4r r\u00e4tta.<\/p>\n<p><img loading=\"lazy\" class=\"alignnone size-thumbnail wp-image-4719\" title=\"sma-goda-ting\" src=\"http:\/\/www.filindeblogg.nu\/wp-content\/uploads\/2009\/02\/sma-goda-ting-150x150.jpg\" alt=\"sma-goda-ting\" width=\"150\" height=\"150\" \/>P\u00e5 <strong>Stora Torget <\/strong>ligger bl.a. aff\u00e4ren <strong>&#8221;Sm\u00e5 goda ting&#8221;<\/strong>. Att titta i de h\u00e4rliga skyltf\u00f6nstren f\u00e5r det att bubbla i en av inspiration! S\u00e5 m\u00e5nga vackra och h\u00e4rliga saker.<\/p>\n<p>Vidare p\u00e5 <strong>Smedjegatan<\/strong>, f\u00f6rbi <strong>Sturegruppens<\/strong> lokaler. Mitt emot <strong>Engelbrektsskolan<\/strong> tog jag denna bild p\u00e5 hus utefter <strong>V\u00e4sterl\u00e5nggatan<\/strong>:<br \/>\n<img loading=\"lazy\" class=\"alignnone size-medium wp-image-4720\" title=\"vasterlanggatanhus\" src=\"http:\/\/www.filindeblogg.nu\/wp-content\/uploads\/2009\/02\/vasterlanggatanhus-300x168.jpg\" alt=\"vasterlanggatanhus\" width=\"300\" height=\"168\" srcset=\"https:\/\/www.filindeblogg.nu\/wp-content\/uploads\/2009\/02\/vasterlanggatanhus-300x168.jpg 300w, https:\/\/www.filindeblogg.nu\/wp-content\/uploads\/2009\/02\/vasterlanggatanhus.jpg 640w\" sizes=\"(max-width: 300px) 100vw, 300px\" \/><\/p>\n<p>Tog en sv\u00e4ng f\u00f6rbi &#8221;sm\u00e5ttingarna&#8221;. Det \u00e4r s\u00e5 rofyllt att vandra p\u00e5 kyrkog\u00e5rden. Jag har aldrig f\u00f6rst\u00e5tt det skr\u00e4mmande med kyrkog\u00e5rdar. Tv\u00e4rtom \u00e4r dessa platser ofta stilla och rofyllda.<\/p>\n<p>Ljusen brinner alltid hos<strong> Max och Saga<\/strong>. <img loading=\"lazy\" class=\"alignnone size-thumbnail wp-image-4721\" title=\"graven-alltid-ljus\" src=\"http:\/\/www.filindeblogg.nu\/wp-content\/uploads\/2009\/02\/graven-alltid-ljus-150x150.jpg\" alt=\"graven-alltid-ljus\" width=\"150\" height=\"150\" \/> M\u00e5nga frusna blommor, nallar och prydnadssaker.<br \/>\nEn gr\u00e5tande ros f\u00e5ngade jag p\u00e5 bild. Dess t\u00e5r har frusit till is&#8230;<img loading=\"lazy\" class=\"alignnone size-thumbnail wp-image-4723\" title=\"gratande-ros\" src=\"http:\/\/www.filindeblogg.nu\/wp-content\/uploads\/2009\/02\/gratande-ros-150x150.jpg\" alt=\"gratande-ros\" width=\"150\" height=\"150\" \/><\/p>\n<p>N\u00e4r jag gick d\u00e4rifr\u00e5n l\u00e5g en gren p\u00e5 g\u00e5ngstigen: <img loading=\"lazy\" class=\"alignnone size-thumbnail wp-image-4722\" title=\"grenen-pa-kyrkogarden\" src=\"http:\/\/www.filindeblogg.nu\/wp-content\/uploads\/2009\/02\/grenen-pa-kyrkogarden-150x150.jpg\" alt=\"grenen-pa-kyrkogarden\" width=\"150\" height=\"150\" \/> \u00c5ter k\u00e4ndes det som ett tecken, en symbol. Jag fick k\u00e4nslan av att grenen stoppade mig.<em> &#8221;-G\u00e5 inte! Gl\u00f6m oss inte!&#8221; <\/em>Och de mindre sm\u00e5 grenarna s\u00e5g jag som utstr\u00e4ckta sm\u00e5 armar som ville h\u00e5lla kvar.<br \/>\nJag log f\u00f6r mig sj\u00e4lv, viskade till barnen: <em>&#8221;-Ni kommer aldrig n\u00e5gonsin att gl\u00f6mmas. Aldrig n\u00e5gonsin&#8221;<\/em>. S\u00e5 tog jag grenen f\u00f6rsiktigt och la den i den mjuka sn\u00f6n intill stigen.<\/p>\n<p>Fr\u00e5n <strong>V\u00e4sterleden<\/strong> tog jag denna bild: <img loading=\"lazy\" class=\"alignnone size-full wp-image-4724\" title=\"gratt-arboga-23-febr-09\" src=\"http:\/\/www.filindeblogg.nu\/wp-content\/uploads\/2009\/02\/gratt-arboga-23-febr-09.jpg\" alt=\"gratt-arboga-23-febr-09\" width=\"512\" height=\"384\" srcset=\"https:\/\/www.filindeblogg.nu\/wp-content\/uploads\/2009\/02\/gratt-arboga-23-febr-09.jpg 640w, https:\/\/www.filindeblogg.nu\/wp-content\/uploads\/2009\/02\/gratt-arboga-23-febr-09-300x225.jpg 300w\" sizes=\"(max-width: 512px) 100vw, 512px\" \/><\/p>\n<p>Eftersom mj\u00f6lken var slut hemma och jag var f\u00f6r tidigt ute f\u00f6r ett bes\u00f6k p\u00e5 Konsum, promerade jag till <strong>Bensingatan<\/strong>. P\u00e5 OK\/Q8 fick jag b\u00e5de mj\u00f6lk och en trevlig pratstund med <strong>Monica<\/strong> i kassan. Hon ber\u00e4ttade om mer skadeg\u00f6relse i Arboga i helgen. Inbrott i k\u00e4llaren i hyreshusen l\u00e4ngst ner p\u00e5 <strong>Borgaregatan<\/strong>. Trist att folk m\u00e5ste f\u00f6rst\u00f6ra och inte kan f\u00f6rst\u00e5 vad som \u00e4r mitt och ditt.<\/p>\n<p>Hemma igen satte jag ig\u00e5ng bullbaket! Det var till det jag skulle ha mj\u00f6lken! Medan degen j\u00e4ste passade jag p\u00e5 att boka biljetter! Det g\u00e5r ju s\u00e5 snabbt och smidigt numera via <strong>&#8221;ticketFast&#8221;!<\/strong><br \/>\n<img loading=\"lazy\" class=\"alignnone size-thumbnail wp-image-4725\" title=\"biljetter-till-pink-fixat\" src=\"http:\/\/www.filindeblogg.nu\/wp-content\/uploads\/2009\/02\/biljetter-till-pink-fixat-150x150.jpg\" alt=\"biljetter-till-pink-fixat\" width=\"150\" height=\"150\" \/>Via <a href=\"http:\/\/www.ticnet.se\/html\/home.htmI\"><strong>ticnet<\/strong><\/a> och min skrivare hade jag snart biljetterna fixade till P!nk p\u00e5 Hovet den 10 november! \u00c4r det fler som t\u00e4nker kolla in P!nk och lyssna p\u00e5 &#8221;So what&#8221; m fl l\u00e5tar &#8211; g\u00e5 in p\u00e5 ticnet snarast! Biljetterna sl\u00e4pptes idag! <a href=\"http:\/\/www1.ticnet.se\/PriceTable?l=SE&amp;EVNT=GLO458HOV11101&amp;CL_ORIGIN=\"><strong>H\u00c4R<\/strong><\/a> kommer du direkt till biljettbokningen f\u00f6r P!nk.<\/p>\n<p>Bullbaket \u00e4r klart! Se resultatet!<\/p>\n<p><img loading=\"lazy\" class=\"alignnone size-medium wp-image-4726\" title=\"lovisas-korg-med-bullar\" src=\"http:\/\/www.filindeblogg.nu\/wp-content\/uploads\/2009\/02\/lovisas-korg-med-bullar-300x242.jpg\" alt=\"lovisas-korg-med-bullar\" width=\"300\" height=\"242\" srcset=\"https:\/\/www.filindeblogg.nu\/wp-content\/uploads\/2009\/02\/lovisas-korg-med-bullar-300x242.jpg 300w, https:\/\/www.filindeblogg.nu\/wp-content\/uploads\/2009\/02\/lovisas-korg-med-bullar.jpg 594w\" sizes=\"(max-width: 300px) 100vw, 300px\" \/>Dotterns korg med bullar!<\/p>\n<p>Och mina! <img loading=\"lazy\" class=\"alignnone size-medium wp-image-4727\" title=\"fodelsedagsbullar-i-fin-form\" src=\"http:\/\/www.filindeblogg.nu\/wp-content\/uploads\/2009\/02\/fodelsedagsbullar-i-fin-form-300x225.jpg\" alt=\"fodelsedagsbullar-i-fin-form\" width=\"300\" height=\"225\" srcset=\"https:\/\/www.filindeblogg.nu\/wp-content\/uploads\/2009\/02\/fodelsedagsbullar-i-fin-form-300x225.jpg 300w, https:\/\/www.filindeblogg.nu\/wp-content\/uploads\/2009\/02\/fodelsedagsbullar-i-fin-form.jpg 640w\" sizes=\"(max-width: 300px) 100vw, 300px\" \/>Extra l\u00e4ckra kanelbullar i extra l\u00e4ckra bullformar! Ska frysas in till dotterns f\u00f6delsedag i mars!<br \/>\nVisst \u00e4r pappersformarna vackra! Rosa och svarta med blommor! Fick dom i julklapp av \u00e4ldste sonens ex-flickv\u00e4n <strong>Johanna<\/strong>!<\/p>\n<p>Slutligen VECKANS VISDOMSORD!<span style=\"color: #3366ff;\"><em><strong><\/strong><\/em><\/span><\/p>\n<p style=\"text-align: center;\"><span style=\"color: #3366ff;\"><em><strong> P\u00c5 TIDENS VINGAR FLYGER SORGEN BORT.(La Fontaine)<\/strong><\/em><\/span><\/p>\n","protected":false},"excerpt":{"rendered":"<p>Har man oro i sj\u00e4len \u00e4r det sk\u00f6nt med en promenad. Oavsett v\u00e4der och vind, oavsett tid p\u00e5 dygnet. Strax efter 7 imorse inledde jag mitt str\u00f6vt\u00e5g genom Arboga. Det var redan ganska ljust, gryning &#8211; jag hade helst velat komma iv\u00e4g \u00e4nnu tidigare. Arboga var folktomt. Kanske n\u00e5gra firar sportlov medan andra dr\u00f6jer kvar [&hellip;]<\/p>\n","protected":false},"author":1,"featured_media":0,"comment_status":"open","ping_status":"open","sticky":false,"template":"","format":"standard","meta":[],"categories":[100,101,105],"tags":[],"_links":{"self":[{"href":"https:\/\/www.filindeblogg.nu\/index.php?rest_route=\/wp\/v2\/posts\/4713"}],"collection":[{"href":"https:\/\/www.filindeblogg.nu\/index.php?rest_route=\/wp\/v2\/posts"}],"about":[{"href":"https:\/\/www.filindeblogg.nu\/index.php?rest_route=\/wp\/v2\/types\/post"}],"author":[{"embeddable":true,"href":"https:\/\/www.filindeblogg.nu\/index.php?rest_route=\/wp\/v2\/users\/1"}],"replies":[{"embeddable":true,"href":"https:\/\/www.filindeblogg.nu\/index.php?rest_route=%2Fwp%2Fv2%2Fcomments&post=4713"}],"version-history":[{"count":4,"href":"https:\/\/www.filindeblogg.nu\/index.php?rest_route=\/wp\/v2\/posts\/4713\/revisions"}],"predecessor-version":[{"id":5407,"href":"https:\/\/www.filindeblogg.nu\/index.php?rest_route=\/wp\/v2\/posts\/4713\/revisions\/5407"}],"wp:attachment":[{"href":"https:\/\/www.filindeblogg.nu\/index.php?rest_route=%2Fwp%2Fv2%2Fmedia&parent=4713"}],"wp:term":[{"taxonomy":"category","embeddable":true,"href":"https:\/\/www.filindeblogg.nu\/index.php?rest_route=%2Fwp%2Fv2%2Fcategories&post=4713"},{"taxonomy":"post_tag","embeddable":true,"href":"https:\/\/www.filindeblogg.nu\/index.php?rest_route=%2Fwp%2Fv2%2Ftags&post=4713"}],"curies":[{"name":"wp","href":"https:\/\/api.w.org\/{rel}","templated":true}]}}