{"id":46232,"date":"2013-04-16T12:56:32","date_gmt":"2013-04-16T11:56:32","guid":{"rendered":"http:\/\/www.filindeblogg.nu\/?p=46232"},"modified":"2013-04-16T12:56:33","modified_gmt":"2013-04-16T11:56:33","slug":"varen-ar-definitivt-har-fagelkvitter-och-sommardack","status":"publish","type":"post","link":"https:\/\/www.filindeblogg.nu\/?p=46232","title":{"rendered":"V\u00e5ren \u00e4r definitivt h\u00e4r! F\u00e5gelkvitter och sommard\u00e4ck!"},"content":{"rendered":"<p><a href=\"http:\/\/www.filindeblogg.nu\/?attachment_id=46233\" rel=\"attachment wp-att-46233\"><img loading=\"lazy\" class=\"alignnone size-full wp-image-46233\" title=\"Bofink\" src=\"http:\/\/www.filindeblogg.nu\/wp-content\/uploads\/2013\/04\/Bofink.jpg\" alt=\"\" width=\"116\" height=\"116\" \/><\/a>+10 imorse h\u00e4r i <strong>Arboga<\/strong> och bofinken sj\u00f6ng i kyrkparken n\u00e4r jag var p\u00e5 promenad! F\u00e5gelstr\u00e4ck med svanar och en drillande l\u00e4rka \u00f6ver \u00e5kern intill <strong>Fellingsbrov\u00e4gen<\/strong>. <a href=\"http:\/\/www.filindeblogg.nu\/?attachment_id=46234\" rel=\"attachment wp-att-46234\"><img loading=\"lazy\" class=\"alignnone size-full wp-image-46234\" title=\"L\u00e4rka\" src=\"http:\/\/www.filindeblogg.nu\/wp-content\/uploads\/2013\/04\/L\u00e4rka.jpg\" alt=\"\" width=\"131\" height=\"90\" \/><\/a><br \/>\nUnderbart att v\u00e5ren \u00e4ntligen \u00e4r h\u00e4r, tycker bloggaren och hennes katter.<br \/>\nNu t\u00f6rs man titta ut, t\u00e4nker <strong>Wilma<\/strong>! <a href=\"http:\/\/www.filindeblogg.nu\/?attachment_id=46235\" rel=\"attachment wp-att-46235\"><img loading=\"lazy\" class=\"alignnone  wp-image-46235\" title=\"015\" src=\"http:\/\/www.filindeblogg.nu\/wp-content\/uploads\/2013\/04\/015-225x300.jpg\" alt=\"\" width=\"135\" height=\"180\" srcset=\"https:\/\/www.filindeblogg.nu\/wp-content\/uploads\/2013\/04\/015-225x300.jpg 225w, https:\/\/www.filindeblogg.nu\/wp-content\/uploads\/2013\/04\/015.jpg 450w\" sizes=\"(max-width: 135px) 100vw, 135px\" \/><\/a><\/p>\n<p>16 april idag &#8211; d\u00e5 \u00e4r det f\u00f6rbjudet att k\u00f6ra med dubbd\u00e4ck! <a href=\"http:\/\/www.filindeblogg.nu\/?attachment_id=46236\" rel=\"attachment wp-att-46236\"><img loading=\"lazy\" class=\"alignnone size-full wp-image-46236\" title=\"Dubbd\u00e4ck\" src=\"http:\/\/www.filindeblogg.nu\/wp-content\/uploads\/2013\/04\/Dubbd\u00e4ck.jpg\" alt=\"\" width=\"89\" height=\"119\" \/><\/a><\/p>\n<p>Sin egen bil fixade bloggaren ig\u00e5r hos <a href=\"http:\/\/www.filindeblogg.nu\/?attachment_id=46237\" rel=\"attachment wp-att-46237\"><img loading=\"lazy\" class=\"alignnone size-medium wp-image-46237\" title=\"Arboga D\u00e4ck o Gummiservice\" src=\"http:\/\/www.filindeblogg.nu\/wp-content\/uploads\/2013\/04\/Arboga-D\u00e4ck-o-Gummiservice-300x55.png\" alt=\"\" width=\"300\" height=\"55\" srcset=\"https:\/\/www.filindeblogg.nu\/wp-content\/uploads\/2013\/04\/Arboga-D\u00e4ck-o-Gummiservice-300x55.png 300w, https:\/\/www.filindeblogg.nu\/wp-content\/uploads\/2013\/04\/Arboga-D\u00e4ck-o-Gummiservice.png 889w\" sizes=\"(max-width: 300px) 100vw, 300px\" \/><\/a>p\u00e5 <strong>Dyens v\u00e4g 2 i Arboga<\/strong> hos <strong>br\u00f6derna Larsson<\/strong> med personal!<\/p>\n<p><a href=\"http:\/\/www.filindeblogg.nu\/?attachment_id=46238\" rel=\"attachment wp-att-46238\"><img loading=\"lazy\" class=\"alignnone  wp-image-46238\" title=\"028\" src=\"http:\/\/www.filindeblogg.nu\/wp-content\/uploads\/2013\/04\/028-300x225.jpg\" alt=\"\" width=\"180\" height=\"135\" srcset=\"https:\/\/www.filindeblogg.nu\/wp-content\/uploads\/2013\/04\/028-300x225.jpg 300w, https:\/\/www.filindeblogg.nu\/wp-content\/uploads\/2013\/04\/028.jpg 600w\" sizes=\"(max-width: 180px) 100vw, 180px\" \/><\/a> Full fart p\u00e5 verkstan! P\u00e4rlans d\u00e4ck satt stenh\u00e5rt&#8230; Det var evigt bankande och sl\u00e5ende men till slut gick det att skifta d\u00e4ck! <a href=\"http:\/\/www.filindeblogg.nu\/?attachment_id=46239\" rel=\"attachment wp-att-46239\"><img loading=\"lazy\" class=\"alignnone  wp-image-46239\" title=\"029\" src=\"http:\/\/www.filindeblogg.nu\/wp-content\/uploads\/2013\/04\/029-300x225.jpg\" alt=\"\" width=\"180\" height=\"135\" srcset=\"https:\/\/www.filindeblogg.nu\/wp-content\/uploads\/2013\/04\/029-300x225.jpg 300w, https:\/\/www.filindeblogg.nu\/wp-content\/uploads\/2013\/04\/029.jpg 600w\" sizes=\"(max-width: 180px) 100vw, 180px\" \/><\/a><\/p>\n<p><a href=\"http:\/\/www.filindeblogg.nu\/?attachment_id=46240\" rel=\"attachment wp-att-46240\"><img loading=\"lazy\" class=\"alignnone  wp-image-46240\" title=\"023\" src=\"http:\/\/www.filindeblogg.nu\/wp-content\/uploads\/2013\/04\/0231-225x300.jpg\" alt=\"\" width=\"135\" height=\"180\" srcset=\"https:\/\/www.filindeblogg.nu\/wp-content\/uploads\/2013\/04\/0231-225x300.jpg 225w, https:\/\/www.filindeblogg.nu\/wp-content\/uploads\/2013\/04\/0231.jpg 450w\" sizes=\"(max-width: 135px) 100vw, 135px\" \/><\/a> <strong>Marcus<\/strong> hade fullt upp<br \/>\n&#8211; liksom brodern<strong> Mattias<\/strong>! <a href=\"http:\/\/www.filindeblogg.nu\/?attachment_id=46241\" rel=\"attachment wp-att-46241\"><img loading=\"lazy\" class=\"alignnone  wp-image-46241\" title=\"026\" src=\"http:\/\/www.filindeblogg.nu\/wp-content\/uploads\/2013\/04\/026-225x300.jpg\" alt=\"\" width=\"135\" height=\"180\" srcset=\"https:\/\/www.filindeblogg.nu\/wp-content\/uploads\/2013\/04\/026-225x300.jpg 225w, https:\/\/www.filindeblogg.nu\/wp-content\/uploads\/2013\/04\/026.jpg 450w\" sizes=\"(max-width: 135px) 100vw, 135px\" \/><\/a><\/p>\n<p>Det \u00e4r alltid roligt att komma till den h\u00e4r verkstan! Glad och trevlig personal och s\u00e5 tr\u00e4ffar man ofta en massa bekanta &#8211; h\u00e4r<strong> Rodrigo Melara!<\/strong> <a href=\"http:\/\/www.filindeblogg.nu\/?attachment_id=46243\" rel=\"attachment wp-att-46243\"><img loading=\"lazy\" class=\"alignnone  wp-image-46243\" title=\"021\" src=\"http:\/\/www.filindeblogg.nu\/wp-content\/uploads\/2013\/04\/0211-225x300.jpg\" alt=\"\" width=\"135\" height=\"180\" srcset=\"https:\/\/www.filindeblogg.nu\/wp-content\/uploads\/2013\/04\/0211-225x300.jpg 225w, https:\/\/www.filindeblogg.nu\/wp-content\/uploads\/2013\/04\/0211.jpg 450w\" sizes=\"(max-width: 135px) 100vw, 135px\" \/><\/a><\/p>\n<p>Rodrigo diskuterar d\u00e4ck med Marcus. <a href=\"http:\/\/www.filindeblogg.nu\/?attachment_id=46242\" rel=\"attachment wp-att-46242\"><img loading=\"lazy\" class=\"alignnone  wp-image-46242\" title=\"027\" src=\"http:\/\/www.filindeblogg.nu\/wp-content\/uploads\/2013\/04\/0271-300x225.jpg\" alt=\"\" width=\"180\" height=\"135\" srcset=\"https:\/\/www.filindeblogg.nu\/wp-content\/uploads\/2013\/04\/0271-300x225.jpg 300w, https:\/\/www.filindeblogg.nu\/wp-content\/uploads\/2013\/04\/0271.jpg 600w\" sizes=\"(max-width: 180px) 100vw, 180px\" \/><\/a><\/p>\n<p>H\u00f6g tid att byta till sommard\u00e4ck allts\u00e5! Klicka <a href=\"http:\/\/www.arbogadack.se\/\" target=\"_blank\"><strong>H\u00c4R<\/strong><\/a> f\u00f6r att komma till <strong>br\u00f6derna Larsson<\/strong> och <strong>Arboga D\u00e4ck &amp; Gummiservice i Arboga!<\/strong> Billigt, bra och du f\u00e5r en trevlig stund medan killarna fixar d\u00e4cken!<\/p>\n<p>P\u00e5 tal om bilar s\u00e5 k\u00f6rde bloggaren lite, lite f\u00f6r fort in i<strong> V\u00e4ster\u00e5s<\/strong> ig\u00e5r p\u00e5 v\u00e4g till pappa&#8230; Pl\u00f6tsligt d\u00f6k ett par motorcykar upp i sidled&#8230; Och det var inte vilka MC-killar som helst utan s\u00e5dana h\u00e4r: <a href=\"http:\/\/www.filindeblogg.nu\/?attachment_id=46244\" rel=\"attachment wp-att-46244\"><img loading=\"lazy\" class=\"alignnone size-full wp-image-46244\" title=\"MC-polis\" src=\"http:\/\/www.filindeblogg.nu\/wp-content\/uploads\/2013\/04\/MC-polis.jpg\" alt=\"\" width=\"143\" height=\"97\" \/><\/a><br \/>\nBloggaren tittade till ett par g\u00e5nger, pekade p\u00e5 sig sj\u00e4lv <em>&#8221;- \u00c4r det mig ni menar?&#8221;<\/em> &#8211; och den ena MC-polisen nickade men med ett leende.<br \/>\nD\u00e4r tj\u00e4nade nog bloggaren ett par tusenlappar f\u00f6r det h\u00e4nde inget mera och numera \u00e4r det b\u00e4ttre koll p\u00e5 hastighetsm\u00e4taren! Klicka <a href=\"http:\/\/www.poliskontroll.se\/trafikregler.html\" target=\"_blank\"><strong>H\u00c4R<\/strong> <\/a>f\u00f6r att se olika b\u00f6tesbelopp f\u00f6r bl.a. fortk\u00f6rning!<br \/>\nL\u00e4s <a href=\"http:\/\/www.magazin24.se\/nyheter\/vastra-malardalen\/2013\/04\/15\/har-bevakar-polisen-denna-vecka\" target=\"_blank\">H\u00c4R <\/a>p\u00e5 <strong>Magazin24<\/strong> om Polisens trafik\u00f6vervakning denna vecka i <strong>V\u00e4stra M\u00e4lardalen<\/strong>!<\/p>\n<p>Slutligen h\u00e5ller bloggaren med <strong>Roland<\/strong> och <strong>Marcus<\/strong> p\u00e5 <strong>Konsum<\/strong> resp. <strong>ICA<\/strong>! <strong>Nytorget<\/strong> ser f\u00f6r trist ut! Upprustning! Plantera n\u00e5gra tr\u00e4d ist\u00e4llet f\u00f6r de sorgliga stubbarna och g\u00f6r torget mer inbjudande! <a href=\"http:\/\/www.filindeblogg.nu\/?attachment_id=46245\" rel=\"attachment wp-att-46245\"><img loading=\"lazy\" class=\"alignnone  wp-image-46245\" title=\"020\" src=\"http:\/\/www.filindeblogg.nu\/wp-content\/uploads\/2013\/04\/020-225x300.jpg\" alt=\"\" width=\"135\" height=\"180\" srcset=\"https:\/\/www.filindeblogg.nu\/wp-content\/uploads\/2013\/04\/020-225x300.jpg 225w, https:\/\/www.filindeblogg.nu\/wp-content\/uploads\/2013\/04\/020.jpg 450w\" sizes=\"(max-width: 135px) 100vw, 135px\" \/><\/a> L\u00e4s i <strong>Bbl\/AT<\/strong> <a href=\"http:\/\/bblat.se\/nyheter\/arboga\/1.2042179--nytorget-maste-fraschas-upp-\" target=\"_blank\"><strong>H\u00c4R!<\/strong><\/a><br \/>\nBloggaren har flera g\u00e5nger tagit upp det tr\u00e5kiga torget d\u00e4r den tomma v\u00e4ggen till ICA:s lokal gott kunde f\u00f6rses med lite reklam f\u00f6r stadens begivenheter! Var \u00e4r Arbogas marknadsf\u00f6rare n\u00e5gonstans?? Hur sv\u00e5rt kan det va&#8217;!?<\/p>\n<p style=\"text-align: left;\"><a href=\"http:\/\/www.filindeblogg.nu\/?attachment_id=46246\" rel=\"attachment wp-att-46246\"><img loading=\"lazy\" class=\"alignnone  wp-image-46246\" title=\"Kalenderblad\" src=\"http:\/\/www.filindeblogg.nu\/wp-content\/uploads\/2013\/04\/Kalenderblad13.jpg\" alt=\"\" width=\"109\" height=\"79\" \/><\/a><strong>Grattis P<\/strong><strong>atrik och<\/strong><strong> Patricia<\/strong><strong>!<\/strong> Namnsdag idag!\u00a0<a href=\"http:\/\/www.filindeblogg.nu\/?attachment_id=46248\" rel=\"attachment wp-att-46248\"><img loading=\"lazy\" class=\"alignnone  wp-image-46248\" title=\"vykort flicka - Kopia\" src=\"http:\/\/www.filindeblogg.nu\/wp-content\/uploads\/2013\/04\/vykort-flicka-Kopia14.jpg\" alt=\"\" width=\"47\" height=\"83\" \/><\/a><\/p>\n<p style=\"text-align: center;\">V\u00c4LKOMMEN V\u00c5REN!<br \/>\nDu \u00e4r sannerligen efterl\u00e4ngtad!<\/p>\n<p><a href=\"http:\/\/www.filindeblogg.nu\/?attachment_id=46249\" rel=\"attachment wp-att-46249\"><img loading=\"lazy\" class=\"aligncenter size-medium wp-image-46249\" title=\"018\" src=\"http:\/\/www.filindeblogg.nu\/wp-content\/uploads\/2013\/04\/018-225x300.jpg\" alt=\"\" width=\"225\" height=\"300\" srcset=\"https:\/\/www.filindeblogg.nu\/wp-content\/uploads\/2013\/04\/018-225x300.jpg 225w, https:\/\/www.filindeblogg.nu\/wp-content\/uploads\/2013\/04\/018.jpg 450w\" sizes=\"(max-width: 225px) 100vw, 225px\" \/><\/a><\/p>\n<p>&nbsp;<\/p>\n<p>&nbsp;<\/p>\n<p>&nbsp;<\/p>\n","protected":false},"excerpt":{"rendered":"<p>+10 imorse h\u00e4r i Arboga och bofinken sj\u00f6ng i kyrkparken n\u00e4r jag var p\u00e5 promenad! F\u00e5gelstr\u00e4ck med svanar och en drillande l\u00e4rka \u00f6ver \u00e5kern intill Fellingsbrov\u00e4gen. Underbart att v\u00e5ren \u00e4ntligen \u00e4r h\u00e4r, tycker bloggaren och hennes katter. Nu t\u00f6rs man titta ut, t\u00e4nker Wilma! 16 april idag &#8211; d\u00e5 \u00e4r det f\u00f6rbjudet att k\u00f6ra med [&hellip;]<\/p>\n","protected":false},"author":1,"featured_media":0,"comment_status":"open","ping_status":"open","sticky":false,"template":"","format":"standard","meta":[],"categories":[127,131,100,149,101,153,133],"tags":[],"_links":{"self":[{"href":"https:\/\/www.filindeblogg.nu\/index.php?rest_route=\/wp\/v2\/posts\/46232"}],"collection":[{"href":"https:\/\/www.filindeblogg.nu\/index.php?rest_route=\/wp\/v2\/posts"}],"about":[{"href":"https:\/\/www.filindeblogg.nu\/index.php?rest_route=\/wp\/v2\/types\/post"}],"author":[{"embeddable":true,"href":"https:\/\/www.filindeblogg.nu\/index.php?rest_route=\/wp\/v2\/users\/1"}],"replies":[{"embeddable":true,"href":"https:\/\/www.filindeblogg.nu\/index.php?rest_route=%2Fwp%2Fv2%2Fcomments&post=46232"}],"version-history":[{"count":32,"href":"https:\/\/www.filindeblogg.nu\/index.php?rest_route=\/wp\/v2\/posts\/46232\/revisions"}],"predecessor-version":[{"id":46281,"href":"https:\/\/www.filindeblogg.nu\/index.php?rest_route=\/wp\/v2\/posts\/46232\/revisions\/46281"}],"wp:attachment":[{"href":"https:\/\/www.filindeblogg.nu\/index.php?rest_route=%2Fwp%2Fv2%2Fmedia&parent=46232"}],"wp:term":[{"taxonomy":"category","embeddable":true,"href":"https:\/\/www.filindeblogg.nu\/index.php?rest_route=%2Fwp%2Fv2%2Fcategories&post=46232"},{"taxonomy":"post_tag","embeddable":true,"href":"https:\/\/www.filindeblogg.nu\/index.php?rest_route=%2Fwp%2Fv2%2Ftags&post=46232"}],"curies":[{"name":"wp","href":"https:\/\/api.w.org\/{rel}","templated":true}]}}