{"id":45780,"date":"2013-04-03T08:19:24","date_gmt":"2013-04-03T07:19:24","guid":{"rendered":"http:\/\/www.filindeblogg.nu\/?p=45780"},"modified":"2013-04-03T08:19:25","modified_gmt":"2013-04-03T07:19:25","slug":"conventum-kokar-tomas-ledin","status":"publish","type":"post","link":"https:\/\/www.filindeblogg.nu\/?p=45780","title":{"rendered":"Conventum kokar &#8211; Tomas Ledin!!"},"content":{"rendered":"<p><a href=\"http:\/\/www.filindeblogg.nu\/?attachment_id=45781\" rel=\"attachment wp-att-45781\"><img loading=\"lazy\" class=\"alignnone  wp-image-45781\" title=\"1 april 2013 003\" src=\"http:\/\/www.filindeblogg.nu\/wp-content\/uploads\/2013\/04\/1-april-2013-003-225x300.jpg\" alt=\"\" width=\"135\" height=\"180\" srcset=\"https:\/\/www.filindeblogg.nu\/wp-content\/uploads\/2013\/04\/1-april-2013-003-225x300.jpg 225w, https:\/\/www.filindeblogg.nu\/wp-content\/uploads\/2013\/04\/1-april-2013-003.jpg 450w\" sizes=\"(max-width: 135px) 100vw, 135px\" \/><\/a> En t-shirt &#8211; ett m\u00e5ste! \u00c4ven om inte favoriten fanns i r\u00e4tt storlek. Programmet likas\u00e5 &#8211; ett m\u00e5ste! F\u00f6r att minnas och uppleva igen &#8211; <strong>Tomas Ledin<\/strong> p\u00e5 <strong><a href=\"http:\/\/www.conventum.se\/\" target=\"_blank\">Conventum <\/a>i \u00d6rebro<\/strong>!<\/p>\n<p><a href=\"http:\/\/www.filindeblogg.nu\/?attachment_id=45782\" rel=\"attachment wp-att-45782\"><img loading=\"lazy\" class=\"alignnone  wp-image-45782\" title=\"IMG_3667 (3)\" src=\"http:\/\/www.filindeblogg.nu\/wp-content\/uploads\/2013\/04\/IMG_3667-3-300x225.jpg\" alt=\"\" width=\"180\" height=\"135\" srcset=\"https:\/\/www.filindeblogg.nu\/wp-content\/uploads\/2013\/04\/IMG_3667-3-300x225.jpg 300w, https:\/\/www.filindeblogg.nu\/wp-content\/uploads\/2013\/04\/IMG_3667-3.jpg 600w\" sizes=\"(max-width: 180px) 100vw, 180px\" \/><\/a> Middag f\u00f6re &#8211; fantastiskt god &#8211; ingick i bussresan med <a href=\"http:\/\/www.vibybuss.com\/\" target=\"_blank\"><strong>Viby Buss<\/strong><\/a>. N\u00e4r vi \u00e4tit klart var det bara att promenera ner fr\u00e5n balkongen och ta plats. <a href=\"http:\/\/www.filindeblogg.nu\/?attachment_id=45783\" rel=\"attachment wp-att-45783\"><img loading=\"lazy\" class=\"alignnone  wp-image-45783\" title=\"IMG_3671 (3)\" src=\"http:\/\/www.filindeblogg.nu\/wp-content\/uploads\/2013\/04\/IMG_3671-3-300x225.jpg\" alt=\"\" width=\"180\" height=\"135\" srcset=\"https:\/\/www.filindeblogg.nu\/wp-content\/uploads\/2013\/04\/IMG_3671-3-300x225.jpg 300w, https:\/\/www.filindeblogg.nu\/wp-content\/uploads\/2013\/04\/IMG_3671-3.jpg 600w\" sizes=\"(max-width: 180px) 100vw, 180px\" \/><\/a> Bra platser hade Viby Buss fixat ocks\u00e5! Det kommer ni att se l\u00e4ngre ner&#8230;<\/p>\n<p><a href=\"http:\/\/www.filindeblogg.nu\/?attachment_id=45784\" rel=\"attachment wp-att-45784\"><img loading=\"lazy\" class=\"alignnone  wp-image-45784\" title=\"IMG_3676 (2)\" src=\"http:\/\/www.filindeblogg.nu\/wp-content\/uploads\/2013\/04\/IMG_3676-2-300x225.jpg\" alt=\"\" width=\"180\" height=\"135\" srcset=\"https:\/\/www.filindeblogg.nu\/wp-content\/uploads\/2013\/04\/IMG_3676-2-300x225.jpg 300w, https:\/\/www.filindeblogg.nu\/wp-content\/uploads\/2013\/04\/IMG_3676-2.jpg 600w\" sizes=\"(max-width: 180px) 100vw, 180px\" \/><\/a> S\u00e5 kom han d\u00e5 &#8211; Tomas Ledin &#8211; och vilken fartfylld show det blev! <a href=\"http:\/\/www.filindeblogg.nu\/?attachment_id=45785\" rel=\"attachment wp-att-45785\"><img loading=\"lazy\" class=\"alignnone  wp-image-45785\" title=\"IMG_3685 (4)\" src=\"http:\/\/www.filindeblogg.nu\/wp-content\/uploads\/2013\/04\/IMG_3685-4-300x225.jpg\" alt=\"\" width=\"180\" height=\"135\" srcset=\"https:\/\/www.filindeblogg.nu\/wp-content\/uploads\/2013\/04\/IMG_3685-4-300x225.jpg 300w, https:\/\/www.filindeblogg.nu\/wp-content\/uploads\/2013\/04\/IMG_3685-4.jpg 600w\" sizes=\"(max-width: 180px) 100vw, 180px\" \/><\/a> En melodisk resa genom 40 \u00e5r! Fr\u00e5n farmors kn\u00e4 p\u00e5 \u00f6n vid H\u00f6ga kusten, via Hollywood &#8211; <a href=\"http:\/\/www.filindeblogg.nu\/?attachment_id=45786\" rel=\"attachment wp-att-45786\"><img loading=\"lazy\" class=\"alignnone  wp-image-45786\" title=\"IMG_3688 (4)\" src=\"http:\/\/www.filindeblogg.nu\/wp-content\/uploads\/2013\/04\/IMG_3688-4-300x225.jpg\" alt=\"\" width=\"180\" height=\"135\" srcset=\"https:\/\/www.filindeblogg.nu\/wp-content\/uploads\/2013\/04\/IMG_3688-4-300x225.jpg 300w, https:\/\/www.filindeblogg.nu\/wp-content\/uploads\/2013\/04\/IMG_3688-4.jpg 600w\" sizes=\"(max-width: 180px) 100vw, 180px\" \/><\/a> och hem igen! <a href=\"http:\/\/www.filindeblogg.nu\/?attachment_id=45787\" rel=\"attachment wp-att-45787\"><img loading=\"lazy\" class=\"alignnone  wp-image-45787\" title=\"IMG_3689 (4)\" src=\"http:\/\/www.filindeblogg.nu\/wp-content\/uploads\/2013\/04\/IMG_3689-4-300x225.jpg\" alt=\"\" width=\"180\" height=\"135\" srcset=\"https:\/\/www.filindeblogg.nu\/wp-content\/uploads\/2013\/04\/IMG_3689-4-300x225.jpg 300w, https:\/\/www.filindeblogg.nu\/wp-content\/uploads\/2013\/04\/IMG_3689-4.jpg 600w\" sizes=\"(max-width: 180px) 100vw, 180px\" \/><\/a><\/p>\n<p>En imponerande show d\u00e4r Tomas Ledin tillsammans med musiker, dansare och k\u00f6rs\u00e5ngare bj\u00f6d p\u00e5 en visuellt spektakul\u00e4r och\u00a0teknisk mycket avancerad scenproduktion. Se bara!<\/p>\n<p><a href=\"http:\/\/www.filindeblogg.nu\/?attachment_id=45789\" rel=\"attachment wp-att-45789\"><img loading=\"lazy\" class=\"alignnone  wp-image-45789\" title=\"IMG_3690 (4)\" src=\"http:\/\/www.filindeblogg.nu\/wp-content\/uploads\/2013\/04\/IMG_3690-41-300x212.jpg\" alt=\"\" width=\"180\" height=\"127\" srcset=\"https:\/\/www.filindeblogg.nu\/wp-content\/uploads\/2013\/04\/IMG_3690-41-300x212.jpg 300w, https:\/\/www.filindeblogg.nu\/wp-content\/uploads\/2013\/04\/IMG_3690-41.jpg 600w\" sizes=\"(max-width: 180px) 100vw, 180px\" \/><\/a> Vid havet!<br \/>\nMot slutet \u00e4r havet mera uppr\u00f6rt&#8230; <a href=\"http:\/\/www.filindeblogg.nu\/?attachment_id=45790\" rel=\"attachment wp-att-45790\"><img loading=\"lazy\" class=\"alignnone  wp-image-45790\" title=\"IMG_3691 (4)\" src=\"http:\/\/www.filindeblogg.nu\/wp-content\/uploads\/2013\/04\/IMG_3691-4-300x225.jpg\" alt=\"\" width=\"180\" height=\"135\" srcset=\"https:\/\/www.filindeblogg.nu\/wp-content\/uploads\/2013\/04\/IMG_3691-4-300x225.jpg 300w, https:\/\/www.filindeblogg.nu\/wp-content\/uploads\/2013\/04\/IMG_3691-4.jpg 600w\" sizes=\"(max-width: 180px) 100vw, 180px\" \/><\/a><br \/>\nFantastiskt att uppleva. <a href=\"http:\/\/www.filindeblogg.nu\/?attachment_id=45791\" rel=\"attachment wp-att-45791\"><img loading=\"lazy\" class=\"alignnone  wp-image-45791\" title=\"IMG_3693 (4)\" src=\"http:\/\/www.filindeblogg.nu\/wp-content\/uploads\/2013\/04\/IMG_3693-4-300x199.jpg\" alt=\"\" width=\"180\" height=\"119\" srcset=\"https:\/\/www.filindeblogg.nu\/wp-content\/uploads\/2013\/04\/IMG_3693-4-300x199.jpg 300w, https:\/\/www.filindeblogg.nu\/wp-content\/uploads\/2013\/04\/IMG_3693-4.jpg 600w\" sizes=\"(max-width: 180px) 100vw, 180px\" \/><\/a><\/p>\n<p>Riktig sommar och <em>&#8221;Sommaren \u00e4r kort&#8230;&#8221;<\/em> <a href=\"http:\/\/www.filindeblogg.nu\/?attachment_id=45792\" rel=\"attachment wp-att-45792\"><img loading=\"lazy\" class=\"alignnone  wp-image-45792\" title=\"IMG_3694 (4)\" src=\"http:\/\/www.filindeblogg.nu\/wp-content\/uploads\/2013\/04\/IMG_3694-4-300x225.jpg\" alt=\"\" width=\"180\" height=\"135\" srcset=\"https:\/\/www.filindeblogg.nu\/wp-content\/uploads\/2013\/04\/IMG_3694-4-300x225.jpg 300w, https:\/\/www.filindeblogg.nu\/wp-content\/uploads\/2013\/04\/IMG_3694-4.jpg 600w\" sizes=\"(max-width: 180px) 100vw, 180px\" \/><\/a> Man riktigt k\u00e4nde solskenet och doften av blommor.<\/p>\n<p><em>&#8221;Bl\u00e5, bl\u00e5 vindar och vatten&#8230;&#8221;<\/em> &#8211; Tomas Ledin ber\u00e4ttade om barndomens somrar med farmor och farfar p\u00e5 \u00f6n som ses i bakgrunden. Det lyser i k\u00f6ksf\u00f6nstret. Farmor v\u00e4ntar med sm\u00f6rg\u00e5s och mj\u00f6lk&#8230; <a href=\"http:\/\/www.filindeblogg.nu\/?attachment_id=45793\" rel=\"attachment wp-att-45793\"><img loading=\"lazy\" class=\"alignnone size-medium wp-image-45793\" title=\"IMG_3699 (3)\" src=\"http:\/\/www.filindeblogg.nu\/wp-content\/uploads\/2013\/04\/IMG_3699-3-300x225.jpg\" alt=\"\" width=\"300\" height=\"225\" srcset=\"https:\/\/www.filindeblogg.nu\/wp-content\/uploads\/2013\/04\/IMG_3699-3-300x225.jpg 300w, https:\/\/www.filindeblogg.nu\/wp-content\/uploads\/2013\/04\/IMG_3699-3.jpg 600w\" sizes=\"(max-width: 300px) 100vw, 300px\" \/><\/a><\/p>\n<p>Lika fantastiskt var det att se en hel orkester bakom Tomas Ledin i melodin<em> &#8221;En del av mitt hj\u00e4rta&#8221;.<\/em> En orkester som spelade men inte fanns d\u00e4r p\u00e5 riktigt. <a href=\"http:\/\/www.filindeblogg.nu\/?attachment_id=45835\" rel=\"attachment wp-att-45835\"><img loading=\"lazy\" class=\"alignnone size-medium wp-image-45835\" title=\"30 mars 2013 049\" src=\"http:\/\/www.filindeblogg.nu\/wp-content\/uploads\/2013\/04\/30-mars-2013-0491-300x225.jpg\" alt=\"\" width=\"300\" height=\"225\" srcset=\"https:\/\/www.filindeblogg.nu\/wp-content\/uploads\/2013\/04\/30-mars-2013-0491-300x225.jpg 300w, https:\/\/www.filindeblogg.nu\/wp-content\/uploads\/2013\/04\/30-mars-2013-0491.jpg 600w\" sizes=\"(max-width: 300px) 100vw, 300px\" \/><\/a><\/p>\n<p>Rad 10 hade vi platser p\u00e5 vilket var fantastiskt i flera avseenden! Mest n\u00e4r Tomas Ledin dansade ner i publikhavet och gav en show alldeles intill! \ud83d\ude42 <a href=\"http:\/\/www.filindeblogg.nu\/?attachment_id=45794\" rel=\"attachment wp-att-45794\"><img loading=\"lazy\" class=\"alignnone  wp-image-45794\" title=\"IMG_3706 (3)\" src=\"http:\/\/www.filindeblogg.nu\/wp-content\/uploads\/2013\/04\/IMG_3706-3-225x300.jpg\" alt=\"\" width=\"135\" height=\"180\" srcset=\"https:\/\/www.filindeblogg.nu\/wp-content\/uploads\/2013\/04\/IMG_3706-3-225x300.jpg 225w, https:\/\/www.filindeblogg.nu\/wp-content\/uploads\/2013\/04\/IMG_3706-3.jpg 450w\" sizes=\"(max-width: 135px) 100vw, 135px\" \/><\/a><\/p>\n<p>En f\u00f6rest\u00e4llning du inte b\u00f6r missa! Klicka <a href=\"http:\/\/www.tomasledin.com\/turne\/\" target=\"_blank\"><strong>H\u00c4R<\/strong> <\/a>f\u00f6r att komma till Tomas Ledins turn\u00e9program! <strong>Sk\u00f6vde, Karlskrona, Link\u00f6ping och Karlstad<\/strong> st\u00e5r p\u00e5 tur!<\/p>\n<p>Klicka <a href=\"http:\/\/www.youtube.com\/watch?v=CWKRd0LvMrg\" target=\"_blank\"><strong>H\u00c4R<\/strong> <\/a>f\u00f6r att se och h\u00f6ra ett medley via <strong>Youtube<\/strong> &#8211; Tomas Ledin, <strong>Alls\u00e5ng p\u00e5 Skansen<\/strong> 2012!<br \/>\nBloggaren har givetvis best\u00e4llt CD-skivan: <a href=\"http:\/\/www.filindeblogg.nu\/?attachment_id=45803\" rel=\"attachment wp-att-45803\"><img loading=\"lazy\" class=\"alignnone size-full wp-image-45803\" title=\"40_ar_40_hits_1972-2012_3cd-20313512-frnt\" src=\"http:\/\/www.filindeblogg.nu\/wp-content\/uploads\/2013\/04\/40_ar_40_hits_1972-2012_3cd-20313512-frnt.jpg\" alt=\"\" width=\"135\" height=\"135\" \/><\/a> Finns p\u00e5<a href=\"http:\/\/cdon.se\/musik\/ledin_tomas\/40_%C3%A5r_40_hits_1972-2012_%283cd%29-20313512\" target=\"_blank\"><strong> CDON<\/strong> <\/a>f\u00f6r 99 kr! \ud83d\ude42<\/p>\n<p><a href=\"http:\/\/www.filindeblogg.nu\/?attachment_id=45795\" rel=\"attachment wp-att-45795\"><img loading=\"lazy\" class=\"alignnone  wp-image-45795\" title=\"3 april 2013 012\" src=\"http:\/\/www.filindeblogg.nu\/wp-content\/uploads\/2013\/04\/3-april-2013-012-300x225.jpg\" alt=\"\" width=\"180\" height=\"135\" srcset=\"https:\/\/www.filindeblogg.nu\/wp-content\/uploads\/2013\/04\/3-april-2013-012-300x225.jpg 300w, https:\/\/www.filindeblogg.nu\/wp-content\/uploads\/2013\/04\/3-april-2013-012.jpg 600w\" sizes=\"(max-width: 180px) 100vw, 180px\" \/><\/a> En helkv\u00e4ll som verkligen lyste upp tillvaron! Fick oss att minnas och fyllde huvudet med alla de sk\u00f6na Ledinl\u00e5tarna! Lycka!<\/p>\n<p>Lite mer allvar ocks\u00e5 i bloggen idag. Bloggaren gillar <strong>Angelina Jolie<\/strong>. Gillar att hon anv\u00e4nder sin framg\u00e5ng och sitt k\u00e4ndisskap till att g\u00f6ra nytta. Klipp ur dagens tidning: <a href=\"http:\/\/www.filindeblogg.nu\/?attachment_id=45796\" rel=\"attachment wp-att-45796\"><img loading=\"lazy\" class=\"alignnone  wp-image-45796\" title=\"3 april 2013 014\" src=\"http:\/\/www.filindeblogg.nu\/wp-content\/uploads\/2013\/04\/3-april-2013-014-225x300.jpg\" alt=\"\" width=\"135\" height=\"180\" srcset=\"https:\/\/www.filindeblogg.nu\/wp-content\/uploads\/2013\/04\/3-april-2013-014-225x300.jpg 225w, https:\/\/www.filindeblogg.nu\/wp-content\/uploads\/2013\/04\/3-april-2013-014.jpg 450w\" sizes=\"(max-width: 135px) 100vw, 135px\" \/><\/a><br \/>\nAngelina Jolie \u00f6ppnar tredje flickskolan i <strong>Afghanistan<\/strong>!<br \/>\nGillas! <a href=\"http:\/\/www.filindeblogg.nu\/?attachment_id=45797\" rel=\"attachment wp-att-45797\"><img loading=\"lazy\" class=\"alignnone  wp-image-45797\" title=\"Gilla\" src=\"http:\/\/www.filindeblogg.nu\/wp-content\/uploads\/2013\/04\/Gilla.jpg\" alt=\"\" width=\"70\" height=\"78\" \/><\/a><\/p>\n<p><a href=\"http:\/\/www.filindeblogg.nu\/?attachment_id=45798\" rel=\"attachment wp-att-45798\"><img loading=\"lazy\" class=\"alignnone  wp-image-45798\" title=\"Kalenderblad\" src=\"http:\/\/www.filindeblogg.nu\/wp-content\/uploads\/2013\/04\/Kalenderblad2.jpg\" alt=\"\" width=\"109\" height=\"79\" \/><\/a><strong>Ferdinand<\/strong> och <strong>Nanna<\/strong> &#8211; <strong>GRATTIS<\/strong> p\u00e5 namnsdagen! <a href=\"http:\/\/www.filindeblogg.nu\/?attachment_id=45799\" rel=\"attachment wp-att-45799\"><img loading=\"lazy\" class=\"alignnone  wp-image-45799\" title=\"vykort flicka - Kopia\" src=\"http:\/\/www.filindeblogg.nu\/wp-content\/uploads\/2013\/04\/vykort-flicka-Kopia2.jpg\" alt=\"\" width=\"47\" height=\"83\" \/><\/a><\/p>\n<p><a href=\"http:\/\/www.filindeblogg.nu\/?attachment_id=45800\" rel=\"attachment wp-att-45800\"><img loading=\"lazy\" class=\"aligncenter size-medium wp-image-45800\" title=\"3 april 2013 013\" src=\"http:\/\/www.filindeblogg.nu\/wp-content\/uploads\/2013\/04\/3-april-2013-013-300x225.jpg\" alt=\"\" width=\"300\" height=\"225\" srcset=\"https:\/\/www.filindeblogg.nu\/wp-content\/uploads\/2013\/04\/3-april-2013-013-300x225.jpg 300w, https:\/\/www.filindeblogg.nu\/wp-content\/uploads\/2013\/04\/3-april-2013-013.jpg 600w\" sizes=\"(max-width: 300px) 100vw, 300px\" \/><\/a><\/p>\n","protected":false},"excerpt":{"rendered":"<p>En t-shirt &#8211; ett m\u00e5ste! \u00c4ven om inte favoriten fanns i r\u00e4tt storlek. Programmet likas\u00e5 &#8211; ett m\u00e5ste! F\u00f6r att minnas och uppleva igen &#8211; Tomas Ledin p\u00e5 Conventum i \u00d6rebro! Middag f\u00f6re &#8211; fantastiskt god &#8211; ingick i bussresan med Viby Buss. N\u00e4r vi \u00e4tit klart var det bara att promenera ner fr\u00e5n balkongen [&hellip;]<\/p>\n","protected":false},"author":1,"featured_media":0,"comment_status":"open","ping_status":"open","sticky":false,"template":"","format":"standard","meta":[],"categories":[126,100,149,141,101],"tags":[],"_links":{"self":[{"href":"https:\/\/www.filindeblogg.nu\/index.php?rest_route=\/wp\/v2\/posts\/45780"}],"collection":[{"href":"https:\/\/www.filindeblogg.nu\/index.php?rest_route=\/wp\/v2\/posts"}],"about":[{"href":"https:\/\/www.filindeblogg.nu\/index.php?rest_route=\/wp\/v2\/types\/post"}],"author":[{"embeddable":true,"href":"https:\/\/www.filindeblogg.nu\/index.php?rest_route=\/wp\/v2\/users\/1"}],"replies":[{"embeddable":true,"href":"https:\/\/www.filindeblogg.nu\/index.php?rest_route=%2Fwp%2Fv2%2Fcomments&post=45780"}],"version-history":[{"count":42,"href":"https:\/\/www.filindeblogg.nu\/index.php?rest_route=\/wp\/v2\/posts\/45780\/revisions"}],"predecessor-version":[{"id":45845,"href":"https:\/\/www.filindeblogg.nu\/index.php?rest_route=\/wp\/v2\/posts\/45780\/revisions\/45845"}],"wp:attachment":[{"href":"https:\/\/www.filindeblogg.nu\/index.php?rest_route=%2Fwp%2Fv2%2Fmedia&parent=45780"}],"wp:term":[{"taxonomy":"category","embeddable":true,"href":"https:\/\/www.filindeblogg.nu\/index.php?rest_route=%2Fwp%2Fv2%2Fcategories&post=45780"},{"taxonomy":"post_tag","embeddable":true,"href":"https:\/\/www.filindeblogg.nu\/index.php?rest_route=%2Fwp%2Fv2%2Ftags&post=45780"}],"curies":[{"name":"wp","href":"https:\/\/api.w.org\/{rel}","templated":true}]}}