{"id":4534,"date":"2009-02-10T10:30:55","date_gmt":"2009-02-10T09:30:55","guid":{"rendered":"http:\/\/www.filindeblogg.nu\/?p=4534"},"modified":"2009-04-20T11:34:01","modified_gmt":"2009-04-20T10:34:01","slug":"gratt-arboga-och-vagen-till-max-och-sagas-grav","status":"publish","type":"post","link":"https:\/\/www.filindeblogg.nu\/?p=4534","title":{"rendered":"Gr\u00e5tt Arboga &#8211; och V\u00e4gen till Max och Sagas grav"},"content":{"rendered":"<p><img loading=\"lazy\" class=\"alignnone size-thumbnail wp-image-4535\" title=\"vacker-trad\" src=\"http:\/\/www.filindeblogg.nu\/wp-content\/uploads\/2009\/02\/vacker-trad-150x150.jpg\" alt=\"vacker-trad\" width=\"150\" height=\"150\" \/> Idag var v\u00e4dret inte alls lika str\u00e5lande som g\u00e5rdagen. -11 imorse och gr\u00e5tt. S\u00e5g p\u00e5 <strong>Rapport<\/strong> ig\u00e5r att det \u00e4r mer sn\u00f6 att v\u00e4nta redan under morgondagen. \u00c4ven kraftig bl\u00e5st och kyla &#8211; s\u00e5 det vankas kanske sn\u00f6storm mot slutet av veckan?<\/p>\n<p>Dock hindrar inte gr\u00e5v\u00e4der mig fr\u00e5n att ta en promenad. <strong>Arboga<\/strong> \u00e4r fint \u00e4nd\u00e5 utan solsken och det g\u00f6r gott f\u00f6r b\u00e5de kropp och sj\u00e4l att promenera.<\/p>\n<p>Passade p\u00e5 att posta ett kort till <strong>Junith<\/strong> som fyller imorgon. Men det var med risk f\u00f6r benbrott man tog sig till brevl\u00e5dorna utanf\u00f6r gamla<strong> Posten <\/strong>numera<strong> Nordea<\/strong>! <img loading=\"lazy\" class=\"alignnone size-thumbnail wp-image-4536\" title=\"nagot-lacker-fran-taket1\" src=\"http:\/\/www.filindeblogg.nu\/wp-content\/uploads\/2009\/02\/nagot-lacker-fran-taket1-150x150.jpg\" alt=\"nagot-lacker-fran-taket1\" width=\"150\" height=\"150\" \/> Halkig is!<br \/>\nDet m\u00e5ste vara n\u00e5got fel h\u00e4r f\u00f6r trots k\u00f6ldgrader s\u00e5 skvalade isvatten fr\u00e5n taket och gjorde\u00a0 hela trottoaren otroligt hal.<br \/>\nKan det vara n\u00e5gon ventilation p\u00e5 taket som sl\u00e4pper ut v\u00e4rme och f\u00e5r is och sn\u00f6 att bli till vatten med benbrottsrisk som f\u00f6ljd f\u00f6r g\u00e5ende p\u00e5 trottoaren? <img loading=\"lazy\" class=\"alignnone size-thumbnail wp-image-4537\" title=\"nagot-lacker-fran-taket2\" src=\"http:\/\/www.filindeblogg.nu\/wp-content\/uploads\/2009\/02\/nagot-lacker-fran-taket2-150x150.jpg\" alt=\"nagot-lacker-fran-taket2\" width=\"150\" height=\"150\" \/><br \/>\n<strong> Nygatan<\/strong> i \u00f6vrigt var tom och \u00f6dslig idag fr\u00e5nsett h\u00f6g p\u00e5 h\u00f6g med sn\u00f6.<br \/>\n<img loading=\"lazy\" class=\"alignnone size-medium wp-image-4538\" title=\"hog-pa-hog-pa-nygatan\" src=\"http:\/\/www.filindeblogg.nu\/wp-content\/uploads\/2009\/02\/hog-pa-hog-pa-nygatan-300x225.jpg\" alt=\"hog-pa-hog-pa-nygatan\" width=\"300\" height=\"225\" srcset=\"https:\/\/www.filindeblogg.nu\/wp-content\/uploads\/2009\/02\/hog-pa-hog-pa-nygatan-300x225.jpg 300w, https:\/\/www.filindeblogg.nu\/wp-content\/uploads\/2009\/02\/hog-pa-hog-pa-nygatan.jpg 640w\" sizes=\"(max-width: 300px) 100vw, 300px\" \/><\/p>\n<p>Nygatan l\u00e4ngst v\u00e4sterut <img loading=\"lazy\" class=\"alignnone size-medium wp-image-4539\" title=\"nygatan-vasterut\" src=\"http:\/\/www.filindeblogg.nu\/wp-content\/uploads\/2009\/02\/nygatan-vasterut-300x225.jpg\" alt=\"nygatan-vasterut\" width=\"180\" height=\"135\" srcset=\"https:\/\/www.filindeblogg.nu\/wp-content\/uploads\/2009\/02\/nygatan-vasterut-300x225.jpg 300w, https:\/\/www.filindeblogg.nu\/wp-content\/uploads\/2009\/02\/nygatan-vasterut.jpg 640w\" sizes=\"(max-width: 180px) 100vw, 180px\" \/><br \/>\nOch bort mot <strong>Vilsta<\/strong> <img loading=\"lazy\" class=\"alignnone size-thumbnail wp-image-4540\" title=\"vilsta-10-febr-09\" src=\"http:\/\/www.filindeblogg.nu\/wp-content\/uploads\/2009\/02\/vilsta-10-febr-09-150x150.jpg\" alt=\"vilsta-10-febr-09\" width=\"150\" height=\"150\" \/> Mina f\u00f6tter visste precis vart dom skulle g\u00e5.<br \/>\n<img loading=\"lazy\" class=\"alignnone size-medium wp-image-4541\" title=\"ingang-kyrkogarden\" src=\"http:\/\/www.filindeblogg.nu\/wp-content\/uploads\/2009\/02\/ingang-kyrkogarden-300x250.jpg\" alt=\"ingang-kyrkogarden\" width=\"300\" height=\"250\" srcset=\"https:\/\/www.filindeblogg.nu\/wp-content\/uploads\/2009\/02\/ingang-kyrkogarden-300x250.jpg 300w, https:\/\/www.filindeblogg.nu\/wp-content\/uploads\/2009\/02\/ingang-kyrkogarden.jpg 575w\" sizes=\"(max-width: 300px) 100vw, 300px\" \/>Grinden till <strong>kyrkog\u00e5rden<\/strong> har ett s\u00e4llsamt m\u00f6nster. Som upp-och-ner-v\u00e4nda hj\u00e4rtan&#8230; Jag gick in och tyckte mig faktiskt h\u00f6ra glada barnr\u00f6ster igen. Stojande barn som hade sn\u00f6bollskrig och tumlade runt i all den fina, vita sn\u00f6n!<br \/>\nD\u00e4r inb\u00e4ddad i sn\u00f6 ligger den vackra gravstenen. <img loading=\"lazy\" class=\"alignnone size-thumbnail wp-image-4542\" title=\"insnoad-grav-10-febr-09\" src=\"http:\/\/www.filindeblogg.nu\/wp-content\/uploads\/2009\/02\/insnoad-grav-10-febr-09-150x150.jpg\" alt=\"insnoad-grav-10-febr-09\" width=\"150\" height=\"150\" \/> Som vanligt var det en upptrampad stig fram till <strong>Max och Saga<\/strong>. <img loading=\"lazy\" class=\"alignnone size-thumbnail wp-image-4543\" title=\"upptrampad-stig-t-graven\" src=\"http:\/\/www.filindeblogg.nu\/wp-content\/uploads\/2009\/02\/upptrampad-stig-t-graven-150x150.jpg\" alt=\"upptrampad-stig-t-graven\" width=\"150\" height=\"150\" \/> Jag klev d\u00e4r med mina 41-or och s\u00e5g att den som g\u00e5tt f\u00f6re nyligen hade haft mindre f\u00f6tter. Kanske var det <strong>Emmas<\/strong> fotsp\u00e5r &#8211; eller <strong>Amys<\/strong>? Graven var omg\u00e4rdad av mjuk, fin sn\u00f6. <img loading=\"lazy\" class=\"alignnone size-thumbnail wp-image-4544\" title=\"snoig-grav\" src=\"http:\/\/www.filindeblogg.nu\/wp-content\/uploads\/2009\/02\/snoig-grav-150x150.jpg\" alt=\"snoig-grav\" width=\"150\" height=\"150\" \/><br \/>\nOvanp\u00e5 gravstenen l\u00e5g en stor bukett rosor<br \/>\nmed k\u00e4rleksfulla h\u00e4lsningar till tv\u00e5 sm\u00e5 barn fr\u00e5n deras <strong>pappa och Amy<\/strong>.<img loading=\"lazy\" class=\"alignnone size-medium wp-image-4545\" title=\"rosor-fr-pappa-t-max-o-saga\" src=\"http:\/\/www.filindeblogg.nu\/wp-content\/uploads\/2009\/02\/rosor-fr-pappa-t-max-o-saga-213x300.jpg\" alt=\"rosor-fr-pappa-t-max-o-saga\" width=\"110\" height=\"138\" \/><\/p>\n<p>Trots all kall sn\u00f6 k\u00e4ndes graven s\u00e5 varm och omhuldad. <img loading=\"lazy\" class=\"alignnone size-thumbnail wp-image-4546\" title=\"hjartan-och-ljus-pa-graven\" src=\"http:\/\/www.filindeblogg.nu\/wp-content\/uploads\/2009\/02\/hjartan-och-ljus-pa-graven-150x150.jpg\" alt=\"hjartan-och-ljus-pa-graven\" width=\"150\" height=\"150\" \/> De r\u00f6da rosorna, r\u00f6da hj\u00e4rtan, r\u00f6da sm\u00e5 saker och brinnande ljus gjorde graven s\u00e5 fin.<\/p>\n<p>Om igen fantiserade jag. Jag s\u00e5g hur tv\u00e5 sm\u00e5 barn, tr\u00f6tta av sn\u00f6bollslek, lagt sig tillr\u00e4tta under den mjuka sn\u00f6n intill gravstenen. D\u00e4r under sn\u00f6n \u00e4r allt s\u00e5 skyddat och varmt. Rosornas k\u00e4rleksfulla kraft v\u00e4rmer hela stenen \u00e4nda ner dit d\u00e4r Max och Saga vilar.<br \/>\nAlla tankar, alla k\u00e4nslor, alla sm\u00e5 ljus och sm\u00e5 presenter g\u00f6r hela gravplatsen ljus och varm.<br \/>\nD\u00e4r vilar Saga hopkrupen intill Max. Max h\u00e5ller om Saga och l\u00e4ser en bok f\u00f6r henne. S\u00e5 s\u00e4ger han lillgammalt:<em> &#8221;-S\u00e5 bra att du slipper ligga ensam h\u00e4r Saga! Att du har mig!&#8221; <\/em>Saga kurar ihop sig \u00e4nnu n\u00e4rmare Max och suckar tryggt:<em> &#8221;Ja, tur att jag har dig Max&#8221;<\/em>. Snart somnar de t\u00e4tt intill varandra och jag smyger mig f\u00f6rsiktig d\u00e4rifr\u00e5n.<\/p>\n<p>N\u00e4r jag ska g\u00e5 ut genom grinden ser jag: Hj\u00e4rtana p\u00e5 grinden finns b\u00e5de som r\u00e4ttv\u00e4nda och upp-och-ner!\u00a0 De sitter ihop! H\u00f6r ihop!<br \/>\nPrecis som livet. B\u00e5de gl\u00e4dje och sorg &#8211; hand i hand.<img loading=\"lazy\" class=\"alignnone size-thumbnail wp-image-4547\" title=\"hjartgrinden\" src=\"http:\/\/www.filindeblogg.nu\/wp-content\/uploads\/2009\/02\/hjartgrinden-150x150.jpg\" alt=\"hjartgrinden\" width=\"150\" height=\"150\" \/><\/p>\n<p>Jag g\u00e5r \u00f6ver den bro som i folkmun kallas <strong>&#8221;Brodin&#8221;<\/strong>. <strong>Nisse Brodins bro <\/strong>&#8211; kommunalr\u00e5det som styrde och st\u00e4llde f\u00f6rr i Arboga. H\u00e4r utsikt mot <strong>Labron.<\/strong><br \/>\n<img loading=\"lazy\" class=\"alignnone size-full wp-image-4549\" title=\"kyligt-foto-mot-labron\" src=\"http:\/\/www.filindeblogg.nu\/wp-content\/uploads\/2009\/02\/kyligt-foto-mot-labron.jpg\" alt=\"kyligt-foto-mot-labron\" width=\"512\" height=\"384\" srcset=\"https:\/\/www.filindeblogg.nu\/wp-content\/uploads\/2009\/02\/kyligt-foto-mot-labron.jpg 640w, https:\/\/www.filindeblogg.nu\/wp-content\/uploads\/2009\/02\/kyligt-foto-mot-labron-300x225.jpg 300w\" sizes=\"(max-width: 512px) 100vw, 512px\" \/><\/p>\n<p><strong>Storgatan<\/strong> fr\u00e5n v\u00e4ster: <img loading=\"lazy\" class=\"alignnone size-medium wp-image-4550\" title=\"storgatan-fran-vaster\" src=\"http:\/\/www.filindeblogg.nu\/wp-content\/uploads\/2009\/02\/storgatan-fran-vaster-225x300.jpg\" alt=\"storgatan-fran-vaster\" width=\"225\" height=\"300\" srcset=\"https:\/\/www.filindeblogg.nu\/wp-content\/uploads\/2009\/02\/storgatan-fran-vaster-225x300.jpg 225w, https:\/\/www.filindeblogg.nu\/wp-content\/uploads\/2009\/02\/storgatan-fran-vaster.jpg 360w\" sizes=\"(max-width: 225px) 100vw, 225px\" \/><\/p>\n<p>Fr\u00e5n Labron tog jag detta foto mot<strong> Herrg\u00e5rdsbron<\/strong>:<br \/>\n<img loading=\"lazy\" class=\"alignnone size-full wp-image-4548\" title=\"dimmig-bild-pa-herrg-bron\" src=\"http:\/\/www.filindeblogg.nu\/wp-content\/uploads\/2009\/02\/dimmig-bild-pa-herrg-bron.jpg\" alt=\"dimmig-bild-pa-herrg-bron\" width=\"512\" height=\"384\" srcset=\"https:\/\/www.filindeblogg.nu\/wp-content\/uploads\/2009\/02\/dimmig-bild-pa-herrg-bron.jpg 640w, https:\/\/www.filindeblogg.nu\/wp-content\/uploads\/2009\/02\/dimmig-bild-pa-herrg-bron-300x225.jpg 300w\" sizes=\"(max-width: 512px) 100vw, 512px\" \/><\/p>\n<p>Passerade <strong>&#8221;Munken och H\u00f6nan&#8221;<\/strong> &#8211; \u00f6de s\u00e5 h\u00e4r \u00e5rs &#8211; och t\u00e4nkte p\u00e5 kommande <strong>Medeltidsdagar<\/strong> d\u00e5 <strong>Kerstin<\/strong> och jag \u00e5ter ska svinga varsin b\u00e4gare h\u00e4r &#8211; eller kanske tv\u00e5&#8230;<br \/>\n<img loading=\"lazy\" class=\"alignnone size-medium wp-image-4551\" title=\"munken-o-honan-vintertid\" src=\"http:\/\/www.filindeblogg.nu\/wp-content\/uploads\/2009\/02\/munken-o-honan-vintertid-300x225.jpg\" alt=\"munken-o-honan-vintertid\" width=\"300\" height=\"225\" srcset=\"https:\/\/www.filindeblogg.nu\/wp-content\/uploads\/2009\/02\/munken-o-honan-vintertid-300x225.jpg 300w, https:\/\/www.filindeblogg.nu\/wp-content\/uploads\/2009\/02\/munken-o-honan-vintertid.jpg 640w\" sizes=\"(max-width: 300px) 100vw, 300px\" \/>Hon kommer alldeles s\u00e4kert ih\u00e5g vilken dag vi best\u00e4mt! F\u00f6r samma tid g\u00e4ller \u00e5r fr\u00e5n och \u00e5r.<br \/>\nJag tror \u00e4ven att v\u00e5ra manliga kumpaner minns tid och plats! \ud83d\ude09<\/p>\n<p>S\u00e5 d\u00e4r ja, d\u00e5 var promenaden gjord och man \u00e4r hemma igen. Ut och g\u00e5 om ni kan &#8211; det \u00e4r rofyllt och sk\u00f6nt. Ger v\u00e4ldigt mycket. Kram! <img loading=\"lazy\" class=\"alignnone size-thumbnail wp-image-4552\" title=\"langs-an-10-febr-09\" src=\"http:\/\/www.filindeblogg.nu\/wp-content\/uploads\/2009\/02\/langs-an-10-febr-09-150x150.jpg\" alt=\"langs-an-10-febr-09\" width=\"150\" height=\"150\" \/><\/p>\n","protected":false},"excerpt":{"rendered":"<p>Idag var v\u00e4dret inte alls lika str\u00e5lande som g\u00e5rdagen. -11 imorse och gr\u00e5tt. S\u00e5g p\u00e5 Rapport ig\u00e5r att det \u00e4r mer sn\u00f6 att v\u00e4nta redan under morgondagen. \u00c4ven kraftig bl\u00e5st och kyla &#8211; s\u00e5 det vankas kanske sn\u00f6storm mot slutet av veckan? Dock hindrar inte gr\u00e5v\u00e4der mig fr\u00e5n att ta en promenad. Arboga \u00e4r fint [&hellip;]<\/p>\n","protected":false},"author":1,"featured_media":0,"comment_status":"open","ping_status":"open","sticky":false,"template":"","format":"standard","meta":[],"categories":[100,101,105],"tags":[],"_links":{"self":[{"href":"https:\/\/www.filindeblogg.nu\/index.php?rest_route=\/wp\/v2\/posts\/4534"}],"collection":[{"href":"https:\/\/www.filindeblogg.nu\/index.php?rest_route=\/wp\/v2\/posts"}],"about":[{"href":"https:\/\/www.filindeblogg.nu\/index.php?rest_route=\/wp\/v2\/types\/post"}],"author":[{"embeddable":true,"href":"https:\/\/www.filindeblogg.nu\/index.php?rest_route=\/wp\/v2\/users\/1"}],"replies":[{"embeddable":true,"href":"https:\/\/www.filindeblogg.nu\/index.php?rest_route=%2Fwp%2Fv2%2Fcomments&post=4534"}],"version-history":[{"count":4,"href":"https:\/\/www.filindeblogg.nu\/index.php?rest_route=\/wp\/v2\/posts\/4534\/revisions"}],"predecessor-version":[{"id":5408,"href":"https:\/\/www.filindeblogg.nu\/index.php?rest_route=\/wp\/v2\/posts\/4534\/revisions\/5408"}],"wp:attachment":[{"href":"https:\/\/www.filindeblogg.nu\/index.php?rest_route=%2Fwp%2Fv2%2Fmedia&parent=4534"}],"wp:term":[{"taxonomy":"category","embeddable":true,"href":"https:\/\/www.filindeblogg.nu\/index.php?rest_route=%2Fwp%2Fv2%2Fcategories&post=4534"},{"taxonomy":"post_tag","embeddable":true,"href":"https:\/\/www.filindeblogg.nu\/index.php?rest_route=%2Fwp%2Fv2%2Ftags&post=4534"}],"curies":[{"name":"wp","href":"https:\/\/api.w.org\/{rel}","templated":true}]}}