{"id":43660,"date":"2013-02-18T09:34:30","date_gmt":"2013-02-18T08:34:30","guid":{"rendered":"http:\/\/www.filindeblogg.nu\/?p=43660"},"modified":"2013-02-18T09:34:31","modified_gmt":"2013-02-18T08:34:31","slug":"sova-over-borta","status":"publish","type":"post","link":"https:\/\/www.filindeblogg.nu\/?p=43660","title":{"rendered":"Sova \u00f6ver borta"},"content":{"rendered":"<p><a href=\"http:\/\/www.filindeblogg.nu\/?attachment_id=43661\" rel=\"attachment wp-att-43661\"><img loading=\"lazy\" class=\"alignnone size-full wp-image-43661\" title=\"\u00d6ronproppar\" src=\"http:\/\/www.filindeblogg.nu\/wp-content\/uploads\/2013\/02\/\u00d6ronproppar.jpg\" alt=\"\" width=\"78\" height=\"104\" \/><\/a>\u00a0En sak jag alltid tar med p\u00e5 resa \u00e4r \u00f6ronproppar! Oumb\u00e4rligt om man vill kunna sova gott en hel natt i olika milj\u00f6er.<br \/>\nMen det finns ju en uppsj\u00f6 av proppar! <strong>DN<\/strong> hade den h\u00e4r testen f\u00f6rra veckan: <a href=\"http:\/\/www.filindeblogg.nu\/?attachment_id=43662\" rel=\"attachment wp-att-43662\"><img loading=\"lazy\" class=\"alignnone size-medium wp-image-43662\" title=\"IMG_2659 (3)\" src=\"http:\/\/www.filindeblogg.nu\/wp-content\/uploads\/2013\/02\/IMG_2659-3-300x225.jpg\" alt=\"\" width=\"300\" height=\"225\" srcset=\"https:\/\/www.filindeblogg.nu\/wp-content\/uploads\/2013\/02\/IMG_2659-3-300x225.jpg 300w, https:\/\/www.filindeblogg.nu\/wp-content\/uploads\/2013\/02\/IMG_2659-3.jpg 600w\" sizes=\"(max-width: 300px) 100vw, 300px\" \/><\/a> Av n\u00e5gon m\u00e4rklig anledning finns aldrig de \u00f6ronproppar med i tester som jag anv\u00e4nder. <a href=\"http:\/\/www.filindeblogg.nu\/?attachment_id=43663\" rel=\"attachment wp-att-43663\"><img loading=\"lazy\" class=\"alignnone  wp-image-43663\" title=\"IMG_2660 (4)\" src=\"http:\/\/www.filindeblogg.nu\/wp-content\/uploads\/2013\/02\/IMG_2660-4-225x300.jpg\" alt=\"\" width=\"135\" height=\"180\" srcset=\"https:\/\/www.filindeblogg.nu\/wp-content\/uploads\/2013\/02\/IMG_2660-4-225x300.jpg 225w, https:\/\/www.filindeblogg.nu\/wp-content\/uploads\/2013\/02\/IMG_2660-4.jpg 450w\" sizes=\"(max-width: 135px) 100vw, 135px\" \/><\/a><br \/>\nF\u00f6rr s\u00e5ldes <strong>JF:s \u00f6ronproppar<\/strong> p\u00e5 Apoteken men nu kan man bara f\u00e5 tag i propparna via direktkontakt med f\u00f6rs\u00e4ljaren <strong>JF Instrument i Bromma.<\/strong> \u00d6ronpropparna \u00e4r av vax. De v\u00e4rms upp i handen och formas sen in i h\u00f6rselg\u00e5ngarna. Finns i tre olika storlekar. Klicka <a href=\"http:\/\/www.jfinstrument.se\/\" target=\"_blank\"><strong>H\u00c4R<\/strong> <\/a>om du ocks\u00e5 vill ha.<\/p>\n<p>I helgen bes\u00f6kte jag <strong>Stockholm<\/strong> och hade f\u00f6rst\u00e5s \u00f6ronproppar i bagaget. De beh\u00f6vdes inte den h\u00e4r g\u00e5ngen men man vet ju aldrig&#8230; H\u00e4r kommer lite bilder fr\u00e5n huvudstaden.<\/p>\n<p><a href=\"http:\/\/www.filindeblogg.nu\/?attachment_id=43664\" rel=\"attachment wp-att-43664\"><img loading=\"lazy\" class=\"alignnone  wp-image-43664\" title=\"IMG_2661 (4)\" src=\"http:\/\/www.filindeblogg.nu\/wp-content\/uploads\/2013\/02\/IMG_2661-4-225x300.jpg\" alt=\"\" width=\"135\" height=\"180\" srcset=\"https:\/\/www.filindeblogg.nu\/wp-content\/uploads\/2013\/02\/IMG_2661-4-225x300.jpg 225w, https:\/\/www.filindeblogg.nu\/wp-content\/uploads\/2013\/02\/IMG_2661-4.jpg 450w\" sizes=\"(max-width: 135px) 100vw, 135px\" \/><\/a> <strong>Robert Almstr\u00f6msgatan<\/strong> i <strong>Vasastan<\/strong>.<\/p>\n<p><a href=\"http:\/\/www.filindeblogg.nu\/?attachment_id=43665\" rel=\"attachment wp-att-43665\"><img loading=\"lazy\" class=\"alignnone  wp-image-43665\" title=\"IMG_2669 (3)\" src=\"http:\/\/www.filindeblogg.nu\/wp-content\/uploads\/2013\/02\/IMG_2669-3-300x225.jpg\" alt=\"\" width=\"180\" height=\"135\" srcset=\"https:\/\/www.filindeblogg.nu\/wp-content\/uploads\/2013\/02\/IMG_2669-3-300x225.jpg 300w, https:\/\/www.filindeblogg.nu\/wp-content\/uploads\/2013\/02\/IMG_2669-3.jpg 600w\" sizes=\"(max-width: 180px) 100vw, 180px\" \/><\/a><br \/>\n<a href=\"http:\/\/www.filindeblogg.nu\/?attachment_id=43666\" rel=\"attachment wp-att-43666\"><img loading=\"lazy\" class=\"alignnone  wp-image-43666\" title=\"IMG_2664 (3)\" src=\"http:\/\/www.filindeblogg.nu\/wp-content\/uploads\/2013\/02\/IMG_2664-3-300x225.jpg\" alt=\"\" width=\"180\" height=\"135\" srcset=\"https:\/\/www.filindeblogg.nu\/wp-content\/uploads\/2013\/02\/IMG_2664-3-300x225.jpg 300w, https:\/\/www.filindeblogg.nu\/wp-content\/uploads\/2013\/02\/IMG_2664-3.jpg 600w\" sizes=\"(max-width: 180px) 100vw, 180px\" \/><\/a> Tidig morgon <strong>S:t Eriksplans T-banestation<\/strong>.\u00a0<a href=\"http:\/\/www.filindeblogg.nu\/?attachment_id=43667\" rel=\"attachment wp-att-43667\"><img loading=\"lazy\" class=\"alignnone  wp-image-43667\" title=\"IMG_2667 (4)\" src=\"http:\/\/www.filindeblogg.nu\/wp-content\/uploads\/2013\/02\/IMG_2667-4-300x231.jpg\" alt=\"\" width=\"180\" height=\"139\" srcset=\"https:\/\/www.filindeblogg.nu\/wp-content\/uploads\/2013\/02\/IMG_2667-4-300x231.jpg 300w, https:\/\/www.filindeblogg.nu\/wp-content\/uploads\/2013\/02\/IMG_2667-4.jpg 582w\" sizes=\"(max-width: 180px) 100vw, 180px\" \/><\/a><\/p>\n<p><strong>Arlanda Express<\/strong>&#8230; <a href=\"http:\/\/www.filindeblogg.nu\/?attachment_id=43668\" rel=\"attachment wp-att-43668\"><img loading=\"lazy\" class=\"alignnone  wp-image-43668\" title=\"IMG_2676 (3)\" src=\"http:\/\/www.filindeblogg.nu\/wp-content\/uploads\/2013\/02\/IMG_2676-3-300x225.jpg\" alt=\"\" width=\"180\" height=\"135\" srcset=\"https:\/\/www.filindeblogg.nu\/wp-content\/uploads\/2013\/02\/IMG_2676-3-300x225.jpg 300w, https:\/\/www.filindeblogg.nu\/wp-content\/uploads\/2013\/02\/IMG_2676-3.jpg 600w\" sizes=\"(max-width: 180px) 100vw, 180px\" \/><\/a><\/p>\n<p>Rulltrappa <strong>Terminal 2<\/strong>.<img loading=\"lazy\" class=\"alignnone  wp-image-43669\" title=\"IMG_2677 (3)\" src=\"http:\/\/www.filindeblogg.nu\/wp-content\/uploads\/2013\/02\/IMG_2677-3-225x300.jpg\" alt=\"\" width=\"135\" height=\"180\" srcset=\"https:\/\/www.filindeblogg.nu\/wp-content\/uploads\/2013\/02\/IMG_2677-3-225x300.jpg 225w, https:\/\/www.filindeblogg.nu\/wp-content\/uploads\/2013\/02\/IMG_2677-3.jpg 450w\" sizes=\"(max-width: 135px) 100vw, 135px\" \/><\/p>\n<p>Incheckning <strong>Air France<\/strong>. <a href=\"http:\/\/www.filindeblogg.nu\/?attachment_id=43671\" rel=\"attachment wp-att-43671\"><img loading=\"lazy\" class=\"alignnone  wp-image-43671\" title=\"IMG_2683 (3)\" src=\"http:\/\/www.filindeblogg.nu\/wp-content\/uploads\/2013\/02\/IMG_2683-31-221x300.jpg\" alt=\"\" width=\"133\" height=\"180\" srcset=\"https:\/\/www.filindeblogg.nu\/wp-content\/uploads\/2013\/02\/IMG_2683-31-221x300.jpg 221w, https:\/\/www.filindeblogg.nu\/wp-content\/uploads\/2013\/02\/IMG_2683-31.jpg 409w\" sizes=\"(max-width: 133px) 100vw, 133px\" \/><\/a><\/p>\n<p>Morgonen gryr p\u00e5<strong> Norrbackagatan<\/strong>&#8230; <a href=\"http:\/\/www.filindeblogg.nu\/?attachment_id=43672\" rel=\"attachment wp-att-43672\"><img loading=\"lazy\" class=\"alignnone  wp-image-43672\" title=\"IMG_2701 (4)\" src=\"http:\/\/www.filindeblogg.nu\/wp-content\/uploads\/2013\/02\/IMG_2701-4-300x225.jpg\" alt=\"\" width=\"180\" height=\"135\" srcset=\"https:\/\/www.filindeblogg.nu\/wp-content\/uploads\/2013\/02\/IMG_2701-4-300x225.jpg 300w, https:\/\/www.filindeblogg.nu\/wp-content\/uploads\/2013\/02\/IMG_2701-4.jpg 600w\" sizes=\"(max-width: 180px) 100vw, 180px\" \/><\/a><\/p>\n<p>Vad g\u00f6r vi som inte fick h\u00e4nga med till <strong>Paris<\/strong>!?<br \/>\n<a href=\"http:\/\/www.filindeblogg.nu\/?attachment_id=43673\" rel=\"attachment wp-att-43673\"><img loading=\"lazy\" class=\"alignnone  wp-image-43673\" title=\"Style: &quot;vvv&quot;\" src=\"http:\/\/www.filindeblogg.nu\/wp-content\/uploads\/2013\/02\/Death-By-Hamburger-2001_fg700wider-300x198.jpg\" alt=\"\" width=\"180\" height=\"119\" srcset=\"https:\/\/www.filindeblogg.nu\/wp-content\/uploads\/2013\/02\/Death-By-Hamburger-2001_fg700wider-300x198.jpg 300w, https:\/\/www.filindeblogg.nu\/wp-content\/uploads\/2013\/02\/Death-By-Hamburger-2001_fg700wider.jpg 700w\" sizes=\"(max-width: 180px) 100vw, 180px\" \/><\/a> Jo, bes\u00f6ker <a href=\"http:\/\/fotografiska.eu\/Museet\/Utstaellningar\/Burning-Beauty\" target=\"_blank\"><strong>Fotografiska<\/strong><\/a>! <a href=\"http:\/\/www.filindeblogg.nu\/?attachment_id=43674\" rel=\"attachment wp-att-43674\"><img loading=\"lazy\" class=\"alignnone size-full wp-image-43674\" title=\"logo-museum\" src=\"http:\/\/www.filindeblogg.nu\/wp-content\/uploads\/2013\/02\/logo-museum.gif\" alt=\"\" width=\"82\" height=\"100\" \/><\/a><\/p>\n<p>Bilder fr\u00e5n det bes\u00f6ket kommer imorgon! <a href=\"http:\/\/www.filindeblogg.nu\/?attachment_id=43676\" rel=\"attachment wp-att-43676\"><img loading=\"lazy\" class=\"alignnone  wp-image-43676\" title=\"Style: &quot;vvv&quot;\" src=\"http:\/\/www.filindeblogg.nu\/wp-content\/uploads\/2013\/02\/The-Beatification-I-ll-Never-Let-You-Part-For-You-re-Always-In-My-Heart-2009_fg700wider-300x198.jpg\" alt=\"\" width=\"180\" height=\"119\" srcset=\"https:\/\/www.filindeblogg.nu\/wp-content\/uploads\/2013\/02\/The-Beatification-I-ll-Never-Let-You-Part-For-You-re-Always-In-My-Heart-2009_fg700wider-300x198.jpg 300w, https:\/\/www.filindeblogg.nu\/wp-content\/uploads\/2013\/02\/The-Beatification-I-ll-Never-Let-You-Part-For-You-re-Always-In-My-Heart-2009_fg700wider.jpg 700w\" sizes=\"(max-width: 180px) 100vw, 180px\" \/><\/a><\/p>\n<p>Ha en fin m\u00e5ndag och gl\u00f6m inte \u00f6ronpropparna om du inte st\u00e5r ut med oljudet&#8230;<\/p>\n<p><a href=\"http:\/\/www.filindeblogg.nu\/?attachment_id=43677\" rel=\"attachment wp-att-43677\"><img loading=\"lazy\" class=\"alignnone  wp-image-43677\" title=\"Kalenderblad\" src=\"http:\/\/www.filindeblogg.nu\/wp-content\/uploads\/2013\/02\/Kalenderblad17.jpg\" alt=\"\" width=\"109\" height=\"79\" \/><\/a><strong>Frida<\/strong> och <strong>Fritiof<\/strong> har namnsdag idag!<strong> Grattis!<\/strong> <a href=\"http:\/\/www.filindeblogg.nu\/?attachment_id=43678\" rel=\"attachment wp-att-43678\"><img loading=\"lazy\" class=\"alignnone  wp-image-43678\" title=\"vykort flicka - Kopia\" src=\"http:\/\/www.filindeblogg.nu\/wp-content\/uploads\/2013\/02\/vykort-flicka-Kopia18.jpg\" alt=\"\" width=\"47\" height=\"83\" \/><\/a><\/p>\n<p>&nbsp;<\/p>\n","protected":false},"excerpt":{"rendered":"<p>\u00a0En sak jag alltid tar med p\u00e5 resa \u00e4r \u00f6ronproppar! Oumb\u00e4rligt om man vill kunna sova gott en hel natt i olika milj\u00f6er. Men det finns ju en uppsj\u00f6 av proppar! DN hade den h\u00e4r testen f\u00f6rra veckan: Av n\u00e5gon m\u00e4rklig anledning finns aldrig de \u00f6ronproppar med i tester som jag anv\u00e4nder. F\u00f6rr s\u00e5ldes JF:s [&hellip;]<\/p>\n","protected":false},"author":1,"featured_media":0,"comment_status":"open","ping_status":"open","sticky":false,"template":"","format":"standard","meta":[],"categories":[100,149,141,101],"tags":[],"_links":{"self":[{"href":"https:\/\/www.filindeblogg.nu\/index.php?rest_route=\/wp\/v2\/posts\/43660"}],"collection":[{"href":"https:\/\/www.filindeblogg.nu\/index.php?rest_route=\/wp\/v2\/posts"}],"about":[{"href":"https:\/\/www.filindeblogg.nu\/index.php?rest_route=\/wp\/v2\/types\/post"}],"author":[{"embeddable":true,"href":"https:\/\/www.filindeblogg.nu\/index.php?rest_route=\/wp\/v2\/users\/1"}],"replies":[{"embeddable":true,"href":"https:\/\/www.filindeblogg.nu\/index.php?rest_route=%2Fwp%2Fv2%2Fcomments&post=43660"}],"version-history":[{"count":10,"href":"https:\/\/www.filindeblogg.nu\/index.php?rest_route=\/wp\/v2\/posts\/43660\/revisions"}],"predecessor-version":[{"id":43688,"href":"https:\/\/www.filindeblogg.nu\/index.php?rest_route=\/wp\/v2\/posts\/43660\/revisions\/43688"}],"wp:attachment":[{"href":"https:\/\/www.filindeblogg.nu\/index.php?rest_route=%2Fwp%2Fv2%2Fmedia&parent=43660"}],"wp:term":[{"taxonomy":"category","embeddable":true,"href":"https:\/\/www.filindeblogg.nu\/index.php?rest_route=%2Fwp%2Fv2%2Fcategories&post=43660"},{"taxonomy":"post_tag","embeddable":true,"href":"https:\/\/www.filindeblogg.nu\/index.php?rest_route=%2Fwp%2Fv2%2Ftags&post=43660"}],"curies":[{"name":"wp","href":"https:\/\/api.w.org\/{rel}","templated":true}]}}