{"id":42021,"date":"2013-01-17T08:25:49","date_gmt":"2013-01-17T07:25:49","guid":{"rendered":"http:\/\/www.filindeblogg.nu\/?p=42021"},"modified":"2013-01-17T08:25:49","modified_gmt":"2013-01-17T07:25:49","slug":"man-kan-alltid-skylla-pa-bilisterna","status":"publish","type":"post","link":"https:\/\/www.filindeblogg.nu\/?p=42021","title":{"rendered":"Man kan alltid skylla p\u00e5 bilisterna&#8230;"},"content":{"rendered":"<p><a href=\"http:\/\/www.filindeblogg.nu\/?attachment_id=42022\" rel=\"attachment wp-att-42022\"><img loading=\"lazy\" class=\"alignnone size-medium wp-image-42022\" title=\"flygbild p\u00e5 masskrocken vid Klippan ur Aftonbladet 15 jan13\" src=\"http:\/\/www.filindeblogg.nu\/wp-content\/uploads\/2013\/01\/flygbild-p\u00e5-masskrocken-vid-Klippan-ur-Aftonbladet-15-jan131-300x107.jpg\" alt=\"\" width=\"300\" height=\"107\" srcset=\"https:\/\/www.filindeblogg.nu\/wp-content\/uploads\/2013\/01\/flygbild-p\u00e5-masskrocken-vid-Klippan-ur-Aftonbladet-15-jan131-300x107.jpg 300w, https:\/\/www.filindeblogg.nu\/wp-content\/uploads\/2013\/01\/flygbild-p\u00e5-masskrocken-vid-Klippan-ur-Aftonbladet-15-jan131.jpg 825w\" sizes=\"(max-width: 300px) 100vw, 300px\" \/><\/a> <em><br \/>\n&#8221;Man kan alltid skylla p\u00e5 bilisterna&#8221;<\/em>, klagar <strong>Sveriges \u00c5kerif\u00f6retag<\/strong> i <a href=\"http:\/\/www.svd.se\/nyheter\/inrikes\/man-kan-alltid-skylla-pa-bilisterna_7831348.svd\" target=\"_blank\"><strong>Svenska Dagbladet<\/strong><\/a>. Detta med anledning av masskrocken p\u00e5 <strong>Tranarpsbron<\/strong> i <strong>Sk\u00e5ne<\/strong> h\u00e4r om dagen.<br \/>\n<strong>Johan Lindstr\u00f6m<\/strong>, VD p\u00e5 Sveriges \u00c5kerif\u00f6retag, menar att <strong>Trafikverket<\/strong> b\u00f6r rannsaka sig sj\u00e4lva ocks\u00e5<a href=\"http:\/\/hd.se\/helsingborg\/2013\/01\/16\/trafikverket-inga-brister-i\/\" target=\"_blank\">.<\/a><\/p>\n<p>Bloggaren h\u00e5ller med! Trafikverket ansvarar f\u00f6r planeringen av transportsystem i<strong> Sverige<\/strong> och d\u00e4r ing\u00e5r naturligtvis v\u00e4gar och placeringen av dessa.<\/p>\n<p>Det \u00e4r ingen nyhet att dimma f\u00f6rorsakar krockar d\u00e5 sikten minskar och var v\u00e4gar och broar placeras \u00e4r viktiga parametrar f\u00f6r att eliminera olyckor<a href=\"http:\/\/www.expressen.se\/kvp\/polisteorin-sa-borjade-masskrocken-i-skane\/\" target=\"_blank\">. <\/a><br \/>\nBloggaren brukar titta p\u00e5 <strong><em>&#8221;<a href=\"http:\/\/www.forensicfiles.com\/\" target=\"_blank\">Forensic files<\/a>&#8221;<\/em><\/strong> (<strong><em>&#8221;Brottsplats USA&#8221;<\/em><\/strong> \u00e4r namnet p\u00e5 <strong>TV4 Fakta<\/strong>) och d\u00e4r har jag sett hur massiv dimma orsakat stort trafikkaos. <a href=\"http:\/\/www.filindeblogg.nu\/?attachment_id=42023\" rel=\"attachment wp-att-42023\"><img loading=\"lazy\" class=\"alignnone size-medium wp-image-42023\" title=\"Masskrock USA pga dimma\" src=\"http:\/\/www.filindeblogg.nu\/wp-content\/uploads\/2013\/01\/Masskrock-USA-pga-dimma-300x194.jpg\" alt=\"\" width=\"300\" height=\"194\" srcset=\"https:\/\/www.filindeblogg.nu\/wp-content\/uploads\/2013\/01\/Masskrock-USA-pga-dimma-300x194.jpg 300w, https:\/\/www.filindeblogg.nu\/wp-content\/uploads\/2013\/01\/Masskrock-USA-pga-dimma.jpg 607w\" sizes=\"(max-width: 300px) 100vw, 300px\" \/><\/a> (<strong>Tenessee, USA<\/strong>)<\/p>\n<p>Anledningen har bland annat varit att broar dragits \u00f6ver vattendrag d\u00e4r dimma l\u00e4tt uppst\u00e5r<a href=\"http:\/\/www.aftonbladet.se\/senastenytt\/ttnyheter\/inrikes\/article16082660.ab\" target=\"_blank\">.<\/a><br \/>\n<strong>Tranarpsbron<\/strong>, d\u00e4r den gigantiska trafikolyckan intr\u00e4ffade i tisdags ligger intill <strong>R\u00f6nne \u00e5<\/strong><a href=\"http:\/\/www.dn.se\/nyheter\/sverige\/nya-krav-pa-vinterdack-for-tunga-fordon\" target=\"_blank\">. <\/a><a href=\"http:\/\/www.filindeblogg.nu\/?attachment_id=42043\" rel=\"attachment wp-att-42043\"><img loading=\"lazy\" class=\"alignnone  wp-image-42043\" title=\"Dimma Tranarpsbron\" src=\"http:\/\/www.filindeblogg.nu\/wp-content\/uploads\/2013\/01\/Dimma-Tranarpsbron-300x168.jpg\" alt=\"\" width=\"180\" height=\"101\" srcset=\"https:\/\/www.filindeblogg.nu\/wp-content\/uploads\/2013\/01\/Dimma-Tranarpsbron-300x168.jpg 300w, https:\/\/www.filindeblogg.nu\/wp-content\/uploads\/2013\/01\/Dimma-Tranarpsbron.jpg 520w\" sizes=\"(max-width: 180px) 100vw, 180px\" \/><\/a><\/p>\n<p><em>&#8221;\u2013 D\u00e4rf\u00f6r \u00e4r det ett ganska litet tillskott av fukt som beh\u00f6vs f\u00f6r dimbildning, s\u00e4ger <strong>Christian Rosander<\/strong>, meteorolog p\u00e5 <strong>SMHI<\/strong>. \u2013 P\u00e5 den h\u00e4r platsen har vi R\u00f6nne \u00e5 som rinner d\u00e4runder med \u00f6ppet vatten och n\u00e5gra plusgrader som tillf\u00f6r fukt underifr\u00e5n hela tiden. V\u00e4gbiten ligger dessutom i en svacka vilket g\u00f6r att den fuktiga luften stannar kvar.&#8221;<\/em><br \/>\n<a href=\"http:\/\/sverigesradio.se\/sida\/artikel.aspx?programid=101&amp;artikel=5411442\" target=\"_blank\"><strong>H\u00c4R<\/strong><\/a> kan ni l\u00e4sa mera om vad meterologen s\u00e4ger till P4 Kristianstad.<\/p>\n<p><a href=\"http:\/\/www.filindeblogg.nu\/?attachment_id=42024\" rel=\"attachment wp-att-42024\"><img loading=\"lazy\" class=\"alignnone size-full wp-image-42024\" title=\"R\u00f6nne \u00e5\" src=\"http:\/\/www.filindeblogg.nu\/wp-content\/uploads\/2013\/01\/R\u00f6nne-\u00e5.jpg\" alt=\"\" width=\"200\" height=\"151\" \/><\/a> H\u00e4r en bild p\u00e5 R\u00f6nne \u00e5 n\u00e4ra Tranarpsbron ur <strong>Helsingborgs Dagblad<\/strong> juli 2007. Vattnet drabbar \u00e4ven sommartid &#8211; h\u00e4r med en stor \u00f6versv\u00e4mning.<\/p>\n<p>Det har konstaterats att alla bilar som var inblandade i olyckan i Sk\u00e5ne hade lagliga d\u00e4ck. F\u00f6rmodligen h\u00f6ll en del f\u00f6r h\u00f6g hastighet och m\u00e5nga &#8221;gl\u00f6mde bort&#8221; att h\u00e5lla avst\u00e5nd &#8211; men det \u00e4r inte ens fel n\u00e4r tv\u00e5 tr\u00e4ter, s\u00e4ger ordspr\u00e5ket. Trafikverket har sin del i ansvaret, det s\u00e4tter jag en slant p\u00e5.<\/p>\n<p><a href=\"http:\/\/www.filindeblogg.nu\/?attachment_id=42025\" rel=\"attachment wp-att-42025\"><img loading=\"lazy\" class=\"alignnone size-full wp-image-42025\" title=\"Trafikl\u00e4get via VLT\" src=\"http:\/\/www.filindeblogg.nu\/wp-content\/uploads\/2013\/01\/Trafikl\u00e4get-via-VLT.jpg\" alt=\"\" width=\"120\" height=\"80\" \/><\/a> <strong>V\u00e4stmanlands l\u00e4ns tidning<\/strong> visar hur det s\u00e5g ut i h\u00e4r i <strong>V\u00e4stmanland<\/strong> i veckan. Oavsett hur felaktigt v\u00e4gar \u00e4n byggs och hur d\u00e5ligt v\u00e4dret \u00e4n \u00e4r &#8211; anpassa hastigheten och h\u00e5ll avst\u00e5ndet!<\/p>\n<p>P\u00e5 tal om v\u00e4gar och bilar som b\u00f6r h\u00e5lla m\u00e5ttet &#8211; bloggaren ska g\u00f6ra ett bes\u00f6k h\u00e4r idag: <a href=\"http:\/\/www.filindeblogg.nu\/?attachment_id=42027\" rel=\"attachment wp-att-42027\"><img loading=\"lazy\" class=\"alignnone size-full wp-image-42027\" title=\"Bilprovningen logga\" src=\"http:\/\/www.filindeblogg.nu\/wp-content\/uploads\/2013\/01\/Bilprovningen-logga.jpg\" alt=\"\" width=\"131\" height=\"74\" \/><\/a> Ett bra s\u00e4tt att h\u00e5lla koll p\u00e5 sin bil &#8211; kanske&#8230;<br \/>\nNumera kan ju &#8221;vem som helst&#8221; starta bilprovning och man undrar ju om inte pengarna kommer att regera h\u00e4r ocks\u00e5. D.v.s. popul\u00e4raste bilprovningen \u00e4r den som hittar minst anm\u00e4rkningar p\u00e5 bilen &#8211; vilket g\u00f6r fler kunder och mer klirr i kassan. Hur g\u00e5r det med s\u00e4kerheten d\u00e5?<br \/>\nEller har jag fel? Hur har det g\u00e5tt med utf\u00f6rs\u00e4ljningen av \u00e4ldreomsorgen och titta p\u00e5 friskolorna. Apotek finns det en uppsj\u00f6 av &#8211; mycket f\u00f6rvirrande f\u00f6r kunderna &#8211; och posten fungerar mycket s\u00e4mre idag med fler akt\u00f6rer.<\/p>\n<p>Hur som helst &#8211; oavsett p\u00e5litliga bilbesiktare eller inte &#8211; bloggaren f\u00f6rs\u00f6ker se till att ha sin bil s\u00e5 trafiks\u00e4ker som det bara \u00e4r m\u00f6jligt. Dessutom anpassar jag alltid k\u00f6rningen till omst\u00e4ndigheterna. \ud83d\ude42 <a href=\"http:\/\/www.filindeblogg.nu\/?attachment_id=42028\" rel=\"attachment wp-att-42028\"><img loading=\"lazy\" class=\"alignnone  wp-image-42028\" title=\"Susanne cool tror hon\" src=\"http:\/\/www.filindeblogg.nu\/wp-content\/uploads\/2013\/01\/Susanne-cool-tror-hon-300x225.jpg\" alt=\"\" width=\"86\" height=\"65\" srcset=\"https:\/\/www.filindeblogg.nu\/wp-content\/uploads\/2013\/01\/Susanne-cool-tror-hon-300x225.jpg 300w, https:\/\/www.filindeblogg.nu\/wp-content\/uploads\/2013\/01\/Susanne-cool-tror-hon.jpg 461w\" sizes=\"(max-width: 86px) 100vw, 86px\" \/><\/a><\/p>\n<p style=\"text-align: center;\">Hurra f\u00f6r <strong>Anton<\/strong> och <strong>Tony<\/strong>! <a href=\"http:\/\/www.filindeblogg.nu\/?attachment_id=42029\" rel=\"attachment wp-att-42029\"><img loading=\"lazy\" class=\"alignnone  wp-image-42029\" title=\"Kalenderblad\" src=\"http:\/\/www.filindeblogg.nu\/wp-content\/uploads\/2013\/01\/Kalenderblad16.jpg\" alt=\"\" width=\"109\" height=\"79\" \/><\/a><br \/>\n<a href=\"http:\/\/www.filindeblogg.nu\/?attachment_id=42030\" rel=\"attachment wp-att-42030\"><img loading=\"lazy\" class=\"alignnone  wp-image-42030\" title=\"vykort flicka - Kopia\" src=\"http:\/\/www.filindeblogg.nu\/wp-content\/uploads\/2013\/01\/vykort-flicka-Kopia16.jpg\" alt=\"\" width=\"47\" height=\"83\" \/><\/a> De \u00e4r dagens namnsdagsbarn idag! <strong>Grattis!<\/strong><\/p>\n","protected":false},"excerpt":{"rendered":"<p>&#8221;Man kan alltid skylla p\u00e5 bilisterna&#8221;, klagar Sveriges \u00c5kerif\u00f6retag i Svenska Dagbladet. Detta med anledning av masskrocken p\u00e5 Tranarpsbron i Sk\u00e5ne h\u00e4r om dagen. Johan Lindstr\u00f6m, VD p\u00e5 Sveriges \u00c5kerif\u00f6retag, menar att Trafikverket b\u00f6r rannsaka sig sj\u00e4lva ocks\u00e5. Bloggaren h\u00e5ller med! Trafikverket ansvarar f\u00f6r planeringen av transportsystem i Sverige och d\u00e4r ing\u00e5r naturligtvis v\u00e4gar och [&hellip;]<\/p>\n","protected":false},"author":1,"featured_media":0,"comment_status":"open","ping_status":"open","sticky":false,"template":"","format":"standard","meta":[],"categories":[131,100,149,151,101,153],"tags":[],"_links":{"self":[{"href":"https:\/\/www.filindeblogg.nu\/index.php?rest_route=\/wp\/v2\/posts\/42021"}],"collection":[{"href":"https:\/\/www.filindeblogg.nu\/index.php?rest_route=\/wp\/v2\/posts"}],"about":[{"href":"https:\/\/www.filindeblogg.nu\/index.php?rest_route=\/wp\/v2\/types\/post"}],"author":[{"embeddable":true,"href":"https:\/\/www.filindeblogg.nu\/index.php?rest_route=\/wp\/v2\/users\/1"}],"replies":[{"embeddable":true,"href":"https:\/\/www.filindeblogg.nu\/index.php?rest_route=%2Fwp%2Fv2%2Fcomments&post=42021"}],"version-history":[{"count":28,"href":"https:\/\/www.filindeblogg.nu\/index.php?rest_route=\/wp\/v2\/posts\/42021\/revisions"}],"predecessor-version":[{"id":42059,"href":"https:\/\/www.filindeblogg.nu\/index.php?rest_route=\/wp\/v2\/posts\/42021\/revisions\/42059"}],"wp:attachment":[{"href":"https:\/\/www.filindeblogg.nu\/index.php?rest_route=%2Fwp%2Fv2%2Fmedia&parent=42021"}],"wp:term":[{"taxonomy":"category","embeddable":true,"href":"https:\/\/www.filindeblogg.nu\/index.php?rest_route=%2Fwp%2Fv2%2Fcategories&post=42021"},{"taxonomy":"post_tag","embeddable":true,"href":"https:\/\/www.filindeblogg.nu\/index.php?rest_route=%2Fwp%2Fv2%2Ftags&post=42021"}],"curies":[{"name":"wp","href":"https:\/\/api.w.org\/{rel}","templated":true}]}}