{"id":40656,"date":"2012-12-07T12:38:28","date_gmt":"2012-12-07T11:38:28","guid":{"rendered":"http:\/\/www.filindeblogg.nu\/?p=40656"},"modified":"2012-12-07T12:39:01","modified_gmt":"2012-12-07T11:39:01","slug":"kyla-sno-och-elander-eller","status":"publish","type":"post","link":"https:\/\/www.filindeblogg.nu\/?p=40656","title":{"rendered":"Kyla, sn\u00f6 och el\u00e4nde! Eller?"},"content":{"rendered":"<p><a href=\"http:\/\/www.filindeblogg.nu\/?attachment_id=40657\" rel=\"attachment wp-att-40657\"><img loading=\"lazy\" class=\"alignnone  wp-image-40657\" title=\"IMG_0999 (5)\" src=\"http:\/\/www.filindeblogg.nu\/wp-content\/uploads\/2012\/12\/IMG_0999-5-225x300.jpg\" alt=\"\" width=\"95\" height=\"126\" srcset=\"https:\/\/www.filindeblogg.nu\/wp-content\/uploads\/2012\/12\/IMG_0999-5-225x300.jpg 225w, https:\/\/www.filindeblogg.nu\/wp-content\/uploads\/2012\/12\/IMG_0999-5.jpg 450w\" sizes=\"(max-width: 95px) 100vw, 95px\" \/><\/a> N\u00e4rbild p\u00e5 en som INTE gillar kyla &#8211;<strong> Felix!<\/strong><br \/>\nS\u00e5 h\u00e4r kan det se ut&#8230;<\/p>\n<p><a href=\"http:\/\/www.filindeblogg.nu\/?attachment_id=40658\" rel=\"attachment wp-att-40658\"><img loading=\"lazy\" class=\"alignnone  wp-image-40658\" title=\"IMG_1000 (5)\" src=\"http:\/\/www.filindeblogg.nu\/wp-content\/uploads\/2012\/12\/IMG_1000-5-225x300.jpg\" alt=\"\" width=\"135\" height=\"180\" srcset=\"https:\/\/www.filindeblogg.nu\/wp-content\/uploads\/2012\/12\/IMG_1000-5-225x300.jpg 225w, https:\/\/www.filindeblogg.nu\/wp-content\/uploads\/2012\/12\/IMG_1000-5.jpg 450w\" sizes=\"(max-width: 135px) 100vw, 135px\" \/><\/a> F\u00f6rst vill Felix g\u00e5 ut! Eller inte&#8230; D\u00f6rren \u00f6ppen eftersom kattluckan ratas och \u00e4nd\u00e5 tvekar han&#8230;<\/p>\n<p>Men nu d\u00e5? <a href=\"http:\/\/www.filindeblogg.nu\/?attachment_id=40659\" rel=\"attachment wp-att-40659\"><img loading=\"lazy\" class=\"alignnone  wp-image-40659\" title=\"IMG_1001 (5)\" src=\"http:\/\/www.filindeblogg.nu\/wp-content\/uploads\/2012\/12\/IMG_1001-5-225x300.jpg\" alt=\"\" width=\"135\" height=\"180\" srcset=\"https:\/\/www.filindeblogg.nu\/wp-content\/uploads\/2012\/12\/IMG_1001-5-225x300.jpg 225w, https:\/\/www.filindeblogg.nu\/wp-content\/uploads\/2012\/12\/IMG_1001-5.jpg 450w\" sizes=\"(max-width: 135px) 100vw, 135px\" \/><\/a> F\u00f6rsiktigt tittar han ut med nosen&#8230;<\/p>\n<p>Sen v\u00e4nder han kvickt och springer in igen! <a href=\"http:\/\/www.filindeblogg.nu\/?attachment_id=40660\" rel=\"attachment wp-att-40660\"><img loading=\"lazy\" class=\"alignnone  wp-image-40660\" title=\"IMG_1002 (5)\" src=\"http:\/\/www.filindeblogg.nu\/wp-content\/uploads\/2012\/12\/IMG_1002-5-225x300.jpg\" alt=\"\" width=\"135\" height=\"180\" srcset=\"https:\/\/www.filindeblogg.nu\/wp-content\/uploads\/2012\/12\/IMG_1002-5-225x300.jpg 225w, https:\/\/www.filindeblogg.nu\/wp-content\/uploads\/2012\/12\/IMG_1002-5.jpg 450w\" sizes=\"(max-width: 135px) 100vw, 135px\" \/><\/a> -17 som det var n\u00e4r dessa bilder togs \u00e4r absolut ingen temperatur f\u00f6r katter!<\/p>\n<p>Och v\u00e4rre blev det&#8230; S\u00e5 h\u00e4r s\u00e5g det ut i onsdags i<strong> \u00d6rebrotrakten<\/strong>. <a href=\"http:\/\/www.filindeblogg.nu\/?attachment_id=40661\" rel=\"attachment wp-att-40661\"><img loading=\"lazy\" class=\"alignnone size-medium wp-image-40661\" title=\"Trafikolyckor Foto Risberg\" src=\"http:\/\/www.filindeblogg.nu\/wp-content\/uploads\/2012\/12\/Trafikolyckor-Foto-Risberg-300x136.jpg\" alt=\"\" width=\"300\" height=\"136\" srcset=\"https:\/\/www.filindeblogg.nu\/wp-content\/uploads\/2012\/12\/Trafikolyckor-Foto-Risberg-300x136.jpg 300w, https:\/\/www.filindeblogg.nu\/wp-content\/uploads\/2012\/12\/Trafikolyckor-Foto-Risberg.jpg 320w\" sizes=\"(max-width: 300px) 100vw, 300px\" \/><\/a> (Foto:H\u00e5kan Risberg) Bloggaren med familj var tyv\u00e4rr ute och for med bilen just den dagen och d\u00e5 h\u00f6ll man i ratten vill jag lova &#8211; och var l\u00e4tt p\u00e5 foten vad g\u00e4ller bromspedalen!<br \/>\nFlera bilar i diket och n\u00e4r vi s\u00e5g en man f\u00f6rs\u00f6ka kl\u00e4ttra upp och ut genom d\u00f6rren p\u00e5 bilen som l\u00e5g p\u00e5 sidan p\u00e5 ett g\u00e4rde ringde dottern 112. Ot\u00e4ckt var det! Tyv\u00e4rr f\u00f6rv\u00e4rrades situationen av att vissa bilister inte tog h\u00e4nsyn till vare sig v\u00e4derleken eller medtrafikanter utan k\u00f6rde fort och f\u00f6rs\u00f6kte k\u00f6ra om och orsakade ot\u00e4cka tillbud. <a href=\"http:\/\/www.filindeblogg.nu\/?attachment_id=40662\" rel=\"attachment wp-att-40662\"><img loading=\"lazy\" class=\"alignnone size-medium wp-image-40662\" title=\"Bilder NA\" src=\"http:\/\/www.filindeblogg.nu\/wp-content\/uploads\/2012\/12\/Bilder-NA-300x168.jpg\" alt=\"\" width=\"300\" height=\"168\" srcset=\"https:\/\/www.filindeblogg.nu\/wp-content\/uploads\/2012\/12\/Bilder-NA-300x168.jpg 300w, https:\/\/www.filindeblogg.nu\/wp-content\/uploads\/2012\/12\/Bilder-NA.jpg 650w\" sizes=\"(max-width: 300px) 100vw, 300px\" \/><\/a> (Foto: <a href=\"http:\/\/na.se\/nyheter\/orebro\/1.1905448-karta-har-ar-alla-olyckorna\" target=\"_blank\"><strong>NA<\/strong><\/a>)<\/p>\n<p>Massor av sn\u00f6 kom det p\u00e5 kort tid i onsdags. <a href=\"http:\/\/www.filindeblogg.nu\/?attachment_id=40663\" rel=\"attachment wp-att-40663\"><img loading=\"lazy\" class=\"alignnone  wp-image-40663\" title=\"IMG_1057 (5)\" src=\"http:\/\/www.filindeblogg.nu\/wp-content\/uploads\/2012\/12\/IMG_1057-5-225x300.jpg\" alt=\"\" width=\"135\" height=\"180\" srcset=\"https:\/\/www.filindeblogg.nu\/wp-content\/uploads\/2012\/12\/IMG_1057-5-225x300.jpg 225w, https:\/\/www.filindeblogg.nu\/wp-content\/uploads\/2012\/12\/IMG_1057-5.jpg 450w\" sizes=\"(max-width: 135px) 100vw, 135px\" \/><\/a> Och det har fortsatt att sn\u00f6a. <a href=\"http:\/\/www.filindeblogg.nu\/?attachment_id=40664\" rel=\"attachment wp-att-40664\"><img loading=\"lazy\" class=\"alignnone  wp-image-40664\" title=\"IMG_1075 (4)\" src=\"http:\/\/www.filindeblogg.nu\/wp-content\/uploads\/2012\/12\/IMG_1075-4-300x225.jpg\" alt=\"\" width=\"180\" height=\"135\" srcset=\"https:\/\/www.filindeblogg.nu\/wp-content\/uploads\/2012\/12\/IMG_1075-4-300x225.jpg 300w, https:\/\/www.filindeblogg.nu\/wp-content\/uploads\/2012\/12\/IMG_1075-4.jpg 600w\" sizes=\"(max-width: 180px) 100vw, 180px\" \/><\/a><\/p>\n<p>Om man nu valde att ta t\u00e5get ist\u00e4llet f\u00f6r bilen var det lika besv\u00e4rligt&#8230; <a href=\"http:\/\/www.filindeblogg.nu\/?attachment_id=40665\" rel=\"attachment wp-att-40665\"><img loading=\"lazy\" class=\"alignnone  wp-image-40665\" title=\"IMG_1048 (5)\" src=\"http:\/\/www.filindeblogg.nu\/wp-content\/uploads\/2012\/12\/IMG_1048-5-225x300.jpg\" alt=\"\" width=\"135\" height=\"180\" srcset=\"https:\/\/www.filindeblogg.nu\/wp-content\/uploads\/2012\/12\/IMG_1048-5-225x300.jpg 225w, https:\/\/www.filindeblogg.nu\/wp-content\/uploads\/2012\/12\/IMG_1048-5.jpg 450w\" sizes=\"(max-width: 135px) 100vw, 135px\" \/><\/a> T\u00e5get mot <strong>G\u00f6teborg<\/strong> blev tv\u00e5 timmar f\u00f6rsenat i onsdags kv\u00e4ll.<\/p>\n<p>Ig\u00e5r kom t\u00e5get mot <strong>Stockholm<\/strong> i tid till <strong>Arboga<\/strong> vilket f\u00f6rv\u00e5nade oss! Men &#8211; sen h\u00e4nde det h\u00e4r. <a href=\"http:\/\/www.filindeblogg.nu\/?attachment_id=40666\" rel=\"attachment wp-att-40666\"><img loading=\"lazy\" class=\"alignnone  wp-image-40666\" title=\"IMG_1084 (5)\" src=\"http:\/\/www.filindeblogg.nu\/wp-content\/uploads\/2012\/12\/IMG_1084-5-225x300.jpg\" alt=\"\" width=\"135\" height=\"180\" srcset=\"https:\/\/www.filindeblogg.nu\/wp-content\/uploads\/2012\/12\/IMG_1084-5-225x300.jpg 225w, https:\/\/www.filindeblogg.nu\/wp-content\/uploads\/2012\/12\/IMG_1084-5.jpg 450w\" sizes=\"(max-width: 135px) 100vw, 135px\" \/><\/a> 10 minuters f\u00f6rsenad avg\u00e5ng p\u00e5 grund av isigt fotsteg s\u00e5 d\u00f6rren inte gick att st\u00e4nga&#8230; <a href=\"http:\/\/www.filindeblogg.nu\/?attachment_id=40667\" rel=\"attachment wp-att-40667\"><img loading=\"lazy\" class=\"alignnone  wp-image-40667\" title=\"IMG_1083 (5)\" src=\"http:\/\/www.filindeblogg.nu\/wp-content\/uploads\/2012\/12\/IMG_1083-5-225x300.jpg\" alt=\"\" width=\"135\" height=\"180\" srcset=\"https:\/\/www.filindeblogg.nu\/wp-content\/uploads\/2012\/12\/IMG_1083-5-225x300.jpg 225w, https:\/\/www.filindeblogg.nu\/wp-content\/uploads\/2012\/12\/IMG_1083-5.jpg 450w\" sizes=\"(max-width: 135px) 100vw, 135px\" \/><\/a> Det \u00e4r lokf\u00f6raren som fick l\u00e4mna sin hytt och tillsammans med en annan ur t\u00e5gpersonalen f\u00f6rs\u00f6ka fixa det hela.<\/p>\n<p>Kyla, sn\u00f6 och el\u00e4nde! Men ocks\u00e5 positiva saker! Det \u00e4r vackert ute och det kommer f\u00e5glar till f\u00e5gelfr\u00f6automaten hos bloggaren! <a href=\"http:\/\/www.filindeblogg.nu\/?attachment_id=40668\" rel=\"attachment wp-att-40668\"><img loading=\"lazy\" class=\"alignnone  wp-image-40668\" title=\"IMG_1067 (4)\" src=\"http:\/\/www.filindeblogg.nu\/wp-content\/uploads\/2012\/12\/IMG_1067-4-225x300.jpg\" alt=\"\" width=\"158\" height=\"210\" srcset=\"https:\/\/www.filindeblogg.nu\/wp-content\/uploads\/2012\/12\/IMG_1067-4-225x300.jpg 225w, https:\/\/www.filindeblogg.nu\/wp-content\/uploads\/2012\/12\/IMG_1067-4.jpg 450w\" sizes=\"(max-width: 158px) 100vw, 158px\" \/><\/a> Talgoxar f\u00f6rst\u00e5s! Men ocks\u00e5 en vig skata! <a href=\"http:\/\/www.filindeblogg.nu\/?attachment_id=40669\" rel=\"attachment wp-att-40669\"><img loading=\"lazy\" class=\"alignnone  wp-image-40669\" title=\"IMG_1020 (5)\" src=\"http:\/\/www.filindeblogg.nu\/wp-content\/uploads\/2012\/12\/IMG_1020-5-225x300.jpg\" alt=\"\" width=\"158\" height=\"210\" srcset=\"https:\/\/www.filindeblogg.nu\/wp-content\/uploads\/2012\/12\/IMG_1020-5-225x300.jpg 225w, https:\/\/www.filindeblogg.nu\/wp-content\/uploads\/2012\/12\/IMG_1020-5.jpg 450w\" sizes=\"(max-width: 158px) 100vw, 158px\" \/><\/a> Snabb med kameran var jag n\u00e4r den h\u00e4r lite mer ovanliga g\u00e4sten h\u00e4lsade p\u00e5! <a href=\"http:\/\/www.filindeblogg.nu\/?attachment_id=40670\" rel=\"attachment wp-att-40670\"><img loading=\"lazy\" class=\"alignnone  wp-image-40670\" title=\"IMG_1061 (4)\" src=\"http:\/\/www.filindeblogg.nu\/wp-content\/uploads\/2012\/12\/IMG_1061-4-225x300.jpg\" alt=\"\" width=\"158\" height=\"210\" srcset=\"https:\/\/www.filindeblogg.nu\/wp-content\/uploads\/2012\/12\/IMG_1061-4-225x300.jpg 225w, https:\/\/www.filindeblogg.nu\/wp-content\/uploads\/2012\/12\/IMG_1061-4.jpg 450w\" sizes=\"(max-width: 158px) 100vw, 158px\" \/><\/a><\/p>\n<p>Ist\u00e4llet f\u00f6r att frysa kan man mysa! Till exempel p\u00e5 <a href=\"http:\/\/www.hjalmarekanalcafe.se\/\" target=\"_blank\"><strong>Caf\u00e9 Tv\u00e5 Skator<\/strong> <\/a>i Arboga! <a href=\"http:\/\/www.filindeblogg.nu\/?attachment_id=40671\" rel=\"attachment wp-att-40671\"><img loading=\"lazy\" class=\"alignnone  wp-image-40671\" title=\"IMG_1043 (5)\" src=\"http:\/\/www.filindeblogg.nu\/wp-content\/uploads\/2012\/12\/IMG_1043-5-300x225.jpg\" alt=\"\" width=\"180\" height=\"135\" srcset=\"https:\/\/www.filindeblogg.nu\/wp-content\/uploads\/2012\/12\/IMG_1043-5-300x225.jpg 300w, https:\/\/www.filindeblogg.nu\/wp-content\/uploads\/2012\/12\/IMG_1043-5.jpg 600w\" sizes=\"(max-width: 180px) 100vw, 180px\" \/><\/a> Massor av fantastiska goda bakverk att v\u00e4lja p\u00e5! \u00c4ven pajer f\u00f6r den lite mer hungriga! <a href=\"http:\/\/www.filindeblogg.nu\/?attachment_id=40672\" rel=\"attachment wp-att-40672\"><img loading=\"lazy\" class=\"alignnone  wp-image-40672\" title=\"IMG_1034 (5)\" src=\"http:\/\/www.filindeblogg.nu\/wp-content\/uploads\/2012\/12\/IMG_1034-5-225x300.jpg\" alt=\"\" width=\"135\" height=\"180\" srcset=\"https:\/\/www.filindeblogg.nu\/wp-content\/uploads\/2012\/12\/IMG_1034-5-225x300.jpg 225w, https:\/\/www.filindeblogg.nu\/wp-content\/uploads\/2012\/12\/IMG_1034-5.jpg 450w\" sizes=\"(max-width: 135px) 100vw, 135px\" \/><\/a> Bloggaren valde V\u00e4sterbottenpaj med lax och mangos\u00e5s. Efterr\u00e4tt unnade jag mig ocks\u00e5! Det blev en gudomlig saffranspaj med vispgr\u00e4dde och hallon! G\u00f6r g\u00e4rna ett bes\u00f6k p\u00e5 detta f\u00f6rtr\u00e4ffliga caf\u00e9 som \u00e4r extra vintermysigt just nu!<\/p>\n<p><a href=\"http:\/\/www.filindeblogg.nu\/?attachment_id=40673\" rel=\"attachment wp-att-40673\"><img loading=\"lazy\" class=\"aligncenter size-medium wp-image-40673\" title=\"IMG_1031 (6)\" src=\"http:\/\/www.filindeblogg.nu\/wp-content\/uploads\/2012\/12\/IMG_1031-6-225x300.jpg\" alt=\"\" width=\"225\" height=\"300\" srcset=\"https:\/\/www.filindeblogg.nu\/wp-content\/uploads\/2012\/12\/IMG_1031-6-225x300.jpg 225w, https:\/\/www.filindeblogg.nu\/wp-content\/uploads\/2012\/12\/IMG_1031-6.jpg 450w\" sizes=\"(max-width: 225px) 100vw, 225px\" \/><\/a><\/p>\n<p>Vill ni inte ge er ut f\u00f6r att bes\u00f6ka caf\u00e9er och annat &#8211; g\u00f6r som katterna! Stanna hemma och mys! <strong>Vilda Wilma<\/strong>, mindre vild men h\u00f6gst upp p\u00e5 bokhyllan: <a href=\"http:\/\/www.filindeblogg.nu\/?attachment_id=40674\" rel=\"attachment wp-att-40674\"><img loading=\"lazy\" class=\"alignnone  wp-image-40674\" title=\"IMG_1085 (5)\" src=\"http:\/\/www.filindeblogg.nu\/wp-content\/uploads\/2012\/12\/IMG_1085-5-300x225.jpg\" alt=\"\" width=\"180\" height=\"135\" srcset=\"https:\/\/www.filindeblogg.nu\/wp-content\/uploads\/2012\/12\/IMG_1085-5-300x225.jpg 300w, https:\/\/www.filindeblogg.nu\/wp-content\/uploads\/2012\/12\/IMG_1085-5.jpg 600w\" sizes=\"(max-width: 180px) 100vw, 180px\" \/><\/a>\u00a0 Br\u00f6derna Brothers, <strong>Curry och Felix<\/strong>, h\u00e5ller sig mer p\u00e5 jorden &#8211; myser p\u00e5 s\u00e4ngen: <a href=\"http:\/\/www.filindeblogg.nu\/?attachment_id=40675\" rel=\"attachment wp-att-40675\"><img loading=\"lazy\" class=\"alignnone  wp-image-40675\" title=\"IMG_1087 (5)\" src=\"http:\/\/www.filindeblogg.nu\/wp-content\/uploads\/2012\/12\/IMG_1087-5-300x225.jpg\" alt=\"\" width=\"180\" height=\"135\" srcset=\"https:\/\/www.filindeblogg.nu\/wp-content\/uploads\/2012\/12\/IMG_1087-5-300x225.jpg 300w, https:\/\/www.filindeblogg.nu\/wp-content\/uploads\/2012\/12\/IMG_1087-5.jpg 600w\" sizes=\"(max-width: 180px) 100vw, 180px\" \/><\/a><\/p>\n<p><a href=\"http:\/\/www.filindeblogg.nu\/?attachment_id=40676\" rel=\"attachment wp-att-40676\"><img loading=\"lazy\" class=\"alignnone  wp-image-40676\" title=\"Kalenderblad\" src=\"http:\/\/www.filindeblogg.nu\/wp-content\/uploads\/2012\/12\/Kalenderblad5.jpg\" alt=\"\" width=\"109\" height=\"79\" \/><\/a><strong>Angela<\/strong> och<strong> Angelika &#8211;<\/strong> den \u00e4nglalika, som namnen betyder &#8211; har namnsdag idag. Varma gratulationer! <a href=\"http:\/\/www.filindeblogg.nu\/?attachment_id=40677\" rel=\"attachment wp-att-40677\"><img loading=\"lazy\" class=\"alignnone  wp-image-40677\" title=\"vykort flicka - Kopia\" src=\"http:\/\/www.filindeblogg.nu\/wp-content\/uploads\/2012\/12\/vykort-flicka-Kopia5.jpg\" alt=\"\" width=\"47\" height=\"83\" \/><\/a><\/p>\n<p style=\"text-align: center;\"><img loading=\"lazy\" class=\"aligncenter size-full wp-image-40678\" title=\"Skydds\u00e4ngel\" src=\"http:\/\/www.filindeblogg.nu\/wp-content\/uploads\/2012\/12\/Skydds\u00e4ngel.jpg\" alt=\"\" width=\"190\" height=\"265\" \/>En skydds\u00e4ngel kan vi alla beh\u00f6va<br \/>\nn\u00e4r v\u00e4derleken \u00e4r som den \u00e4r&#8230;<\/p>\n<p>&nbsp;<\/p>\n","protected":false},"excerpt":{"rendered":"<p>N\u00e4rbild p\u00e5 en som INTE gillar kyla &#8211; Felix! S\u00e5 h\u00e4r kan det se ut&#8230; F\u00f6rst vill Felix g\u00e5 ut! Eller inte&#8230; D\u00f6rren \u00f6ppen eftersom kattluckan ratas och \u00e4nd\u00e5 tvekar han&#8230; Men nu d\u00e5? F\u00f6rsiktigt tittar han ut med nosen&#8230; Sen v\u00e4nder han kvickt och springer in igen! -17 som det var n\u00e4r dessa bilder [&hellip;]<\/p>\n","protected":false},"author":1,"featured_media":0,"comment_status":"open","ping_status":"open","sticky":false,"template":"","format":"standard","meta":[],"categories":[127,41,142,100,149,141,101],"tags":[],"_links":{"self":[{"href":"https:\/\/www.filindeblogg.nu\/index.php?rest_route=\/wp\/v2\/posts\/40656"}],"collection":[{"href":"https:\/\/www.filindeblogg.nu\/index.php?rest_route=\/wp\/v2\/posts"}],"about":[{"href":"https:\/\/www.filindeblogg.nu\/index.php?rest_route=\/wp\/v2\/types\/post"}],"author":[{"embeddable":true,"href":"https:\/\/www.filindeblogg.nu\/index.php?rest_route=\/wp\/v2\/users\/1"}],"replies":[{"embeddable":true,"href":"https:\/\/www.filindeblogg.nu\/index.php?rest_route=%2Fwp%2Fv2%2Fcomments&post=40656"}],"version-history":[{"count":10,"href":"https:\/\/www.filindeblogg.nu\/index.php?rest_route=\/wp\/v2\/posts\/40656\/revisions"}],"predecessor-version":[{"id":40688,"href":"https:\/\/www.filindeblogg.nu\/index.php?rest_route=\/wp\/v2\/posts\/40656\/revisions\/40688"}],"wp:attachment":[{"href":"https:\/\/www.filindeblogg.nu\/index.php?rest_route=%2Fwp%2Fv2%2Fmedia&parent=40656"}],"wp:term":[{"taxonomy":"category","embeddable":true,"href":"https:\/\/www.filindeblogg.nu\/index.php?rest_route=%2Fwp%2Fv2%2Fcategories&post=40656"},{"taxonomy":"post_tag","embeddable":true,"href":"https:\/\/www.filindeblogg.nu\/index.php?rest_route=%2Fwp%2Fv2%2Ftags&post=40656"}],"curies":[{"name":"wp","href":"https:\/\/api.w.org\/{rel}","templated":true}]}}