{"id":39879,"date":"2012-11-16T10:59:39","date_gmt":"2012-11-16T09:59:39","guid":{"rendered":"http:\/\/www.filindeblogg.nu\/?p=39879"},"modified":"2012-11-16T10:59:39","modified_gmt":"2012-11-16T09:59:39","slug":"en-kall-varld","status":"publish","type":"post","link":"https:\/\/www.filindeblogg.nu\/?p=39879","title":{"rendered":"En kall v\u00e4rld"},"content":{"rendered":"<p><a href=\"http:\/\/www.filindeblogg.nu\/?attachment_id=39890\" rel=\"attachment wp-att-39890\"><img loading=\"lazy\" class=\"alignnone  wp-image-39890\" title=\"IMG_0695 (4)\" src=\"http:\/\/www.filindeblogg.nu\/wp-content\/uploads\/2012\/11\/IMG_0695-4-300x225.jpg\" alt=\"\" width=\"180\" height=\"135\" srcset=\"https:\/\/www.filindeblogg.nu\/wp-content\/uploads\/2012\/11\/IMG_0695-4-300x225.jpg 300w, https:\/\/www.filindeblogg.nu\/wp-content\/uploads\/2012\/11\/IMG_0695-4.jpg 600w\" sizes=\"(max-width: 180px) 100vw, 180px\" \/><\/a>\u00a0Vi verkar f\u00e5 en kallare och ov\u00e4nligare v\u00e4rld &#8211; \u00e4r det s\u00e5? Har vi gl\u00f6mt bort omtanke, k\u00e4nslor och empati? M\u00e5ste vi b\u00f6rja l\u00e4ra oss att krama varandra?<br \/>\nJag har i dagarna m\u00f6tt m\u00e4nniskor som f\u00e5r allt att fungera rationellt och praktiskt men gl\u00f6mmer v\u00e4rmen, omsorgen &#8211; en kram. <a href=\"http:\/\/www.filindeblogg.nu\/?attachment_id=39881\" rel=\"attachment wp-att-39881\"><img loading=\"lazy\" class=\"alignnone  wp-image-39881\" title=\"Kram_4900\" src=\"http:\/\/www.filindeblogg.nu\/wp-content\/uploads\/2012\/11\/Kram_4900-156x300.jpg\" alt=\"\" width=\"94\" height=\"180\" srcset=\"https:\/\/www.filindeblogg.nu\/wp-content\/uploads\/2012\/11\/Kram_4900-156x300.jpg 156w, https:\/\/www.filindeblogg.nu\/wp-content\/uploads\/2012\/11\/Kram_4900-533x1024.jpg 533w, https:\/\/www.filindeblogg.nu\/wp-content\/uploads\/2012\/11\/Kram_4900.jpg 535w\" sizes=\"(max-width: 94px) 100vw, 94px\" \/><\/a><\/p>\n<p>Vi har ocks\u00e5 sett hur intolerans och fr\u00e4mlingsfientlighet mer och mer f\u00e5r fotf\u00e4ste. <a href=\"http:\/\/www.filindeblogg.nu\/?attachment_id=39883\" rel=\"attachment wp-att-39883\"><img loading=\"lazy\" class=\"alignnone size-full wp-image-39883\" title=\"SD-affisch\" src=\"http:\/\/www.filindeblogg.nu\/wp-content\/uploads\/2012\/11\/SD-affisch1.jpg\" alt=\"\" width=\"280\" height=\"144\" \/><\/a>Precis som om vi inte alla \u00e4r m\u00e4nniskor av k\u00f6tt och blod, med k\u00e4nslor, \u00f6nskningar och f\u00f6rhoppningar.<br \/>\nPrecis som om vi inte alla n\u00e5gon g\u00e5ng varit i behov av st\u00f6d<a href=\"http:\/\/www.dn.se\/nyheter\/politik\/sd-toppar-bluffar-om-gangsterkoppling\" target=\"_blank\">,<\/a> r\u00e4ddning och en tillflykt<a href=\"http:\/\/www.svd.se\/nyheter\/inrikes\/radda-sd-man-skrattar-pa-ny-film_7674448.svd\" target=\"_blank\">.<\/a><\/p>\n<p>Ist\u00e4llet best\u00e5r det tredje st\u00f6rsta partiet i Sverige av riksdagsm\u00e4n som g\u00e5r p\u00e5 f\u00f6rsvarsl\u00f6sa m\u00e4nniskor med j\u00e4rnr\u00f6r och smutskastar andra rasistiskt och sexistiskt<a href=\"http:\/\/www.aftonbladet.se\/nyheter\/article15785350.ab\" target=\"_blank\">.<\/a> <a href=\"http:\/\/www.filindeblogg.nu\/?attachment_id=39884\" rel=\"attachment wp-att-39884\"><img loading=\"lazy\" class=\"alignnone size-full wp-image-39884\" title=\"Riksdagsm\u00e4n i Sverige\" src=\"http:\/\/www.filindeblogg.nu\/wp-content\/uploads\/2012\/11\/Riksdagsm\u00e4n-i-Sverige.jpg\" alt=\"\" width=\"145\" height=\"96\" \/><\/a><\/p>\n<p>Idag kommer <a href=\"http:\/\/www.etc.se\/\" target=\"_blank\"><strong>ETC<\/strong> <\/a>ut med ett temanummer om rasism d\u00e4r <strong>Arboga<\/strong> st\u00e5r i fokus&#8230; <a href=\"http:\/\/www.filindeblogg.nu\/?attachment_id=39889\" rel=\"attachment wp-att-39889\"><img loading=\"lazy\" class=\"alignnone  wp-image-39889\" title=\"ETC fredag 16 nov 12\" src=\"http:\/\/www.filindeblogg.nu\/wp-content\/uploads\/2012\/11\/ETC-fredag-16-nov-12-207x300.jpg\" alt=\"\" width=\"145\" height=\"210\" srcset=\"https:\/\/www.filindeblogg.nu\/wp-content\/uploads\/2012\/11\/ETC-fredag-16-nov-12-207x300.jpg 207w, https:\/\/www.filindeblogg.nu\/wp-content\/uploads\/2012\/11\/ETC-fredag-16-nov-12.jpg 298w\" sizes=\"(max-width: 145px) 100vw, 145px\" \/><\/a> \u00c5ter igen Arboga i media och inte p\u00e5 n\u00e5got bra s\u00e4tt&#8230;<\/p>\n<p>Har vi mer och mer glidit ifr\u00e5n varandra? Ifr\u00e5n det naturliga<a href=\"http:\/\/www.expressen.se\/nyheter\/gangsterbluffen---film-avslojar-sd-topparna\/\" target=\"_blank\">,<\/a> grunden?<\/p>\n<p><a href=\"http:\/\/www.filindeblogg.nu\/?attachment_id=39887\" rel=\"attachment wp-att-39887\"><img loading=\"lazy\" class=\"alignnone size-full wp-image-39887\" title=\"Varg\" src=\"http:\/\/www.filindeblogg.nu\/wp-content\/uploads\/2012\/11\/Varg1.jpg\" alt=\"\" width=\"116\" height=\"96\" \/><\/a>\u00a0Ta bara en s\u00e5dan sak som vargar. Folk skriker i h\u00f6gan sky \u00f6ver ett f\u00e5tal vargar i v\u00e5rt land &#8211; ist\u00e4llet f\u00f6r att l\u00e4ra sig att leva sida vid sida i respekt.<\/p>\n<p>Hur har vargen en chans n\u00e4r milj\u00f6ministern i <strong>Sverige<\/strong> tycker att 180 vargar \u00e4r tillr\u00e4ckligt!? Trots att <strong>Naturv\u00e5rdsverket<\/strong> rekommenderar 380 individer &#8211; redan det ett l\u00e5gt antal!\u00a0 <img loading=\"lazy\" class=\"alignnone size-medium wp-image-39886\" title=\"vargkombo\" src=\"http:\/\/www.filindeblogg.nu\/wp-content\/uploads\/2012\/11\/vargkombo-300x168.jpg\" alt=\"\" width=\"300\" height=\"168\" srcset=\"https:\/\/www.filindeblogg.nu\/wp-content\/uploads\/2012\/11\/vargkombo-300x168.jpg 300w, https:\/\/www.filindeblogg.nu\/wp-content\/uploads\/2012\/11\/vargkombo.jpg 650w\" sizes=\"(max-width: 300px) 100vw, 300px\" \/> Bild: <a href=\"http:\/\/www.svt.se\/nyheter\/regionalt\/varmlandsnytt\/380-vargar-kravs\" target=\"_blank\"><strong>SVT<\/strong><\/a><\/p>\n<p>Vem var h\u00e4r f\u00f6rst &#8211; vargen eller m\u00e4nniskan? Vem har mest r\u00e4tt till byten i skogen &#8211; vargen eller m\u00e4nniskan?<br \/>\nBorde inte m\u00e4nniskan vara den som v\u00e4rnar sina tamdjur ist\u00e4llet f\u00f6r att skrika p\u00e5 skyddsjakt n\u00e4r vargen tar miste p\u00e5 vilket byte som \u00e4r &#8221;till\u00e5tet&#8221; eller inte?<br \/>\n\u00c4r inte vargen i sin fulla r\u00e4tt att f\u00f6rsvara sig mot en jakthund &#8211; och kan man kr\u00e4va att vargen ser skillnad p\u00e5 en drever och en cockerspaniel? <a href=\"http:\/\/www.filindeblogg.nu\/?attachment_id=39888\" rel=\"attachment wp-att-39888\"><img loading=\"lazy\" class=\"alignnone size-full wp-image-39888\" title=\"VARGTJUT\" src=\"http:\/\/www.filindeblogg.nu\/wp-content\/uploads\/2012\/11\/VARGTJUT3.jpg\" alt=\"\" width=\"101\" height=\"125\" \/><\/a><\/p>\n<p><a href=\"http:\/\/www.filindeblogg.nu\/?attachment_id=39891\" rel=\"attachment wp-att-39891\"><img loading=\"lazy\" class=\"alignnone  wp-image-39891\" title=\"IMG_0694 (4)\" src=\"http:\/\/www.filindeblogg.nu\/wp-content\/uploads\/2012\/11\/IMG_0694-4-225x300.jpg\" alt=\"\" width=\"135\" height=\"180\" srcset=\"https:\/\/www.filindeblogg.nu\/wp-content\/uploads\/2012\/11\/IMG_0694-4-225x300.jpg 225w, https:\/\/www.filindeblogg.nu\/wp-content\/uploads\/2012\/11\/IMG_0694-4.jpg 450w\" sizes=\"(max-width: 135px) 100vw, 135px\" \/><\/a> Kylan tilltar men jag v\u00e4grar g\u00e5 med p\u00e5 det!<\/p>\n<p>Hemskt var att l\u00e4sa om en tragisk h\u00e4ndelse utanf\u00f6r <strong>Borl\u00e4nge<\/strong> ig\u00e5r. <a href=\"http:\/\/www.filindeblogg.nu\/?attachment_id=39892\" rel=\"attachment wp-att-39892\"><img loading=\"lazy\" class=\"alignnone  wp-image-39892\" title=\"Dalatidningen\" src=\"http:\/\/www.filindeblogg.nu\/wp-content\/uploads\/2012\/11\/Dalatidningen-300x199.jpg\" alt=\"\" width=\"180\" height=\"119\" srcset=\"https:\/\/www.filindeblogg.nu\/wp-content\/uploads\/2012\/11\/Dalatidningen-300x199.jpg 300w, https:\/\/www.filindeblogg.nu\/wp-content\/uploads\/2012\/11\/Dalatidningen.jpg 679w\" sizes=\"(max-width: 180px) 100vw, 180px\" \/><\/a> (Foto: Dalatidningen) En bil med fyra unga m\u00e4n sladdar av v\u00e4gen i den sv\u00e5ra halka som r\u00e5dde och bilen hamnar p\u00e5 taket i en liten sj\u00f6.<br \/>\n<a href=\"http:\/\/www.filindeblogg.nu\/?attachment_id=39893\" rel=\"attachment wp-att-39893\"><img loading=\"lazy\" class=\"alignnone  wp-image-39893\" title=\"Metro\" src=\"http:\/\/www.filindeblogg.nu\/wp-content\/uploads\/2012\/11\/Metro-300x153.jpg\" alt=\"\" width=\"180\" height=\"92\" srcset=\"https:\/\/www.filindeblogg.nu\/wp-content\/uploads\/2012\/11\/Metro-300x153.jpg 300w, https:\/\/www.filindeblogg.nu\/wp-content\/uploads\/2012\/11\/Metro.jpeg 567w\" sizes=\"(max-width: 180px) 100vw, 180px\" \/><\/a> (Foto Metro)Tv\u00e5 av m\u00e4nnen d\u00f6r medan tv\u00e5 r\u00e4ddas av f\u00f6rbipasserande. Kyla men ocks\u00e5 v\u00e4rme p\u00e5 ett dramatiskt och sv\u00e5rt s\u00e4tt.<\/p>\n<p>V\u00e5ga v\u00e4rna! V\u00e5ga visa k\u00e4nslor! Leta r\u00e4tt p\u00e5 hj\u00e4rtat som klappar d\u00e4r innanf\u00f6r och t\u00e4nk lite mer med det! Ge en kram ofta, ge flera! Gl\u00f6m of\u00f6rr\u00e4tter, ett liv \u00e4r s\u00e5 kort.<\/p>\n<p style=\"text-align: center;\"><a href=\"http:\/\/www.filindeblogg.nu\/?attachment_id=39894\" rel=\"attachment wp-att-39894\"><img loading=\"lazy\" class=\"alignnone  wp-image-39894\" title=\"Kalenderblad\" src=\"http:\/\/www.filindeblogg.nu\/wp-content\/uploads\/2012\/11\/Kalenderblad15.jpg\" alt=\"\" width=\"109\" height=\"79\" \/><\/a><strong>Vibeke<\/strong> och <strong>Viveka<\/strong> \u00e4r dagens namnsdagsflickor.<br \/>\nGrattis! Namnsdagskalas och fredagsmys! Kram p\u00e5 er! <a href=\"http:\/\/www.filindeblogg.nu\/?attachment_id=39895\" rel=\"attachment wp-att-39895\"><img loading=\"lazy\" class=\"alignnone  wp-image-39895\" title=\"vykort flicka - Kopia\" src=\"http:\/\/www.filindeblogg.nu\/wp-content\/uploads\/2012\/11\/vykort-flicka-Kopia15.jpg\" alt=\"\" width=\"47\" height=\"83\" \/><\/a><\/p>\n<p style=\"text-align: center;\">Kramas mera!<br \/>\nT\u00e4nk med hj\u00e4rtat!<\/p>\n<p style=\"text-align: center;\"><img loading=\"lazy\" class=\"aligncenter size-medium wp-image-39896\" title=\"Curry och Wilma kramas 3 juni 09\" src=\"http:\/\/www.filindeblogg.nu\/wp-content\/uploads\/2012\/11\/Curry-och-Wilma-kramas-3-juni-09-300x225.jpg\" alt=\"\" width=\"300\" height=\"225\" srcset=\"https:\/\/www.filindeblogg.nu\/wp-content\/uploads\/2012\/11\/Curry-och-Wilma-kramas-3-juni-09-300x225.jpg 300w, https:\/\/www.filindeblogg.nu\/wp-content\/uploads\/2012\/11\/Curry-och-Wilma-kramas-3-juni-09.jpg 461w\" sizes=\"(max-width: 300px) 100vw, 300px\" \/><strong>Curry<\/strong> och <strong>Wilma<\/strong> kan &#8211;<br \/>\nkan du?<\/p>\n<p>&nbsp;<\/p>\n<p>&nbsp;<\/p>\n<p>&nbsp;<\/p>\n<p>&nbsp;<\/p>\n","protected":false},"excerpt":{"rendered":"<p>\u00a0Vi verkar f\u00e5 en kallare och ov\u00e4nligare v\u00e4rld &#8211; \u00e4r det s\u00e5? Har vi gl\u00f6mt bort omtanke, k\u00e4nslor och empati? M\u00e5ste vi b\u00f6rja l\u00e4ra oss att krama varandra? Jag har i dagarna m\u00f6tt m\u00e4nniskor som f\u00e5r allt att fungera rationellt och praktiskt men gl\u00f6mmer v\u00e4rmen, omsorgen &#8211; en kram. Vi har ocks\u00e5 sett hur intolerans [&hellip;]<\/p>\n","protected":false},"author":1,"featured_media":0,"comment_status":"open","ping_status":"open","sticky":false,"template":"","format":"standard","meta":[],"categories":[127,41,131,100,147,122,149,151,101,116],"tags":[],"_links":{"self":[{"href":"https:\/\/www.filindeblogg.nu\/index.php?rest_route=\/wp\/v2\/posts\/39879"}],"collection":[{"href":"https:\/\/www.filindeblogg.nu\/index.php?rest_route=\/wp\/v2\/posts"}],"about":[{"href":"https:\/\/www.filindeblogg.nu\/index.php?rest_route=\/wp\/v2\/types\/post"}],"author":[{"embeddable":true,"href":"https:\/\/www.filindeblogg.nu\/index.php?rest_route=\/wp\/v2\/users\/1"}],"replies":[{"embeddable":true,"href":"https:\/\/www.filindeblogg.nu\/index.php?rest_route=%2Fwp%2Fv2%2Fcomments&post=39879"}],"version-history":[{"count":22,"href":"https:\/\/www.filindeblogg.nu\/index.php?rest_route=\/wp\/v2\/posts\/39879\/revisions"}],"predecessor-version":[{"id":39918,"href":"https:\/\/www.filindeblogg.nu\/index.php?rest_route=\/wp\/v2\/posts\/39879\/revisions\/39918"}],"wp:attachment":[{"href":"https:\/\/www.filindeblogg.nu\/index.php?rest_route=%2Fwp%2Fv2%2Fmedia&parent=39879"}],"wp:term":[{"taxonomy":"category","embeddable":true,"href":"https:\/\/www.filindeblogg.nu\/index.php?rest_route=%2Fwp%2Fv2%2Fcategories&post=39879"},{"taxonomy":"post_tag","embeddable":true,"href":"https:\/\/www.filindeblogg.nu\/index.php?rest_route=%2Fwp%2Fv2%2Ftags&post=39879"}],"curies":[{"name":"wp","href":"https:\/\/api.w.org\/{rel}","templated":true}]}}