{"id":3957,"date":"2009-01-01T16:22:44","date_gmt":"2009-01-01T15:22:44","guid":{"rendered":"http:\/\/www.filindeblogg.nu\/?p=3957"},"modified":"2009-04-20T11:36:26","modified_gmt":"2009-04-20T10:36:26","slug":"nyarsdagen-2009","status":"publish","type":"post","link":"https:\/\/www.filindeblogg.nu\/?p=3957","title":{"rendered":"Ny\u00e5rsdagen 2009"},"content":{"rendered":"<p>Bloggen har kr\u00e5nglat idag. Men min support meddelade nyss att nu funkar den igen!<br \/>\nS\u00e5 var s\u00e5 goda!<\/p>\n<p><img loading=\"lazy\" class=\"alignnone size-medium wp-image-3958\" title=\"nyarsdagens-morgon-2009\" src=\"http:\/\/www.filindeblogg.nu\/wp-content\/uploads\/2009\/01\/nyarsdagens-morgon-2009-300x225.jpg\" alt=\"nyarsdagens-morgon-2009\" width=\"300\" height=\"225\" srcset=\"https:\/\/www.filindeblogg.nu\/wp-content\/uploads\/2009\/01\/nyarsdagens-morgon-2009-300x225.jpg 300w, https:\/\/www.filindeblogg.nu\/wp-content\/uploads\/2009\/01\/nyarsdagens-morgon-2009.jpg 640w\" sizes=\"(max-width: 300px) 100vw, 300px\" \/>Ny\u00e5rsdagens morgon &#8211; kall och klar.<\/p>\n<p><strong>Sturegatan <\/strong>r\u00e4tt ner! <img loading=\"lazy\" class=\"alignnone size-medium wp-image-3959\" title=\"lamna-foretrade-in-absurdum\" src=\"http:\/\/www.filindeblogg.nu\/wp-content\/uploads\/2009\/01\/lamna-foretrade-in-absurdum-300x225.jpg\" alt=\"lamna-foretrade-in-absurdum\" width=\"300\" height=\"225\" srcset=\"https:\/\/www.filindeblogg.nu\/wp-content\/uploads\/2009\/01\/lamna-foretrade-in-absurdum-300x225.jpg 300w, https:\/\/www.filindeblogg.nu\/wp-content\/uploads\/2009\/01\/lamna-foretrade-in-absurdum.jpg 640w\" sizes=\"(max-width: 300px) 100vw, 300px\" \/> N\u00e5gon hade tydligen behov av f\u00f6retr\u00e4de&#8230;och s\u00e5g till att visa det genom att verkligen markera detta med &#8221;L\u00e4mna-f\u00f6retr\u00e4de-skylten&#8221;.<\/p>\n<p>N\u00e5gon som firade av det gamla \u00e5ret f\u00f6rmodligen&#8230;<br \/>\nVi firade s\u00e5 h\u00e4r! <img loading=\"lazy\" class=\"alignnone size-medium wp-image-3960\" title=\"nyarsaftonsmiddag\" src=\"http:\/\/www.filindeblogg.nu\/wp-content\/uploads\/2009\/01\/nyarsaftonsmiddag-300x225.jpg\" alt=\"nyarsaftonsmiddag\" width=\"300\" height=\"225\" srcset=\"https:\/\/www.filindeblogg.nu\/wp-content\/uploads\/2009\/01\/nyarsaftonsmiddag-300x225.jpg 300w, https:\/\/www.filindeblogg.nu\/wp-content\/uploads\/2009\/01\/nyarsaftonsmiddag.jpg 640w\" sizes=\"(max-width: 300px) 100vw, 300px\" \/> Och s\u00e5 h\u00e4r efter kl 12 p\u00e5 natten: <img loading=\"lazy\" class=\"alignnone size-thumbnail wp-image-3961\" title=\"fyrverkeri-1\" src=\"http:\/\/www.filindeblogg.nu\/wp-content\/uploads\/2009\/01\/fyrverkeri-1-150x150.jpg\" alt=\"fyrverkeri-1\" width=\"150\" height=\"150\" \/> Verkligen <img loading=\"lazy\" class=\"alignnone size-thumbnail wp-image-3962\" title=\"fyrverkeri-2\" src=\"http:\/\/www.filindeblogg.nu\/wp-content\/uploads\/2009\/01\/fyrverkeri-2-150x150.jpg\" alt=\"fyrverkeri-2\" width=\"150\" height=\"150\" \/> v\u00e4ldigt <img loading=\"lazy\" class=\"alignnone size-thumbnail wp-image-3963\" title=\"fyrverkeri-3\" src=\"http:\/\/www.filindeblogg.nu\/wp-content\/uploads\/2009\/01\/fyrverkeri-3-150x150.jpg\" alt=\"fyrverkeri-3\" width=\"150\" height=\"150\" \/> sv\u00e5rt &#8211; att f\u00e5nga fyrverkerier p\u00e5 bild. Jag skyller p\u00e5 kameran&#8230;<\/p>\n<p>N\u00e5gra som verkligen led denna ny\u00e5rsafton var <strong>v\u00e5ra katter! <\/strong>Dom var helt skr\u00e4ckslagna av alla fyrverkerier!<br \/>\n<strong>Curry<\/strong> l\u00e5g mestadelen av tiden l\u00e4ngst in under soffan. Skulle han f\u00f6rflytta sig n\u00e5gonstans \u00e5lade han som en bandvagn med magen pressad mot marken och med n\u00e5got jagat i blicken.<br \/>\n<strong> Wilma <\/strong>&#8211; den hyperaktiva kissen &#8211; studsade och for vid minsta knall eller ljussken.<br \/>\n<strong>Felix<\/strong> v\u00e5gade inte  g\u00e5 ut f\u00f6r att utr\u00e4tta sina behov s\u00e5 jag tog fram den gamla kattl\u00e5dan. Eftersom jag inte hade n\u00e5gon kattsand rev jag tidningar i bitar och la i l\u00e5dan. Han gick direkt och kissade. Det var S\u00c5 SYND om dom! Nu \u00e4r jag j\u00e4ttearg p\u00e5 alla sm\u00e4llare och raketer. Det har knallat v\u00e4rre \u00e4n n\u00e5gonsin inf\u00f6r denna ny\u00e5rsafton. Mer \u00e4n 1 vecka i f\u00f6rv\u00e4g b\u00f6rjade det sm\u00e4lla och v\u00e4rre blev det.<br \/>\n<strong>L\u00f6jligt att snacka om totalf\u00f6rbud<\/strong> f\u00f6r sm\u00e4llare n\u00e4r ingen kontrollerar att reglerna f\u00f6ljs! Kan inte kommunerna antingen satsa ett eget stort fyrverkeri p\u00e5 l\u00e4mplig plats? Sen f\u00e5r polisen se till att b\u00f6tf\u00e4lla alla som t\u00e4nder fyrverkerier i stan. Eller varf\u00f6r inte uppl\u00e5ta en speciell plats f\u00f6r allm\u00e4nheten dit man kan ta sig f\u00f6r att sm\u00e4lla.<\/p>\n<p>Jag tog en promenad till <strong>sm\u00e5ttingarna p\u00e5 kyrkog\u00e5rden<\/strong> idag igen. Fotot p\u00e5 de sm\u00e5 s\u00e5g s\u00e5 fruset och kallt ut. <img loading=\"lazy\" class=\"alignnone size-medium wp-image-3964\" title=\"frusen-bild-pa-max-o-saga\" src=\"http:\/\/www.filindeblogg.nu\/wp-content\/uploads\/2009\/01\/frusen-bild-pa-max-o-saga-300x225.jpg\" alt=\"frusen-bild-pa-max-o-saga\" width=\"300\" height=\"225\" srcset=\"https:\/\/www.filindeblogg.nu\/wp-content\/uploads\/2009\/01\/frusen-bild-pa-max-o-saga-300x225.jpg 300w, https:\/\/www.filindeblogg.nu\/wp-content\/uploads\/2009\/01\/frusen-bild-pa-max-o-saga.jpg 640w\" sizes=\"(max-width: 300px) 100vw, 300px\" \/> Men som alltid brann m\u00e5nga v\u00e4rmande ljus p\u00e5 platsen.<br \/>\nN\u00e4r jag stod d\u00e4r &#8221;pratade&#8221; jag med barnen genom mina tankar. De s\u00e5g mig r\u00e4tt i \u00f6gonen och jag lovade att \u00f6nska, \u00f6nska s\u00e5 att 3 av mina 2 x 3 \u00f6nskningar ska sl\u00e5 in detta \u00e5r.<\/p>\n<p>P\u00e5 v\u00e4g d\u00e4rifr\u00e5n f\u00f6ll min skugga p\u00e5 g\u00e5ngstigen: <img loading=\"lazy\" class=\"alignnone size-medium wp-image-3965\" title=\"min-skugga-pa-kyrkogarden\" src=\"http:\/\/www.filindeblogg.nu\/wp-content\/uploads\/2009\/01\/min-skugga-pa-kyrkogarden-225x300.jpg\" alt=\"min-skugga-pa-kyrkogarden\" width=\"225\" height=\"300\" srcset=\"https:\/\/www.filindeblogg.nu\/wp-content\/uploads\/2009\/01\/min-skugga-pa-kyrkogarden-225x300.jpg 225w, https:\/\/www.filindeblogg.nu\/wp-content\/uploads\/2009\/01\/min-skugga-pa-kyrkogarden.jpg 360w\" sizes=\"(max-width: 225px) 100vw, 225px\" \/><br \/>\nOch precis d\u00e4r fann jag denna gren: <img loading=\"lazy\" class=\"alignnone size-medium wp-image-3966\" title=\"v-tecken-pa-kyrkogarden-1jan09\" src=\"http:\/\/www.filindeblogg.nu\/wp-content\/uploads\/2009\/01\/v-tecken-pa-kyrkogarden-1jan09-300x225.jpg\" alt=\"v-tecken-pa-kyrkogarden-1jan09\" width=\"300\" height=\"225\" srcset=\"https:\/\/www.filindeblogg.nu\/wp-content\/uploads\/2009\/01\/v-tecken-pa-kyrkogarden-1jan09-300x225.jpg 300w, https:\/\/www.filindeblogg.nu\/wp-content\/uploads\/2009\/01\/v-tecken-pa-kyrkogarden-1jan09.jpg 640w\" sizes=\"(max-width: 300px) 100vw, 300px\" \/><br \/>\n<strong>Visst \u00e4r det ett V-tecken! V som i Victory &#8211; Seger!<\/strong><br \/>\nKyrkog\u00e5rden \u00e4r magisk. Jag tror att de sm\u00e5 \u00e4nglar jag bes\u00f6kte s\u00e5g till att detta tecken kom i min v\u00e4g. Som svar p\u00e5 det samtal jag hade med dom.<\/p>\n<p>Avslutar med en bild fr\u00e5n<strong> Arboga\u00e5n<\/strong> p\u00e5 f\u00f6rmiddagen <strong>Ny\u00e5rsdagen den 1 januari 2009<\/strong>.<\/p>\n<p><img loading=\"lazy\" class=\"alignnone size-full wp-image-3970\" title=\"an-nyarsdagen-2009\" src=\"http:\/\/www.filindeblogg.nu\/wp-content\/uploads\/2009\/01\/an-nyarsdagen-2009.jpg\" alt=\"an-nyarsdagen-2009\" width=\"518\" height=\"389\" srcset=\"https:\/\/www.filindeblogg.nu\/wp-content\/uploads\/2009\/01\/an-nyarsdagen-2009.jpg 640w, https:\/\/www.filindeblogg.nu\/wp-content\/uploads\/2009\/01\/an-nyarsdagen-2009-300x225.jpg 300w\" sizes=\"(max-width: 518px) 100vw, 518px\" \/><\/p>\n<p>Imorgon kanske jag sl\u00e5r till med &#8221;Solglimtarna&#8221; och &#8221;Istapparna&#8221;!! H\u00e5ll utkik!<\/p>\n","protected":false},"excerpt":{"rendered":"<p>Bloggen har kr\u00e5nglat idag. Men min support meddelade nyss att nu funkar den igen! S\u00e5 var s\u00e5 goda! Ny\u00e5rsdagens morgon &#8211; kall och klar. Sturegatan r\u00e4tt ner! N\u00e5gon hade tydligen behov av f\u00f6retr\u00e4de&#8230;och s\u00e5g till att visa det genom att verkligen markera detta med &#8221;L\u00e4mna-f\u00f6retr\u00e4de-skylten&#8221;. N\u00e5gon som firade av det gamla \u00e5ret f\u00f6rmodligen&#8230; Vi firade [&hellip;]<\/p>\n","protected":false},"author":1,"featured_media":0,"comment_status":"open","ping_status":"open","sticky":false,"template":"","format":"standard","meta":[],"categories":[41,100,105],"tags":[],"_links":{"self":[{"href":"https:\/\/www.filindeblogg.nu\/index.php?rest_route=\/wp\/v2\/posts\/3957"}],"collection":[{"href":"https:\/\/www.filindeblogg.nu\/index.php?rest_route=\/wp\/v2\/posts"}],"about":[{"href":"https:\/\/www.filindeblogg.nu\/index.php?rest_route=\/wp\/v2\/types\/post"}],"author":[{"embeddable":true,"href":"https:\/\/www.filindeblogg.nu\/index.php?rest_route=\/wp\/v2\/users\/1"}],"replies":[{"embeddable":true,"href":"https:\/\/www.filindeblogg.nu\/index.php?rest_route=%2Fwp%2Fv2%2Fcomments&post=3957"}],"version-history":[{"count":6,"href":"https:\/\/www.filindeblogg.nu\/index.php?rest_route=\/wp\/v2\/posts\/3957\/revisions"}],"predecessor-version":[{"id":5410,"href":"https:\/\/www.filindeblogg.nu\/index.php?rest_route=\/wp\/v2\/posts\/3957\/revisions\/5410"}],"wp:attachment":[{"href":"https:\/\/www.filindeblogg.nu\/index.php?rest_route=%2Fwp%2Fv2%2Fmedia&parent=3957"}],"wp:term":[{"taxonomy":"category","embeddable":true,"href":"https:\/\/www.filindeblogg.nu\/index.php?rest_route=%2Fwp%2Fv2%2Fcategories&post=3957"},{"taxonomy":"post_tag","embeddable":true,"href":"https:\/\/www.filindeblogg.nu\/index.php?rest_route=%2Fwp%2Fv2%2Ftags&post=3957"}],"curies":[{"name":"wp","href":"https:\/\/api.w.org\/{rel}","templated":true}]}}