{"id":39439,"date":"2012-11-03T08:34:38","date_gmt":"2012-11-03T07:34:38","guid":{"rendered":"http:\/\/www.filindeblogg.nu\/?p=39439"},"modified":"2012-11-03T08:34:39","modified_gmt":"2012-11-03T07:34:39","slug":"alla-helgons-dag","status":"publish","type":"post","link":"https:\/\/www.filindeblogg.nu\/?p=39439","title":{"rendered":"Alla helgons dag"},"content":{"rendered":"<p><a href=\"http:\/\/www.filindeblogg.nu\/?attachment_id=39440\" rel=\"attachment wp-att-39440\"><img loading=\"lazy\" class=\"alignnone  wp-image-39440\" title=\"IMG_0400 (4)\" src=\"http:\/\/www.filindeblogg.nu\/wp-content\/uploads\/2012\/11\/IMG_0400-4-300x225.jpg\" alt=\"\" width=\"180\" height=\"135\" srcset=\"https:\/\/www.filindeblogg.nu\/wp-content\/uploads\/2012\/11\/IMG_0400-4-300x225.jpg 300w, https:\/\/www.filindeblogg.nu\/wp-content\/uploads\/2012\/11\/IMG_0400-4.jpg 600w\" sizes=\"(max-width: 180px) 100vw, 180px\" \/><\/a> Alla helgons dag idag. En dag att minnas. En dag att s\u00e4rskilt t\u00e4nka p\u00e5 n\u00e4ra och k\u00e4ra som inte finns hos oss h\u00e4r l\u00e4ngre.<br \/>\nJag t\u00e4nker p\u00e5 mina k\u00e4ra &#8211;\u00a0 <strong>farmor Svea<\/strong> och<strong> farfar Bror<\/strong> fr\u00e5n <strong>Eskilstuna<\/strong>, <strong>mormor Edith<\/strong> och <strong>morfar Edvin<\/strong> fr\u00e5n <strong>Regna i \u00d6sterg\u00f6tland<\/strong>.<br \/>\nJag t\u00e4nker p\u00e5 min v\u00e4nner och kollegor <strong>Olle, Gunnel, Harry<\/strong> och flera &#8211; som inte l\u00e4ngre finns i livet.<br \/>\nJag t\u00e4nker p\u00e5 tv\u00e5 sm\u00e5 barn som fick d\u00f6 alltf\u00f6r tidigt genom en m\u00f6rdares hand &#8211; <strong>Max och Saga<\/strong>. Och p\u00e5 sm\u00e5, sm\u00e5 barn som aldrig riktigt blev.<br \/>\nJag t\u00e4nker p\u00e5 m\u00e5nga, m\u00e5nga som betytt mycket och som \u00e4r v\u00e4rda en speciell tanke just idag.<\/p>\n<p>Mina ljus h\u00e4r ovan har jag t\u00e4nt f\u00f6r tv\u00e5 sm\u00e5 individer som betydde mycket f\u00f6r mig och min familj. F\u00f6r <strong>Sippan<\/strong>. <a href=\"http:\/\/www.filindeblogg.nu\/?attachment_id=39442\" rel=\"attachment wp-att-39442\"><img loading=\"lazy\" class=\"alignnone  wp-image-39442\" title=\"Sippan\" src=\"http:\/\/www.filindeblogg.nu\/wp-content\/uploads\/2012\/11\/Sippan-170x300.jpg\" alt=\"\" width=\"102\" height=\"180\" srcset=\"https:\/\/www.filindeblogg.nu\/wp-content\/uploads\/2012\/11\/Sippan-170x300.jpg 170w, https:\/\/www.filindeblogg.nu\/wp-content\/uploads\/2012\/11\/Sippan.jpg 262w\" sizes=\"(max-width: 102px) 100vw, 102px\" \/><\/a> En \u00e4lskad katt som vi tog \u00f6ver fr\u00e5n grannarna n\u00e4r vi flyttade till <strong>Glasbl\u00e5sarg\u00e5rden<\/strong>. En \u00e4lskad v\u00e4n som blev hela 18 \u00e5r innan han en sommardag somnade in.<br \/>\nEtt ljus f\u00f6r Sippan. <a href=\"http:\/\/www.filindeblogg.nu\/?attachment_id=39443\" rel=\"attachment wp-att-39443\"><img loading=\"lazy\" class=\"alignnone  wp-image-39443\" title=\"IMG_0408 (4)\" src=\"http:\/\/www.filindeblogg.nu\/wp-content\/uploads\/2012\/11\/IMG_0408-4-300x225.jpg\" alt=\"\" width=\"180\" height=\"135\" srcset=\"https:\/\/www.filindeblogg.nu\/wp-content\/uploads\/2012\/11\/IMG_0408-4-300x225.jpg 300w, https:\/\/www.filindeblogg.nu\/wp-content\/uploads\/2012\/11\/IMG_0408-4.jpg 600w\" sizes=\"(max-width: 180px) 100vw, 180px\" \/><\/a><\/p>\n<p>Det andra ljuset t\u00e4nde jag f\u00f6r <strong>Hasse<\/strong> &#8211; en \u00e4lskad kisse som kom till oss i september som tr\u00f6st efter Sippan. <a href=\"http:\/\/www.filindeblogg.nu\/?attachment_id=39444\" rel=\"attachment wp-att-39444\"><img loading=\"lazy\" class=\"alignnone  wp-image-39444\" title=\"Underbara HASSE som ung\" src=\"http:\/\/www.filindeblogg.nu\/wp-content\/uploads\/2012\/11\/Underbara-HASSE-som-ung-300x213.jpg\" alt=\"\" width=\"180\" height=\"128\" srcset=\"https:\/\/www.filindeblogg.nu\/wp-content\/uploads\/2012\/11\/Underbara-HASSE-som-ung-300x213.jpg 300w, https:\/\/www.filindeblogg.nu\/wp-content\/uploads\/2012\/11\/Underbara-HASSE-som-ung.jpg 461w\" sizes=\"(max-width: 180px) 100vw, 180px\" \/><\/a> En trogen v\u00e4n, \u00e4lskad av oss alla. Sorgen var stor n\u00e4r han bara blev 12 \u00e5r och dog stilla annandag jul f\u00f6r flera \u00e5r sedan.<br \/>\nEtt ljus f\u00f6r Hasse. <a href=\"http:\/\/www.filindeblogg.nu\/?attachment_id=39445\" rel=\"attachment wp-att-39445\"><img loading=\"lazy\" class=\"alignnone  wp-image-39445\" title=\"IMG_0409 (4)\" src=\"http:\/\/www.filindeblogg.nu\/wp-content\/uploads\/2012\/11\/IMG_0409-4-300x225.jpg\" alt=\"\" width=\"180\" height=\"135\" srcset=\"https:\/\/www.filindeblogg.nu\/wp-content\/uploads\/2012\/11\/IMG_0409-4-300x225.jpg 300w, https:\/\/www.filindeblogg.nu\/wp-content\/uploads\/2012\/11\/IMG_0409-4.jpg 600w\" sizes=\"(max-width: 180px) 100vw, 180px\" \/><\/a><\/p>\n<p>Jag har fler ljus att t\u00e4nda f\u00f6r \u00e4lskade djur. N\u00e4r vi \u00e5ker hem till mor och far p\u00e5 eftermiddagen t\u00e4nder jag ljus f\u00f6r de hundar vi haft d\u00e4r <strong>Raja<\/strong> blev den f\u00f6rsta. En str\u00e4vh\u00e5rig foxterrier som kom till v\u00e5rt hem p\u00e5 min 11-\u00e5rsdag.<br \/>\nF\u00f6r katterna i mitt barndomshem &#8211; <strong>Vita, Sluggo, Sakas, Tussen<\/strong> &#8211; alla f\u00f6rolyckade p\u00e5k\u00f6rda av bilar&#8230;<\/p>\n<p>Vi ska minnas m\u00e4nniskor denna dag &#8211; men \u00e4ven djur. N\u00e4r ljusen brinner p\u00e5 v\u00e5r g\u00e5rd &#8211; ser jag katterna framf\u00f6r mig. Ljusen brinner p\u00e5 deras \u00e4lsklingsplatser. D\u00e4r l\u00e5g de helst invid syrenbers\u00e5n om sommaren. <a href=\"http:\/\/www.filindeblogg.nu\/?attachment_id=39464\" rel=\"attachment wp-att-39464\"><img loading=\"lazy\" class=\"alignnone  wp-image-39464\" title=\"IMG_0423 (4)\" src=\"http:\/\/www.filindeblogg.nu\/wp-content\/uploads\/2012\/11\/IMG_0423-4-225x300.jpg\" alt=\"\" width=\"135\" height=\"180\" srcset=\"https:\/\/www.filindeblogg.nu\/wp-content\/uploads\/2012\/11\/IMG_0423-4-225x300.jpg 225w, https:\/\/www.filindeblogg.nu\/wp-content\/uploads\/2012\/11\/IMG_0423-4.jpg 450w\" sizes=\"(max-width: 135px) 100vw, 135px\" \/><\/a><\/p>\n<p>Ljus f\u00f6r alla de m\u00e4nniskor jag minns t\u00e4nder jag hemma ikv\u00e4ll d\u00e5 deras gravplatser \u00e4r spridda b\u00e5de l\u00e5ngt bort och n\u00e4ra. Ljusen h\u00e4r hemma f\u00e5r omfatta dem alla.<\/p>\n<p>I m\u00e5nga d\u00f6dsannonser st\u00e5r den h\u00e4r texten som \u00e4r v\u00e4ldigt fin att t\u00e4nka p\u00e5 idag.<\/p>\n<p style=\"text-align: center;\"><strong><em>S\u00f6rj inte att han \u00e4r d\u00f6d,<\/em><\/strong><br \/>\n<strong><em>gl\u00e4ds \u00e5t att han har levat.<\/em><\/strong><\/p>\n<p style=\"text-align: center;\"><a href=\"http:\/\/www.filindeblogg.nu\/?attachment_id=39465\" rel=\"attachment wp-att-39465\"><img loading=\"lazy\" class=\"aligncenter size-medium wp-image-39465\" title=\"IMG_0330 (4)\" src=\"http:\/\/www.filindeblogg.nu\/wp-content\/uploads\/2012\/11\/IMG_0330-4-300x225.jpg\" alt=\"\" width=\"300\" height=\"225\" srcset=\"https:\/\/www.filindeblogg.nu\/wp-content\/uploads\/2012\/11\/IMG_0330-4-300x225.jpg 300w, https:\/\/www.filindeblogg.nu\/wp-content\/uploads\/2012\/11\/IMG_0330-4.jpg 600w\" sizes=\"(max-width: 300px) 100vw, 300px\" \/><\/a><\/p>\n<p style=\"text-align: left;\"><a href=\"http:\/\/www.filindeblogg.nu\/?attachment_id=39466\" rel=\"attachment wp-att-39466\"><img loading=\"lazy\" class=\"alignnone  wp-image-39466\" title=\"Kalenderblad\" src=\"http:\/\/www.filindeblogg.nu\/wp-content\/uploads\/2012\/11\/Kalenderblad2.jpg\" alt=\"\" width=\"109\" height=\"79\" \/><\/a> Alla helgons dag har namnsdagar.<br \/>\nDagen infaller i \u00e5r den 3 november och d\u00e5 ska <strong>Hubert<\/strong> och <strong>Hugo<\/strong> gratuleras! <a href=\"http:\/\/www.filindeblogg.nu\/?attachment_id=39467\" rel=\"attachment wp-att-39467\"><img loading=\"lazy\" class=\"alignnone  wp-image-39467\" title=\"vykort flicka - Kopia\" src=\"http:\/\/www.filindeblogg.nu\/wp-content\/uploads\/2012\/11\/vykort-flicka-Kopia2.jpg\" alt=\"\" width=\"47\" height=\"83\" \/><\/a><\/p>\n<p style=\"text-align: left;\">\n<p><em><\/em><em><br \/>\n<\/em><\/p>\n<p>&nbsp;<\/p>\n","protected":false},"excerpt":{"rendered":"<p>Alla helgons dag idag. En dag att minnas. En dag att s\u00e4rskilt t\u00e4nka p\u00e5 n\u00e4ra och k\u00e4ra som inte finns hos oss h\u00e4r l\u00e4ngre. Jag t\u00e4nker p\u00e5 mina k\u00e4ra &#8211;\u00a0 farmor Svea och farfar Bror fr\u00e5n Eskilstuna, mormor Edith och morfar Edvin fr\u00e5n Regna i \u00d6sterg\u00f6tland. Jag t\u00e4nker p\u00e5 min v\u00e4nner och kollegor Olle, Gunnel, [&hellip;]<\/p>\n","protected":false},"author":1,"featured_media":0,"comment_status":"open","ping_status":"open","sticky":false,"template":"","format":"standard","meta":[],"categories":[100,149,132,101,134,105,116],"tags":[],"_links":{"self":[{"href":"https:\/\/www.filindeblogg.nu\/index.php?rest_route=\/wp\/v2\/posts\/39439"}],"collection":[{"href":"https:\/\/www.filindeblogg.nu\/index.php?rest_route=\/wp\/v2\/posts"}],"about":[{"href":"https:\/\/www.filindeblogg.nu\/index.php?rest_route=\/wp\/v2\/types\/post"}],"author":[{"embeddable":true,"href":"https:\/\/www.filindeblogg.nu\/index.php?rest_route=\/wp\/v2\/users\/1"}],"replies":[{"embeddable":true,"href":"https:\/\/www.filindeblogg.nu\/index.php?rest_route=%2Fwp%2Fv2%2Fcomments&post=39439"}],"version-history":[{"count":30,"href":"https:\/\/www.filindeblogg.nu\/index.php?rest_route=\/wp\/v2\/posts\/39439\/revisions"}],"predecessor-version":[{"id":39479,"href":"https:\/\/www.filindeblogg.nu\/index.php?rest_route=\/wp\/v2\/posts\/39439\/revisions\/39479"}],"wp:attachment":[{"href":"https:\/\/www.filindeblogg.nu\/index.php?rest_route=%2Fwp%2Fv2%2Fmedia&parent=39439"}],"wp:term":[{"taxonomy":"category","embeddable":true,"href":"https:\/\/www.filindeblogg.nu\/index.php?rest_route=%2Fwp%2Fv2%2Fcategories&post=39439"},{"taxonomy":"post_tag","embeddable":true,"href":"https:\/\/www.filindeblogg.nu\/index.php?rest_route=%2Fwp%2Fv2%2Ftags&post=39439"}],"curies":[{"name":"wp","href":"https:\/\/api.w.org\/{rel}","templated":true}]}}