{"id":37883,"date":"2012-09-24T09:46:42","date_gmt":"2012-09-24T08:46:42","guid":{"rendered":"http:\/\/www.filindeblogg.nu\/?p=37883"},"modified":"2012-09-24T09:49:36","modified_gmt":"2012-09-24T08:49:36","slug":"viktig-inom-varden-eller-kasserad-produkt-olika-falla-odets-lotter","status":"publish","type":"post","link":"https:\/\/www.filindeblogg.nu\/?p=37883","title":{"rendered":"Viktig inom v\u00e5rden eller kasserad produkt &#8211; olika falla \u00f6dets lotter&#8230;"},"content":{"rendered":"<p><a href=\"http:\/\/www.filindeblogg.nu\/?attachment_id=37885\" rel=\"attachment wp-att-37885\"><img loading=\"lazy\" class=\"alignnone  wp-image-37885\" title=\"IMG_0923 (4)\" src=\"http:\/\/www.filindeblogg.nu\/wp-content\/uploads\/2012\/09\/IMG_0923-4-225x300.jpg\" alt=\"\" width=\"135\" height=\"180\" srcset=\"https:\/\/www.filindeblogg.nu\/wp-content\/uploads\/2012\/09\/IMG_0923-4-225x300.jpg 225w, https:\/\/www.filindeblogg.nu\/wp-content\/uploads\/2012\/09\/IMG_0923-4.jpg 346w\" sizes=\"(max-width: 135px) 100vw, 135px\" \/><\/a> Ny vecka som b\u00f6rjar med solsken! Det k\u00e4nns positivt och lovande.<\/p>\n<p>Ni som l\u00e4st bloggen f\u00f6rr k\u00e4nner till att jag prenumererar p\u00e5 <strong>DN<\/strong> om s\u00f6ndagar och brukar publicera n\u00e5gra &#8221;klipp&#8221; ur tidningen dagarna efter. S\u00e5 ock idag.<\/p>\n<p><strong>DN s\u00f6ndagen den 23 september 2012<\/strong> s\u00e5g ut s\u00e5 h\u00e4r: <a href=\"http:\/\/www.filindeblogg.nu\/?attachment_id=37886\" rel=\"attachment wp-att-37886\"><img loading=\"lazy\" class=\"alignnone  wp-image-37886\" title=\"IMG_0909 (4)\" src=\"http:\/\/www.filindeblogg.nu\/wp-content\/uploads\/2012\/09\/IMG_0909-41-225x300.jpg\" alt=\"\" width=\"158\" height=\"210\" srcset=\"https:\/\/www.filindeblogg.nu\/wp-content\/uploads\/2012\/09\/IMG_0909-41-225x300.jpg 225w, https:\/\/www.filindeblogg.nu\/wp-content\/uploads\/2012\/09\/IMG_0909-41.jpg 346w\" sizes=\"(max-width: 158px) 100vw, 158px\" \/><\/a><br \/>\nStora delar av tidningen handlade om det kommande amerikanska presidentvalet. Och ja visst, det \u00e4r ett val som p\u00e5verkar inte bara <strong>USA<\/strong> och deras befolkning utan ber\u00f6r \u00e4ven v\u00e4rlden runt omkring.<\/p>\n<p>Liiite m\u00e4rkligt tyckte jag \u00e4nd\u00e5 det var att en av de personer som i tidningen fick stort utrymme att ber\u00e4tta om sina relationer till USA och kommande val av president stod att l\u00e4sa l\u00e4ngst ner p\u00e5 f\u00f6rstasidan: <a href=\"http:\/\/www.filindeblogg.nu\/?attachment_id=37887\" rel=\"attachment wp-att-37887\"><img loading=\"lazy\" class=\"alignnone  wp-image-37887\" title=\"IMG_0926 (4)\" src=\"http:\/\/www.filindeblogg.nu\/wp-content\/uploads\/2012\/09\/IMG_0926-4-300x225.jpg\" alt=\"\" width=\"210\" height=\"158\" srcset=\"https:\/\/www.filindeblogg.nu\/wp-content\/uploads\/2012\/09\/IMG_0926-4-300x225.jpg 300w, https:\/\/www.filindeblogg.nu\/wp-content\/uploads\/2012\/09\/IMG_0926-4.jpg 461w\" sizes=\"(max-width: 210px) 100vw, 210px\" \/><\/a> <em>&#8221;Svenske tv-profilen som ger allt f\u00f6r <strong>Obama<\/strong>.&#8221;<\/em><\/p>\n<p><a href=\"http:\/\/www.filindeblogg.nu\/?attachment_id=37888\" rel=\"attachment wp-att-37888\"><img loading=\"lazy\" class=\"alignnone  wp-image-37888\" title=\"IMG_0910 (3)\" src=\"http:\/\/www.filindeblogg.nu\/wp-content\/uploads\/2012\/09\/IMG_0910-3-225x300.jpg\" alt=\"\" width=\"158\" height=\"210\" srcset=\"https:\/\/www.filindeblogg.nu\/wp-content\/uploads\/2012\/09\/IMG_0910-3-225x300.jpg 225w, https:\/\/www.filindeblogg.nu\/wp-content\/uploads\/2012\/09\/IMG_0910-3.jpg 346w\" sizes=\"(max-width: 158px) 100vw, 158px\" \/><\/a><em> &#8221;USA-svensken Filip Hammar om sin fascination f\u00f6r Obama&#8221;<\/em>.<\/p>\n<p>D\u00e5 k\u00e4nns det som om DN d\u00e5 inte tar det kommande valet riktigt seri\u00f6st &#8211; eller har jag fel? Vad kan delar av den h\u00e4r duon ha att f\u00f6rmedla i sammanhanget?? <a href=\"http:\/\/www.filindeblogg.nu\/?attachment_id=37889\" rel=\"attachment wp-att-37889\"><img loading=\"lazy\" class=\"alignnone  wp-image-37889\" title=\"Filip och Fredrik\" src=\"http:\/\/www.filindeblogg.nu\/wp-content\/uploads\/2012\/09\/Filip-och-Fredrik.jpg\" alt=\"\" width=\"174\" height=\"104\" \/><\/a><\/p>\n<p>Liiite mycket fokus p\u00e5 detta humorpar h\u00e4r i <strong>Sverige<\/strong> \u00f6ver huvud taget, \u00e4r bloggarens \u00e5sikt. Och att sen bli politiska kommentatorer!? Nja, det verkar inte riktigt reliabelt&#8230;<\/p>\n<p>Men nu till det som rubriken syftar p\u00e5 &#8211; och det handlar om djur. N\u00e5gra av de djur som finns i v\u00e5r omv\u00e4rld. Har man tur blir man uppskattad &#8211; har man otur \u00e4r l\u00e4get det motsatta. Se sj\u00e4lva:<\/p>\n<p><strong>DN Livsstil<\/strong> hade ett stort reportage ig\u00e5r om <strong>Allis<\/strong>, hunden som jobbar med terapi inom v\u00e5rden. <a href=\"http:\/\/www.filindeblogg.nu\/?attachment_id=37890\" rel=\"attachment wp-att-37890\"><img loading=\"lazy\" class=\"alignnone size-medium wp-image-37890\" title=\"IMG_0915 (4)\" src=\"http:\/\/www.filindeblogg.nu\/wp-content\/uploads\/2012\/09\/IMG_0915-4-300x225.jpg\" alt=\"\" width=\"300\" height=\"225\" srcset=\"https:\/\/www.filindeblogg.nu\/wp-content\/uploads\/2012\/09\/IMG_0915-4-300x225.jpg 300w, https:\/\/www.filindeblogg.nu\/wp-content\/uploads\/2012\/09\/IMG_0915-4.jpg 461w\" sizes=\"(max-width: 300px) 100vw, 300px\" \/><\/a><strong><em> &#8221;Uppdrag: Gl\u00e4djek\u00e4lla&#8221;<\/em><\/strong> kallar DN reportaget och ni kan l\u00e4sa mera om Allis yrke genom att klicka <a href=\"http:\/\/www.dn.se\/livsstil\/reportage\/hunden-som-agerar-gladjekalla\" target=\"_blank\"><strong>H\u00c4R<\/strong><\/a>!<\/p>\n<p>S\u00e5 h\u00e4r st\u00e5r det om <strong>Rolf<\/strong> en gammal bergspr\u00e4ngare, l\u00e4tt dement, som bor p\u00e5 <strong>Stockholms Sjukhems demensboende<\/strong>:<em> &#8221;N\u00e4r Allis kom tillbaka efter semstern b\u00f6rjade Rolf gr\u00e5ta. Hon g\u00f6r inte s\u00e5 mycket, \u00e4nd\u00e5 g\u00f6r hon massvis.&#8221;<\/em><br \/>\nDet \u00e4r Rolf och Allis p\u00e5 bilden ovan<a href=\"http:\/\/www.aftonbladet.se\/temahundochkatt\/article15469967.ab\" target=\"_blank\">.<\/a><\/p>\n<p>Hundar &#8211; uppskattade inom v\u00e5rden! Lycka!<\/p>\n<p>S\u00e5 h\u00e4r kan det g\u00e5 f\u00f6r andra varelser: <a href=\"http:\/\/www.filindeblogg.nu\/?attachment_id=37891\" rel=\"attachment wp-att-37891\"><img loading=\"lazy\" class=\"alignnone size-medium wp-image-37891\" title=\"IMG_0912 (4)\" src=\"http:\/\/www.filindeblogg.nu\/wp-content\/uploads\/2012\/09\/IMG_0912-4-225x300.jpg\" alt=\"\" width=\"225\" height=\"300\" srcset=\"https:\/\/www.filindeblogg.nu\/wp-content\/uploads\/2012\/09\/IMG_0912-4-225x300.jpg 225w, https:\/\/www.filindeblogg.nu\/wp-content\/uploads\/2012\/09\/IMG_0912-4.jpg 346w\" sizes=\"(max-width: 225px) 100vw, 225px\" \/><\/a> (Ur <a href=\"http:\/\/www.svd.se\/nyheter\/inrikes\/hons-branns-upp_7521988.svd\" target=\"_blank\"><strong>SvD<\/strong><\/a> ig\u00e5r)<\/p>\n<p><a href=\"http:\/\/www.filindeblogg.nu\/?attachment_id=37892\" rel=\"attachment wp-att-37892\"><img loading=\"lazy\" class=\"alignnone  wp-image-37892\" title=\"H\u00f6ns p\u00e5 h\u00f6nseri\" src=\"http:\/\/www.filindeblogg.nu\/wp-content\/uploads\/2012\/09\/H\u00f6ns-p\u00e5-h\u00f6nseri.jpg\" alt=\"\" width=\"155\" height=\"116\" \/><\/a>\u00a0H\u00f6nsen ben\u00e4mns inte ens i antal individer utan i ton!<br \/>\n<em>&#8221;1600 ton v\u00e4rph\u00f6ns k\u00f6rs varje \u00e5r till destruktionsanl\u00e4ggningar&#8221;<\/em><a href=\"http:\/\/www.expressen.se\/nyheter\/atbara-hons-branns-upp\/\" target=\"_blank\">.<\/a><br \/>\nN\u00e4r h\u00f6norna inte v\u00e4rper maximalt l\u00e4ngre \u00e4r de kasserade! De fraktas m\u00e5nga mil till en anl\u00e4ggning d\u00e4r de br\u00e4nns! Fruktansv\u00e4rt, \u00e4r min \u00e5sikt!<\/p>\n<p>F\u00f6rutom att det \u00e4r ett fasansfull liv dessa h\u00f6nor lever s\u00e5 \u00e4r det ett sl\u00f6seri med mat och milj\u00f6<a href=\"http:\/\/hd.se\/helsingborg\/2012\/09\/24\/flera-skolor-serverar-for-tidigt\/\" target=\"_blank\">.<\/a> Men det handlar f\u00f6rst\u00e5s om pengar, bara pengar, precis som med allt annat. Kortsiktigt, respektl\u00f6st och hemskt.<\/p>\n<p>S\u00e5 olika falla \u00f6dets lotter&#8230; \u00c4r det s\u00e5 vi vill ha det? \u00c4r det respekt f\u00f6r allt levande? Nej! \ud83d\ude41<\/p>\n<p><a href=\"http:\/\/www.filindeblogg.nu\/?attachment_id=37893\" rel=\"attachment wp-att-37893\"><img loading=\"lazy\" class=\"alignnone  wp-image-37893\" title=\"IMG_0921 (4)\" src=\"http:\/\/www.filindeblogg.nu\/wp-content\/uploads\/2012\/09\/IMG_0921-4-300x225.jpg\" alt=\"\" width=\"180\" height=\"135\" srcset=\"https:\/\/www.filindeblogg.nu\/wp-content\/uploads\/2012\/09\/IMG_0921-4-300x225.jpg 300w, https:\/\/www.filindeblogg.nu\/wp-content\/uploads\/2012\/09\/IMG_0921-4.jpg 461w\" sizes=\"(max-width: 180px) 100vw, 180px\" \/><\/a> Den h\u00e5rt drivna azalea jag fick f\u00f6r n\u00e5gra \u00e5r sedan lade snabbt av efter att blomningen d\u00e5 var \u00f6ver. Men skam den som ger sig! Lite spretig och ful kanske &#8211; men nu blommar hon igen! \ud83d\ude42<\/p>\n<p>G\u00e5rdagen bj\u00f6d p\u00e5 lite sorglig begravning ocks\u00e5&#8230; Det \u00e4r nackdelen med att ha katt. <strong>Felix<\/strong> kom stolt inspringande med denna lilla vackra bofink i munnen&#8230; <a href=\"http:\/\/www.filindeblogg.nu\/?attachment_id=37894\" rel=\"attachment wp-att-37894\"><img loading=\"lazy\" class=\"alignnone  wp-image-37894\" title=\"IMG_0904 (4)\" src=\"http:\/\/www.filindeblogg.nu\/wp-content\/uploads\/2012\/09\/IMG_0904-4-300x225.jpg\" alt=\"\" width=\"180\" height=\"135\" srcset=\"https:\/\/www.filindeblogg.nu\/wp-content\/uploads\/2012\/09\/IMG_0904-4-300x225.jpg 300w, https:\/\/www.filindeblogg.nu\/wp-content\/uploads\/2012\/09\/IMG_0904-4.jpg 461w\" sizes=\"(max-width: 180px) 100vw, 180px\" \/><\/a> <strong><em>&#8221;- Neej!&#8221;<\/em><\/strong> skrek jag och Felix sl\u00e4ppte f\u00e5geln som tyv\u00e4rr redan var d\u00f6d.<br \/>\nJag var uppr\u00f6rd och Felix f\u00f6rstod nog. Han brydde sig inte om f\u00e5geln mera utan jag fick ta den, linda den i lite mjukt hush\u00e5llspapper med en liten blomma intill den lilla kroppen.<br \/>\nSen begravdes f\u00e5geln tillsammans med gullris och k\u00e4rleks\u00f6rt som jag plockade. S\u00e5 sorgligt&#8230; Kanske l\u00e4r sig Felix och de andra katterna med tiden att jobba bort sitt inl\u00e4rda beteende och f\u00f6rst\u00e5 att matte inte uppskattar deras sm\u00e5 g\u00e5vor. Jag lever p\u00e5 hoppet och det \u00e4r faktiskt mycket s\u00e4llan som katterna kommer in med f\u00e5glar. Jag t\u00e4nker &#8211; <em>&#8221;Kanske var den lilla f\u00e5geln skadad och \u00e4nd\u00e5 inte klarat en kall vinter&#8221;<\/em> &#8211; och tr\u00f6star mig lite med det.<\/p>\n<p><strong>Stockholm<\/strong> i helgen som gick och samvaro med tv\u00e5 av mina tre \u00e4lskade barn! Utsikt fr\u00e5n dotterns k\u00f6ksf\u00f6nster n\u00e4ra <strong>S:t Eriksplan<\/strong>: <a href=\"http:\/\/www.filindeblogg.nu\/?attachment_id=37895\" rel=\"attachment wp-att-37895\"><img loading=\"lazy\" class=\"alignnone  wp-image-37895\" title=\"IMG_0868 (4)\" src=\"http:\/\/www.filindeblogg.nu\/wp-content\/uploads\/2012\/09\/IMG_0868-4-225x300.jpg\" alt=\"\" width=\"135\" height=\"180\" srcset=\"https:\/\/www.filindeblogg.nu\/wp-content\/uploads\/2012\/09\/IMG_0868-4-225x300.jpg 225w, https:\/\/www.filindeblogg.nu\/wp-content\/uploads\/2012\/09\/IMG_0868-4.jpg 346w\" sizes=\"(max-width: 135px) 100vw, 135px\" \/><\/a> Vi hade s\u00e5 trevligt och dottern gav mig tv\u00e5 f\u00f6rsenade f\u00f6delsedagspresenter som uppskattades mycket! \ud83d\ude42 <a href=\"http:\/\/www.filindeblogg.nu\/?attachment_id=37896\" rel=\"attachment wp-att-37896\"><img loading=\"lazy\" class=\"alignnone size-medium wp-image-37896\" title=\"IMG_0901 (4)\" src=\"http:\/\/www.filindeblogg.nu\/wp-content\/uploads\/2012\/09\/IMG_0901-4-225x300.jpg\" alt=\"\" width=\"225\" height=\"300\" srcset=\"https:\/\/www.filindeblogg.nu\/wp-content\/uploads\/2012\/09\/IMG_0901-4-225x300.jpg 225w, https:\/\/www.filindeblogg.nu\/wp-content\/uploads\/2012\/09\/IMG_0901-4.jpg 346w\" sizes=\"(max-width: 225px) 100vw, 225px\" \/><\/a> F\u00f6rsta delen av<em><strong> &#8221;Heartbeat&#8221;<\/strong><\/em> eller <strong><em>&#8221;Tillbaka till Aidensfield&#8221;<\/em><\/strong> som den heter p\u00e5 svenska! En affisch fick jag ocks\u00e5 och den sitter redan p\u00e5 min v\u00e4gg! <a href=\"http:\/\/www.filindeblogg.nu\/?attachment_id=37897\" rel=\"attachment wp-att-37897\"><img loading=\"lazy\" class=\"alignnone  wp-image-37897\" title=\"IMG_0902 (3)\" src=\"http:\/\/www.filindeblogg.nu\/wp-content\/uploads\/2012\/09\/IMG_0902-3-225x300.jpg\" alt=\"\" width=\"135\" height=\"180\" srcset=\"https:\/\/www.filindeblogg.nu\/wp-content\/uploads\/2012\/09\/IMG_0902-3-225x300.jpg 225w, https:\/\/www.filindeblogg.nu\/wp-content\/uploads\/2012\/09\/IMG_0902-3.jpg 346w\" sizes=\"(max-width: 135px) 100vw, 135px\" \/><\/a><\/p>\n<p>Jag blev bjuden p\u00e5 middag p\u00e5 en j\u00e4ttetrevlig restaurang p\u00e5 <strong>R\u00f6rstrandsgatan<\/strong> som heter <a href=\"http:\/\/bebesthlm.se\/\" target=\"_blank\"><strong>Bebe<\/strong><\/a>! Jag valde kantarellrisotto till laxspettet och risotton var helt ljuvlig!!<br \/>\nSen blev det <a href=\"http:\/\/material.restaurangguiden.com\/uppland\/stockholm\/vasastan\/tikiroom\/valkommen.aspx\" target=\"_blank\"><strong>Tiki-room<\/strong> <\/a>och <strong><em>&#8221;Vulcano&#8221;<\/em><\/strong>&#8230; Mer avsl\u00f6jar jag inte! \ud83d\ude09 <a href=\"http:\/\/www.filindeblogg.nu\/?attachment_id=37898\" rel=\"attachment wp-att-37898\"><img loading=\"lazy\" class=\"alignnone size-medium wp-image-37898\" title=\"IMG_0899 (3)\" src=\"http:\/\/www.filindeblogg.nu\/wp-content\/uploads\/2012\/09\/IMG_0899-3-300x225.jpg\" alt=\"\" width=\"300\" height=\"225\" srcset=\"https:\/\/www.filindeblogg.nu\/wp-content\/uploads\/2012\/09\/IMG_0899-3-300x225.jpg 300w, https:\/\/www.filindeblogg.nu\/wp-content\/uploads\/2012\/09\/IMG_0899-3.jpg 461w\" sizes=\"(max-width: 300px) 100vw, 300px\" \/><\/a><\/p>\n<p><a href=\"http:\/\/www.filindeblogg.nu\/?attachment_id=37899\" rel=\"attachment wp-att-37899\"><img loading=\"lazy\" class=\"alignnone  wp-image-37899\" title=\"Kalenderblad\" src=\"http:\/\/www.filindeblogg.nu\/wp-content\/uploads\/2012\/09\/Kalenderblad22.jpg\" alt=\"\" width=\"109\" height=\"79\" \/><\/a> <strong>Gerhard och Gert<\/strong> \u00e4r dagens namnsdagsbarn! <strong>Grattis!<\/strong> <a href=\"http:\/\/www.filindeblogg.nu\/?attachment_id=37900\" rel=\"attachment wp-att-37900\"><img loading=\"lazy\" class=\"alignnone  wp-image-37900\" title=\"vykort flicka\" src=\"http:\/\/www.filindeblogg.nu\/wp-content\/uploads\/2012\/09\/vykort-flicka20.jpg\" alt=\"\" width=\"93\" height=\"166\" \/><\/a><\/p>\n<p>Gert &#8211; d\u00e5 t\u00e4nker jag p\u00e5 hj\u00e4rta och p\u00e5 v\u00e4rme och p\u00e5 hunden Allis h\u00f6r ovan och p\u00e5 h\u00f6nor som \u00e4r v\u00e4rda mycket mer av respekt. Live and let live. Vi ses imorgon!<\/p>\n<p><a href=\"http:\/\/www.filindeblogg.nu\/?attachment_id=37901\" rel=\"attachment wp-att-37901\"><img loading=\"lazy\" class=\"aligncenter size-full wp-image-37901\" title=\"Hj\u00e4rta\" src=\"http:\/\/www.filindeblogg.nu\/wp-content\/uploads\/2012\/09\/Hj\u00e4rta.jpg\" alt=\"\" width=\"225\" height=\"225\" srcset=\"https:\/\/www.filindeblogg.nu\/wp-content\/uploads\/2012\/09\/Hj\u00e4rta.jpg 225w, https:\/\/www.filindeblogg.nu\/wp-content\/uploads\/2012\/09\/Hj\u00e4rta-150x150.jpg 150w\" sizes=\"(max-width: 225px) 100vw, 225px\" \/><\/a><\/p>\n","protected":false},"excerpt":{"rendered":"<p>Ny vecka som b\u00f6rjar med solsken! Det k\u00e4nns positivt och lovande. Ni som l\u00e4st bloggen f\u00f6rr k\u00e4nner till att jag prenumererar p\u00e5 DN om s\u00f6ndagar och brukar publicera n\u00e5gra &#8221;klipp&#8221; ur tidningen dagarna efter. S\u00e5 ock idag. DN s\u00f6ndagen den 23 september 2012 s\u00e5g ut s\u00e5 h\u00e4r: Stora delar av tidningen handlade om det kommande [&hellip;]<\/p>\n","protected":false},"author":1,"featured_media":0,"comment_status":"open","ping_status":"open","sticky":false,"template":"","format":"standard","meta":[],"categories":[138,41,100,149,132,141,101,116,124],"tags":[],"_links":{"self":[{"href":"https:\/\/www.filindeblogg.nu\/index.php?rest_route=\/wp\/v2\/posts\/37883"}],"collection":[{"href":"https:\/\/www.filindeblogg.nu\/index.php?rest_route=\/wp\/v2\/posts"}],"about":[{"href":"https:\/\/www.filindeblogg.nu\/index.php?rest_route=\/wp\/v2\/types\/post"}],"author":[{"embeddable":true,"href":"https:\/\/www.filindeblogg.nu\/index.php?rest_route=\/wp\/v2\/users\/1"}],"replies":[{"embeddable":true,"href":"https:\/\/www.filindeblogg.nu\/index.php?rest_route=%2Fwp%2Fv2%2Fcomments&post=37883"}],"version-history":[{"count":45,"href":"https:\/\/www.filindeblogg.nu\/index.php?rest_route=\/wp\/v2\/posts\/37883\/revisions"}],"predecessor-version":[{"id":37946,"href":"https:\/\/www.filindeblogg.nu\/index.php?rest_route=\/wp\/v2\/posts\/37883\/revisions\/37946"}],"wp:attachment":[{"href":"https:\/\/www.filindeblogg.nu\/index.php?rest_route=%2Fwp%2Fv2%2Fmedia&parent=37883"}],"wp:term":[{"taxonomy":"category","embeddable":true,"href":"https:\/\/www.filindeblogg.nu\/index.php?rest_route=%2Fwp%2Fv2%2Fcategories&post=37883"},{"taxonomy":"post_tag","embeddable":true,"href":"https:\/\/www.filindeblogg.nu\/index.php?rest_route=%2Fwp%2Fv2%2Ftags&post=37883"}],"curies":[{"name":"wp","href":"https:\/\/api.w.org\/{rel}","templated":true}]}}