{"id":37283,"date":"2012-09-07T05:45:38","date_gmt":"2012-09-07T04:45:38","guid":{"rendered":"http:\/\/www.filindeblogg.nu\/?p=37283"},"modified":"2012-09-07T05:45:40","modified_gmt":"2012-09-07T04:45:40","slug":"att-resa-till-eller-fran-arboga","status":"publish","type":"post","link":"https:\/\/www.filindeblogg.nu\/?p=37283","title":{"rendered":"Att resa till eller fr\u00e5n Arboga"},"content":{"rendered":"<p>Jag har sagt det f\u00f6rr och jag s\u00e4ger det igen: <strong>MER REKLAM F\u00d6R ARBOGA!!<\/strong><\/p>\n<p>Den h\u00e4r vyn m\u00f6ter t\u00e5gresen\u00e4rer n\u00e4r de st\u00e5r p\u00e5 perrongen i<strong> Arboga<\/strong>: <a href=\"http:\/\/www.filindeblogg.nu\/?attachment_id=37284\" rel=\"attachment wp-att-37284\"><img loading=\"lazy\" class=\"alignnone size-medium wp-image-37284\" title=\"IMG_0208 (3)\" src=\"http:\/\/www.filindeblogg.nu\/wp-content\/uploads\/2012\/09\/IMG_0208-3-300x225.jpg\" alt=\"\" width=\"300\" height=\"225\" srcset=\"https:\/\/www.filindeblogg.nu\/wp-content\/uploads\/2012\/09\/IMG_0208-3-300x225.jpg 300w, https:\/\/www.filindeblogg.nu\/wp-content\/uploads\/2012\/09\/IMG_0208-3.jpg 461w\" sizes=\"(max-width: 300px) 100vw, 300px\" \/><\/a> Kul? Inbjudande?<\/p>\n<p><a href=\"http:\/\/www.filindeblogg.nu\/?attachment_id=37285\" rel=\"attachment wp-att-37285\"><img loading=\"lazy\" class=\"alignnone size-medium wp-image-37285\" title=\"IMG_0210 (3)\" src=\"http:\/\/www.filindeblogg.nu\/wp-content\/uploads\/2012\/09\/IMG_0210-3-300x225.jpg\" alt=\"\" width=\"300\" height=\"225\" srcset=\"https:\/\/www.filindeblogg.nu\/wp-content\/uploads\/2012\/09\/IMG_0210-3-300x225.jpg 300w, https:\/\/www.filindeblogg.nu\/wp-content\/uploads\/2012\/09\/IMG_0210-3.jpg 461w\" sizes=\"(max-width: 300px) 100vw, 300px\" \/><\/a> Titta p\u00e5 den h\u00e4r v\u00e4ggen som p\u00e5 ett s\u00e5 j\u00e4ttebra s\u00e4tt vetter mot t\u00e5gperrongen! Varf\u00f6r inte s\u00e4tta upp en lockande skylt i det gula tomrummet!?<\/p>\n<p><a href=\"http:\/\/www.filindeblogg.nu\/?attachment_id=37286\" rel=\"attachment wp-att-37286\"><img loading=\"lazy\" class=\"alignnone size-medium wp-image-37286\" title=\"IMG_0209 (3)\" src=\"http:\/\/www.filindeblogg.nu\/wp-content\/uploads\/2012\/09\/IMG_0209-3-300x225.jpg\" alt=\"\" width=\"300\" height=\"225\" srcset=\"https:\/\/www.filindeblogg.nu\/wp-content\/uploads\/2012\/09\/IMG_0209-3-300x225.jpg 300w, https:\/\/www.filindeblogg.nu\/wp-content\/uploads\/2012\/09\/IMG_0209-3.jpg 461w\" sizes=\"(max-width: 300px) 100vw, 300px\" \/><\/a> En skylt som bjuder in till Arboga! En skylt som kan \u00e4ndras \u00f6ver tid och med \u00e5rets olika begivenheter!<\/p>\n<p>Arboga ligger ju otroligt bra till vad g\u00e4ller t\u00e5gresor! S\u00e5v\u00e4l <strong>M\u00e4larbanan<\/strong> som <strong>Svealandsbanan<\/strong> passerar f\u00f6rbi h\u00e4r och ofta m\u00e5ste resen\u00e4rer som kommer fr\u00e5n den ena banan och ska byta till den andra, g\u00f6ra bytet just h\u00e4r i Arboga. Som gjort f\u00f6r att locka folk att bli mer nyfikna p\u00e5 stan! Kanske kliva av t\u00e5get och g\u00f6ra ett bes\u00f6k, handla lite och p\u00e5 sikt kanske till och med bos\u00e4tta sig h\u00e4r!<\/p>\n<p><strong>S\u00e5 G\u00d6R N\u00c5GOT \u00c5T DEN TOMMA GULA PLATSEN P\u00c5 STATIONSBYGGNADEN!<br \/>\n<\/strong>F\u00f6r \u00f6vrigt tycker jag att det r\u00f6da planket mitt emot, p\u00e5 andra sidan perrongen, borde vara som gjort f\u00f6r sm\u00e5 reklamskyltar f\u00f6r staden! F\u00f6r evenemang, boende, jobb o.s.v. <strong>S\u00e4tt fart Arboga!<br \/>\n<\/strong><\/p>\n<p>Bloggaren gillar resor och beger sig nu ut p\u00e5 en igen! Vi tar t\u00e5get mot den h\u00e4r stan: Gissa vilken! <a href=\"http:\/\/www.filindeblogg.nu\/?attachment_id=37287\" rel=\"attachment wp-att-37287\"><img loading=\"lazy\" class=\"alignnone size-full wp-image-37287\" title=\"K\u00f6penhamn natt\" src=\"http:\/\/www.filindeblogg.nu\/wp-content\/uploads\/2012\/09\/K\u00f6penhamn-natt.jpg\" alt=\"\" width=\"256\" height=\"197\" \/><\/a><\/p>\n<p><a href=\"http:\/\/www.filindeblogg.nu\/?attachment_id=37288\" rel=\"attachment wp-att-37288\"><img loading=\"lazy\" class=\"alignnone  wp-image-37288\" title=\"IMG_0349 (3)\" src=\"http:\/\/www.filindeblogg.nu\/wp-content\/uploads\/2012\/09\/IMG_0349-3-225x300.jpg\" alt=\"\" width=\"135\" height=\"180\" srcset=\"https:\/\/www.filindeblogg.nu\/wp-content\/uploads\/2012\/09\/IMG_0349-3-225x300.jpg 225w, https:\/\/www.filindeblogg.nu\/wp-content\/uploads\/2012\/09\/IMG_0349-3.jpg 346w\" sizes=\"(max-width: 135px) 100vw, 135px\" \/><\/a> Bloggaren gillar souvenirer ocks\u00e5, h\u00e4r en mini-gargoyle \ud83d\ude00 , och h\u00e4r en liten kopia av ett av glasen i <strong>Notre Dame<\/strong>: <a href=\"http:\/\/www.filindeblogg.nu\/?attachment_id=37289\" rel=\"attachment wp-att-37289\"><img loading=\"lazy\" class=\"alignnone  wp-image-37289\" title=\"IMG_0343 (3)\" src=\"http:\/\/www.filindeblogg.nu\/wp-content\/uploads\/2012\/09\/IMG_0343-3-225x300.jpg\" alt=\"\" width=\"135\" height=\"180\" srcset=\"https:\/\/www.filindeblogg.nu\/wp-content\/uploads\/2012\/09\/IMG_0343-3-225x300.jpg 225w, https:\/\/www.filindeblogg.nu\/wp-content\/uploads\/2012\/09\/IMG_0343-3.jpg 346w\" sizes=\"(max-width: 135px) 100vw, 135px\" \/><\/a> B\u00e5da fr\u00e5n sommarens resa till <strong>Paris<\/strong>.<\/p>\n<p>Vi f\u00e5r se om det blir n\u00e5gon minnessak fr\u00e5n helgens resa som g\u00e5r till&#8230;.ja just det: <strong>K\u00f6penhamn!<\/strong><\/p>\n<p><a href=\"http:\/\/www.filindeblogg.nu\/?attachment_id=37290\" rel=\"attachment wp-att-37290\"><img loading=\"lazy\" class=\"alignnone  wp-image-37290\" title=\"Kalenderblad\" src=\"http:\/\/www.filindeblogg.nu\/wp-content\/uploads\/2012\/09\/Kalenderblad6.jpg\" alt=\"\" width=\"109\" height=\"79\" \/><\/a>\u00a0<strong>Regina och Roy<\/strong> ska firas! GRATTIS! <a href=\"http:\/\/www.filindeblogg.nu\/?attachment_id=37291\" rel=\"attachment wp-att-37291\"><img loading=\"lazy\" class=\"alignnone  wp-image-37291\" title=\"vykort flicka\" src=\"http:\/\/www.filindeblogg.nu\/wp-content\/uploads\/2012\/09\/vykort-flicka6.jpg\" alt=\"\" width=\"93\" height=\"166\" \/><\/a><br \/>\nAvslutar men en Roy som m\u00e5nga k\u00e4nner igen &#8211; ihop med brorsan Roger! \ud83d\ude00<\/p>\n<p><a href=\"http:\/\/www.filindeblogg.nu\/?attachment_id=37292\" rel=\"attachment wp-att-37292\"><img loading=\"lazy\" class=\"aligncenter size-full wp-image-37292\" title=\"Roj och Roger\" src=\"http:\/\/www.filindeblogg.nu\/wp-content\/uploads\/2012\/09\/Roj-och-Roger.jpg\" alt=\"\" width=\"259\" height=\"194\" \/><\/a><\/p>\n<p>&nbsp;<\/p>\n","protected":false},"excerpt":{"rendered":"<p>Jag har sagt det f\u00f6rr och jag s\u00e4ger det igen: MER REKLAM F\u00d6R ARBOGA!! Den h\u00e4r vyn m\u00f6ter t\u00e5gresen\u00e4rer n\u00e4r de st\u00e5r p\u00e5 perrongen i Arboga: Kul? Inbjudande? Titta p\u00e5 den h\u00e4r v\u00e4ggen som p\u00e5 ett s\u00e5 j\u00e4ttebra s\u00e4tt vetter mot t\u00e5gperrongen! Varf\u00f6r inte s\u00e4tta upp en lockande skylt i det gula tomrummet!? En skylt [&hellip;]<\/p>\n","protected":false},"author":1,"featured_media":0,"comment_status":"open","ping_status":"open","sticky":false,"template":"","format":"standard","meta":[],"categories":[1,127,100,149,141,101],"tags":[],"_links":{"self":[{"href":"https:\/\/www.filindeblogg.nu\/index.php?rest_route=\/wp\/v2\/posts\/37283"}],"collection":[{"href":"https:\/\/www.filindeblogg.nu\/index.php?rest_route=\/wp\/v2\/posts"}],"about":[{"href":"https:\/\/www.filindeblogg.nu\/index.php?rest_route=\/wp\/v2\/types\/post"}],"author":[{"embeddable":true,"href":"https:\/\/www.filindeblogg.nu\/index.php?rest_route=\/wp\/v2\/users\/1"}],"replies":[{"embeddable":true,"href":"https:\/\/www.filindeblogg.nu\/index.php?rest_route=%2Fwp%2Fv2%2Fcomments&post=37283"}],"version-history":[{"count":16,"href":"https:\/\/www.filindeblogg.nu\/index.php?rest_route=\/wp\/v2\/posts\/37283\/revisions"}],"predecessor-version":[{"id":37314,"href":"https:\/\/www.filindeblogg.nu\/index.php?rest_route=\/wp\/v2\/posts\/37283\/revisions\/37314"}],"wp:attachment":[{"href":"https:\/\/www.filindeblogg.nu\/index.php?rest_route=%2Fwp%2Fv2%2Fmedia&parent=37283"}],"wp:term":[{"taxonomy":"category","embeddable":true,"href":"https:\/\/www.filindeblogg.nu\/index.php?rest_route=%2Fwp%2Fv2%2Fcategories&post=37283"},{"taxonomy":"post_tag","embeddable":true,"href":"https:\/\/www.filindeblogg.nu\/index.php?rest_route=%2Fwp%2Fv2%2Ftags&post=37283"}],"curies":[{"name":"wp","href":"https:\/\/api.w.org\/{rel}","templated":true}]}}