{"id":36805,"date":"2012-08-28T06:47:28","date_gmt":"2012-08-28T05:47:28","guid":{"rendered":"http:\/\/www.filindeblogg.nu\/?p=36805"},"modified":"2012-08-28T06:47:29","modified_gmt":"2012-08-28T05:47:29","slug":"karlshamn-i-jakten-pa-gargoylen","status":"publish","type":"post","link":"https:\/\/www.filindeblogg.nu\/?p=36805","title":{"rendered":"Karlshamn &#8211; i jakten p\u00e5 Gargoylen!"},"content":{"rendered":"<p><a href=\"http:\/\/www.filindeblogg.nu\/?attachment_id=36807\" rel=\"attachment wp-att-36807\"><img loading=\"lazy\" class=\"alignnone  wp-image-36807\" title=\"250px-Carlshamn_ballongflyg_Stockholm_2009 Fl\u00f6g iv\u00e4g till Finland\" src=\"http:\/\/www.filindeblogg.nu\/wp-content\/uploads\/2012\/08\/250px-Carlshamn_ballongflyg_Stockholm_2009-Fl\u00f6g-iv\u00e4g-till-Finland1.jpg\" alt=\"\" width=\"150\" height=\"180\" \/><\/a> Nej, jag kom inte hit via luftballong men f\u00f6r den med bra \u00f6gon g\u00e5r det att l\u00e4sa <strong><em>&#8221;Carlshamn&#8221;<\/em><\/strong> p\u00e5 ballongen som jag visade p\u00e5 bloggen ig\u00e5r<a href=\"http:\/\/www.svd.se\/nyheter\/inrikes\/demonstranter-stoppas-pa-gotland_7453866.svd\" target=\"_blank\">.<\/a><\/p>\n<p><strong>Karlshamn<\/strong> har jag aldrig bes\u00f6kt tidigare &#8211; tyv\u00e4rr &#8211; f\u00f6r det \u00e4r en j\u00e4ttevacker stad vid havet! Gammal, fin bebyggelse ihop med modernare och lagom stort.<br \/>\nMin eufori \u00f6ver Karlshamn beror s\u00e4kerligen ocks\u00e5 p\u00e5 det fantastiska v\u00e4dret h\u00e4r. En underbar sommardag ig\u00e5r &#8211; den soligaste och varmaste p\u00e5 hela sommaren, sa kvinnan i receptionen p\u00e5\u00a0<strong> STF<\/strong>:s vandrarhem h\u00e4r! <a href=\"http:\/\/www.filindeblogg.nu\/?attachment_id=36808\" rel=\"attachment wp-att-36808\"><img loading=\"lazy\" class=\"alignnone  wp-image-36808\" title=\"STF Karlshamn\" src=\"http:\/\/www.filindeblogg.nu\/wp-content\/uploads\/2012\/08\/STF-Karlshamn-300x165.jpg\" alt=\"\" width=\"180\" height=\"99\" srcset=\"https:\/\/www.filindeblogg.nu\/wp-content\/uploads\/2012\/08\/STF-Karlshamn-300x165.jpg 300w, https:\/\/www.filindeblogg.nu\/wp-content\/uploads\/2012\/08\/STF-Karlshamn.jpg 545w\" sizes=\"(max-width: 180px) 100vw, 180px\" \/><\/a><\/p>\n<p>F\u00f6r 300 kr fick jag ett stort rum med liten k\u00f6ksdel (och kylsk\u00e5p!), badrum med toalett och dusch, TV p\u00e5 rummet och frukost p\u00e5 morgonen! Promenadavst\u00e5nd till\u00a0 allt! L\u00e4s mera <a href=\"http:\/\/www.svenskaturistforeningen.se\/upptack\/Omraden\/Blekinge\/Vandrarhem\/STF-Vandrarhem-Karlshamn\/\" target=\"_blank\"><strong>H\u00c4R<\/strong><\/a> om vandrarhemmet p\u00e5<strong> Surbrunnsgatan<\/strong> <strong>i Karlshamn!<\/strong><\/p>\n<p><a href=\"http:\/\/www.filindeblogg.nu\/?attachment_id=36824\" rel=\"attachment wp-att-36824\"><img loading=\"lazy\" class=\"alignnone  wp-image-36824\" title=\"Havet\" src=\"http:\/\/www.filindeblogg.nu\/wp-content\/uploads\/2012\/08\/Havet.jpg\" alt=\"\" width=\"163\" height=\"111\" \/><\/a>\u00a0Men det vackraste var \u00e4nd\u00e5 havet&#8230; Fler bilder fr\u00e5n min egen kamera blir det p\u00e5 bloggen n\u00e4r jag kommer hem. H\u00e4r en bild fr\u00e5n Internet p\u00e5 den fina statyn i hamnen, det s k utvandrarmonumentet. <a href=\"http:\/\/www.filindeblogg.nu\/?attachment_id=36809\" rel=\"attachment wp-att-36809\"><img loading=\"lazy\" class=\"alignnone  wp-image-36809\" title=\"Statyn i Karlshamn\" src=\"http:\/\/www.filindeblogg.nu\/wp-content\/uploads\/2012\/08\/Statyn-i-Karlshamn.jpg\" alt=\"\" width=\"136\" height=\"181\" \/><\/a><\/p>\n<p>Skulpturen <strong>Karl Oskar och Kristina<\/strong> &#8211; personer i <strong>Wilhelm Moberg<\/strong>s roman <strong><em>&#8221;Utvandrarna&#8221;<\/em><\/strong>.<br \/>\nKarl Oskar blickar ut mot havet mot den nya framtiden medan Kristina kastar en blick bak\u00e5t mot dem d\u00e4r hemma som man l\u00e4mnar.<br \/>\nL\u00e4s mera <a href=\"http:\/\/www.karlshamn.se\/Turism\/FAQ\/Utvandrarmonumentet\/\" target=\"_blank\"><strong>H\u00c4R<\/strong><\/a> p\u00e5 Karlshamns kommuns hemsida.<\/p>\n<p>Men jakten p\u00e5 Gargoylen d\u00e5!? <a href=\"http:\/\/www.filindeblogg.nu\/?attachment_id=36814\" rel=\"attachment wp-att-36814\"><img loading=\"lazy\" class=\"alignnone size-full wp-image-36814\" title=\"gargoyle_GA14B_1690\" src=\"http:\/\/www.filindeblogg.nu\/wp-content\/uploads\/2012\/08\/gargoyle_GA14B_16901.jpg\" alt=\"\" width=\"72\" height=\"150\" \/><\/a> Jo, den forts\u00e4tter! \ud83d\ude42 Dags att ge sig av mot<strong> Kivik<\/strong>! Sp\u00e5ren leder dit&#8230;<\/p>\n<p>Kanske tr\u00e4ffar jag p\u00e5 en s\u00e5dan h\u00e4r ist\u00e4llet&#8230; <a href=\"http:\/\/www.filindeblogg.nu\/?attachment_id=36815\" rel=\"attachment wp-att-36815\"><img loading=\"lazy\" class=\"alignnone size-full wp-image-36815\" title=\"gremlin_GA05C_1687\" src=\"http:\/\/www.filindeblogg.nu\/wp-content\/uploads\/2012\/08\/gremlin_GA05C_1687.jpg\" alt=\"\" width=\"113\" height=\"150\" \/><\/a> Men det \u00e4r en <strong>Gremlin<\/strong> och det gills inte!! \ud83d\ude09<\/p>\n<p><a href=\"http:\/\/www.filindeblogg.nu\/?attachment_id=36818\" rel=\"attachment wp-att-36818\"><img loading=\"lazy\" class=\"alignnone  wp-image-36818\" title=\"Kalenderblad\" src=\"http:\/\/www.filindeblogg.nu\/wp-content\/uploads\/2012\/08\/Kalenderblad28.jpg\" alt=\"\" width=\"109\" height=\"79\" \/><\/a><strong>GURLI och LEILA<\/strong> ska gratuleras p\u00e5 namnsdagen idag den 28 augusti! Gurli heter en gammal arbetskamrat till mig &#8211; GRATTIS\u00a0<strong> Gurli M\u00e5rtenson &#8211;<\/strong> och Leila p\u00e5minner mig om en av mina favoritartister, <strong>Eric Clapton<\/strong> och hans <strong><em>&#8221;Leila&#8221;<\/em><\/strong> . Den finns i flera versioner &#8211; lyssna p\u00e5 <strong>en\u00a0<\/strong><a href=\"http:\/\/www.youtube.com\/watch?v=48FJftqWULM\" target=\"_blank\"><strong> H\u00c4R<\/strong> <\/a>om ni vill!<br \/>\nM\u00e5 alla namnsdagsbarn f\u00e5 en fin dag! <a href=\"http:\/\/www.filindeblogg.nu\/?attachment_id=36819\" rel=\"attachment wp-att-36819\"><img loading=\"lazy\" class=\"alignnone  wp-image-36819\" title=\"vykort flicka\" src=\"http:\/\/www.filindeblogg.nu\/wp-content\/uploads\/2012\/08\/vykort-flicka24.jpg\" alt=\"\" width=\"93\" height=\"166\" \/><\/a><\/p>\n<p>Mer imorgon om jakten p\u00e5 Gargoylen!! \ud83d\ude00<\/p>\n","protected":false},"excerpt":{"rendered":"<p>Nej, jag kom inte hit via luftballong men f\u00f6r den med bra \u00f6gon g\u00e5r det att l\u00e4sa &#8221;Carlshamn&#8221; p\u00e5 ballongen som jag visade p\u00e5 bloggen ig\u00e5r. Karlshamn har jag aldrig bes\u00f6kt tidigare &#8211; tyv\u00e4rr &#8211; f\u00f6r det \u00e4r en j\u00e4ttevacker stad vid havet! Gammal, fin bebyggelse ihop med modernare och lagom stort. Min eufori \u00f6ver [&hellip;]<\/p>\n","protected":false},"author":1,"featured_media":0,"comment_status":"open","ping_status":"open","sticky":false,"template":"","format":"standard","meta":[],"categories":[126,100,149,141,101],"tags":[],"_links":{"self":[{"href":"https:\/\/www.filindeblogg.nu\/index.php?rest_route=\/wp\/v2\/posts\/36805"}],"collection":[{"href":"https:\/\/www.filindeblogg.nu\/index.php?rest_route=\/wp\/v2\/posts"}],"about":[{"href":"https:\/\/www.filindeblogg.nu\/index.php?rest_route=\/wp\/v2\/types\/post"}],"author":[{"embeddable":true,"href":"https:\/\/www.filindeblogg.nu\/index.php?rest_route=\/wp\/v2\/users\/1"}],"replies":[{"embeddable":true,"href":"https:\/\/www.filindeblogg.nu\/index.php?rest_route=%2Fwp%2Fv2%2Fcomments&post=36805"}],"version-history":[{"count":12,"href":"https:\/\/www.filindeblogg.nu\/index.php?rest_route=\/wp\/v2\/posts\/36805\/revisions"}],"predecessor-version":[{"id":36828,"href":"https:\/\/www.filindeblogg.nu\/index.php?rest_route=\/wp\/v2\/posts\/36805\/revisions\/36828"}],"wp:attachment":[{"href":"https:\/\/www.filindeblogg.nu\/index.php?rest_route=%2Fwp%2Fv2%2Fmedia&parent=36805"}],"wp:term":[{"taxonomy":"category","embeddable":true,"href":"https:\/\/www.filindeblogg.nu\/index.php?rest_route=%2Fwp%2Fv2%2Fcategories&post=36805"},{"taxonomy":"post_tag","embeddable":true,"href":"https:\/\/www.filindeblogg.nu\/index.php?rest_route=%2Fwp%2Fv2%2Ftags&post=36805"}],"curies":[{"name":"wp","href":"https:\/\/api.w.org\/{rel}","templated":true}]}}