{"id":36238,"date":"2012-08-17T10:30:53","date_gmt":"2012-08-17T09:30:53","guid":{"rendered":"http:\/\/www.filindeblogg.nu\/?p=36238"},"modified":"2012-08-17T10:30:54","modified_gmt":"2012-08-17T09:30:54","slug":"tidsresan-1","status":"publish","type":"post","link":"https:\/\/www.filindeblogg.nu\/?p=36238","title":{"rendered":"Tidsresan 1"},"content":{"rendered":"<p><a href=\"http:\/\/www.filindeblogg.nu\/?attachment_id=36239\" rel=\"attachment wp-att-36239\"><img loading=\"lazy\" class=\"alignnone  wp-image-36239\" title=\"IMG_9663 (3)\" src=\"http:\/\/www.filindeblogg.nu\/wp-content\/uploads\/2012\/08\/IMG_9663-3-300x225.jpg\" alt=\"\" width=\"180\" height=\"135\" srcset=\"https:\/\/www.filindeblogg.nu\/wp-content\/uploads\/2012\/08\/IMG_9663-3-300x225.jpg 300w, https:\/\/www.filindeblogg.nu\/wp-content\/uploads\/2012\/08\/IMG_9663-3.jpg 461w\" sizes=\"(max-width: 180px) 100vw, 180px\" \/><\/a> F\u00f6rst som sist &#8211; <strong>Felix<\/strong>! Han f\u00e5r symbolisera alla mina tre katter i denna blogg.<\/p>\n<p>Tidsresan? Och dessutom <em>&#8221;Tidsresan 1&#8221;<\/em>?? Jo, det gick inte riktigt som jag hade t\u00e4nkt mig s\u00e5 det blir \u00e4nnu en tidsresa, inspirerad av <strong>Bettan<\/strong> p\u00e5 <strong>Klockarg\u00e5rden<\/strong>! \ud83d\ude00<\/p>\n<p><a href=\"http:\/\/www.filindeblogg.nu\/?attachment_id=36240\" rel=\"attachment wp-att-36240\"><img loading=\"lazy\" class=\"alignnone  wp-image-36240\" title=\"IMG_9671 (3)\" src=\"http:\/\/www.filindeblogg.nu\/wp-content\/uploads\/2012\/08\/IMG_9671-3-300x225.jpg\" alt=\"\" width=\"180\" height=\"135\" srcset=\"https:\/\/www.filindeblogg.nu\/wp-content\/uploads\/2012\/08\/IMG_9671-3-300x225.jpg 300w, https:\/\/www.filindeblogg.nu\/wp-content\/uploads\/2012\/08\/IMG_9671-3.jpg 461w\" sizes=\"(max-width: 180px) 100vw, 180px\" \/><\/a> Utg\u00e5ngsl\u00e4get f\u00f6r min resa blev sk\u00f6na <strong>Sundbyberg<\/strong>. H\u00e4r fick jag l\u00e5na \u00e4ldste sonens fina l\u00e4genhet och i Sundbyberg b\u00f6rjade ocks\u00e5 resan i tiden. Jag tr\u00e4ffade en v\u00e4n h\u00e4r som jag inte sett p\u00e5 \u00f6ver 20 \u00e5r! Vi var arbetskamrater p\u00e5 det som p\u00e5 1970-talet hette <strong>Televerket<\/strong>. <strong>Susanne<\/strong>, som hon ocks\u00e5 heter, bor i Sundbyberg numera och det var fantastiskt roligt att ses igen!<\/p>\n<p>F\u00e4rden gick sen vidare&#8230; <a href=\"http:\/\/www.filindeblogg.nu\/?attachment_id=36241\" rel=\"attachment wp-att-36241\"><img loading=\"lazy\" class=\"alignnone  wp-image-36241\" title=\"IMG_9675 (3)\" src=\"http:\/\/www.filindeblogg.nu\/wp-content\/uploads\/2012\/08\/IMG_9675-3-300x225.jpg\" alt=\"\" width=\"180\" height=\"135\" srcset=\"https:\/\/www.filindeblogg.nu\/wp-content\/uploads\/2012\/08\/IMG_9675-3-300x225.jpg 300w, https:\/\/www.filindeblogg.nu\/wp-content\/uploads\/2012\/08\/IMG_9675-3.jpg 461w\" sizes=\"(max-width: 180px) 100vw, 180px\" \/><\/a> Fotot ger mig k\u00e4nslan av <em>&#8221;highway to hell&#8221;<\/em> &#8211; tomt, iskallt st\u00e5l. Men<strong> Duvbo<\/strong> \u00e4r bara en av alla tunnelbanestationer som finns \u00f6ver hela<strong> Stockholm<\/strong> och fyller sin funktion mycket bra.<\/p>\n<p>F\u00e4rden gick mot st\u00e4llen jag bodde p\u00e5 n\u00e4r jag f\u00f6rst kom till Stockholm &#8211; <strong>Enskede<\/strong>. <a href=\"http:\/\/www.filindeblogg.nu\/?attachment_id=36242\" rel=\"attachment wp-att-36242\"><img loading=\"lazy\" class=\"alignnone  wp-image-36242\" title=\"IMG_9676 (3)\" src=\"http:\/\/www.filindeblogg.nu\/wp-content\/uploads\/2012\/08\/IMG_9676-3-225x300.jpg\" alt=\"\" width=\"135\" height=\"180\" srcset=\"https:\/\/www.filindeblogg.nu\/wp-content\/uploads\/2012\/08\/IMG_9676-3-225x300.jpg 225w, https:\/\/www.filindeblogg.nu\/wp-content\/uploads\/2012\/08\/IMG_9676-3.jpg 346w\" sizes=\"(max-width: 135px) 100vw, 135px\" \/><\/a><\/p>\n<p>Den h\u00e4r vyn \u00e4r mycket v\u00e4lbekant f\u00f6r mig. <a href=\"http:\/\/www.filindeblogg.nu\/?attachment_id=36243\" rel=\"attachment wp-att-36243\"><img loading=\"lazy\" class=\"alignnone  wp-image-36243\" title=\"IMG_9678 (3)\" src=\"http:\/\/www.filindeblogg.nu\/wp-content\/uploads\/2012\/08\/IMG_9678-3-300x225.jpg\" alt=\"\" width=\"180\" height=\"135\" srcset=\"https:\/\/www.filindeblogg.nu\/wp-content\/uploads\/2012\/08\/IMG_9678-3-300x225.jpg 300w, https:\/\/www.filindeblogg.nu\/wp-content\/uploads\/2012\/08\/IMG_9678-3.jpg 461w\" sizes=\"(max-width: 180px) 100vw, 180px\" \/><\/a> F\u00f6rbi den h\u00e4r blomsteraff\u00e4ren har jag och min v\u00e4n <strong>Junith<\/strong> g\u00e5tt m\u00e5nga g\u00e5nger, tr\u00f6tta efter dagens slit p\u00e5 <strong>Televerket, Abonnemang &#8211; 90200<\/strong>.<\/p>\n<p>Gamla Enskede \u00e4r bj\u00f6rkar f\u00f6r mig. <a href=\"http:\/\/www.filindeblogg.nu\/?attachment_id=36244\" rel=\"attachment wp-att-36244\"><img loading=\"lazy\" class=\"alignnone  wp-image-36244\" title=\"IMG_9681 (3)\" src=\"http:\/\/www.filindeblogg.nu\/wp-content\/uploads\/2012\/08\/IMG_9681-3-225x300.jpg\" alt=\"\" width=\"135\" height=\"180\" srcset=\"https:\/\/www.filindeblogg.nu\/wp-content\/uploads\/2012\/08\/IMG_9681-3-225x300.jpg 225w, https:\/\/www.filindeblogg.nu\/wp-content\/uploads\/2012\/08\/IMG_9681-3.jpg 346w\" sizes=\"(max-width: 135px) 100vw, 135px\" \/><\/a> Omr\u00e5det \u00e4r mycket lummigt och fint. M\u00e5nga vackra villor som med \u00e5ren bytt \u00e4gare &#8211; precis som det hus jag skulle bes\u00f6ka. <a href=\"http:\/\/www.filindeblogg.nu\/?attachment_id=36245\" rel=\"attachment wp-att-36245\"><img loading=\"lazy\" class=\"alignnone  wp-image-36245\" title=\"IMG_9682 (3)\" src=\"http:\/\/www.filindeblogg.nu\/wp-content\/uploads\/2012\/08\/IMG_9682-3-300x225.jpg\" alt=\"\" width=\"180\" height=\"135\" srcset=\"https:\/\/www.filindeblogg.nu\/wp-content\/uploads\/2012\/08\/IMG_9682-3-300x225.jpg 300w, https:\/\/www.filindeblogg.nu\/wp-content\/uploads\/2012\/08\/IMG_9682-3.jpg 461w\" sizes=\"(max-width: 180px) 100vw, 180px\" \/><\/a><\/p>\n<p>Vi bodde p\u00e5 <strong>Kantarellv\u00e4gen<\/strong> &#8211; Junith och jag. Inneboende hos<strong> familjen Bostr\u00f6m<\/strong>. <a href=\"http:\/\/www.filindeblogg.nu\/?attachment_id=36246\" rel=\"attachment wp-att-36246\"><img loading=\"lazy\" class=\"alignnone  wp-image-36246\" title=\"IMG_9683 (3)\" src=\"http:\/\/www.filindeblogg.nu\/wp-content\/uploads\/2012\/08\/IMG_9683-3-274x300.jpg\" alt=\"\" width=\"164\" height=\"180\" srcset=\"https:\/\/www.filindeblogg.nu\/wp-content\/uploads\/2012\/08\/IMG_9683-3-274x300.jpg 274w, https:\/\/www.filindeblogg.nu\/wp-content\/uploads\/2012\/08\/IMG_9683-3.jpg 317w\" sizes=\"(max-width: 164px) 100vw, 164px\" \/><\/a> Paret Bostr\u00f6m f\u00f6rs\u00f6rjde sig troligen helt p\u00e5 inneboenden. De bodde sj\u00e4lva p\u00e5 nederv\u00e5ningen men sen var det fullt av m\u00e4nniskor i \u00f6vriga delen av huset. P\u00e5 \u00f6verv\u00e5ningen, i k\u00e4llaren och till och med p\u00e5 vinden. Vi tr\u00e4ffade aldrig alla som bodde d\u00e4r men vi r\u00e4knade ut att det m\u00e5ste ha varit 10-12 hyresg\u00e4ster. Det levde f\u00f6rmodligen paret gott p\u00e5.<\/p>\n<p>H\u00e4r \u00e4r huset! <a href=\"http:\/\/www.filindeblogg.nu\/?attachment_id=36247\" rel=\"attachment wp-att-36247\"><img loading=\"lazy\" class=\"alignnone  wp-image-36247\" title=\"IMG_9684 (3)\" src=\"http:\/\/www.filindeblogg.nu\/wp-content\/uploads\/2012\/08\/IMG_9684-3-225x300.jpg\" alt=\"\" width=\"135\" height=\"180\" srcset=\"https:\/\/www.filindeblogg.nu\/wp-content\/uploads\/2012\/08\/IMG_9684-3-225x300.jpg 225w, https:\/\/www.filindeblogg.nu\/wp-content\/uploads\/2012\/08\/IMG_9684-3.jpg 346w\" sizes=\"(max-width: 135px) 100vw, 135px\" \/><\/a> N\u00e4r jag best\u00e4mde mig f\u00f6r en tidsresa hade jag kollat upp vem som bodde i huset nu och kom att h\u00f6ja rej\u00e4lt p\u00e5 \u00f6gonbrynen. Det var den h\u00e4r kvinnan! <a href=\"http:\/\/www.filindeblogg.nu\/?attachment_id=36248\" rel=\"attachment wp-att-36248\"><img loading=\"lazy\" class=\"alignnone  wp-image-36248\" title=\"Camilla L\u00e4ckberg\" src=\"http:\/\/www.filindeblogg.nu\/wp-content\/uploads\/2012\/08\/Camilla-L\u00e4ckberg.jpg\" alt=\"\" width=\"120\" height=\"144\" \/><\/a><strong> Camilla L\u00e4ckberg<\/strong> \u00e4ger nu k\u00e5ken och det tillsammans med maken <strong>Martin Melin<\/strong>, polis och den som &#8221;\u00f6vervakade&#8221; Camilla nyligen i <strong><em>&#8221;Let&#8217;s dance&#8221;<\/em><\/strong>. <a href=\"http:\/\/www.filindeblogg.nu\/?attachment_id=36249\" rel=\"attachment wp-att-36249\"><img loading=\"lazy\" class=\"alignnone  wp-image-36249\" title=\"Martin Melin\" src=\"http:\/\/www.filindeblogg.nu\/wp-content\/uploads\/2012\/08\/Martin-Melin.jpg\" alt=\"\" width=\"120\" height=\"130\" \/><\/a><\/p>\n<p>Hit kom jag och inte l\u00e4ngre&#8230; <a href=\"http:\/\/www.filindeblogg.nu\/?attachment_id=36250\" rel=\"attachment wp-att-36250\"><img loading=\"lazy\" class=\"alignnone  wp-image-36250\" title=\"IMG_9686 (3)\" src=\"http:\/\/www.filindeblogg.nu\/wp-content\/uploads\/2012\/08\/IMG_9686-3-225x300.jpg\" alt=\"\" width=\"135\" height=\"180\" srcset=\"https:\/\/www.filindeblogg.nu\/wp-content\/uploads\/2012\/08\/IMG_9686-3-225x300.jpg 225w, https:\/\/www.filindeblogg.nu\/wp-content\/uploads\/2012\/08\/IMG_9686-3.jpg 346w\" sizes=\"(max-width: 135px) 100vw, 135px\" \/><\/a> Jag knackade p\u00e5 flera g\u00e5nger och intill d\u00f6rren fanns denna skylt. \ud83d\ude00 <a href=\"http:\/\/www.filindeblogg.nu\/?attachment_id=36251\" rel=\"attachment wp-att-36251\"><img loading=\"lazy\" class=\"alignnone  wp-image-36251\" title=\"IMG_9685 (3)\" src=\"http:\/\/www.filindeblogg.nu\/wp-content\/uploads\/2012\/08\/IMG_9685-3-300x225.jpg\" alt=\"\" width=\"180\" height=\"135\" srcset=\"https:\/\/www.filindeblogg.nu\/wp-content\/uploads\/2012\/08\/IMG_9685-3-300x225.jpg 300w, https:\/\/www.filindeblogg.nu\/wp-content\/uploads\/2012\/08\/IMG_9685-3.jpg 461w\" sizes=\"(max-width: 180px) 100vw, 180px\" \/><\/a> Martin Melin f\u00e5r tydligen kila in k\u00f6ksv\u00e4gen n\u00e4r han ska hem och jag fick v\u00e4l r\u00e4kna mig som &#8221;bud&#8221; och gick runt huset men kom inte in d\u00e4r heller. D\u00e4remot tr\u00e4ffade jag en polack som jobbade h\u00e5rt i Camillas tr\u00e4dg\u00e5rd. Han ber\u00e4ttade p\u00e5 bruten engelska att <em>&#8221;- Mrs went away at 10 o&#8217;clock&#8221;<\/em> och han visste inte n\u00e4r hon skulle komma tillbaka.<\/p>\n<p>S\u00e5 var det med den saken. Men skam den som ger sig! N\u00e4sta g\u00e5ng ska Camilla vara f\u00f6rvarnad och d\u00e4rmed blir det en <em>&#8221;Tidsresan 2&#8221;<\/em>! \ud83d\ude09 Kanske blir det som Bettan p\u00e5 Klockarg\u00e5rden fantiserade om! Att Camilla visar mig runt och att vi sen sl\u00e5r oss ner f\u00f6r att diskutera bokskrivande. \ud83d\ude42<br \/>\n<a href=\"http:\/\/www.camillalackberg.se\/\" target=\"_blank\"><strong>H\u00c4R<\/strong><\/a> hittar du Camilla L\u00e4ckbergs hemsida!<\/p>\n<p>Tillbaka en station med T-banan. <a href=\"http:\/\/www.filindeblogg.nu\/?attachment_id=36252\" rel=\"attachment wp-att-36252\"><img loading=\"lazy\" class=\"alignnone  wp-image-36252\" title=\"IMG_9698 (3)\" src=\"http:\/\/www.filindeblogg.nu\/wp-content\/uploads\/2012\/08\/IMG_9698-3-300x225.jpg\" alt=\"\" width=\"180\" height=\"135\" srcset=\"https:\/\/www.filindeblogg.nu\/wp-content\/uploads\/2012\/08\/IMG_9698-3-300x225.jpg 300w, https:\/\/www.filindeblogg.nu\/wp-content\/uploads\/2012\/08\/IMG_9698-3.jpg 461w\" sizes=\"(max-width: 180px) 100vw, 180px\" \/><\/a> Kvar i vackra Enskede men vid tunnelbanestationen <strong>Sandsborg<\/strong>. <a href=\"http:\/\/www.filindeblogg.nu\/?attachment_id=36253\" rel=\"attachment wp-att-36253\"><img loading=\"lazy\" class=\"alignnone  wp-image-36253\" title=\"IMG_9714 (3)\" src=\"http:\/\/www.filindeblogg.nu\/wp-content\/uploads\/2012\/08\/IMG_9714-3-300x225.jpg\" alt=\"\" width=\"180\" height=\"135\" srcset=\"https:\/\/www.filindeblogg.nu\/wp-content\/uploads\/2012\/08\/IMG_9714-3-300x225.jpg 300w, https:\/\/www.filindeblogg.nu\/wp-content\/uploads\/2012\/08\/IMG_9714-3.jpg 461w\" sizes=\"(max-width: 180px) 100vw, 180px\" \/><\/a><br \/>\nN\u00e4r jag tr\u00f6ttnat p\u00e5 det tr\u00e5nga boendet p\u00e5 Kantarellv\u00e4gen hittade jag en st\u00f6rre 1:a p\u00e5 denna v\u00e4g: <a href=\"http:\/\/www.filindeblogg.nu\/?attachment_id=36254\" rel=\"attachment wp-att-36254\"><img loading=\"lazy\" class=\"alignnone  wp-image-36254\" title=\"IMG_9702 (3)\" src=\"http:\/\/www.filindeblogg.nu\/wp-content\/uploads\/2012\/08\/IMG_9702-3-300x225.jpg\" alt=\"\" width=\"180\" height=\"135\" srcset=\"https:\/\/www.filindeblogg.nu\/wp-content\/uploads\/2012\/08\/IMG_9702-3-300x225.jpg 300w, https:\/\/www.filindeblogg.nu\/wp-content\/uploads\/2012\/08\/IMG_9702-3.jpg 461w\" sizes=\"(max-width: 180px) 100vw, 180px\" \/><\/a> H\u00e4r \u00e4r huset d\u00e4r jag bodde &#8211; <strong>Stora Gungans v\u00e4g 8<\/strong>:\u00a0<a href=\"http:\/\/www.filindeblogg.nu\/?attachment_id=36255\" rel=\"attachment wp-att-36255\"><img loading=\"lazy\" class=\"alignnone  wp-image-36255\" title=\"IMG_9711 (3)\" src=\"http:\/\/www.filindeblogg.nu\/wp-content\/uploads\/2012\/08\/IMG_9711-3-300x225.jpg\" alt=\"\" width=\"180\" height=\"135\" srcset=\"https:\/\/www.filindeblogg.nu\/wp-content\/uploads\/2012\/08\/IMG_9711-3-300x225.jpg 300w, https:\/\/www.filindeblogg.nu\/wp-content\/uploads\/2012\/08\/IMG_9711-3.jpg 461w\" sizes=\"(max-width: 180px) 100vw, 180px\" \/><\/a>\u00a0 Ett fint gammalt hus och genom den h\u00e4r porten har jag g\u00e5tt m\u00e5nga g\u00e5nger. <a href=\"http:\/\/www.filindeblogg.nu\/?attachment_id=36256\" rel=\"attachment wp-att-36256\"><img loading=\"lazy\" class=\"alignnone  wp-image-36256\" title=\"IMG_9703 (3)\" src=\"http:\/\/www.filindeblogg.nu\/wp-content\/uploads\/2012\/08\/IMG_9703-3-225x300.jpg\" alt=\"\" width=\"135\" height=\"180\" srcset=\"https:\/\/www.filindeblogg.nu\/wp-content\/uploads\/2012\/08\/IMG_9703-3-225x300.jpg 225w, https:\/\/www.filindeblogg.nu\/wp-content\/uploads\/2012\/08\/IMG_9703-3.jpg 346w\" sizes=\"(max-width: 135px) 100vw, 135px\" \/><\/a><\/p>\n<p>P\u00e5 min tid var det sparsamt med utbudet h\u00e4r &#8211; idag finns det b\u00e5de restaurang och sushibar i huset mitt emot! <a href=\"http:\/\/www.filindeblogg.nu\/?attachment_id=36257\" rel=\"attachment wp-att-36257\"><img loading=\"lazy\" class=\"alignnone  wp-image-36257\" title=\"IMG_9727 (3)\" src=\"http:\/\/www.filindeblogg.nu\/wp-content\/uploads\/2012\/08\/IMG_9727-3-300x225.jpg\" alt=\"\" width=\"180\" height=\"135\" srcset=\"https:\/\/www.filindeblogg.nu\/wp-content\/uploads\/2012\/08\/IMG_9727-3-300x225.jpg 300w, https:\/\/www.filindeblogg.nu\/wp-content\/uploads\/2012\/08\/IMG_9727-3.jpg 461w\" sizes=\"(max-width: 180px) 100vw, 180px\" \/><\/a> Jag slog mig ner, \u00e5t och tog en \u00f6l. Sk\u00e5lade f\u00f6r det trevliga huset jag bott i en g\u00e5ng. <a href=\"http:\/\/www.filindeblogg.nu\/?attachment_id=36258\" rel=\"attachment wp-att-36258\"><img loading=\"lazy\" class=\"alignnone  wp-image-36258\" title=\"IMG_9710 (3)\" src=\"http:\/\/www.filindeblogg.nu\/wp-content\/uploads\/2012\/08\/IMG_9710-3-225x300.jpg\" alt=\"\" width=\"135\" height=\"180\" srcset=\"https:\/\/www.filindeblogg.nu\/wp-content\/uploads\/2012\/08\/IMG_9710-3-225x300.jpg 225w, https:\/\/www.filindeblogg.nu\/wp-content\/uploads\/2012\/08\/IMG_9710-3.jpg 346w\" sizes=\"(max-width: 135px) 100vw, 135px\" \/><\/a><\/p>\n<p>Ja, det var en fin resa som b\u00f6rjade och slutade i Sundbyberg. <a href=\"http:\/\/www.filindeblogg.nu\/?attachment_id=36259\" rel=\"attachment wp-att-36259\"><img loading=\"lazy\" class=\"alignnone  wp-image-36259\" title=\"IMG_9728 (3)\" src=\"http:\/\/www.filindeblogg.nu\/wp-content\/uploads\/2012\/08\/IMG_9728-3-225x300.jpg\" alt=\"\" width=\"135\" height=\"180\" srcset=\"https:\/\/www.filindeblogg.nu\/wp-content\/uploads\/2012\/08\/IMG_9728-3-225x300.jpg 225w, https:\/\/www.filindeblogg.nu\/wp-content\/uploads\/2012\/08\/IMG_9728-3.jpg 346w\" sizes=\"(max-width: 135px) 100vw, 135px\" \/><\/a><\/p>\n<p>F\u00f6rutom gamla och nya minnen kan man f\u00e5 med sig kantareller fr\u00e5n storstan! <a href=\"http:\/\/www.filindeblogg.nu\/?attachment_id=36260\" rel=\"attachment wp-att-36260\"><img loading=\"lazy\" class=\"alignnone  wp-image-36260\" title=\"IMG_9735 (3)\" src=\"http:\/\/www.filindeblogg.nu\/wp-content\/uploads\/2012\/08\/IMG_9735-3-300x225.jpg\" alt=\"\" width=\"180\" height=\"135\" srcset=\"https:\/\/www.filindeblogg.nu\/wp-content\/uploads\/2012\/08\/IMG_9735-3-300x225.jpg 300w, https:\/\/www.filindeblogg.nu\/wp-content\/uploads\/2012\/08\/IMG_9735-3.jpg 461w\" sizes=\"(max-width: 180px) 100vw, 180px\" \/><\/a><br \/>\n129 kr f\u00f6r ett kilo i st\u00e5ndet h\u00e4r.<a href=\"http:\/\/www.filindeblogg.nu\/?attachment_id=36261\" rel=\"attachment wp-att-36261\"><img loading=\"lazy\" class=\"alignnone  wp-image-36261\" title=\"IMG_9733 (3)\" src=\"http:\/\/www.filindeblogg.nu\/wp-content\/uploads\/2012\/08\/IMG_9733-3-300x225.jpg\" alt=\"\" width=\"180\" height=\"135\" srcset=\"https:\/\/www.filindeblogg.nu\/wp-content\/uploads\/2012\/08\/IMG_9733-3-300x225.jpg 300w, https:\/\/www.filindeblogg.nu\/wp-content\/uploads\/2012\/08\/IMG_9733-3.jpg 461w\" sizes=\"(max-width: 180px) 100vw, 180px\" \/><\/a> Det tyckte jag det var v\u00e4rt f\u00f6r att bjuda barnen p\u00e5 en god middag n\u00e4r jag kom hem!<\/p>\n<p>Och hemma v\u00e4ntade mina katter s\u00e5 troget! <a href=\"http:\/\/www.filindeblogg.nu\/?attachment_id=36262\" rel=\"attachment wp-att-36262\"><img loading=\"lazy\" class=\"alignnone  wp-image-36262\" title=\"IMG_9740 (3)\" src=\"http:\/\/www.filindeblogg.nu\/wp-content\/uploads\/2012\/08\/IMG_9740-3-300x225.jpg\" alt=\"\" width=\"180\" height=\"135\" srcset=\"https:\/\/www.filindeblogg.nu\/wp-content\/uploads\/2012\/08\/IMG_9740-3-300x225.jpg 300w, https:\/\/www.filindeblogg.nu\/wp-content\/uploads\/2012\/08\/IMG_9740-3.jpg 461w\" sizes=\"(max-width: 180px) 100vw, 180px\" \/><\/a> De ska vara glada att de bor i lilla <strong>Arboga<\/strong> och slipper s\u00e5dana h\u00e4r skyltar! <a href=\"http:\/\/www.filindeblogg.nu\/?attachment_id=36263\" rel=\"attachment wp-att-36263\"><img loading=\"lazy\" class=\"alignnone  wp-image-36263\" title=\"IMG_9731 (3)\" src=\"http:\/\/www.filindeblogg.nu\/wp-content\/uploads\/2012\/08\/IMG_9731-3-300x225.jpg\" alt=\"\" width=\"180\" height=\"135\" srcset=\"https:\/\/www.filindeblogg.nu\/wp-content\/uploads\/2012\/08\/IMG_9731-3-300x225.jpg 300w, https:\/\/www.filindeblogg.nu\/wp-content\/uploads\/2012\/08\/IMG_9731-3.jpg 461w\" sizes=\"(max-width: 180px) 100vw, 180px\" \/><\/a> <strong><em>&#8221;Rastning av hundar, katter och andra husdjur inom detta omr\u00e5de f\u00f6rbjudet&#8221;<\/em><\/strong>. Man har garderat sig &#8211; f\u00f6r vilka andra husdjur f\u00f6rutom katter och hundar f\u00f6rv\u00e4ntar man sig i centrala Sundbyberg? Promenad med ko? Eller kanske ett vildare djur&#8230; <a href=\"http:\/\/www.filindeblogg.nu\/?attachment_id=36264\" rel=\"attachment wp-att-36264\"><img loading=\"lazy\" class=\"alignnone  wp-image-36264\" title=\"jag rastar tiger\" src=\"http:\/\/www.filindeblogg.nu\/wp-content\/uploads\/2012\/08\/jag-rastar-tiger.jpg\" alt=\"\" width=\"124\" height=\"203\" \/><\/a> (Fotot fr\u00e5n <a href=\"http:\/\/www.backpacking.se\/ShowPhoto.asp?PhotoId=16416\" target=\"_blank\">Resebilder<\/a> p\u00e5 Internet).<\/p>\n<p><a href=\"http:\/\/www.filindeblogg.nu\/?attachment_id=36265\" rel=\"attachment wp-att-36265\"><img loading=\"lazy\" class=\"alignnone  wp-image-36265\" title=\"IMG_9736 (3)\" src=\"http:\/\/www.filindeblogg.nu\/wp-content\/uploads\/2012\/08\/IMG_9736-3-300x225.jpg\" alt=\"\" width=\"180\" height=\"135\" srcset=\"https:\/\/www.filindeblogg.nu\/wp-content\/uploads\/2012\/08\/IMG_9736-3-300x225.jpg 300w, https:\/\/www.filindeblogg.nu\/wp-content\/uploads\/2012\/08\/IMG_9736-3.jpg 461w\" sizes=\"(max-width: 180px) 100vw, 180px\" \/><\/a> Borta bra men hemma b\u00e4st! Lagom till hemkomsten hade mina sent fr\u00f6s\u00e5dda lukt\u00e4rter b\u00f6rjat sl\u00e5 ut! <a href=\"http:\/\/www.filindeblogg.nu\/?attachment_id=36266\" rel=\"attachment wp-att-36266\"><img loading=\"lazy\" class=\"alignnone  wp-image-36266\" title=\"IMG_9738 (3)\" src=\"http:\/\/www.filindeblogg.nu\/wp-content\/uploads\/2012\/08\/IMG_9738-3-300x225.jpg\" alt=\"\" width=\"180\" height=\"135\" srcset=\"https:\/\/www.filindeblogg.nu\/wp-content\/uploads\/2012\/08\/IMG_9738-3-300x225.jpg 300w, https:\/\/www.filindeblogg.nu\/wp-content\/uploads\/2012\/08\/IMG_9738-3.jpg 461w\" sizes=\"(max-width: 180px) 100vw, 180px\" \/><\/a> Doftar ljuvligt!<\/p>\n<p>Hur gick det med rullgardinen d\u00e5? Jod\u00e5, den inhandlades och monterades upp! <a href=\"http:\/\/www.filindeblogg.nu\/?attachment_id=36267\" rel=\"attachment wp-att-36267\"><img loading=\"lazy\" class=\"alignnone  wp-image-36267\" title=\"Min nya rullgardin\" src=\"http:\/\/www.filindeblogg.nu\/wp-content\/uploads\/2012\/08\/Min-nya-rullgardin-225x300.jpg\" alt=\"\" width=\"135\" height=\"180\" srcset=\"https:\/\/www.filindeblogg.nu\/wp-content\/uploads\/2012\/08\/Min-nya-rullgardin-225x300.jpg 225w, https:\/\/www.filindeblogg.nu\/wp-content\/uploads\/2012\/08\/Min-nya-rullgardin.jpg 231w\" sizes=\"(max-width: 135px) 100vw, 135px\" \/><\/a><\/p>\n<p><a href=\"http:\/\/www.filindeblogg.nu\/?attachment_id=36268\" rel=\"attachment wp-att-36268\"><img loading=\"lazy\" class=\"alignnone size-full wp-image-36268\" title=\"Kalenderblad\" src=\"http:\/\/www.filindeblogg.nu\/wp-content\/uploads\/2012\/08\/Kalenderblad14.jpg\" alt=\"\" width=\"182\" height=\"132\" \/><\/a>Dagens namn i almanackan kan vara b\u00e5de f\u00f6rnamn och efternamn &#8211; <strong>Verner<\/strong> och <strong>Valter<\/strong>!<\/p>\n<p><strong>Verner Danielsson<\/strong> hette min mammas morbror. Han var en mycket musikalisk man som aldrig fick n\u00e5gon anv\u00e4ndning f\u00f6r sina g\u00e5vor d\u00e4r ute p\u00e5 landet i <strong>\u00d6sterg\u00f6tland<\/strong> f\u00f6r l\u00e4nge sedan. Ett \u00f6de han delar med s\u00e5 m\u00e5nga andra p\u00e5 den tiden.<\/p>\n<p><strong>Walter Jakobsson<\/strong> var min l\u00e4rare i engelska och franska i grundskolan. En h\u00e4rlig man som man inte gl\u00f6mmer i f\u00f6rsta taget. Han gick runt och lyssnade p\u00e5 v\u00e5ra mer eller mindre knaggliga uttal tuggandes p\u00e5 sina L\u00e4kerol. En elev hade s\u00e4rskilt sv\u00e5rt f\u00f6r sig och magister Jakobsson stannade vid hans b\u00e4nk och sa: <em>&#8221;- Lars-Erik, du \u00e4r en sn\u00e4ll och bra pojke &#8211; men du kan ingenting.&#8221;<\/em> Sen spatserade han vidare.<\/p>\n<p>Efternamn &#8211; <strong>Erik Werner<\/strong>, fackordf\u00f6rande f\u00f6r <strong>FCTF<\/strong> , <strong>F\u00f6rsvarets Civila Tj\u00e4nstemannaf\u00f6rbud<\/strong>, en g\u00e5ng i tiden och <strong>Gunilla Walter<\/strong> fr\u00e5n skolan.<\/p>\n<p><strong>GRATTIS ALLA Verner, Werner, Valter och Walter <\/strong>eller hur ni nu behagar stava era namn<strong>!<\/strong> <a href=\"http:\/\/www.filindeblogg.nu\/?attachment_id=36269\" rel=\"attachment wp-att-36269\"><img loading=\"lazy\" class=\"alignnone  wp-image-36269\" title=\"vykort flicka\" src=\"http:\/\/www.filindeblogg.nu\/wp-content\/uploads\/2012\/08\/vykort-flicka13.jpg\" alt=\"\" width=\"93\" height=\"166\" \/><\/a><\/p>\n<p>Imorgon blir det lite <strong><em>&#8221;Dagens Gammelheter&#8221;<\/em><\/strong> som min lillebror sa n\u00e4r vi var sm\u00e5. Fast med &#8221;Dagens Gammelheter&#8221; menade <strong>Mats<\/strong> g\u00e5rdagens nyheter fr\u00e5n <a href=\"http:\/\/www.dn.se\/\" target=\"_blank\"><strong>DN<\/strong><\/a> &#8211; <strong>Dagens Nyheter<\/strong>, tidningen vi alltid prenumerade p\u00e5. Mina &#8221;gammelheter&#8221; kommer fr\u00e5n <a href=\"http:\/\/bblat.se\/nyheter\/arboga\" target=\"_blank\"><strong>Bbl\/AT<\/strong><\/a>.<\/p>\n<p style=\"text-align: center;\">Vi ses igen!<\/p>\n<p style=\"text-align: center;\"><a href=\"http:\/\/www.filindeblogg.nu\/?attachment_id=36270\" rel=\"attachment wp-att-36270\"><img loading=\"lazy\" class=\"aligncenter size-medium wp-image-36270\" title=\"Rullgardinen den nya 002\" src=\"http:\/\/www.filindeblogg.nu\/wp-content\/uploads\/2012\/08\/Rullgardinen-den-nya-002-225x300.jpg\" alt=\"\" width=\"225\" height=\"300\" srcset=\"https:\/\/www.filindeblogg.nu\/wp-content\/uploads\/2012\/08\/Rullgardinen-den-nya-002-225x300.jpg 225w, https:\/\/www.filindeblogg.nu\/wp-content\/uploads\/2012\/08\/Rullgardinen-den-nya-002.jpg 231w\" sizes=\"(max-width: 225px) 100vw, 225px\" \/><\/a><\/p>\n<p>&nbsp;<\/p>\n","protected":false},"excerpt":{"rendered":"<p>F\u00f6rst som sist &#8211; Felix! Han f\u00e5r symbolisera alla mina tre katter i denna blogg. Tidsresan? Och dessutom &#8221;Tidsresan 1&#8221;?? Jo, det gick inte riktigt som jag hade t\u00e4nkt mig s\u00e5 det blir \u00e4nnu en tidsresa, inspirerad av Bettan p\u00e5 Klockarg\u00e5rden! \ud83d\ude00 Utg\u00e5ngsl\u00e4get f\u00f6r min resa blev sk\u00f6na Sundbyberg. H\u00e4r fick jag l\u00e5na \u00e4ldste sonens [&hellip;]<\/p>\n","protected":false},"author":1,"featured_media":0,"comment_status":"open","ping_status":"open","sticky":false,"template":"","format":"standard","meta":[],"categories":[41,100,149,132,141,101],"tags":[],"_links":{"self":[{"href":"https:\/\/www.filindeblogg.nu\/index.php?rest_route=\/wp\/v2\/posts\/36238"}],"collection":[{"href":"https:\/\/www.filindeblogg.nu\/index.php?rest_route=\/wp\/v2\/posts"}],"about":[{"href":"https:\/\/www.filindeblogg.nu\/index.php?rest_route=\/wp\/v2\/types\/post"}],"author":[{"embeddable":true,"href":"https:\/\/www.filindeblogg.nu\/index.php?rest_route=\/wp\/v2\/users\/1"}],"replies":[{"embeddable":true,"href":"https:\/\/www.filindeblogg.nu\/index.php?rest_route=%2Fwp%2Fv2%2Fcomments&post=36238"}],"version-history":[{"count":51,"href":"https:\/\/www.filindeblogg.nu\/index.php?rest_route=\/wp\/v2\/posts\/36238\/revisions"}],"predecessor-version":[{"id":36321,"href":"https:\/\/www.filindeblogg.nu\/index.php?rest_route=\/wp\/v2\/posts\/36238\/revisions\/36321"}],"wp:attachment":[{"href":"https:\/\/www.filindeblogg.nu\/index.php?rest_route=%2Fwp%2Fv2%2Fmedia&parent=36238"}],"wp:term":[{"taxonomy":"category","embeddable":true,"href":"https:\/\/www.filindeblogg.nu\/index.php?rest_route=%2Fwp%2Fv2%2Fcategories&post=36238"},{"taxonomy":"post_tag","embeddable":true,"href":"https:\/\/www.filindeblogg.nu\/index.php?rest_route=%2Fwp%2Fv2%2Ftags&post=36238"}],"curies":[{"name":"wp","href":"https:\/\/api.w.org\/{rel}","templated":true}]}}