{"id":36183,"date":"2012-08-15T06:40:58","date_gmt":"2012-08-15T05:40:58","guid":{"rendered":"http:\/\/www.filindeblogg.nu\/?p=36183"},"modified":"2012-08-15T06:40:59","modified_gmt":"2012-08-15T05:40:59","slug":"fira-i-storstan","status":"publish","type":"post","link":"https:\/\/www.filindeblogg.nu\/?p=36183","title":{"rendered":"Fira i storstan!"},"content":{"rendered":"<p><a href=\"http:\/\/www.filindeblogg.nu\/?attachment_id=36184\" rel=\"attachment wp-att-36184\"><img loading=\"lazy\" class=\"alignnone  wp-image-36184\" title=\"Kalenderblad\" src=\"http:\/\/www.filindeblogg.nu\/wp-content\/uploads\/2012\/08\/Kalenderblad12-300x216.jpg\" alt=\"\" width=\"180\" height=\"130\" srcset=\"https:\/\/www.filindeblogg.nu\/wp-content\/uploads\/2012\/08\/Kalenderblad12-300x216.jpg 300w, https:\/\/www.filindeblogg.nu\/wp-content\/uploads\/2012\/08\/Kalenderblad12-1024x739.jpg 1024w, https:\/\/www.filindeblogg.nu\/wp-content\/uploads\/2012\/08\/Kalenderblad12.jpg 1213w\" sizes=\"(max-width: 180px) 100vw, 180px\" \/><\/a>15 augusti idag! V\u00e5gar man en gissning p\u00e5 att den h\u00e4r dagen i framtiden kommer att vara en s\u00e5 kallad allm\u00e4nflaggdag? <a href=\"http:\/\/www.filindeblogg.nu\/?attachment_id=36185\" rel=\"attachment wp-att-36185\"><img loading=\"lazy\" class=\"alignnone  wp-image-36185\" title=\"Flagga\" src=\"http:\/\/www.filindeblogg.nu\/wp-content\/uploads\/2012\/08\/Flagga.jpg\" alt=\"\" width=\"130\" height=\"140\" \/><\/a> Vem har du namnsdag, tro? Jo, den h\u00e4r lilla flickan! <a href=\"http:\/\/www.filindeblogg.nu\/?attachment_id=36186\" rel=\"attachment wp-att-36186\"><img loading=\"lazy\" class=\"alignnone  wp-image-36186\" title=\"Prinsessan ESTELLE\" src=\"http:\/\/www.filindeblogg.nu\/wp-content\/uploads\/2012\/08\/Prinsessan-ESTELLE.jpg\" alt=\"\" width=\"158\" height=\"115\" \/><\/a> <strong>Prinsessan Estelle!<\/strong><br \/>\nF\u00f6reg\u00e5ngare till denna lilla <strong>fr\u00f6ken Bernadotte<\/strong> \u00e4r en annan med samma namn,<strong> Estelle Bernadotte\u00a0<a href=\"http:\/\/www.filindeblogg.nu\/?attachment_id=36188\" rel=\"attachment wp-att-36188\"><img loading=\"lazy\" class=\"alignnone  wp-image-36188\" title=\"Estelle Bernadotte Folke Bernadottes fru\" src=\"http:\/\/www.filindeblogg.nu\/wp-content\/uploads\/2012\/08\/Estelle-Bernadotte-Folke-Bernadottes-fru.jpg\" alt=\"\" width=\"173\" height=\"105\" \/><\/a> <\/strong>, maka till <strong>Folke Bernadotte<\/strong>, diplomat och son till prins <strong>Oscar Bernadotte<\/strong>. Estelle och Folke gick ur tiden 1984 respektive 1948.<\/p>\n<p>Mycket kungligt d\u00e4r men f\u00f6rutom Estelle s\u00e5 har \u00e4ven <strong>Stella<\/strong> namnsdag idag. <strong><br \/>\nGRATTIS ESTELLE OCH STELLA!<\/strong> <a href=\"http:\/\/www.filindeblogg.nu\/?attachment_id=36187\" rel=\"attachment wp-att-36187\"><img loading=\"lazy\" class=\"alignnone  wp-image-36187\" title=\"vykort flicka\" src=\"http:\/\/www.filindeblogg.nu\/wp-content\/uploads\/2012\/08\/vykort-flicka11.jpg\" alt=\"\" width=\"93\" height=\"166\" \/><\/a><\/p>\n<p>Jag \u00e5ker sj\u00e4lvklart upp till <strong>Stockholm<\/strong> f\u00f6r att fira den lilla prinsessan! \ud83d\ude42 <a href=\"http:\/\/www.filindeblogg.nu\/?attachment_id=36189\" rel=\"attachment wp-att-36189\"><img loading=\"lazy\" class=\"alignnone size-full wp-image-36189\" title=\"Stockholm\" src=\"http:\/\/www.filindeblogg.nu\/wp-content\/uploads\/2012\/08\/Stockholm.jpg\" alt=\"\" width=\"260\" height=\"194\" \/><\/a> Nej d\u00e5, det \u00e4r inte alls anledningen till mitt bes\u00f6k i storstan. Det bara r\u00e5kade bli s\u00e5.<\/p>\n<p>Shopping, bes\u00f6k p\u00e5 caf\u00e9 och restaurang, tr\u00e4ff med gamla v\u00e4nner &#8211; \u00e4r planen &#8211; liksom ett hemligt projekt, en liten tidsresa. En s\u00e5dan h\u00e4r rullgardin funderar jag p\u00e5 att ta med hem ocks\u00e5! <a href=\"http:\/\/www.filindeblogg.nu\/?attachment_id=36190\" rel=\"attachment wp-att-36190\"><img loading=\"lazy\" class=\"alignnone  wp-image-36190\" title=\"Rullgardin\" src=\"http:\/\/www.filindeblogg.nu\/wp-content\/uploads\/2012\/08\/Rullgardin-300x300.jpg\" alt=\"\" width=\"180\" height=\"180\" srcset=\"https:\/\/www.filindeblogg.nu\/wp-content\/uploads\/2012\/08\/Rullgardin-300x300.jpg 300w, https:\/\/www.filindeblogg.nu\/wp-content\/uploads\/2012\/08\/Rullgardin-150x150.jpg 150w, https:\/\/www.filindeblogg.nu\/wp-content\/uploads\/2012\/08\/Rullgardin.jpg 680w\" sizes=\"(max-width: 180px) 100vw, 180px\" \/><\/a> Vi f\u00e5r se hur det g\u00e5r.<\/p>\n<p><a href=\"http:\/\/www.filindeblogg.nu\/?attachment_id=36191\" rel=\"attachment wp-att-36191\"><img loading=\"lazy\" class=\"alignnone  wp-image-36191\" title=\"Klocka bild fr\u00e5n Internet till blogg 13 mars 2012\" src=\"http:\/\/www.filindeblogg.nu\/wp-content\/uploads\/2012\/08\/Klocka-bild-fr\u00e5n-Internet-till-blogg-13-mars-2012.jpg\" alt=\"\" width=\"158\" height=\"157\" srcset=\"https:\/\/www.filindeblogg.nu\/wp-content\/uploads\/2012\/08\/Klocka-bild-fr\u00e5n-Internet-till-blogg-13-mars-2012.jpg 225w, https:\/\/www.filindeblogg.nu\/wp-content\/uploads\/2012\/08\/Klocka-bild-fr\u00e5n-Internet-till-blogg-13-mars-2012-150x150.jpg 150w\" sizes=\"(max-width: 158px) 100vw, 158px\" \/><\/a>\u00a0Br\u00e5ttom, br\u00e5ttom idag och kort blogg d\u00e4rf\u00f6r. Ha det gott!<\/p>\n","protected":false},"excerpt":{"rendered":"<p>15 augusti idag! V\u00e5gar man en gissning p\u00e5 att den h\u00e4r dagen i framtiden kommer att vara en s\u00e5 kallad allm\u00e4nflaggdag? Vem har du namnsdag, tro? Jo, den h\u00e4r lilla flickan! Prinsessan Estelle! F\u00f6reg\u00e5ngare till denna lilla fr\u00f6ken Bernadotte \u00e4r en annan med samma namn, Estelle Bernadotte\u00a0 , maka till Folke Bernadotte, diplomat och son [&hellip;]<\/p>\n","protected":false},"author":1,"featured_media":0,"comment_status":"open","ping_status":"open","sticky":false,"template":"","format":"standard","meta":[],"categories":[100,149,141,101],"tags":[],"_links":{"self":[{"href":"https:\/\/www.filindeblogg.nu\/index.php?rest_route=\/wp\/v2\/posts\/36183"}],"collection":[{"href":"https:\/\/www.filindeblogg.nu\/index.php?rest_route=\/wp\/v2\/posts"}],"about":[{"href":"https:\/\/www.filindeblogg.nu\/index.php?rest_route=\/wp\/v2\/types\/post"}],"author":[{"embeddable":true,"href":"https:\/\/www.filindeblogg.nu\/index.php?rest_route=\/wp\/v2\/users\/1"}],"replies":[{"embeddable":true,"href":"https:\/\/www.filindeblogg.nu\/index.php?rest_route=%2Fwp%2Fv2%2Fcomments&post=36183"}],"version-history":[{"count":24,"href":"https:\/\/www.filindeblogg.nu\/index.php?rest_route=\/wp\/v2\/posts\/36183\/revisions"}],"predecessor-version":[{"id":36215,"href":"https:\/\/www.filindeblogg.nu\/index.php?rest_route=\/wp\/v2\/posts\/36183\/revisions\/36215"}],"wp:attachment":[{"href":"https:\/\/www.filindeblogg.nu\/index.php?rest_route=%2Fwp%2Fv2%2Fmedia&parent=36183"}],"wp:term":[{"taxonomy":"category","embeddable":true,"href":"https:\/\/www.filindeblogg.nu\/index.php?rest_route=%2Fwp%2Fv2%2Fcategories&post=36183"},{"taxonomy":"post_tag","embeddable":true,"href":"https:\/\/www.filindeblogg.nu\/index.php?rest_route=%2Fwp%2Fv2%2Ftags&post=36183"}],"curies":[{"name":"wp","href":"https:\/\/api.w.org\/{rel}","templated":true}]}}