{"id":35151,"date":"2012-07-21T07:30:38","date_gmt":"2012-07-21T06:30:38","guid":{"rendered":"http:\/\/www.filindeblogg.nu\/?p=35151"},"modified":"2012-07-21T07:48:35","modified_gmt":"2012-07-21T06:48:35","slug":"regnar-det-i-regna-tips-saris-blabar-om-turen-uteblir","status":"publish","type":"post","link":"https:\/\/www.filindeblogg.nu\/?p=35151","title":{"rendered":"Regnar det i Regna? Tips! Saris bl\u00e5b\u00e4r om turen uteblir&#8230;"},"content":{"rendered":"<p><a href=\"http:\/\/www.filindeblogg.nu\/?attachment_id=35152\" rel=\"attachment wp-att-35152\"><img loading=\"lazy\" class=\"alignnone  wp-image-35152\" title=\"Vykort Motiv fr\u00e5n Regna, \u00e4kta fotografi,  foto O Lilljeqvist T 336\" src=\"http:\/\/www.filindeblogg.nu\/wp-content\/uploads\/2012\/07\/Vykort-Motiv-fr\u00e5n-Regna-\u00e4kta-fotografi-foto-O-Lilljeqvist-T-336-300x189.jpg\" alt=\"\" width=\"180\" height=\"113\" srcset=\"https:\/\/www.filindeblogg.nu\/wp-content\/uploads\/2012\/07\/Vykort-Motiv-fr\u00e5n-Regna-\u00e4kta-fotografi-foto-O-Lilljeqvist-T-336-300x189.jpg 300w, https:\/\/www.filindeblogg.nu\/wp-content\/uploads\/2012\/07\/Vykort-Motiv-fr\u00e5n-Regna-\u00e4kta-fotografi-foto-O-Lilljeqvist-T-336-1024x647.jpg 1024w, https:\/\/www.filindeblogg.nu\/wp-content\/uploads\/2012\/07\/Vykort-Motiv-fr\u00e5n-Regna-\u00e4kta-fotografi-foto-O-Lilljeqvist-T-336.jpg 1077w\" sizes=\"(max-width: 180px) 100vw, 180px\" \/><\/a> H\u00e4r har jag mina r\u00f6tter! I <strong>Regna<\/strong> socken i norra <strong>\u00d6sterg\u00f6tland<\/strong> och dit b\u00e4r det av idag!<\/p>\n<p>Man kan undra om det alltid regnar i Regna eller varf\u00f6r Regna annars heter Regna? Sj\u00f6n <strong>Regnaren<\/strong> har f\u00f6rmodligen gett sitt namn till socknen eller vice versa. Jag har inget svar men ett kan jag lova &#8211; det regnar inte mer i Regna \u00e4n n\u00e5gon annanstans i landet! \ud83d\ude42 <a href=\"http:\/\/www.filindeblogg.nu\/?attachment_id=35153\" rel=\"attachment wp-att-35153\"><img loading=\"lazy\" class=\"alignnone  wp-image-35153\" title=\"Regna som i regna\" src=\"http:\/\/www.filindeblogg.nu\/wp-content\/uploads\/2012\/07\/Regna-som-i-regna.jpg\" alt=\"\" width=\"166\" height=\"109\" \/><\/a><\/p>\n<p>I Regna kan man bada, fiska och plocka b\u00e4r och svamp!\u00a0<a href=\"http:\/\/www.filindeblogg.nu\/?attachment_id=35154\" rel=\"attachment wp-att-35154\"><img loading=\"lazy\" class=\"alignnone  wp-image-35154\" title=\"IMG_8404 (3)\" src=\"http:\/\/www.filindeblogg.nu\/wp-content\/uploads\/2012\/07\/IMG_8404-3-300x225.jpg\" alt=\"\" width=\"180\" height=\"135\" srcset=\"https:\/\/www.filindeblogg.nu\/wp-content\/uploads\/2012\/07\/IMG_8404-3-300x225.jpg 300w, https:\/\/www.filindeblogg.nu\/wp-content\/uploads\/2012\/07\/IMG_8404-3.jpg 461w\" sizes=\"(max-width: 180px) 100vw, 180px\" \/><\/a> Har man otur kan man handla bl\u00e5b\u00e4ren hos <strong>Sari<\/strong> ist\u00e4llet!<\/p>\n<p>En v\u00e4lk\u00e4nd vy fr\u00e5n centrala <strong>Arboga<\/strong>: <a href=\"http:\/\/www.filindeblogg.nu\/?attachment_id=35155\" rel=\"attachment wp-att-35155\"><img loading=\"lazy\" class=\"alignnone  wp-image-35155\" title=\"IMG_8401 (3)\" src=\"http:\/\/www.filindeblogg.nu\/wp-content\/uploads\/2012\/07\/IMG_8401-3-300x225.jpg\" alt=\"\" width=\"180\" height=\"135\" srcset=\"https:\/\/www.filindeblogg.nu\/wp-content\/uploads\/2012\/07\/IMG_8401-3-300x225.jpg 300w, https:\/\/www.filindeblogg.nu\/wp-content\/uploads\/2012\/07\/IMG_8401-3.jpg 461w\" sizes=\"(max-width: 180px) 100vw, 180px\" \/><\/a> Thail\u00e4ndsk mat fr\u00e5n bussen till v\u00e4nster och rakt fram, bakom <strong>Konsum<\/strong> och <strong>ICA<\/strong> finns familjen<strong> El-Nabolsi<\/strong> sedan m\u00e5nga \u00e5r med sin f\u00f6rs\u00e4ljning av gr\u00f6nsaker och frukt. <a href=\"http:\/\/www.filindeblogg.nu\/?attachment_id=35156\" rel=\"attachment wp-att-35156\"><img loading=\"lazy\" class=\"alignnone  wp-image-35156\" title=\"IMG_8398 (3)\" src=\"http:\/\/www.filindeblogg.nu\/wp-content\/uploads\/2012\/07\/IMG_8398-3-225x300.jpg\" alt=\"\" width=\"135\" height=\"180\" srcset=\"https:\/\/www.filindeblogg.nu\/wp-content\/uploads\/2012\/07\/IMG_8398-3-225x300.jpg 225w, https:\/\/www.filindeblogg.nu\/wp-content\/uploads\/2012\/07\/IMG_8398-3.jpg 346w\" sizes=\"(max-width: 135px) 100vw, 135px\" \/><\/a><\/p>\n<p>S\u00e5 har du otur i bl\u00e5b\u00e4rskogen eller kantarellerna endast lyser upp skogen med sin fr\u00e5nvaro &#8211; d\u00e5 st\u00e5r <strong>Sari<\/strong> till tj\u00e4nst! <a href=\"http:\/\/www.filindeblogg.nu\/?attachment_id=35157\" rel=\"attachment wp-att-35157\"><img loading=\"lazy\" class=\"alignnone  wp-image-35157\" title=\"IMG_8399 (3)\" src=\"http:\/\/www.filindeblogg.nu\/wp-content\/uploads\/2012\/07\/IMG_8399-3-225x300.jpg\" alt=\"\" width=\"158\" height=\"210\" srcset=\"https:\/\/www.filindeblogg.nu\/wp-content\/uploads\/2012\/07\/IMG_8399-3-225x300.jpg 225w, https:\/\/www.filindeblogg.nu\/wp-content\/uploads\/2012\/07\/IMG_8399-3.jpg 346w\" sizes=\"(max-width: 158px) 100vw, 158px\" \/><\/a> 30 kr litern f\u00f6r bl\u00e5b\u00e4ren som \u00e4r plockade p\u00e5<strong> Brattberget<\/strong> h\u00e4r i Arboga, enligt Sari &#8211; det tyckte jag var ett bra pris f\u00f6r att slippa myggbett och besvikelse \u00f6ver utebliven b\u00e4rplockarlycka. <a href=\"http:\/\/www.filindeblogg.nu\/?attachment_id=35158\" rel=\"attachment wp-att-35158\"><img loading=\"lazy\" class=\"alignnone  wp-image-35158\" title=\"IMG_8403 (3)\" src=\"http:\/\/www.filindeblogg.nu\/wp-content\/uploads\/2012\/07\/IMG_8403-3-225x300.jpg\" alt=\"\" width=\"158\" height=\"210\" srcset=\"https:\/\/www.filindeblogg.nu\/wp-content\/uploads\/2012\/07\/IMG_8403-3-225x300.jpg 225w, https:\/\/www.filindeblogg.nu\/wp-content\/uploads\/2012\/07\/IMG_8403-3.jpg 346w\" sizes=\"(max-width: 158px) 100vw, 158px\" \/><\/a> Vad <strong>Vilda Wilma<\/strong> tycker f\u00f6rt\u00e4ljer inte historien! \ud83d\ude42<\/p>\n<p>Ha en finfin l\u00f6rdag! Bloggaren tar sovmorgon imorgon &#8211; kanske \u00e4nda fram till kv\u00e4llen&#8230; Det beror p\u00e5 om det regnar i Regna eller ej&#8230;<\/p>\n<p style=\"text-align: center;\"><a href=\"http:\/\/www.filindeblogg.nu\/?attachment_id=35159\" rel=\"attachment wp-att-35159\"><img loading=\"lazy\" class=\"aligncenter  wp-image-35159\" title=\"Skedevi\" src=\"http:\/\/www.filindeblogg.nu\/wp-content\/uploads\/2012\/07\/Skedevi-208x300.jpg\" alt=\"\" width=\"146\" height=\"210\" srcset=\"https:\/\/www.filindeblogg.nu\/wp-content\/uploads\/2012\/07\/Skedevi-208x300.jpg 208w, https:\/\/www.filindeblogg.nu\/wp-content\/uploads\/2012\/07\/Skedevi.jpg 557w\" sizes=\"(max-width: 146px) 100vw, 146px\" \/><\/a><\/p>\n<p>&nbsp;<\/p>\n<p>&nbsp;<\/p>\n","protected":false},"excerpt":{"rendered":"<p>H\u00e4r har jag mina r\u00f6tter! I Regna socken i norra \u00d6sterg\u00f6tland och dit b\u00e4r det av idag! Man kan undra om det alltid regnar i Regna eller varf\u00f6r Regna annars heter Regna? Sj\u00f6n Regnaren har f\u00f6rmodligen gett sitt namn till socknen eller vice versa. Jag har inget svar men ett kan jag lova &#8211; det [&hellip;]<\/p>\n","protected":false},"author":1,"featured_media":0,"comment_status":"open","ping_status":"open","sticky":false,"template":"","format":"standard","meta":[],"categories":[41,100,141,101],"tags":[],"_links":{"self":[{"href":"https:\/\/www.filindeblogg.nu\/index.php?rest_route=\/wp\/v2\/posts\/35151"}],"collection":[{"href":"https:\/\/www.filindeblogg.nu\/index.php?rest_route=\/wp\/v2\/posts"}],"about":[{"href":"https:\/\/www.filindeblogg.nu\/index.php?rest_route=\/wp\/v2\/types\/post"}],"author":[{"embeddable":true,"href":"https:\/\/www.filindeblogg.nu\/index.php?rest_route=\/wp\/v2\/users\/1"}],"replies":[{"embeddable":true,"href":"https:\/\/www.filindeblogg.nu\/index.php?rest_route=%2Fwp%2Fv2%2Fcomments&post=35151"}],"version-history":[{"count":13,"href":"https:\/\/www.filindeblogg.nu\/index.php?rest_route=\/wp\/v2\/posts\/35151\/revisions"}],"predecessor-version":[{"id":35172,"href":"https:\/\/www.filindeblogg.nu\/index.php?rest_route=\/wp\/v2\/posts\/35151\/revisions\/35172"}],"wp:attachment":[{"href":"https:\/\/www.filindeblogg.nu\/index.php?rest_route=%2Fwp%2Fv2%2Fmedia&parent=35151"}],"wp:term":[{"taxonomy":"category","embeddable":true,"href":"https:\/\/www.filindeblogg.nu\/index.php?rest_route=%2Fwp%2Fv2%2Fcategories&post=35151"},{"taxonomy":"post_tag","embeddable":true,"href":"https:\/\/www.filindeblogg.nu\/index.php?rest_route=%2Fwp%2Fv2%2Ftags&post=35151"}],"curies":[{"name":"wp","href":"https:\/\/api.w.org\/{rel}","templated":true}]}}