{"id":34479,"date":"2012-07-06T10:04:37","date_gmt":"2012-07-06T09:04:37","guid":{"rendered":"http:\/\/www.filindeblogg.nu\/?p=34479"},"modified":"2012-07-06T10:04:38","modified_gmt":"2012-07-06T09:04:38","slug":"arboga-ater-ihjal-sig-och-en-dag-i-notre-dame","status":"publish","type":"post","link":"https:\/\/www.filindeblogg.nu\/?p=34479","title":{"rendered":"Arboga \u00e4ter ihj\u00e4l sig och en dag i Notre Dame"},"content":{"rendered":"<p>Ig\u00e5r likv\u00e4l som idag fylls lokalpressen av\u00a0 jubel <a href=\"http:\/\/bblat.se\/nyheter\/arboga\/1.1724827-burger-king-till-arboga\" target=\"_blank\">&#8211;<\/a><strong> Burger Kin<\/strong>g etablerar sig i <strong>Arboga<\/strong>.\u00a0 <a href=\"http:\/\/www.filindeblogg.nu\/?attachment_id=34481\" rel=\"attachment wp-att-34481\"><img loading=\"lazy\" class=\"alignnone  wp-image-34481\" title=\"Burger King p\u00e5 M24\" src=\"http:\/\/www.filindeblogg.nu\/wp-content\/uploads\/2012\/07\/Burger-King-p\u00e5-M24.jpg\" alt=\"\" width=\"156\" height=\"156\" srcset=\"https:\/\/www.filindeblogg.nu\/wp-content\/uploads\/2012\/07\/Burger-King-p\u00e5-M24.jpg 260w, https:\/\/www.filindeblogg.nu\/wp-content\/uploads\/2012\/07\/Burger-King-p\u00e5-M24-150x150.jpg 150w\" sizes=\"(max-width: 156px) 100vw, 156px\" \/><\/a>\u00c4r det bra? Ja, f\u00f6rmodligen anses man som korkad om man inte tycker nyetableringar i v\u00e5r lilla stad \u00e4r av godo<a href=\"http:\/\/www.magazin24.se\/nyheter\/arboga\/2012\/07\/05\/burger-king-till-arboga\" target=\"_blank\">. <\/a><\/p>\n<p>Men jag undrar hur mycket vi ska orka sv\u00e4lja h\u00e4r i stan? Nu \u00e4r snart <strong>S\u00e4tra<\/strong> fyllt av matst\u00e4llen &#8211; <strong>McDonalds, Dinners, Subway, Matst\u00e4llet<\/strong> och det g\u00e5r att f\u00e5 sig n\u00e5got i kr\u00e4van \u00e4ven p\u00e5 <strong>OKQ8<\/strong> d\u00e4r ute.<br \/>\n\u00c4r det verkligen mer mat vi vill ha? Och hur g\u00e5r det f\u00f6r de k\u00e4mpande restaurangerna &#8221;inne i stan&#8221;? Kommer de f\u00f6rbipasserande p\u00e5 motorv\u00e4gen att bli mer angel\u00e4gna om att ta sig in till <em>&#8221;den lilla fina staden Arboga&#8221;<\/em> f\u00f6r en matbit vid \u00e5n p\u00e5 <strong>\u00c5g\u00e5rden<\/strong> eller f\u00f6r en r\u00e4kmacka p\u00e5 <strong>Engelbrektscaf\u00e9et<\/strong>?<br \/>\n<a href=\"http:\/\/www.filindeblogg.nu\/?attachment_id=34482\" rel=\"attachment wp-att-34482\"><img loading=\"lazy\" class=\"alignnone size-full wp-image-34482\" title=\"tjock\" src=\"http:\/\/www.filindeblogg.nu\/wp-content\/uploads\/2012\/07\/tjock.jpg\" alt=\"\" width=\"200\" height=\"133\" \/><\/a>\u00a0Eller \u00e4r det s\u00e5 att marknadsf\u00f6rarna i Arboga kommun jobbar f\u00f6r h\u00f6gtryck och detta bara \u00e4r b\u00f6rjan? Med all mat som ska intas beh\u00f6vs nya, st\u00f6rre kl\u00e4der och kanske en soffa att vila p\u00e5 &#8211; d\u00e4st och m\u00e4tt som man blivit.<br \/>\nJa, sj\u00e4lv s\u00e5g jag g\u00e4rna ett m\u00f6belvaruhus och butiken <strong>Indiska<\/strong> vore inte dumt det heller!\u00a0 Etablerarna kommer snart att flockas d\u00e4rute vid <strong>S\u00e4traleden<\/strong> eller!?Ja, den som lever f\u00e5r se.<\/p>\n<p><a href=\"http:\/\/www.filindeblogg.nu\/?attachment_id=34483\" rel=\"attachment wp-att-34483\"><img loading=\"lazy\" class=\"alignnone  wp-image-34483\" title=\"Susanne i Paris\" src=\"http:\/\/www.filindeblogg.nu\/wp-content\/uploads\/2012\/07\/Susanne-i-Paris-300x225.jpg\" alt=\"\" width=\"108\" height=\"81\" srcset=\"https:\/\/www.filindeblogg.nu\/wp-content\/uploads\/2012\/07\/Susanne-i-Paris-300x225.jpg 300w, https:\/\/www.filindeblogg.nu\/wp-content\/uploads\/2012\/07\/Susanne-i-Paris.jpg 461w\" sizes=\"(max-width: 108px) 100vw, 108px\" \/><\/a> I <strong>Paris<\/strong> beh\u00f6ver man inte oroa sig \u00f6ver s\u00e5dana saker. H\u00e4r finns allt, vare sig man vill eller inte, och det \u00e4r bara att v\u00e4lja och vraka.<\/p>\n<p>Vi bes\u00f6kte <strong>Notre Dame<\/strong>! <a href=\"http:\/\/www.filindeblogg.nu\/?attachment_id=34484\" rel=\"attachment wp-att-34484\"><img loading=\"lazy\" class=\"alignnone  wp-image-34484\" title=\"IMG_7421 (3)\" src=\"http:\/\/www.filindeblogg.nu\/wp-content\/uploads\/2012\/07\/IMG_7421-3-300x225.jpg\" alt=\"\" width=\"180\" height=\"135\" srcset=\"https:\/\/www.filindeblogg.nu\/wp-content\/uploads\/2012\/07\/IMG_7421-3-300x225.jpg 300w, https:\/\/www.filindeblogg.nu\/wp-content\/uploads\/2012\/07\/IMG_7421-3.jpg 461w\" sizes=\"(max-width: 180px) 100vw, 180px\" \/><\/a> Vi tog en promenad i det sk\u00f6na v\u00e4dret. <a href=\"http:\/\/www.filindeblogg.nu\/?attachment_id=34485\" rel=\"attachment wp-att-34485\"><img loading=\"lazy\" class=\"alignnone  wp-image-34485\" title=\"IMG_7422 (3)\" src=\"http:\/\/www.filindeblogg.nu\/wp-content\/uploads\/2012\/07\/IMG_7422-3-225x300.jpg\" alt=\"\" width=\"135\" height=\"180\" srcset=\"https:\/\/www.filindeblogg.nu\/wp-content\/uploads\/2012\/07\/IMG_7422-3-225x300.jpg 225w, https:\/\/www.filindeblogg.nu\/wp-content\/uploads\/2012\/07\/IMG_7422-3.jpg 346w\" sizes=\"(max-width: 135px) 100vw, 135px\" \/><\/a> Promenadstr\u00e5ket l\u00e4ngs med <strong>Seine<\/strong> tog oss till den fantastiska katedralen i Paris! Utefter v\u00e4gen fanns bokst\u00e5nd och f\u00f6rs\u00e4ljning av m\u00e5lningar och planscher. P\u00e5 en mur l\u00e5g den h\u00e4r boken&#8230;\u00a0<a href=\"http:\/\/www.filindeblogg.nu\/?attachment_id=34488\" rel=\"attachment wp-att-34488\"><img loading=\"lazy\" class=\"alignnone  wp-image-34488\" title=\"IMG_7432 (3)\" src=\"http:\/\/www.filindeblogg.nu\/wp-content\/uploads\/2012\/07\/IMG_7432-3-300x225.jpg\" alt=\"\" width=\"180\" height=\"135\" srcset=\"https:\/\/www.filindeblogg.nu\/wp-content\/uploads\/2012\/07\/IMG_7432-3-300x225.jpg 300w, https:\/\/www.filindeblogg.nu\/wp-content\/uploads\/2012\/07\/IMG_7432-3.jpg 461w\" sizes=\"(max-width: 180px) 100vw, 180px\" \/><\/a> Boken heter <strong><em>&#8221;Yagouta aux chevalier<\/em>s<\/strong>&#8221; och \u00e4r skriven av <strong>Luc Durtain<\/strong>, s\u00e5g jag n\u00e4r jag tittade n\u00e4rmare. Undrar hur den hamnat d\u00e4r&#8230;<\/p>\n<p><a href=\"http:\/\/www.filindeblogg.nu\/?attachment_id=34486\" rel=\"attachment wp-att-34486\"> <img loading=\"lazy\" class=\"alignnone  wp-image-34486\" title=\"IMG_7429 (3)\" src=\"http:\/\/www.filindeblogg.nu\/wp-content\/uploads\/2012\/07\/IMG_7429-3-300x225.jpg\" alt=\"\" width=\"180\" height=\"135\" srcset=\"https:\/\/www.filindeblogg.nu\/wp-content\/uploads\/2012\/07\/IMG_7429-3-300x225.jpg 300w, https:\/\/www.filindeblogg.nu\/wp-content\/uploads\/2012\/07\/IMG_7429-3.jpg 461w\" sizes=\"(max-width: 180px) 100vw, 180px\" \/><\/a> Den fantastiska katedralen Notre Dame uppf\u00f6rdes under tiden 1163-1345 och har av F\u00f6renta Nationerna klassats som v\u00e4rldshistoriskt monument. <strong>Napoleon<\/strong> l\u00e4t sig kr\u00f6nas till kejsare d\u00e4r \u00e5r 1804. L\u00e4s mer<a href=\"http:\/\/sv.wikipedia.org\/wiki\/Notre-Dame_de_Paris\" target=\"_blank\"> <strong>H\u00c4R<\/strong><\/a> p\u00e5 <strong>Wikipedia.<\/strong><\/p>\n<p>K\u00f6n var l\u00e5ng. <a href=\"http:\/\/www.filindeblogg.nu\/?attachment_id=34487\" rel=\"attachment wp-att-34487\"><img loading=\"lazy\" class=\"alignnone  wp-image-34487\" title=\"IMG_7440 (3)\" src=\"http:\/\/www.filindeblogg.nu\/wp-content\/uploads\/2012\/07\/IMG_7440-3-225x300.jpg\" alt=\"\" width=\"135\" height=\"180\" srcset=\"https:\/\/www.filindeblogg.nu\/wp-content\/uploads\/2012\/07\/IMG_7440-3-225x300.jpg 225w, https:\/\/www.filindeblogg.nu\/wp-content\/uploads\/2012\/07\/IMG_7440-3.jpg 346w\" sizes=\"(max-width: 135px) 100vw, 135px\" \/><\/a> Men det var v\u00e4rt att v\u00e4nta! <a href=\"http:\/\/www.filindeblogg.nu\/?attachment_id=34490\" rel=\"attachment wp-att-34490\"><img loading=\"lazy\" class=\"alignnone  wp-image-34490\" title=\"IMG_7443 (2)\" src=\"http:\/\/www.filindeblogg.nu\/wp-content\/uploads\/2012\/07\/IMG_7443-21-225x300.jpg\" alt=\"\" width=\"135\" height=\"180\" srcset=\"https:\/\/www.filindeblogg.nu\/wp-content\/uploads\/2012\/07\/IMG_7443-21-225x300.jpg 225w, https:\/\/www.filindeblogg.nu\/wp-content\/uploads\/2012\/07\/IMG_7443-21.jpg 346w\" sizes=\"(max-width: 135px) 100vw, 135px\" \/><\/a> Man fick inte fotografera med blixt s\u00e5 bilderna blev m\u00f6rka. <a href=\"http:\/\/www.filindeblogg.nu\/?attachment_id=34491\" rel=\"attachment wp-att-34491\"><img loading=\"lazy\" class=\"alignnone  wp-image-34491\" title=\"IMG_7459 (3)\" src=\"http:\/\/www.filindeblogg.nu\/wp-content\/uploads\/2012\/07\/IMG_7459-3-225x300.jpg\" alt=\"\" width=\"135\" height=\"180\" srcset=\"https:\/\/www.filindeblogg.nu\/wp-content\/uploads\/2012\/07\/IMG_7459-3-225x300.jpg 225w, https:\/\/www.filindeblogg.nu\/wp-content\/uploads\/2012\/07\/IMG_7459-3.jpg 346w\" sizes=\"(max-width: 135px) 100vw, 135px\" \/><\/a><\/p>\n<p>D\u00e4refter var det dags att k\u00f6a igen! <a href=\"http:\/\/www.filindeblogg.nu\/?attachment_id=34492\" rel=\"attachment wp-att-34492\"><img loading=\"lazy\" class=\"alignnone  wp-image-34492\" title=\"IMG_7470 (3)\" src=\"http:\/\/www.filindeblogg.nu\/wp-content\/uploads\/2012\/07\/IMG_7470-3-300x225.jpg\" alt=\"\" width=\"180\" height=\"135\" srcset=\"https:\/\/www.filindeblogg.nu\/wp-content\/uploads\/2012\/07\/IMG_7470-3-300x225.jpg 300w, https:\/\/www.filindeblogg.nu\/wp-content\/uploads\/2012\/07\/IMG_7470-3.jpg 461w\" sizes=\"(max-width: 180px) 100vw, 180px\" \/><\/a> L\u00e4ngs med Notre Dame st\u00e5r vi alla som v\u00e4ntar p\u00e5 att f\u00e5 komma upp i det s\u00f6dra tornet!<\/p>\n<p>V\u00e4ntan blev l\u00e5ng med det fanns lindring f\u00f6r en skrikande mage! <a href=\"http:\/\/www.filindeblogg.nu\/?attachment_id=34493\" rel=\"attachment wp-att-34493\"><img loading=\"lazy\" class=\"alignnone  wp-image-34493\" title=\"IMG_7480 (3)\" src=\"http:\/\/www.filindeblogg.nu\/wp-content\/uploads\/2012\/07\/IMG_7480-3-300x225.jpg\" alt=\"\" width=\"180\" height=\"135\" srcset=\"https:\/\/www.filindeblogg.nu\/wp-content\/uploads\/2012\/07\/IMG_7480-3-300x225.jpg 300w, https:\/\/www.filindeblogg.nu\/wp-content\/uploads\/2012\/07\/IMG_7480-3.jpg 461w\" sizes=\"(max-width: 180px) 100vw, 180px\" \/><\/a> Korvkiosk \u00e1 la Paris! <a href=\"http:\/\/www.filindeblogg.nu\/?attachment_id=34494\" rel=\"attachment wp-att-34494\"><img loading=\"lazy\" class=\"alignnone  wp-image-34494\" title=\"IMG_7467 (3)\" src=\"http:\/\/www.filindeblogg.nu\/wp-content\/uploads\/2012\/07\/IMG_7467-3-300x225.jpg\" alt=\"\" width=\"180\" height=\"135\" srcset=\"https:\/\/www.filindeblogg.nu\/wp-content\/uploads\/2012\/07\/IMG_7467-3-300x225.jpg 300w, https:\/\/www.filindeblogg.nu\/wp-content\/uploads\/2012\/07\/IMG_7467-3.jpg 461w\" sizes=\"(max-width: 180px) 100vw, 180px\" \/><\/a> S\u00e5 h\u00e4r ser en riktig &#8221;french hot dog&#8221; ut! Korv i baguette! <a href=\"http:\/\/www.filindeblogg.nu\/?attachment_id=34495\" rel=\"attachment wp-att-34495\"><img loading=\"lazy\" class=\"alignnone  wp-image-34495\" title=\"IMG_7479 (3)\" src=\"http:\/\/www.filindeblogg.nu\/wp-content\/uploads\/2012\/07\/IMG_7479-3-300x225.jpg\" alt=\"\" width=\"180\" height=\"135\" srcset=\"https:\/\/www.filindeblogg.nu\/wp-content\/uploads\/2012\/07\/IMG_7479-3-300x225.jpg 300w, https:\/\/www.filindeblogg.nu\/wp-content\/uploads\/2012\/07\/IMG_7479-3.jpg 461w\" sizes=\"(max-width: 180px) 100vw, 180px\" \/><\/a> J\u00e4ttegod var den &#8211; och m\u00e4ttande! \ud83d\ude42<\/p>\n<p>Sen var det d\u00e5 dags! H\u00e4r fick man varken ha cellskr\u00e4ck eller h\u00f6jdskr\u00e4ck&#8230; <a href=\"http:\/\/www.filindeblogg.nu\/?attachment_id=34496\" rel=\"attachment wp-att-34496\"><img loading=\"lazy\" class=\"alignnone  wp-image-34496\" title=\"IMG_7569 (3)\" src=\"http:\/\/www.filindeblogg.nu\/wp-content\/uploads\/2012\/07\/IMG_7569-3-225x300.jpg\" alt=\"\" width=\"135\" height=\"180\" srcset=\"https:\/\/www.filindeblogg.nu\/wp-content\/uploads\/2012\/07\/IMG_7569-3-225x300.jpg 225w, https:\/\/www.filindeblogg.nu\/wp-content\/uploads\/2012\/07\/IMG_7569-3.jpg 346w\" sizes=\"(max-width: 135px) 100vw, 135px\" \/><\/a> En smal, tr\u00e5ng spiraltrappa hela v\u00e4gen upp. En man fr\u00e5n <strong>Turkiet<\/strong> l\u00e5nade ut sin mobiltelefon till mig &#8221;som tr\u00f6st&#8221; p\u00e5 v\u00e4g upp<em><\/em>.<em><a href=\"http:\/\/www.filindeblogg.nu\/?attachment_id=34500\" rel=\"attachment wp-att-34500\"><img loading=\"lazy\" class=\"alignnone  wp-image-34500\" title=\"IMG_7556 (3)\" src=\"http:\/\/www.filindeblogg.nu\/wp-content\/uploads\/2012\/07\/IMG_7556-3-225x300.jpg\" alt=\"\" width=\"135\" height=\"180\" srcset=\"https:\/\/www.filindeblogg.nu\/wp-content\/uploads\/2012\/07\/IMG_7556-3-225x300.jpg 225w, https:\/\/www.filindeblogg.nu\/wp-content\/uploads\/2012\/07\/IMG_7556-3.jpg 346w\" sizes=\"(max-width: 135px) 100vw, 135px\" \/><\/a><\/em> Den spelade n\u00e4mligen en favorit som passade v\u00e4ldigt v\u00e4l in i sammanhanget: &#8221;J&#8217;y <em>Suis Jamais Alle&#8221;, <\/em>u<em><\/em>r filmen <strong><em>&#8221;Amelie fr\u00e5n Montmartre&#8221;<\/em><\/strong>! <em><a href=\"http:\/\/www.filindeblogg.nu\/?attachment_id=34520\" rel=\"attachment wp-att-34520\"><img loading=\"lazy\" class=\"alignnone size-full wp-image-34520\" title=\"Amelie\" src=\"http:\/\/www.filindeblogg.nu\/wp-content\/uploads\/2012\/07\/Amelie.jpg\" alt=\"\" width=\"120\" height=\"90\" \/><\/a><br \/>\n<\/em><\/p>\n<p>F\u00f6r klaustrofobin gav sig till k\u00e4nna i den varma, l\u00e5nga, tr\u00e5nga, mestadels f\u00f6nsterl\u00f6sa trappan upp&#8230;och v\u00e4l uppe tog akrofobin vid &#8211; skr\u00e4cken f\u00f6r h\u00f6ga h\u00f6jder. S\u00e5 vad gjorde jag d\u00e4r egentligen!? Jo, det var v\u00e4rt all skr\u00e4ck! <a href=\"http:\/\/www.filindeblogg.nu\/?attachment_id=34501\" rel=\"attachment wp-att-34501\"><img loading=\"lazy\" class=\"alignnone  wp-image-34501\" title=\"IMG_7513 (3)\" src=\"http:\/\/www.filindeblogg.nu\/wp-content\/uploads\/2012\/07\/IMG_7513-3-225x300.jpg\" alt=\"\" width=\"135\" height=\"180\" srcset=\"https:\/\/www.filindeblogg.nu\/wp-content\/uploads\/2012\/07\/IMG_7513-3-225x300.jpg 225w, https:\/\/www.filindeblogg.nu\/wp-content\/uploads\/2012\/07\/IMG_7513-3.jpg 346w\" sizes=\"(max-width: 135px) 100vw, 135px\" \/><\/a> Helt fantastiskt var det d\u00e4r uppe! <a href=\"http:\/\/www.filindeblogg.nu\/?attachment_id=34502\" rel=\"attachment wp-att-34502\"><img loading=\"lazy\" class=\"alignnone  wp-image-34502\" title=\"IMG_7495 (3)\" src=\"http:\/\/www.filindeblogg.nu\/wp-content\/uploads\/2012\/07\/IMG_7495-3-300x225.jpg\" alt=\"\" width=\"180\" height=\"135\" srcset=\"https:\/\/www.filindeblogg.nu\/wp-content\/uploads\/2012\/07\/IMG_7495-3-300x225.jpg 300w, https:\/\/www.filindeblogg.nu\/wp-content\/uploads\/2012\/07\/IMG_7495-3.jpg 461w\" sizes=\"(max-width: 180px) 100vw, 180px\" \/><\/a> Vilken utsikt! Och tro det eller ej, n\u00e4r vi stod d\u00e4r uppe spelade en orkester nedanf\u00f6r<strong><em> &#8221;Marselj\u00e4sen&#8221;<\/em><\/strong> eller <strong>&#8221;La<\/strong> <strong>Marseillaise&#8221;<\/strong> som nationals\u00e5ngen heter p\u00e5 franska. En upplevelse.<\/p>\n<p>Att titta ner var mindre trevligt&#8230; <a href=\"http:\/\/www.filindeblogg.nu\/?attachment_id=34503\" rel=\"attachment wp-att-34503\"><img loading=\"lazy\" class=\"alignnone  wp-image-34503\" title=\"IMG_7498 (3)\" src=\"http:\/\/www.filindeblogg.nu\/wp-content\/uploads\/2012\/07\/IMG_7498-3-300x225.jpg\" alt=\"\" width=\"180\" height=\"135\" srcset=\"https:\/\/www.filindeblogg.nu\/wp-content\/uploads\/2012\/07\/IMG_7498-3-300x225.jpg 300w, https:\/\/www.filindeblogg.nu\/wp-content\/uploads\/2012\/07\/IMG_7498-3.jpg 461w\" sizes=\"(max-width: 180px) 100vw, 180px\" \/><\/a> och det som var \u00e4nnu v\u00e4rre var att tr\u00e4nga sig runt de smala balkongerna runt tornet&#8230; <a href=\"http:\/\/www.filindeblogg.nu\/?attachment_id=34504\" rel=\"attachment wp-att-34504\"><img loading=\"lazy\" class=\"alignnone  wp-image-34504\" title=\"IMG_7541 (3)\" src=\"http:\/\/www.filindeblogg.nu\/wp-content\/uploads\/2012\/07\/IMG_7541-3-225x300.jpg\" alt=\"\" width=\"135\" height=\"180\" srcset=\"https:\/\/www.filindeblogg.nu\/wp-content\/uploads\/2012\/07\/IMG_7541-3-225x300.jpg 225w, https:\/\/www.filindeblogg.nu\/wp-content\/uploads\/2012\/07\/IMG_7541-3.jpg 346w\" sizes=\"(max-width: 135px) 100vw, 135px\" \/><\/a> Vad hj\u00e4lpte det att det satt galler och skydd \u00f6verallt n\u00e4r det var s\u00e5 smalt och s\u00e5 h\u00f6gt uppe! <a href=\"http:\/\/www.filindeblogg.nu\/?attachment_id=34505\" rel=\"attachment wp-att-34505\"><img loading=\"lazy\" class=\"alignnone  wp-image-34505\" title=\"IMG_7504 (3)\" src=\"http:\/\/www.filindeblogg.nu\/wp-content\/uploads\/2012\/07\/IMG_7504-3-225x300.jpg\" alt=\"\" width=\"135\" height=\"180\" srcset=\"https:\/\/www.filindeblogg.nu\/wp-content\/uploads\/2012\/07\/IMG_7504-3-225x300.jpg 225w, https:\/\/www.filindeblogg.nu\/wp-content\/uploads\/2012\/07\/IMG_7504-3.jpg 346w\" sizes=\"(max-width: 135px) 100vw, 135px\" \/><\/a> Jag f\u00e5r gel\u00e9 i kn\u00e4na nu ocks\u00e5 n\u00e4r jag ser p\u00e5 bilderna! Den h\u00e4r skylten fanns d\u00e4r uppe ocks\u00e5. <a href=\"http:\/\/www.filindeblogg.nu\/?attachment_id=34512\" rel=\"attachment wp-att-34512\"><img loading=\"lazy\" class=\"alignnone  wp-image-34512\" title=\"IMG_7520 (3)\" src=\"http:\/\/www.filindeblogg.nu\/wp-content\/uploads\/2012\/07\/IMG_7520-3-225x300.jpg\" alt=\"\" width=\"135\" height=\"180\" srcset=\"https:\/\/www.filindeblogg.nu\/wp-content\/uploads\/2012\/07\/IMG_7520-3-225x300.jpg 225w, https:\/\/www.filindeblogg.nu\/wp-content\/uploads\/2012\/07\/IMG_7520-3.jpg 346w\" sizes=\"(max-width: 135px) 100vw, 135px\" \/><\/a> Det gjorde inte saken b\u00e4ttre&#8230;<\/p>\n<p>Men det var mer \u00e4n v\u00e4l v\u00e4rt att utst\u00e5!<br \/>\nVilka fantastiska utsmyckningar! <a href=\"http:\/\/www.filindeblogg.nu\/?attachment_id=34506\" rel=\"attachment wp-att-34506\"><img loading=\"lazy\" class=\"alignnone  wp-image-34506\" title=\"IMG_7516 (3)\" src=\"http:\/\/www.filindeblogg.nu\/wp-content\/uploads\/2012\/07\/IMG_7516-3-300x225.jpg\" alt=\"\" width=\"180\" height=\"135\" srcset=\"https:\/\/www.filindeblogg.nu\/wp-content\/uploads\/2012\/07\/IMG_7516-3-300x225.jpg 300w, https:\/\/www.filindeblogg.nu\/wp-content\/uploads\/2012\/07\/IMG_7516-3.jpg 461w\" sizes=\"(max-width: 180px) 100vw, 180px\" \/><\/a> Dessa gargoyler blev mina favoriter! <a href=\"http:\/\/www.filindeblogg.nu\/?attachment_id=34507\" rel=\"attachment wp-att-34507\"><img loading=\"lazy\" class=\"alignnone  wp-image-34507\" title=\"IMG_7534 (3)\" src=\"http:\/\/www.filindeblogg.nu\/wp-content\/uploads\/2012\/07\/IMG_7534-3-300x225.jpg\" alt=\"\" width=\"180\" height=\"135\" srcset=\"https:\/\/www.filindeblogg.nu\/wp-content\/uploads\/2012\/07\/IMG_7534-3-300x225.jpg 300w, https:\/\/www.filindeblogg.nu\/wp-content\/uploads\/2012\/07\/IMG_7534-3.jpg 461w\" sizes=\"(max-width: 180px) 100vw, 180px\" \/><\/a> H\u00e4r l\u00e5tsas jag avsp\u00e4nd f\u00f6r att bevisa att jag varit d\u00e4r! \ud83d\ude09 <a href=\"http:\/\/www.filindeblogg.nu\/?attachment_id=34508\" rel=\"attachment wp-att-34508\"><img loading=\"lazy\" class=\"alignnone  wp-image-34508\" title=\"IMG_7502 (3)\" src=\"http:\/\/www.filindeblogg.nu\/wp-content\/uploads\/2012\/07\/IMG_7502-3-300x225.jpg\" alt=\"\" width=\"180\" height=\"135\" srcset=\"https:\/\/www.filindeblogg.nu\/wp-content\/uploads\/2012\/07\/IMG_7502-3-300x225.jpg 300w, https:\/\/www.filindeblogg.nu\/wp-content\/uploads\/2012\/07\/IMG_7502-3.jpg 461w\" sizes=\"(max-width: 180px) 100vw, 180px\" \/><\/a><br \/>\nAlla m\u00f6jliga och om\u00f6jliga figurer! <a href=\"http:\/\/www.filindeblogg.nu\/?attachment_id=34509\" rel=\"attachment wp-att-34509\"><img loading=\"lazy\" class=\"alignnone  wp-image-34509\" title=\"IMG_7537 (3)\" src=\"http:\/\/www.filindeblogg.nu\/wp-content\/uploads\/2012\/07\/IMG_7537-3-225x300.jpg\" alt=\"\" width=\"135\" height=\"180\" srcset=\"https:\/\/www.filindeblogg.nu\/wp-content\/uploads\/2012\/07\/IMG_7537-3-225x300.jpg 225w, https:\/\/www.filindeblogg.nu\/wp-content\/uploads\/2012\/07\/IMG_7537-3.jpg 346w\" sizes=\"(max-width: 135px) 100vw, 135px\" \/><\/a> Den h\u00e4r ot\u00e4ckingen hade b\u00f6rjat \u00e4ta p\u00e5 n\u00e5got hjortdjur bakifr\u00e5n&#8230; <a href=\"http:\/\/www.filindeblogg.nu\/?attachment_id=34510\" rel=\"attachment wp-att-34510\"><img loading=\"lazy\" class=\"alignnone  wp-image-34510\" title=\"IMG_7515 (3)\" src=\"http:\/\/www.filindeblogg.nu\/wp-content\/uploads\/2012\/07\/IMG_7515-3-225x300.jpg\" alt=\"\" width=\"135\" height=\"180\" srcset=\"https:\/\/www.filindeblogg.nu\/wp-content\/uploads\/2012\/07\/IMG_7515-3-225x300.jpg 225w, https:\/\/www.filindeblogg.nu\/wp-content\/uploads\/2012\/07\/IMG_7515-3.jpg 346w\" sizes=\"(max-width: 135px) 100vw, 135px\" \/><\/a><\/p>\n<p><a href=\"http:\/\/www.filindeblogg.nu\/?attachment_id=34511\" rel=\"attachment wp-att-34511\"><img loading=\"lazy\" class=\"alignnone  wp-image-34511\" title=\"IMG_7493 (3)\" src=\"http:\/\/www.filindeblogg.nu\/wp-content\/uploads\/2012\/07\/IMG_7493-3-225x300.jpg\" alt=\"\" width=\"135\" height=\"180\" srcset=\"https:\/\/www.filindeblogg.nu\/wp-content\/uploads\/2012\/07\/IMG_7493-3-225x300.jpg 225w, https:\/\/www.filindeblogg.nu\/wp-content\/uploads\/2012\/07\/IMG_7493-3.jpg 346w\" sizes=\"(max-width: 135px) 100vw, 135px\" \/><\/a> Vad funderar han p\u00e5 &#8211; gargoylen d\u00e4r ute?<br \/>\nTill och med en liten elefant satt p\u00e5 kanten! <a href=\"http:\/\/www.filindeblogg.nu\/?attachment_id=34513\" rel=\"attachment wp-att-34513\"><img loading=\"lazy\" class=\"alignnone  wp-image-34513\" title=\"IMG_7507 (3)\" src=\"http:\/\/www.filindeblogg.nu\/wp-content\/uploads\/2012\/07\/IMG_7507-3-225x300.jpg\" alt=\"\" width=\"135\" height=\"180\" srcset=\"https:\/\/www.filindeblogg.nu\/wp-content\/uploads\/2012\/07\/IMG_7507-3-225x300.jpg 225w, https:\/\/www.filindeblogg.nu\/wp-content\/uploads\/2012\/07\/IMG_7507-3.jpg 346w\" sizes=\"(max-width: 135px) 100vw, 135px\" \/><\/a><\/p>\n<p><a href=\"http:\/\/www.filindeblogg.nu\/?attachment_id=34514\" rel=\"attachment wp-att-34514\"><img loading=\"lazy\" class=\"alignnone  wp-image-34514\" title=\"IMG_7517 (3)\" src=\"http:\/\/www.filindeblogg.nu\/wp-content\/uploads\/2012\/07\/IMG_7517-3-300x225.jpg\" alt=\"\" width=\"180\" height=\"135\" srcset=\"https:\/\/www.filindeblogg.nu\/wp-content\/uploads\/2012\/07\/IMG_7517-3-300x225.jpg 300w, https:\/\/www.filindeblogg.nu\/wp-content\/uploads\/2012\/07\/IMG_7517-3.jpg 461w\" sizes=\"(max-width: 180px) 100vw, 180px\" \/><\/a> Vad jag f\u00f6rst\u00e5r s\u00e5 skulle en gargoyle skr\u00e4mma m\u00e4nniskor att komma till kyrkan. Figurerna skulle ber\u00e4tta om all v\u00e4rldens ondska och f\u00e5 m\u00e4nniskorna att ta sin tillflykt till religionen och kyrkan. <a href=\"http:\/\/www.filindeblogg.nu\/?attachment_id=34515\" rel=\"attachment wp-att-34515\"><img loading=\"lazy\" class=\"alignnone  wp-image-34515\" title=\"IMG_7552 (3)\" src=\"http:\/\/www.filindeblogg.nu\/wp-content\/uploads\/2012\/07\/IMG_7552-3-300x225.jpg\" alt=\"\" width=\"180\" height=\"135\" srcset=\"https:\/\/www.filindeblogg.nu\/wp-content\/uploads\/2012\/07\/IMG_7552-3-300x225.jpg 300w, https:\/\/www.filindeblogg.nu\/wp-content\/uploads\/2012\/07\/IMG_7552-3.jpg 461w\" sizes=\"(max-width: 180px) 100vw, 180px\" \/><\/a><\/p>\n<p>Men vi skulle h\u00f6gre upp och l\u00e4ngre in \u00e4nd\u00e5&#8230; <a href=\"http:\/\/www.filindeblogg.nu\/?attachment_id=34516\" rel=\"attachment wp-att-34516\"><img loading=\"lazy\" class=\"alignnone  wp-image-34516\" title=\"IMG_7529 (3)\" src=\"http:\/\/www.filindeblogg.nu\/wp-content\/uploads\/2012\/07\/IMG_7529-3-225x300.jpg\" alt=\"\" width=\"135\" height=\"180\" srcset=\"https:\/\/www.filindeblogg.nu\/wp-content\/uploads\/2012\/07\/IMG_7529-3-225x300.jpg 225w, https:\/\/www.filindeblogg.nu\/wp-content\/uploads\/2012\/07\/IMG_7529-3.jpg 346w\" sizes=\"(max-width: 135px) 100vw, 135px\" \/><\/a> Det knakade och svajade i tr\u00e4trappan upp till stora klockan. <a href=\"http:\/\/www.filindeblogg.nu\/?attachment_id=34517\" rel=\"attachment wp-att-34517\"><img loading=\"lazy\" class=\"alignnone  wp-image-34517\" title=\"IMG_7526 (3)\" src=\"http:\/\/www.filindeblogg.nu\/wp-content\/uploads\/2012\/07\/IMG_7526-3-225x300.jpg\" alt=\"\" width=\"135\" height=\"180\" srcset=\"https:\/\/www.filindeblogg.nu\/wp-content\/uploads\/2012\/07\/IMG_7526-3-225x300.jpg 225w, https:\/\/www.filindeblogg.nu\/wp-content\/uploads\/2012\/07\/IMG_7526-3.jpg 346w\" sizes=\"(max-width: 135px) 100vw, 135px\" \/><\/a> Och p\u00e5 v\u00e4g upp fanns f\u00f6rst\u00e5s en bild p\u00e5 <strong>Victor Hugo&#8217;s &#8221;Quasimodo&#8221;<\/strong>. <a href=\"http:\/\/www.filindeblogg.nu\/?attachment_id=34518\" rel=\"attachment wp-att-34518\"><img loading=\"lazy\" class=\"alignnone  wp-image-34518\" title=\"IMG_7519 (3)\" src=\"http:\/\/www.filindeblogg.nu\/wp-content\/uploads\/2012\/07\/IMG_7519-3-225x300.jpg\" alt=\"\" width=\"135\" height=\"180\" srcset=\"https:\/\/www.filindeblogg.nu\/wp-content\/uploads\/2012\/07\/IMG_7519-3-225x300.jpg 225w, https:\/\/www.filindeblogg.nu\/wp-content\/uploads\/2012\/07\/IMG_7519-3.jpg 346w\" sizes=\"(max-width: 135px) 100vw, 135px\" \/><\/a> L\u00e4s mer <a href=\"http:\/\/sv.wikipedia.org\/wiki\/Quasimodo\" target=\"_blank\"><strong>H\u00c4R<\/strong> <\/a>om<strong><em> &#8221;Ringaren i Notre Dame&#8221;<\/em><\/strong>!<\/p>\n<p>En fantastisk upplevelse i Paris! Vill du se Notre Dame s\u00e5 kan 2013 vara en id\u00e9! <a href=\"http:\/\/www.filindeblogg.nu\/?attachment_id=34519\" rel=\"attachment wp-att-34519\"><img loading=\"lazy\" class=\"alignnone  wp-image-34519\" title=\"IMG_7462 (2)\" src=\"http:\/\/www.filindeblogg.nu\/wp-content\/uploads\/2012\/07\/IMG_7462-2-264x300.jpg\" alt=\"\" width=\"158\" height=\"180\" srcset=\"https:\/\/www.filindeblogg.nu\/wp-content\/uploads\/2012\/07\/IMG_7462-2-264x300.jpg 264w, https:\/\/www.filindeblogg.nu\/wp-content\/uploads\/2012\/07\/IMG_7462-2.jpg 346w\" sizes=\"(max-width: 158px) 100vw, 158px\" \/><\/a> D\u00e5 firar katedralen 850-\u00e5rsjubileum! S\u00e5 b\u00f6rja spara redan nu och boka fantastiska dagar i den franska huvudstaden n\u00e4sta \u00e5r. Kanske ska jag sj\u00e4lv g\u00f6ra likadant&#8230; Ja, jag har inget emot en ny resa till Paris &#8211; inte alls.<\/p>\n<p><a href=\"http:\/\/www.filindeblogg.nu\/?attachment_id=34521\" rel=\"attachment wp-att-34521\"><img loading=\"lazy\" class=\"alignnone  wp-image-34521\" title=\"IMG_8043 (3)\" src=\"http:\/\/www.filindeblogg.nu\/wp-content\/uploads\/2012\/07\/IMG_8043-3-225x300.jpg\" alt=\"\" width=\"135\" height=\"180\" srcset=\"https:\/\/www.filindeblogg.nu\/wp-content\/uploads\/2012\/07\/IMG_8043-3-225x300.jpg 225w, https:\/\/www.filindeblogg.nu\/wp-content\/uploads\/2012\/07\/IMG_8043-3.jpg 346w\" sizes=\"(max-width: 135px) 100vw, 135px\" \/><\/a>\u00a0Men nu \u00e4r det lilla Arboga som g\u00e4ller &#8211; inte s\u00e5 dumt det heller! Man beh\u00f6ver en paus och vad g\u00e5r upp mot en cykeltur f\u00f6r att inhandla svenska jordgubbar! <a href=\"http:\/\/www.filindeblogg.nu\/?attachment_id=34522\" rel=\"attachment wp-att-34522\"><img loading=\"lazy\" class=\"alignnone  wp-image-34522\" title=\"IMG_7998 (3)\" src=\"http:\/\/www.filindeblogg.nu\/wp-content\/uploads\/2012\/07\/IMG_7998-3-225x300.jpg\" alt=\"\" width=\"135\" height=\"180\" srcset=\"https:\/\/www.filindeblogg.nu\/wp-content\/uploads\/2012\/07\/IMG_7998-3-225x300.jpg 225w, https:\/\/www.filindeblogg.nu\/wp-content\/uploads\/2012\/07\/IMG_7998-3.jpg 346w\" sizes=\"(max-width: 135px) 100vw, 135px\" \/><\/a><\/p>\n<p>Katterna \u00e4r n\u00f6jda \u00f6ver att bloggaren n\u00e5tt hemmet igen. <a href=\"http:\/\/www.filindeblogg.nu\/?attachment_id=34523\" rel=\"attachment wp-att-34523\"><img loading=\"lazy\" class=\"alignnone  wp-image-34523\" title=\"IMG_7993 (3)\" src=\"http:\/\/www.filindeblogg.nu\/wp-content\/uploads\/2012\/07\/IMG_7993-3-300x225.jpg\" alt=\"\" width=\"180\" height=\"135\" srcset=\"https:\/\/www.filindeblogg.nu\/wp-content\/uploads\/2012\/07\/IMG_7993-3-300x225.jpg 300w, https:\/\/www.filindeblogg.nu\/wp-content\/uploads\/2012\/07\/IMG_7993-3.jpg 461w\" sizes=\"(max-width: 180px) 100vw, 180px\" \/><\/a> En tass sticker ut &#8211;<\/p>\n<p>och avsl\u00f6jar en n\u00f6jd och tr\u00f6tt <strong>Curry<\/strong> i sitt lilla krypin! <a href=\"http:\/\/www.filindeblogg.nu\/?attachment_id=34524\" rel=\"attachment wp-att-34524\"><img loading=\"lazy\" class=\"alignnone  wp-image-34524\" title=\"IMG_7994 (3)\" src=\"http:\/\/www.filindeblogg.nu\/wp-content\/uploads\/2012\/07\/IMG_7994-3-300x225.jpg\" alt=\"\" width=\"180\" height=\"135\" srcset=\"https:\/\/www.filindeblogg.nu\/wp-content\/uploads\/2012\/07\/IMG_7994-3-300x225.jpg 300w, https:\/\/www.filindeblogg.nu\/wp-content\/uploads\/2012\/07\/IMG_7994-3.jpg 461w\" sizes=\"(max-width: 180px) 100vw, 180px\" \/><\/a><\/p>\n<p>Ta tillvara dagarna! Lev i nuet &#8211; men planera lite ocks\u00e5! Spara en slant d\u00e5 och d\u00e5 s\u00e5 har du snart en resa till Paris du ocks\u00e5!<\/p>\n<p><a href=\"http:\/\/www.filindeblogg.nu\/?attachment_id=34525\" rel=\"attachment wp-att-34525\"><img loading=\"lazy\" class=\"aligncenter size-medium wp-image-34525\" title=\"IMG_8024 (3)\" src=\"http:\/\/www.filindeblogg.nu\/wp-content\/uploads\/2012\/07\/IMG_8024-31-225x300.jpg\" alt=\"\" width=\"225\" height=\"300\" srcset=\"https:\/\/www.filindeblogg.nu\/wp-content\/uploads\/2012\/07\/IMG_8024-31-225x300.jpg 225w, https:\/\/www.filindeblogg.nu\/wp-content\/uploads\/2012\/07\/IMG_8024-31.jpg 346w\" sizes=\"(max-width: 225px) 100vw, 225px\" \/><\/a><\/p>\n<p>&nbsp;<\/p>\n<p>&nbsp;<\/p>\n<p>&nbsp;<\/p>\n<p>&nbsp;<\/p>\n<p>&nbsp;<\/p>\n<p>&nbsp;<\/p>\n","protected":false},"excerpt":{"rendered":"<p>Ig\u00e5r likv\u00e4l som idag fylls lokalpressen av\u00a0 jubel &#8211; Burger King etablerar sig i Arboga.\u00a0 \u00c4r det bra? Ja, f\u00f6rmodligen anses man som korkad om man inte tycker nyetableringar i v\u00e5r lilla stad \u00e4r av godo. Men jag undrar hur mycket vi ska orka sv\u00e4lja h\u00e4r i stan? Nu \u00e4r snart S\u00e4tra fyllt av matst\u00e4llen [&hellip;]<\/p>\n","protected":false},"author":1,"featured_media":0,"comment_status":"open","ping_status":"open","sticky":false,"template":"","format":"standard","meta":[],"categories":[1,41,142,126,100,141,101],"tags":[],"_links":{"self":[{"href":"https:\/\/www.filindeblogg.nu\/index.php?rest_route=\/wp\/v2\/posts\/34479"}],"collection":[{"href":"https:\/\/www.filindeblogg.nu\/index.php?rest_route=\/wp\/v2\/posts"}],"about":[{"href":"https:\/\/www.filindeblogg.nu\/index.php?rest_route=\/wp\/v2\/types\/post"}],"author":[{"embeddable":true,"href":"https:\/\/www.filindeblogg.nu\/index.php?rest_route=\/wp\/v2\/users\/1"}],"replies":[{"embeddable":true,"href":"https:\/\/www.filindeblogg.nu\/index.php?rest_route=%2Fwp%2Fv2%2Fcomments&post=34479"}],"version-history":[{"count":34,"href":"https:\/\/www.filindeblogg.nu\/index.php?rest_route=\/wp\/v2\/posts\/34479\/revisions"}],"predecessor-version":[{"id":34559,"href":"https:\/\/www.filindeblogg.nu\/index.php?rest_route=\/wp\/v2\/posts\/34479\/revisions\/34559"}],"wp:attachment":[{"href":"https:\/\/www.filindeblogg.nu\/index.php?rest_route=%2Fwp%2Fv2%2Fmedia&parent=34479"}],"wp:term":[{"taxonomy":"category","embeddable":true,"href":"https:\/\/www.filindeblogg.nu\/index.php?rest_route=%2Fwp%2Fv2%2Fcategories&post=34479"},{"taxonomy":"post_tag","embeddable":true,"href":"https:\/\/www.filindeblogg.nu\/index.php?rest_route=%2Fwp%2Fv2%2Ftags&post=34479"}],"curies":[{"name":"wp","href":"https:\/\/api.w.org\/{rel}","templated":true}]}}