{"id":34430,"date":"2012-07-04T07:41:46","date_gmt":"2012-07-04T06:41:46","guid":{"rendered":"http:\/\/www.filindeblogg.nu\/?p=34430"},"modified":"2012-07-04T07:41:46","modified_gmt":"2012-07-04T06:41:46","slug":"iter-facio-necesse-est","status":"publish","type":"post","link":"https:\/\/www.filindeblogg.nu\/?p=34430","title":{"rendered":"Iter facio necesse est!"},"content":{"rendered":"<p><em><strong>Navigare necesse est <\/strong><\/em>\u00e4r ett k\u00e4nt latinskt citat. Det betyder <em>&#8221;Att segla \u00e4r n\u00f6dv\u00e4ndigt&#8221;<\/em> och anv\u00e4nds ofta k\u00e4ckt av tuffa seglare som vill tala om f\u00f6r oss andra vad vi missar.\u00a0<a href=\"http:\/\/www.filindeblogg.nu\/?attachment_id=34431\" rel=\"attachment wp-att-34431\"><img loading=\"lazy\" class=\"alignnone size-full wp-image-34431\" title=\"Segla 2\" src=\"http:\/\/www.filindeblogg.nu\/wp-content\/uploads\/2012\/07\/Segla-2.jpg\" alt=\"\" width=\"224\" height=\"224\" srcset=\"https:\/\/www.filindeblogg.nu\/wp-content\/uploads\/2012\/07\/Segla-2.jpg 224w, https:\/\/www.filindeblogg.nu\/wp-content\/uploads\/2012\/07\/Segla-2-150x150.jpg 150w\" sizes=\"(max-width: 224px) 100vw, 224px\" \/><\/a><\/p>\n<p>Men d\u00e5 har man inte tagit del av hela meningen och inte heller n\u00e4r och varf\u00f6r den uttalades. S\u00e5 h\u00e4r st\u00e5r det p\u00e5 <strong>Wikipedia<\/strong>: <em>&#8221;<strong>Navigare necesse est, vivere non est necesse<\/strong> &#8212; &#8221;Att segla \u00e4r n\u00f6dv\u00e4ndigt, att leva \u00e4r inte n\u00f6dv\u00e4ndigt&#8221; (Sagt av <strong>Pompejus<\/strong> till de sj\u00f6m\u00e4n som vid en storm v\u00e4grade att g\u00e5 till sj\u00f6ss f\u00f6r att frakta spannm\u00e5l fr\u00e5n <strong>Afrika<\/strong> till <strong>Rom<\/strong>).<\/em><br \/>\nL\u00e5ter ju inte s\u00e4rskilt trevligt eller sportsm\u00e4ssigt eller hur och verkligen ingenting n\u00f6dv\u00e4ndigt.<\/p>\n<p>Men om man ser ordet segla som att f\u00e4rdas och struntar i det d\u00e4r om att leva skulle vara on\u00f6digt &#8211; d\u00e5 blir tolkningen b\u00e4ttre enligt mitt s\u00e4tt att se. Segla, f\u00e4rdas genom livet, det \u00e4r n\u00f6dv\u00e4ndigt!\u00a0 <a href=\"http:\/\/www.filindeblogg.nu\/?attachment_id=34432\" rel=\"attachment wp-att-34432\"><img loading=\"lazy\" class=\"alignnone size-full wp-image-34432\" title=\"Skepp\" src=\"http:\/\/www.filindeblogg.nu\/wp-content\/uploads\/2012\/07\/Skepp.jpg\" alt=\"\" width=\"259\" height=\"194\" \/><\/a><\/p>\n<p>Eller varf\u00f6r inte ett eget ordspr\u00e5k! <strong>Iter facio necesse est<\/strong>! Med hj\u00e4lp av lexikon har jag satt ihop den latinska meningen f\u00f6r <strong>&#8221;Att resa \u00e4r n\u00f6dv\u00e4ndigt&#8221;<\/strong>. Kort och gott.<\/p>\n<p>F\u00f6r reser g\u00f6r vi hela tiden. Spermiens resa mot \u00e4gget &#8211; resan under 9 m\u00e5nader mot f\u00f6delsen, barndomens resa, ton\u00e5ringens och resan genom vuxenlivet fram mot den dag d\u00e5 resan tar slut eller g\u00f6r den? \u00c4r det kanske d\u00e5 den verkligt intressanta resan tar sin b\u00f6rjan? Att resa \u00e4r n\u00f6dv\u00e4ndigt.<\/p>\n<p>Men en resa kan man ocks\u00e5 f\u00f6reta sig ut\u00f6ver den andra, det d\u00e4r vanliga st\u00e4ndiga resandet genom livet. En s\u00e5dan resa \u00e4r ocks\u00e5 n\u00f6dv\u00e4ndig. En resa mot nya platser, nya m\u00e4nniskor, nya upplevelser. <a href=\"http:\/\/www.filindeblogg.nu\/?attachment_id=34433\" rel=\"attachment wp-att-34433\"><img loading=\"lazy\" class=\"alignnone  wp-image-34433\" title=\"003\" src=\"http:\/\/www.filindeblogg.nu\/wp-content\/uploads\/2012\/07\/003-225x300.jpg\" alt=\"\" width=\"158\" height=\"210\" srcset=\"https:\/\/www.filindeblogg.nu\/wp-content\/uploads\/2012\/07\/003-225x300.jpg 225w, https:\/\/www.filindeblogg.nu\/wp-content\/uploads\/2012\/07\/003.jpg 231w\" sizes=\"(max-width: 158px) 100vw, 158px\" \/><\/a><\/p>\n<p>Den \u00e4r n\u00f6dv\u00e4ndig f\u00f6r den \u00e4r inte bara en resa ut\u00e5t, utan \u00e4ven in\u00e5t. Du uppt\u00e4cker nya sidor hos dig sj\u00e4lv och hos den andre om du har reses\u00e4llskap. S\u00e5 l\u00e4rorikt och berikande. Att resa \u00e4r n\u00f6dv\u00e4ndigt. Eller varf\u00f6r inte l\u00e4gga till lite i mitt nya visdomsord:<\/p>\n<p style=\"text-align: center;\"><strong>Iter facio, vivere, necesse est! Att resa, att leva, \u00e4r n\u00f6dv\u00e4ndigt!<\/strong><\/p>\n<p style=\"text-align: center;\"><strong><a href=\"http:\/\/www.filindeblogg.nu\/?attachment_id=34434\" rel=\"attachment wp-att-34434\"><img loading=\"lazy\" class=\"aligncenter size-medium wp-image-34434\" title=\"IMG_7951 (4)\" src=\"http:\/\/www.filindeblogg.nu\/wp-content\/uploads\/2012\/07\/IMG_7951-4-225x300.jpg\" alt=\"\" width=\"225\" height=\"300\" srcset=\"https:\/\/www.filindeblogg.nu\/wp-content\/uploads\/2012\/07\/IMG_7951-4-225x300.jpg 225w, https:\/\/www.filindeblogg.nu\/wp-content\/uploads\/2012\/07\/IMG_7951-4.jpg 346w\" sizes=\"(max-width: 225px) 100vw, 225px\" \/><\/a><\/strong><\/p>\n<p style=\"text-align: center;\">Upplev tid i <strong>Paris<\/strong>!<\/p>\n<p style=\"text-align: center;\">Eller bara kaprifolens egen resa invid din trappa.<\/p>\n<p style=\"text-align: center;\"><a href=\"http:\/\/www.filindeblogg.nu\/?attachment_id=34435\" rel=\"attachment wp-att-34435\"><img loading=\"lazy\" class=\"aligncenter size-medium wp-image-34435\" title=\"011\" src=\"http:\/\/www.filindeblogg.nu\/wp-content\/uploads\/2012\/07\/011-225x300.jpg\" alt=\"\" width=\"225\" height=\"300\" srcset=\"https:\/\/www.filindeblogg.nu\/wp-content\/uploads\/2012\/07\/011-225x300.jpg 225w, https:\/\/www.filindeblogg.nu\/wp-content\/uploads\/2012\/07\/011.jpg 231w\" sizes=\"(max-width: 225px) 100vw, 225px\" \/><\/a><\/p>\n<p style=\"text-align: center;\">Iter facio, vivere, necesse est&#8230;<\/p>\n<p>&nbsp;<\/p>\n<p>&nbsp;<\/p>\n<p>&nbsp;<\/p>\n","protected":false},"excerpt":{"rendered":"<p>Navigare necesse est \u00e4r ett k\u00e4nt latinskt citat. Det betyder &#8221;Att segla \u00e4r n\u00f6dv\u00e4ndigt&#8221; och anv\u00e4nds ofta k\u00e4ckt av tuffa seglare som vill tala om f\u00f6r oss andra vad vi missar.\u00a0 Men d\u00e5 har man inte tagit del av hela meningen och inte heller n\u00e4r och varf\u00f6r den uttalades. S\u00e5 h\u00e4r st\u00e5r det p\u00e5 Wikipedia: [&hellip;]<\/p>\n","protected":false},"author":1,"featured_media":0,"comment_status":"open","ping_status":"open","sticky":false,"template":"","format":"standard","meta":[],"categories":[100,132,141,101,134],"tags":[],"_links":{"self":[{"href":"https:\/\/www.filindeblogg.nu\/index.php?rest_route=\/wp\/v2\/posts\/34430"}],"collection":[{"href":"https:\/\/www.filindeblogg.nu\/index.php?rest_route=\/wp\/v2\/posts"}],"about":[{"href":"https:\/\/www.filindeblogg.nu\/index.php?rest_route=\/wp\/v2\/types\/post"}],"author":[{"embeddable":true,"href":"https:\/\/www.filindeblogg.nu\/index.php?rest_route=\/wp\/v2\/users\/1"}],"replies":[{"embeddable":true,"href":"https:\/\/www.filindeblogg.nu\/index.php?rest_route=%2Fwp%2Fv2%2Fcomments&post=34430"}],"version-history":[{"count":4,"href":"https:\/\/www.filindeblogg.nu\/index.php?rest_route=\/wp\/v2\/posts\/34430\/revisions"}],"predecessor-version":[{"id":34439,"href":"https:\/\/www.filindeblogg.nu\/index.php?rest_route=\/wp\/v2\/posts\/34430\/revisions\/34439"}],"wp:attachment":[{"href":"https:\/\/www.filindeblogg.nu\/index.php?rest_route=%2Fwp%2Fv2%2Fmedia&parent=34430"}],"wp:term":[{"taxonomy":"category","embeddable":true,"href":"https:\/\/www.filindeblogg.nu\/index.php?rest_route=%2Fwp%2Fv2%2Fcategories&post=34430"},{"taxonomy":"post_tag","embeddable":true,"href":"https:\/\/www.filindeblogg.nu\/index.php?rest_route=%2Fwp%2Fv2%2Ftags&post=34430"}],"curies":[{"name":"wp","href":"https:\/\/api.w.org\/{rel}","templated":true}]}}