{"id":33329,"date":"2012-05-22T06:43:27","date_gmt":"2012-05-22T05:43:27","guid":{"rendered":"http:\/\/www.filindeblogg.nu\/?p=33329"},"modified":"2012-05-22T06:43:28","modified_gmt":"2012-05-22T05:43:28","slug":"inte-bara-lata-dagar-pa-vastkusten","status":"publish","type":"post","link":"https:\/\/www.filindeblogg.nu\/?p=33329","title":{"rendered":"Inte bara lata dagar p\u00e5 V\u00e4stkusten"},"content":{"rendered":"<p><a href=\"http:\/\/www.filindeblogg.nu\/?attachment_id=33330\" rel=\"attachment wp-att-33330\"><img loading=\"lazy\" class=\"alignnone  wp-image-33330\" title=\"Utsikt fr\u00e5n stuga 40\" src=\"http:\/\/www.filindeblogg.nu\/wp-content\/uploads\/2012\/05\/Utsikt-fr\u00e5n-stuga-40-300x225.jpg\" alt=\"\" width=\"180\" height=\"135\" srcset=\"https:\/\/www.filindeblogg.nu\/wp-content\/uploads\/2012\/05\/Utsikt-fr\u00e5n-stuga-40-300x225.jpg 300w, https:\/\/www.filindeblogg.nu\/wp-content\/uploads\/2012\/05\/Utsikt-fr\u00e5n-stuga-40.jpg 461w\" sizes=\"(max-width: 180px) 100vw, 180px\" \/><\/a> Vi har det underbart h\u00e4r p\u00e5 V\u00e4stkusten. Men det \u00e4r inte bara lata dagar!<\/p>\n<p><a href=\"http:\/\/www.filindeblogg.nu\/?attachment_id=33331\" rel=\"attachment wp-att-33331\"><img loading=\"lazy\" class=\"alignnone  wp-image-33331\" title=\"Laptop inne\" src=\"http:\/\/www.filindeblogg.nu\/wp-content\/uploads\/2012\/05\/Laptop-inne-225x300.jpg\" alt=\"\" width=\"135\" height=\"180\" srcset=\"https:\/\/www.filindeblogg.nu\/wp-content\/uploads\/2012\/05\/Laptop-inne-225x300.jpg 225w, https:\/\/www.filindeblogg.nu\/wp-content\/uploads\/2012\/05\/Laptop-inne.jpg 346w\" sizes=\"(max-width: 135px) 100vw, 135px\" \/><\/a> Som h\u00e4r &#8211; n\u00e4r jag skriver dagens blogg inne i stugan!<br \/>\nEller h\u00e4r &#8211; utomhus p\u00e5 en filt ihop med solen och solkr\u00e4men! <a href=\"http:\/\/www.filindeblogg.nu\/?attachment_id=33332\" rel=\"attachment wp-att-33332\"><img loading=\"lazy\" class=\"alignnone  wp-image-33332\" title=\"Laptop ute\" src=\"http:\/\/www.filindeblogg.nu\/wp-content\/uploads\/2012\/05\/Laptop-ute-300x225.jpg\" alt=\"\" width=\"180\" height=\"135\" srcset=\"https:\/\/www.filindeblogg.nu\/wp-content\/uploads\/2012\/05\/Laptop-ute-300x225.jpg 300w, https:\/\/www.filindeblogg.nu\/wp-content\/uploads\/2012\/05\/Laptop-ute.jpg 461w\" sizes=\"(max-width: 180px) 100vw, 180px\" \/><\/a> Den lilla b\u00e4rbara \u00e4r oumb\u00e4rlig f\u00f6r en skrivande person som jag. Numera \u00e4r det inte bara\u00a0 bloggen som f\u00f6rfattas p\u00e5 den lilla, l\u00e4tta, smidiga laptopen &#8211; utan en bok! \u00c4ntligen har jag f\u00e5tt sinnesro och inspiration f\u00f6r att f\u00e5 till en av de m\u00e5nga b\u00f6cker som stockar sig i min skalle och vill ut.<\/p>\n<p>Bloggen idag tar upp lite om svenska lagar.<\/p>\n<p><a href=\"http:\/\/www.filindeblogg.nu\/?attachment_id=33333\" rel=\"attachment wp-att-33333\"><img loading=\"lazy\" class=\"alignnone  wp-image-33333\" title=\"Kv\u00e4llssol stuga 40\" src=\"http:\/\/www.filindeblogg.nu\/wp-content\/uploads\/2012\/05\/Kv\u00e4llssol-stuga-40-300x225.jpg\" alt=\"\" width=\"180\" height=\"135\" srcset=\"https:\/\/www.filindeblogg.nu\/wp-content\/uploads\/2012\/05\/Kv\u00e4llssol-stuga-40-300x225.jpg 300w, https:\/\/www.filindeblogg.nu\/wp-content\/uploads\/2012\/05\/Kv\u00e4llssol-stuga-40.jpg 461w\" sizes=\"(max-width: 180px) 100vw, 180px\" \/><\/a> <strong>Sverige<\/strong> har en m\u00e4ngd lagar och det \u00e4r bra att reglera m\u00e5ngt och mycket. Ta till exempel bygglagen! T\u00e4nk om inte den hade funnits med bygglovsans\u00f6kningar, regler om strandskydd och annat. Hur hade vackra V\u00e4stkusten sett ut d\u00e5!?<\/p>\n<p>Sen kan ju det hela g\u00e5 lite in absurdum &#8211; som h\u00e4r: <a href=\"http:\/\/www.filindeblogg.nu\/?attachment_id=33334\" rel=\"attachment wp-att-33334\"><img loading=\"lazy\" class=\"alignnone  wp-image-33334\" title=\"Nya bygglagen 1\" src=\"http:\/\/www.filindeblogg.nu\/wp-content\/uploads\/2012\/05\/Nya-bygglagen-1-300x225.jpg\" alt=\"\" width=\"180\" height=\"135\" srcset=\"https:\/\/www.filindeblogg.nu\/wp-content\/uploads\/2012\/05\/Nya-bygglagen-1-300x225.jpg 300w, https:\/\/www.filindeblogg.nu\/wp-content\/uploads\/2012\/05\/Nya-bygglagen-1.jpg 461w\" sizes=\"(max-width: 180px) 100vw, 180px\" \/><\/a> Klippet h\u00e4mtat ur <strong>Dagens Samh\u00e4lle<\/strong> fr\u00e5n f\u00f6rra veckan.<\/p>\n<p><a href=\"http:\/\/www.filindeblogg.nu\/?attachment_id=33335\" rel=\"attachment wp-att-33335\"><img loading=\"lazy\" class=\"alignnone  wp-image-33335\" title=\"Nya Bygglagen 2\" src=\"http:\/\/www.filindeblogg.nu\/wp-content\/uploads\/2012\/05\/Nya-Bygglagen-2-300x225.jpg\" alt=\"\" width=\"180\" height=\"135\" srcset=\"https:\/\/www.filindeblogg.nu\/wp-content\/uploads\/2012\/05\/Nya-Bygglagen-2-300x225.jpg 300w, https:\/\/www.filindeblogg.nu\/wp-content\/uploads\/2012\/05\/Nya-Bygglagen-2.jpg 461w\" sizes=\"(max-width: 180px) 100vw, 180px\" \/><\/a> Att hj\u00e4lpa ett fallf\u00e4rdigt skjul p\u00e5 traven f\u00f6r att hindra att det rasar \u00f6ver folk och f\u00e4 kan kosta multum. Har du inte ans\u00f6kt om lov att riva kan det bli flera hundra tusen kronor i b\u00f6ter!<\/p>\n<p>Ock ock ock, som <strong>Karlsson<\/strong> skrockar i<strong> Hems\u00f6borna<\/strong> som nu g\u00e5r i repris p\u00e5 <strong>SVT<\/strong> om s\u00f6ndagskv\u00e4llarna!<\/p>\n<p>Lagar ska f\u00f6ljas och det g\u00e4ller \u00e4ven underh\u00e5ll av v\u00e4gar! <a href=\"http:\/\/www.filindeblogg.nu\/?attachment_id=33336\" rel=\"attachment wp-att-33336\"><img loading=\"lazy\" class=\"alignnone  wp-image-33336\" title=\"Veckans gr\u00e4v h\u00e5l\" src=\"http:\/\/www.filindeblogg.nu\/wp-content\/uploads\/2012\/05\/Veckans-gr\u00e4v-h\u00e5l-300x225.jpg\" alt=\"\" width=\"180\" height=\"135\" srcset=\"https:\/\/www.filindeblogg.nu\/wp-content\/uploads\/2012\/05\/Veckans-gr\u00e4v-h\u00e5l-300x225.jpg 300w, https:\/\/www.filindeblogg.nu\/wp-content\/uploads\/2012\/05\/Veckans-gr\u00e4v-h\u00e5l.jpg 461w\" sizes=\"(max-width: 180px) 100vw, 180px\" \/><\/a> Den h\u00e4r bilden, ocks\u00e5 ur Dagens Samh\u00e4lle, visar en v\u00e4g i <strong>Gussj\u00f6<\/strong> utanf\u00f6r <strong>H\u00e4rn\u00f6sand<\/strong>.<br \/>\nDet saknas pengar, s\u00e4ger man fr\u00e5n kommunh\u00e5ll n\u00e4r allm\u00e4nheten undrar om det inte \u00e4r dags att satsa lite mer p\u00e5 v\u00e4gunderh\u00e5llet.<br \/>\nMan kan undra om detsamma g\u00e4ller som urs\u00e4kt f\u00f6r en privatperson som hotas med b\u00f6ter f\u00f6r att han river ett uthus innan det rasar samman av sig sj\u00e4lv?<\/p>\n<p>Men det \u00e4r, som sagt, inte bara skriva som g\u00e4ller h\u00e4r i stugan utanf\u00f6r <strong>Str\u00f6mstad<\/strong>, verkligen inte bara det! <a href=\"http:\/\/www.filindeblogg.nu\/?attachment_id=33338\" rel=\"attachment wp-att-33338\"><img loading=\"lazy\" class=\"alignnone  wp-image-33338\" title=\"Blommor och sn\u00e4ckskal i en skreva\" src=\"http:\/\/www.filindeblogg.nu\/wp-content\/uploads\/2012\/05\/Blommor-och-sn\u00e4ckskal-i-en-skreva-300x225.jpg\" alt=\"\" width=\"180\" height=\"135\" srcset=\"https:\/\/www.filindeblogg.nu\/wp-content\/uploads\/2012\/05\/Blommor-och-sn\u00e4ckskal-i-en-skreva-300x225.jpg 300w, https:\/\/www.filindeblogg.nu\/wp-content\/uploads\/2012\/05\/Blommor-och-sn\u00e4ckskal-i-en-skreva.jpg 461w\" sizes=\"(max-width: 180px) 100vw, 180px\" \/><\/a><\/p>\n<p>Kv\u00e4llsmat i all enkelhet ute p\u00e5 klipporna \u00e4r bara en av alla underbara h\u00e4ndelserna under n\u00e5gra fantastiska dagar p\u00e5<strong> Capri<\/strong>. <a href=\"http:\/\/www.filindeblogg.nu\/?attachment_id=33339\" rel=\"attachment wp-att-33339\"><img loading=\"lazy\" class=\"alignnone  wp-image-33339\" title=\"Kv\u00e4llsmat p\u00e5 klipporna 21 maj 2012\" src=\"http:\/\/www.filindeblogg.nu\/wp-content\/uploads\/2012\/05\/Kv\u00e4llsmat-p\u00e5-klipporna-21-maj-2012-300x225.jpg\" alt=\"\" width=\"180\" height=\"135\" srcset=\"https:\/\/www.filindeblogg.nu\/wp-content\/uploads\/2012\/05\/Kv\u00e4llsmat-p\u00e5-klipporna-21-maj-2012-300x225.jpg 300w, https:\/\/www.filindeblogg.nu\/wp-content\/uploads\/2012\/05\/Kv\u00e4llsmat-p\u00e5-klipporna-21-maj-2012.jpg 461w\" sizes=\"(max-width: 180px) 100vw, 180px\" \/><\/a><br \/>\nSnart hade vi s\u00e4llskap&#8230; <a href=\"http:\/\/www.filindeblogg.nu\/?attachment_id=33340\" rel=\"attachment wp-att-33340\"><img loading=\"lazy\" class=\"alignnone  wp-image-33340\" title=\"M\u00e5sen kompisen\" src=\"http:\/\/www.filindeblogg.nu\/wp-content\/uploads\/2012\/05\/M\u00e5sen-kompisen-300x225.jpg\" alt=\"\" width=\"180\" height=\"135\" srcset=\"https:\/\/www.filindeblogg.nu\/wp-content\/uploads\/2012\/05\/M\u00e5sen-kompisen-300x225.jpg 300w, https:\/\/www.filindeblogg.nu\/wp-content\/uploads\/2012\/05\/M\u00e5sen-kompisen.jpg 461w\" sizes=\"(max-width: 180px) 100vw, 180px\" \/><\/a> Vi l\u00e4mnade lite korvbr\u00f6dsbitar kvar till den fina m\u00e5sen och hans kompisar n\u00e4r vi gick tillbaka in igen.<\/p>\n<p>Underbara dagar, stunder, minuter &#8211; som g\u00e4ller h\u00e4r och nu &#8211; och som strax bara \u00e4r ett minne blott. Ta tillvara! Lev i nuet. Jag f\u00f6rs\u00f6ker g\u00f6ra s\u00e5 &#8211; numera. Priset det har kostat att komma fram till denna enkla slutsats har nu b\u00f6rjat beskrivas i bokform<\/p>\n<p style=\"text-align: center;\">Njut av livet &#8211; det g\u00e5r inte i repris.<br \/>\nVarje dag \u00e4r en g\u00e5va som aldrig kommer \u00e5ter.<br \/>\nTa tillvara!<\/p>\n<p><a href=\"http:\/\/www.filindeblogg.nu\/?attachment_id=33337\" rel=\"attachment wp-att-33337\"><img loading=\"lazy\" class=\"aligncenter size-medium wp-image-33337\" title=\"Segelb\u00e5t p\u00e5 havet\" src=\"http:\/\/www.filindeblogg.nu\/wp-content\/uploads\/2012\/05\/Segelb\u00e5t-p\u00e5-havet-225x300.jpg\" alt=\"\" width=\"225\" height=\"300\" srcset=\"https:\/\/www.filindeblogg.nu\/wp-content\/uploads\/2012\/05\/Segelb\u00e5t-p\u00e5-havet-225x300.jpg 225w, https:\/\/www.filindeblogg.nu\/wp-content\/uploads\/2012\/05\/Segelb\u00e5t-p\u00e5-havet.jpg 346w\" sizes=\"(max-width: 225px) 100vw, 225px\" \/><\/a><\/p>\n<p>&nbsp;<\/p>\n<p>&nbsp;<\/p>\n<p>&nbsp;<\/p>\n","protected":false},"excerpt":{"rendered":"<p>Vi har det underbart h\u00e4r p\u00e5 V\u00e4stkusten. Men det \u00e4r inte bara lata dagar! Som h\u00e4r &#8211; n\u00e4r jag skriver dagens blogg inne i stugan! Eller h\u00e4r &#8211; utomhus p\u00e5 en filt ihop med solen och solkr\u00e4men! Den lilla b\u00e4rbara \u00e4r oumb\u00e4rlig f\u00f6r en skrivande person som jag. Numera \u00e4r det inte bara\u00a0 bloggen som [&hellip;]<\/p>\n","protected":false},"author":1,"featured_media":0,"comment_status":"open","ping_status":"open","sticky":false,"template":"","format":"standard","meta":[],"categories":[131,100,122,132,141,101],"tags":[],"_links":{"self":[{"href":"https:\/\/www.filindeblogg.nu\/index.php?rest_route=\/wp\/v2\/posts\/33329"}],"collection":[{"href":"https:\/\/www.filindeblogg.nu\/index.php?rest_route=\/wp\/v2\/posts"}],"about":[{"href":"https:\/\/www.filindeblogg.nu\/index.php?rest_route=\/wp\/v2\/types\/post"}],"author":[{"embeddable":true,"href":"https:\/\/www.filindeblogg.nu\/index.php?rest_route=\/wp\/v2\/users\/1"}],"replies":[{"embeddable":true,"href":"https:\/\/www.filindeblogg.nu\/index.php?rest_route=%2Fwp%2Fv2%2Fcomments&post=33329"}],"version-history":[{"count":20,"href":"https:\/\/www.filindeblogg.nu\/index.php?rest_route=\/wp\/v2\/posts\/33329\/revisions"}],"predecessor-version":[{"id":33360,"href":"https:\/\/www.filindeblogg.nu\/index.php?rest_route=\/wp\/v2\/posts\/33329\/revisions\/33360"}],"wp:attachment":[{"href":"https:\/\/www.filindeblogg.nu\/index.php?rest_route=%2Fwp%2Fv2%2Fmedia&parent=33329"}],"wp:term":[{"taxonomy":"category","embeddable":true,"href":"https:\/\/www.filindeblogg.nu\/index.php?rest_route=%2Fwp%2Fv2%2Fcategories&post=33329"},{"taxonomy":"post_tag","embeddable":true,"href":"https:\/\/www.filindeblogg.nu\/index.php?rest_route=%2Fwp%2Fv2%2Ftags&post=33329"}],"curies":[{"name":"wp","href":"https:\/\/api.w.org\/{rel}","templated":true}]}}