{"id":31761,"date":"2012-04-15T09:41:36","date_gmt":"2012-04-15T08:41:36","guid":{"rendered":"http:\/\/www.filindeblogg.nu\/?p=31761"},"modified":"2012-04-15T09:41:36","modified_gmt":"2012-04-15T08:41:36","slug":"kony-2012-visdomsord-men-ocksa-norsylingar-i-dagens-predikan","status":"publish","type":"post","link":"https:\/\/www.filindeblogg.nu\/?p=31761","title":{"rendered":"KONY 2012, visdomsord men ocks\u00e5 Norsylingar &#8211; i dagens predikan"},"content":{"rendered":"<p><a href=\"http:\/\/www.filindeblogg.nu\/?attachment_id=31762\" rel=\"attachment wp-att-31762\"><img loading=\"lazy\" class=\"alignnone  wp-image-31762\" title=\"15 april Lillrajens f\u00f6delsedag 2012 003\" src=\"http:\/\/www.filindeblogg.nu\/wp-content\/uploads\/2012\/04\/15-april-Lillrajens-f\u00f6delsedag-2012-003-225x300.jpg\" alt=\"\" width=\"135\" height=\"180\" srcset=\"https:\/\/www.filindeblogg.nu\/wp-content\/uploads\/2012\/04\/15-april-Lillrajens-f\u00f6delsedag-2012-003-225x300.jpg 225w, https:\/\/www.filindeblogg.nu\/wp-content\/uploads\/2012\/04\/15-april-Lillrajens-f\u00f6delsedag-2012-003.jpg 231w\" sizes=\"(max-width: 135px) 100vw, 135px\" \/><\/a> Livet en s\u00f6ndag k\u00e4nns r\u00e4tt s\u00e5 underbart n\u00e4r man vaknar till gr\u00f6nska och solsken! Utsikt fr\u00e5n mitt f\u00f6nster.<\/p>\n<p>F\u00f6rst <a href=\"http:\/\/www.kony2012.com\/\" target=\"_blank\"><strong>KONY 2012!<\/strong><\/a>\u00a0<a href=\"http:\/\/www.filindeblogg.nu\/?attachment_id=31763\" rel=\"attachment wp-att-31763\"><img loading=\"lazy\" class=\"alignnone  wp-image-31763\" title=\"IMG_4937 (3)\" src=\"http:\/\/www.filindeblogg.nu\/wp-content\/uploads\/2012\/04\/IMG_4937-3-225x300.jpg\" alt=\"\" width=\"135\" height=\"180\" srcset=\"https:\/\/www.filindeblogg.nu\/wp-content\/uploads\/2012\/04\/IMG_4937-3-225x300.jpg 225w, https:\/\/www.filindeblogg.nu\/wp-content\/uploads\/2012\/04\/IMG_4937-3.jpg 346w\" sizes=\"(max-width: 135px) 100vw, 135px\" \/><\/a> Vad \u00e4r nu det? Ja, det \u00e4r sv\u00e5rt att inte ha lagt m\u00e4rke till den kampanj som drogs ig\u00e5ng i <strong>USA<\/strong>\u00a0 f\u00f6rra m\u00e5naden och som spridit sig blixtsnabbt via <strong>Internet<\/strong>. Det handlar om att stoppa <strong>Joseph Kony<\/strong>, en av alla krigsherrar som rekryterar barn som soldater &#8211; i detta fall i <strong>Uganda<\/strong>. <a href=\"http:\/\/www.filindeblogg.nu\/?attachment_id=31766\" rel=\"attachment wp-att-31766\"><img loading=\"lazy\" class=\"alignnone size-full wp-image-31766\" title=\"Barnsoldater Uganda\" src=\"http:\/\/www.filindeblogg.nu\/wp-content\/uploads\/2012\/04\/Barnsoldater-Uganda.jpg\" alt=\"\" width=\"206\" height=\"245\" \/><\/a><\/p>\n<p>Kampanjen har f\u00e5tt kritik ocks\u00e5. Dels f\u00f6r att det finns andra \u00e4n Joseph Kony att st\u00e4lla inf\u00f6r r\u00e4tta &#8211; men ocks\u00e5 f\u00f6r att kampanjpengarna inte skulle g\u00e5 till det som det var avsett<a href=\"http:\/\/www.dn.se\/nyheter\/varlden\/varldens-blickar-riktade-mot-nordkorea-medan-landet-firar\" target=\"_blank\">. <\/a><br \/>\nJag k\u00e4nner s\u00e5 h\u00e4r &#8211; ingen kan g\u00f6ra allt, men alla kan g\u00f6ra n\u00e5got<a href=\"http:\/\/www.aftonbladet.se\/nyheter\/article14680266.ab\" target=\"_blank\">.<\/a> F\u00f6rs\u00f6k att stoppa en galen m\u00e4nniska som f\u00f6rst\u00f6r barns\u00a0 liv s\u00e5 har du gjort n\u00e5gonting<a href=\"http:\/\/www.expressen.se\/gt\/sokte-efter-marina---gjorde-fynd-i-skogen\/\" target=\"_blank\">.<\/a> Och om pengarna g\u00e5r till annat ocks\u00e5 &#8211; so what? Sj\u00e4lvklart finns det administrativa kostnader m m &#8211; det \u00e4r inget som f\u00e5r mig att avst\u00e5 fr\u00e5n aktionen.V\u00e5ga och vinn!<\/p>\n<p><a href=\"http:\/\/www.filindeblogg.nu\/?attachment_id=31776\" rel=\"attachment wp-att-31776\"><img loading=\"lazy\" class=\"alignnone  wp-image-31776\" title=\"Joseph Kony\" src=\"http:\/\/www.filindeblogg.nu\/wp-content\/uploads\/2012\/04\/Joseph-Kony.jpg\" alt=\"\" width=\"155\" height=\"116\" \/><\/a> S\u00e5 h\u00e4r st\u00e5r det om Joseph Kony p\u00e5<a href=\"http:\/\/sv.wikipedia.org\/wiki\/Joseph_Kony\" target=\"_blank\"><strong> Wikipedia<\/strong><\/a>, citat: <em>&#8221;Den 6 oktober 2005 tillk\u00e4nnagav Internationella brottm\u00e5lsdomstolen att h\u00e4ktningsorder hade utf\u00e4rdats f\u00f6r Kony och fyra andra ledare f\u00f6r Herrens motst\u00e5ndsarm\u00e9 och en vecka senare meddelades detaljer om \u00e5talet mot Kony.<br \/>\n<strong>Han \u00e5talas p\u00e5 33 punkter, 12 brott mot m\u00e4nskligheten, inklusive mord, slaveri, sexuellt slaveri och v\u00e5ldt\u00e4kt, samt 21 andra krigsf\u00f6rbrytelser inklusive mord, grym behandling av civilbefolkning, medvetet attackerande av civilbefolkning, plundring, framkallande av v\u00e5ldt\u00e4kt och tv\u00e5ngsrekrytering av barn till rebellarm\u00e9n.&#8221;\u00a0<a href=\"http:\/\/www.filindeblogg.nu\/?attachment_id=31777\" rel=\"attachment wp-att-31777\"><img loading=\"lazy\" class=\"alignnone  wp-image-31777\" title=\"Barnsoldat f d\" src=\"http:\/\/www.filindeblogg.nu\/wp-content\/uploads\/2012\/04\/Barnsoldat-f-d.jpg\" alt=\"\" width=\"165\" height=\"110\" \/><\/a><\/strong><\/em><\/p>\n<p>Vill du st\u00f6dja KONY2012 &#8211; g\u00e5 in<a href=\"http:\/\/www.kony2012.com\/\" target=\"_blank\"><strong> H\u00c4R!<\/strong><\/a><\/p>\n<p><a href=\"http:\/\/www.filindeblogg.nu\/?attachment_id=31764\" rel=\"attachment wp-att-31764\"><img loading=\"lazy\" class=\"alignnone  wp-image-31764\" title=\"IMG_4935 (3)\" src=\"http:\/\/www.filindeblogg.nu\/wp-content\/uploads\/2012\/04\/IMG_4935-3-300x225.jpg\" alt=\"\" width=\"180\" height=\"135\" srcset=\"https:\/\/www.filindeblogg.nu\/wp-content\/uploads\/2012\/04\/IMG_4935-3-300x225.jpg 300w, https:\/\/www.filindeblogg.nu\/wp-content\/uploads\/2012\/04\/IMG_4935-3.jpg 461w\" sizes=\"(max-width: 180px) 100vw, 180px\" \/><\/a> I veckan kom mitt KONY-kit. Avs\u00e4ndare <em><strong>&#8221;<a href=\"http:\/\/www.invisiblechildren.com\/\" target=\"_blank\">Invisible children&#8221;<\/a><\/strong><\/em>. <a href=\"http:\/\/www.filindeblogg.nu\/?attachment_id=31765\" rel=\"attachment wp-att-31765\"><img loading=\"lazy\" class=\"alignnone  wp-image-31765\" title=\"IMG_4936 (3)\" src=\"http:\/\/www.filindeblogg.nu\/wp-content\/uploads\/2012\/04\/IMG_4936-3-300x225.jpg\" alt=\"\" width=\"180\" height=\"135\" srcset=\"https:\/\/www.filindeblogg.nu\/wp-content\/uploads\/2012\/04\/IMG_4936-3-300x225.jpg 300w, https:\/\/www.filindeblogg.nu\/wp-content\/uploads\/2012\/04\/IMG_4936-3.jpg 461w\" sizes=\"(max-width: 180px) 100vw, 180px\" \/><\/a><\/p>\n<p>Inneh\u00e5llet: <img loading=\"lazy\" class=\"alignnone  wp-image-31767\" title=\"IMG_4939 (2)\" src=\"http:\/\/www.filindeblogg.nu\/wp-content\/uploads\/2012\/04\/IMG_4939-2-225x300.jpg\" alt=\"\" width=\"135\" height=\"180\" srcset=\"https:\/\/www.filindeblogg.nu\/wp-content\/uploads\/2012\/04\/IMG_4939-2-225x300.jpg 225w, https:\/\/www.filindeblogg.nu\/wp-content\/uploads\/2012\/04\/IMG_4939-2.jpg 346w\" sizes=\"(max-width: 135px) 100vw, 135px\" \/> Affischer och dekaler. <img loading=\"lazy\" class=\"alignnone  wp-image-31768\" title=\"IMG_4940 (3)\" src=\"http:\/\/www.filindeblogg.nu\/wp-content\/uploads\/2012\/04\/IMG_4940-3-300x225.jpg\" alt=\"\" width=\"180\" height=\"135\" srcset=\"https:\/\/www.filindeblogg.nu\/wp-content\/uploads\/2012\/04\/IMG_4940-3-300x225.jpg 300w, https:\/\/www.filindeblogg.nu\/wp-content\/uploads\/2012\/04\/IMG_4940-3.jpg 461w\" sizes=\"(max-width: 180px) 100vw, 180px\" \/> Information. <img loading=\"lazy\" class=\"alignnone  wp-image-31769\" title=\"IMG_4941 (3)\" src=\"http:\/\/www.filindeblogg.nu\/wp-content\/uploads\/2012\/04\/IMG_4941-3-300x225.jpg\" alt=\"\" width=\"180\" height=\"135\" srcset=\"https:\/\/www.filindeblogg.nu\/wp-content\/uploads\/2012\/04\/IMG_4941-3-300x225.jpg 300w, https:\/\/www.filindeblogg.nu\/wp-content\/uploads\/2012\/04\/IMG_4941-3.jpg 461w\" sizes=\"(max-width: 180px) 100vw, 180px\" \/> Bl.a. om vilka andra som st\u00f6djer kampanjen KONY2012<a href=\"http:\/\/ww.svd.se\/nyheter\/utrikes\/andra-film-om-joseph-kony-slappt_6981161.svd\" target=\"_blank\">:<\/a> <img loading=\"lazy\" class=\"alignnone size-medium wp-image-31771\" title=\"IMG_4942 (3)\" src=\"http:\/\/www.filindeblogg.nu\/wp-content\/uploads\/2012\/04\/IMG_4942-3-300x225.jpg\" alt=\"\" width=\"300\" height=\"225\" srcset=\"https:\/\/www.filindeblogg.nu\/wp-content\/uploads\/2012\/04\/IMG_4942-3-300x225.jpg 300w, https:\/\/www.filindeblogg.nu\/wp-content\/uploads\/2012\/04\/IMG_4942-3.jpg 461w\" sizes=\"(max-width: 300px) 100vw, 300px\" \/><br \/>\n<strong>Lady Gaga<\/strong> <img loading=\"lazy\" class=\"alignnone  wp-image-31770\" title=\"IMG_4943 (3)\" src=\"http:\/\/www.filindeblogg.nu\/wp-content\/uploads\/2012\/04\/IMG_4943-3-225x300.jpg\" alt=\"\" width=\"135\" height=\"180\" srcset=\"https:\/\/www.filindeblogg.nu\/wp-content\/uploads\/2012\/04\/IMG_4943-3-225x300.jpg 225w, https:\/\/www.filindeblogg.nu\/wp-content\/uploads\/2012\/04\/IMG_4943-3.jpg 346w\" sizes=\"(max-width: 135px) 100vw, 135px\" \/> <strong>Condoleezza Rice<\/strong>\u00a0 <a href=\"http:\/\/www.filindeblogg.nu\/?attachment_id=31772\" rel=\"attachment wp-att-31772\"><img loading=\"lazy\" class=\"alignnone  wp-image-31772\" title=\"IMG_4944 (3)\" src=\"http:\/\/www.filindeblogg.nu\/wp-content\/uploads\/2012\/04\/IMG_4944-3-225x300.jpg\" alt=\"\" width=\"135\" height=\"180\" srcset=\"https:\/\/www.filindeblogg.nu\/wp-content\/uploads\/2012\/04\/IMG_4944-3-225x300.jpg 225w, https:\/\/www.filindeblogg.nu\/wp-content\/uploads\/2012\/04\/IMG_4944-3.jpg 346w\" sizes=\"(max-width: 135px) 100vw, 135px\" \/><\/a><\/p>\n<p>FN:s generalsekreterare <strong>Ban Ki Moon<\/strong>: <a href=\"http:\/\/www.filindeblogg.nu\/?attachment_id=31773\" rel=\"attachment wp-att-31773\"><img loading=\"lazy\" class=\"alignnone  wp-image-31773\" title=\"IMG_4945 (3)\" src=\"http:\/\/www.filindeblogg.nu\/wp-content\/uploads\/2012\/04\/IMG_4945-3-225x300.jpg\" alt=\"\" width=\"135\" height=\"180\" srcset=\"https:\/\/www.filindeblogg.nu\/wp-content\/uploads\/2012\/04\/IMG_4945-3-225x300.jpg 225w, https:\/\/www.filindeblogg.nu\/wp-content\/uploads\/2012\/04\/IMG_4945-3.jpg 346w\" sizes=\"(max-width: 135px) 100vw, 135px\" \/><\/a> och <strong>Bill Gates<\/strong> m fl <a href=\"http:\/\/www.filindeblogg.nu\/?attachment_id=31774\" rel=\"attachment wp-att-31774\"><img loading=\"lazy\" class=\"alignnone  wp-image-31774\" title=\"IMG_4946 (2)\" src=\"http:\/\/www.filindeblogg.nu\/wp-content\/uploads\/2012\/04\/IMG_4946-2-225x300.jpg\" alt=\"\" width=\"135\" height=\"180\" srcset=\"https:\/\/www.filindeblogg.nu\/wp-content\/uploads\/2012\/04\/IMG_4946-2-225x300.jpg 225w, https:\/\/www.filindeblogg.nu\/wp-content\/uploads\/2012\/04\/IMG_4946-2.jpg 346w\" sizes=\"(max-width: 135px) 100vw, 135px\" \/><\/a><br \/>\nP\u00e5 fredag kv\u00e4ll \u00e4r det dags f\u00f6r v\u00e4rlden att &#8221;cover the night&#8221; &#8211; s\u00e5 att n\u00e4r l\u00f6rdagen den 21 april 2012 \u00e4r h\u00e4r ska alla veta vem Joseph Kony \u00e4r och vad han g\u00f6r! <a href=\"http:\/\/www.filindeblogg.nu\/?attachment_id=31775\" rel=\"attachment wp-att-31775\"><img loading=\"lazy\" class=\"alignnone  wp-image-31775\" title=\"IMG_4947 (3)\" src=\"http:\/\/www.filindeblogg.nu\/wp-content\/uploads\/2012\/04\/IMG_4947-3-225x300.jpg\" alt=\"\" width=\"135\" height=\"180\" srcset=\"https:\/\/www.filindeblogg.nu\/wp-content\/uploads\/2012\/04\/IMG_4947-3-225x300.jpg 225w, https:\/\/www.filindeblogg.nu\/wp-content\/uploads\/2012\/04\/IMG_4947-3.jpg 346w\" sizes=\"(max-width: 135px) 100vw, 135px\" \/><\/a><\/p>\n<p style=\"text-align: center;\"><img loading=\"lazy\" class=\"aligncenter size-medium wp-image-31778\" title=\"15 april Lillrajens f\u00f6delsedag 2012 002\" src=\"http:\/\/www.filindeblogg.nu\/wp-content\/uploads\/2012\/04\/15-april-Lillrajens-f\u00f6delsedag-2012-002-200x300.jpg\" alt=\"\" width=\"200\" height=\"300\" srcset=\"https:\/\/www.filindeblogg.nu\/wp-content\/uploads\/2012\/04\/15-april-Lillrajens-f\u00f6delsedag-2012-002-200x300.jpg 200w, https:\/\/www.filindeblogg.nu\/wp-content\/uploads\/2012\/04\/15-april-Lillrajens-f\u00f6delsedag-2012-002.jpg 240w\" sizes=\"(max-width: 200px) 100vw, 200px\" \/><br \/>\n(Fr\u00e5n Invisible Children p\u00e5 Facebook)<\/p>\n<p>&nbsp;<\/p>\n<p>\u00d6ver till stillsamma, lugna <strong>Sverige<\/strong> och <strong>Arboga<\/strong> d\u00e4r den traditionella <strong><em>&#8221;Norsylingen&#8221;<\/em><\/strong> firades ig\u00e5r. V\u00e4dret var str\u00e5lande och redan klockan 10 b\u00f6rjade folk str\u00f6mma till nedanf\u00f6r <strong>Herrg\u00e5rdsbron<\/strong>. <a href=\"http:\/\/www.filindeblogg.nu\/?attachment_id=31780\" rel=\"attachment wp-att-31780\"><img loading=\"lazy\" class=\"alignnone  wp-image-31780\" title=\"IMG_4992 (3)\" src=\"http:\/\/www.filindeblogg.nu\/wp-content\/uploads\/2012\/04\/IMG_4992-3-300x188.jpg\" alt=\"\" width=\"180\" height=\"113\" srcset=\"https:\/\/www.filindeblogg.nu\/wp-content\/uploads\/2012\/04\/IMG_4992-3-300x188.jpg 300w, https:\/\/www.filindeblogg.nu\/wp-content\/uploads\/2012\/04\/IMG_4992-3.jpg 461w\" sizes=\"(max-width: 180px) 100vw, 180px\" \/><\/a><br \/>\n<a href=\"http:\/\/www.filindeblogg.nu\/?attachment_id=31781\" rel=\"attachment wp-att-31781\"><img loading=\"lazy\" class=\"alignnone  wp-image-31781\" title=\"IMG_5002 (3)\" src=\"http:\/\/www.filindeblogg.nu\/wp-content\/uploads\/2012\/04\/IMG_5002-3-300x225.jpg\" alt=\"\" width=\"180\" height=\"135\" srcset=\"https:\/\/www.filindeblogg.nu\/wp-content\/uploads\/2012\/04\/IMG_5002-3-300x225.jpg 300w, https:\/\/www.filindeblogg.nu\/wp-content\/uploads\/2012\/04\/IMG_5002-3.jpg 461w\" sizes=\"(max-width: 180px) 100vw, 180px\" \/><\/a>En av h\u00e5vb\u00e5tarna var ute.<\/p>\n<p><a href=\"http:\/\/www.filindeblogg.nu\/?attachment_id=31782\" rel=\"attachment wp-att-31782\"><img loading=\"lazy\" class=\"alignnone  wp-image-31782\" title=\"IMG_4993 (3)\" src=\"http:\/\/www.filindeblogg.nu\/wp-content\/uploads\/2012\/04\/IMG_4993-3-300x225.jpg\" alt=\"\" width=\"180\" height=\"135\" srcset=\"https:\/\/www.filindeblogg.nu\/wp-content\/uploads\/2012\/04\/IMG_4993-3-300x225.jpg 300w, https:\/\/www.filindeblogg.nu\/wp-content\/uploads\/2012\/04\/IMG_4993-3.jpg 461w\" sizes=\"(max-width: 180px) 100vw, 180px\" \/><\/a> Redan k\u00f6 &#8211; och bloggaren st\u00e4llde sig f\u00f6rst\u00e5s i den! <a href=\"http:\/\/www.filindeblogg.nu\/?attachment_id=31783\" rel=\"attachment wp-att-31783\"><img loading=\"lazy\" class=\"alignnone  wp-image-31783\" title=\"IMG_4994\" src=\"http:\/\/www.filindeblogg.nu\/wp-content\/uploads\/2012\/04\/IMG_4994-300x225.jpg\" alt=\"\" width=\"180\" height=\"135\" srcset=\"https:\/\/www.filindeblogg.nu\/wp-content\/uploads\/2012\/04\/IMG_4994-300x225.jpg 300w, https:\/\/www.filindeblogg.nu\/wp-content\/uploads\/2012\/04\/IMG_4994.jpg 461w\" sizes=\"(max-width: 180px) 100vw, 180px\" \/><\/a> En av de som jobbade f\u00f6r fullt med att s\u00e4lja norskl\u00e4mmor var <strong>Maria<\/strong>! <a href=\"http:\/\/www.filindeblogg.nu\/?attachment_id=31784\" rel=\"attachment wp-att-31784\"><img loading=\"lazy\" class=\"alignnone  wp-image-31784\" title=\"IMG_4995 (3)\" src=\"http:\/\/www.filindeblogg.nu\/wp-content\/uploads\/2012\/04\/IMG_4995-3-225x300.jpg\" alt=\"\" width=\"135\" height=\"180\" srcset=\"https:\/\/www.filindeblogg.nu\/wp-content\/uploads\/2012\/04\/IMG_4995-3-225x300.jpg 225w, https:\/\/www.filindeblogg.nu\/wp-content\/uploads\/2012\/04\/IMG_4995-3.jpg 346w\" sizes=\"(max-width: 135px) 100vw, 135px\" \/><\/a> Hon ber\u00e4ttade att det var stressigt och mycket att g\u00f6ra men v\u00e4ldigt, v\u00e4ldigt roligt!<\/p>\n<p>S\u00e5 h\u00e4r g\u00e5r det till att f\u00e5 en \u00e4kta norskl\u00e4mma: <a href=\"http:\/\/www.filindeblogg.nu\/?attachment_id=31785\" rel=\"attachment wp-att-31785\"><img loading=\"lazy\" class=\"alignnone  wp-image-31785\" title=\"IMG_4997 (2)\" src=\"http:\/\/www.filindeblogg.nu\/wp-content\/uploads\/2012\/04\/IMG_4997-2-225x300.jpg\" alt=\"\" width=\"135\" height=\"180\" srcset=\"https:\/\/www.filindeblogg.nu\/wp-content\/uploads\/2012\/04\/IMG_4997-2-225x300.jpg 225w, https:\/\/www.filindeblogg.nu\/wp-content\/uploads\/2012\/04\/IMG_4997-2.jpg 346w\" sizes=\"(max-width: 135px) 100vw, 135px\" \/><\/a><br \/>\nDen f\u00e4rdigstekta norsen f\u00f6rdelas i bitar p\u00e5 ett tunnbr\u00f6d. <a href=\"http:\/\/www.filindeblogg.nu\/?attachment_id=31786\" rel=\"attachment wp-att-31786\"><img loading=\"lazy\" class=\"alignnone  wp-image-31786\" title=\"IMG_4998 (2)\" src=\"http:\/\/www.filindeblogg.nu\/wp-content\/uploads\/2012\/04\/IMG_4998-2-300x225.jpg\" alt=\"\" width=\"180\" height=\"135\" srcset=\"https:\/\/www.filindeblogg.nu\/wp-content\/uploads\/2012\/04\/IMG_4998-2-300x225.jpg 300w, https:\/\/www.filindeblogg.nu\/wp-content\/uploads\/2012\/04\/IMG_4998-2.jpg 461w\" sizes=\"(max-width: 180px) 100vw, 180px\" \/><\/a> Sen p\u00e5 med salt, citronpeppar, gul och r\u00f6d l\u00f6k! <a href=\"http:\/\/www.filindeblogg.nu\/?attachment_id=31787\" rel=\"attachment wp-att-31787\"><img loading=\"lazy\" class=\"alignnone  wp-image-31787\" title=\"IMG_4999 (2)\" src=\"http:\/\/www.filindeblogg.nu\/wp-content\/uploads\/2012\/04\/IMG_4999-2-225x300.jpg\" alt=\"\" width=\"135\" height=\"180\" srcset=\"https:\/\/www.filindeblogg.nu\/wp-content\/uploads\/2012\/04\/IMG_4999-2-225x300.jpg 225w, https:\/\/www.filindeblogg.nu\/wp-content\/uploads\/2012\/04\/IMG_4999-2.jpg 346w\" sizes=\"(max-width: 135px) 100vw, 135px\" \/><\/a> Br\u00f6det rullas ihop och viks f\u00f6r att strax \u00e4tas upp! Det var j\u00e4ttegott!<\/p>\n<p>F\u00f6r den som inte v\u00e5gade sig p\u00e5 en fiskmacka fanns det korv med br\u00f6d! Underh\u00e5llning bj\u00f6ds det p\u00e5 &#8211; av g\u00e4nget <strong><em>&#8221;Veteranerna&#8221;<\/em><\/strong> &#8211; h\u00e4r tv\u00e5 av dom: <a href=\"http:\/\/www.filindeblogg.nu\/?attachment_id=31789\" rel=\"attachment wp-att-31789\"><img loading=\"lazy\" class=\"alignnone  wp-image-31789\" title=\"Veteranerna\" src=\"http:\/\/www.filindeblogg.nu\/wp-content\/uploads\/2012\/04\/Veteranerna-225x300.jpg\" alt=\"\" width=\"135\" height=\"180\" srcset=\"https:\/\/www.filindeblogg.nu\/wp-content\/uploads\/2012\/04\/Veteranerna-225x300.jpg 225w, https:\/\/www.filindeblogg.nu\/wp-content\/uploads\/2012\/04\/Veteranerna.jpg 346w\" sizes=\"(max-width: 135px) 100vw, 135px\" \/><\/a> Goa, glada killar! \ud83d\ude42<\/p>\n<p><a href=\"http:\/\/www.filindeblogg.nu\/?attachment_id=31788\" rel=\"attachment wp-att-31788\"><img loading=\"lazy\" class=\"alignnone size-full wp-image-31788\" title=\"Nors\" src=\"http:\/\/www.filindeblogg.nu\/wp-content\/uploads\/2012\/04\/Nors.jpg\" alt=\"\" width=\"210\" height=\"131\" \/><\/a>\u00a0 L\u00e4s mer om norsen <a href=\"http:\/\/sv.wikipedia.org\/wiki\/Nors\" target=\"_blank\"><strong>H\u00c4R<\/strong> <\/a>p\u00e5 Wikipedia!<\/p>\n<p>Lite visdomsord var utlovat ocks\u00e5 och f\u00f6rst en fr\u00e5n mitt Chaite: <a href=\"http:\/\/www.filindeblogg.nu\/?attachment_id=31790\" rel=\"attachment wp-att-31790\"><img loading=\"lazy\" class=\"alignnone size-medium wp-image-31790\" title=\"IMG_4948 (2)\" src=\"http:\/\/www.filindeblogg.nu\/wp-content\/uploads\/2012\/04\/IMG_4948-2-300x225.jpg\" alt=\"\" width=\"300\" height=\"225\" srcset=\"https:\/\/www.filindeblogg.nu\/wp-content\/uploads\/2012\/04\/IMG_4948-2-300x225.jpg 300w, https:\/\/www.filindeblogg.nu\/wp-content\/uploads\/2012\/04\/IMG_4948-2.jpg 461w\" sizes=\"(max-width: 300px) 100vw, 300px\" \/><\/a> Betyder ungef\u00e4r: <em>&#8221;R\u00e4ds inte ett tr\u00e5ngt hem, r\u00e4ds ett tr\u00e5ngt hj\u00e4rta&#8221;<\/em>.<br \/>\n(Tr\u00e5ng har som synonymord bl.a. inskr\u00e4nkt, begr\u00e4nsad och f\u00f6rdomsfull).<\/p>\n<p>Den h\u00e4r historien hittade jag p\u00e5 Facebook hos v\u00e4nnen <strong>Pia<\/strong>. L\u00e4s och begrunda!<\/p>\n<p style=\"text-align: left;\"><em><span style=\"text-decoration: underline;\">&#8221;Sokrates trippel-filter-test:<\/span><\/em><\/p>\n<p style=\"text-align: left;\"><em> I det antika Grekland hade filosofen Sokrates rykte om sig att h\u00e5lla kunskap och sanning v\u00e4ldigt h\u00f6gt. En dag kom en v\u00e4n p\u00e5 bes\u00f6k och fr\u00e5gade:<br \/>\n&#8211; Vet du vad jag h\u00f6rde om v\u00e5r gemensamme v\u00e4n?<\/em><br \/>\n<em> &#8211; V\u00e4nta ett tag, svarade Sokrates. Innan du ber\u00e4ttar n\u00e5gonting om v\u00e4nnen vill jag att du svarar mig p\u00e5 tre fr\u00e5gor. Det kallas trippel-filter-testet.<\/em><br \/>\n<em> &#8211; Trippel-filter?<\/em><br \/>\n<em> &#8211; Korrekt&#8230;, fortsatte Sokrates. Innan du s\u00e4ger n\u00e5got om v\u00e5r gemensamme v\u00e4n kan det vara en god id\u00e9 att filtrera vad du t\u00e4nkte s\u00e4ga. Det \u00e4r d\u00e4rf\u00f6r jag kallar den f\u00f6r trippel-filter-testet. Den f\u00f6rsta filtret heter Sanning. \u00c4r du helt \u00f6vertygad om att det du ska ber\u00e4tta \u00e4r sant?<\/em><br \/>\n<em> &#8211; Nej, svarade mannen, men jag h\u00f6rde det faktiskt av en mycket trov\u00e4rdig person\u2026<\/em><br \/>\n<em> &#8211; N\u00e5, d\u00e5 vet du inte vad som \u00e4r sant eller falskt, avbr\u00f6t Sokrates. L\u00e5t mig d\u00e5 kontrollera med det andra filtret, Godhetens filter. \u00c4r det du t\u00e4nker ber\u00e4tta om v\u00e5r v\u00e4n n\u00e5got positivt och gott?<\/em><br \/>\n<em> &#8211; Nej, faktiskt tv\u00e4rtom\u2026<\/em><br \/>\n<em> &#8211; Du vill allts\u00e5 ber\u00e4tta n\u00e5got negativt om honom trots att du inte vet om det \u00e4r sant! Kanske du passerar n\u00e4sta filter \u2013 Nyttans filter. \u00c4r det du vill ber\u00e4tta f\u00f6r mig om v\u00e5r gemensamma v\u00e4n n\u00e5got som jag kan ha nytta av?<\/em><br \/>\n<em> &#8211; Nej, egentligen inte\u2026&#8221;<\/em><\/p>\n<p style=\"text-align: center;\"><a href=\"http:\/\/www.filindeblogg.nu\/?attachment_id=31791\" rel=\"attachment wp-att-31791\"><img loading=\"lazy\" class=\"wp-image-31791\" title=\"IMG_5008 (2)\" src=\"http:\/\/www.filindeblogg.nu\/wp-content\/uploads\/2012\/04\/IMG_5008-2-225x300.jpg\" alt=\"\" width=\"135\" height=\"180\" srcset=\"https:\/\/www.filindeblogg.nu\/wp-content\/uploads\/2012\/04\/IMG_5008-2-225x300.jpg 225w, https:\/\/www.filindeblogg.nu\/wp-content\/uploads\/2012\/04\/IMG_5008-2.jpg 346w\" sizes=\"(max-width: 135px) 100vw, 135px\" \/><\/a><br \/>\nNjut s\u00f6ndagen. Lev v\u00e4l!<\/p>\n<p style=\"text-align: center;\"><a href=\"http:\/\/www.filindeblogg.nu\/?attachment_id=31792\" rel=\"attachment wp-att-31792\"><img loading=\"lazy\" class=\"aligncenter size-full wp-image-31792\" title=\"Barnsoldat\" src=\"http:\/\/www.filindeblogg.nu\/wp-content\/uploads\/2012\/04\/Barnsoldat.jpg\" alt=\"\" width=\"249\" height=\"203\" \/><\/a><\/p>\n<p>&nbsp;<\/p>\n","protected":false},"excerpt":{"rendered":"<p>Livet en s\u00f6ndag k\u00e4nns r\u00e4tt s\u00e5 underbart n\u00e4r man vaknar till gr\u00f6nska och solsken! Utsikt fr\u00e5n mitt f\u00f6nster. F\u00f6rst KONY 2012!\u00a0 Vad \u00e4r nu det? Ja, det \u00e4r sv\u00e5rt att inte ha lagt m\u00e4rke till den kampanj som drogs ig\u00e5ng i USA\u00a0 f\u00f6rra m\u00e5naden och som spridit sig blixtsnabbt via Internet. Det handlar om att [&hellip;]<\/p>\n","protected":false},"author":1,"featured_media":0,"comment_status":"open","ping_status":"open","sticky":false,"template":"","format":"standard","meta":[],"categories":[127,131,100,101],"tags":[],"_links":{"self":[{"href":"https:\/\/www.filindeblogg.nu\/index.php?rest_route=\/wp\/v2\/posts\/31761"}],"collection":[{"href":"https:\/\/www.filindeblogg.nu\/index.php?rest_route=\/wp\/v2\/posts"}],"about":[{"href":"https:\/\/www.filindeblogg.nu\/index.php?rest_route=\/wp\/v2\/types\/post"}],"author":[{"embeddable":true,"href":"https:\/\/www.filindeblogg.nu\/index.php?rest_route=\/wp\/v2\/users\/1"}],"replies":[{"embeddable":true,"href":"https:\/\/www.filindeblogg.nu\/index.php?rest_route=%2Fwp%2Fv2%2Fcomments&post=31761"}],"version-history":[{"count":32,"href":"https:\/\/www.filindeblogg.nu\/index.php?rest_route=\/wp\/v2\/posts\/31761\/revisions"}],"predecessor-version":[{"id":31824,"href":"https:\/\/www.filindeblogg.nu\/index.php?rest_route=\/wp\/v2\/posts\/31761\/revisions\/31824"}],"wp:attachment":[{"href":"https:\/\/www.filindeblogg.nu\/index.php?rest_route=%2Fwp%2Fv2%2Fmedia&parent=31761"}],"wp:term":[{"taxonomy":"category","embeddable":true,"href":"https:\/\/www.filindeblogg.nu\/index.php?rest_route=%2Fwp%2Fv2%2Fcategories&post=31761"},{"taxonomy":"post_tag","embeddable":true,"href":"https:\/\/www.filindeblogg.nu\/index.php?rest_route=%2Fwp%2Fv2%2Ftags&post=31761"}],"curies":[{"name":"wp","href":"https:\/\/api.w.org\/{rel}","templated":true}]}}