{"id":27788,"date":"2012-01-17T11:11:09","date_gmt":"2012-01-17T10:11:09","guid":{"rendered":"http:\/\/www.filindeblogg.nu\/?p=27788"},"modified":"2012-01-17T11:11:10","modified_gmt":"2012-01-17T10:11:10","slug":"etik-pa-natet-finns-det-om-mord-i-arboga-men-ocksa-om-att-gora-deal-med-en-gran","status":"publish","type":"post","link":"https:\/\/www.filindeblogg.nu\/?p=27788","title":{"rendered":"Etik p\u00e5 n\u00e4tet &#8211; finns det? Om mord i Arboga. Men ocks\u00e5 om att g\u00f6ra deal med en gran."},"content":{"rendered":"<p><a href=\"http:\/\/www.filindeblogg.nu\/?attachment_id=27789\" rel=\"attachment wp-att-27789\"><img loading=\"lazy\" class=\"alignnone  wp-image-27789\" title=\"IMG_2582 (2)\" src=\"http:\/\/www.filindeblogg.nu\/wp-content\/uploads\/2012\/01\/IMG_2582-2-225x300.jpg\" alt=\"\" width=\"135\" height=\"180\" srcset=\"https:\/\/www.filindeblogg.nu\/wp-content\/uploads\/2012\/01\/IMG_2582-2-225x300.jpg 225w, https:\/\/www.filindeblogg.nu\/wp-content\/uploads\/2012\/01\/IMG_2582-2.jpg 346w\" sizes=\"(max-width: 135px) 100vw, 135px\" \/><\/a> S\u00e5 h\u00e4r ser <strong>Arboga Tidning<\/strong> ut idag.<strong><em> &#8221;Misst\u00e4nkt dubbelmord i Arboga&#8221;<\/em><\/strong>. Vi var m\u00e5nga h\u00e4r i <strong>Arboga<\/strong> som reagerade starkt n\u00e4r vi fick h\u00f6ra tals om h\u00e4ndelsen ig\u00e5r. Inte bara f\u00f6r att det r\u00f6rde sig om ett misst\u00e4nkt mord utan f\u00f6r att det g\u00e4llde en mor och hennes lilla barn. Tankarna gick direkt till <strong>Emma<\/strong> och hennes tv\u00e5 sm\u00e5 barn som m\u00f6rdades f\u00f6r fyra \u00e5r sedan<a href=\"http:\/\/www.svd.se\/nyheter\/inrikes\/kvinna-och-barn-hittade-doda_6773003.svd\" target=\"_blank\">. <\/a>En iskall k\u00e4nsla i magen som lugnades f\u00f6rst n\u00e4r jag och andra kunde l\u00e4sa p\u00e5 <strong>Facebook<\/strong> att Emma och hennes lilla dotter inte var de drabbade<a href=\"http:\/\/www.expressen.se\/nyheter\/1.2681584\/emma-jangestig-alla-ville-veta-att-vi-levde\" target=\"_blank\">.<\/a><\/p>\n<p>Sj\u00e4lvklart \u00e4r h\u00e4ndelsen fruktansv\u00e4rd i alla fall. Och f\u00f6rmodligen redan innan de d\u00f6da kropparna f\u00f6rts bort hade pratet satt ig\u00e5ng.<em> &#8211; Vem \u00e4r kvinnan? &#8211; \u00c4r det n\u00e5gon vi k\u00e4nner?\u00a0 -Vem \u00e4r m\u00f6rdaren?<\/em><\/p>\n<p><a href=\"http:\/\/www.filindeblogg.nu\/?attachment_id=27790\" rel=\"attachment wp-att-27790\"><img loading=\"lazy\" class=\"alignnone  wp-image-27790\" title=\"Flashback\" src=\"http:\/\/www.filindeblogg.nu\/wp-content\/uploads\/2012\/01\/Flashback-300x245.gif\" alt=\"\" width=\"180\" height=\"147\" srcset=\"https:\/\/www.filindeblogg.nu\/wp-content\/uploads\/2012\/01\/Flashback-300x245.gif 300w, https:\/\/www.filindeblogg.nu\/wp-content\/uploads\/2012\/01\/Flashback.gif 420w\" sizes=\"(max-width: 180px) 100vw, 180px\" \/><\/a> P\u00e5 Internetsidan <strong>Flashback<\/strong> kom det snart fram vem kvinnan var<a href=\"http:\/\/www.dn.se\/nyheter\/sverige\/kvinna-och-barn-hittade-doda\" target=\"_blank\">.<\/a> Flashback kallar sig, citat: <em>&#8221;Sveriges st\u00f6rsta forum f\u00f6r yttrande- och \u00e5siktsfrihet samt sj\u00e4lvst\u00e4ndigt t\u00e4nkande.&#8221; <\/em>Det betyder fritt fram f\u00f6r allt &#8211; oavsett om det \u00e4r sant eller inte. Och etik vet man inte vad det \u00e4r d\u00e4r.<\/p>\n<p>Via Flashback kunde man f\u00e5 veta mera om den m\u00f6rdade kvinnan genom h\u00e4nvisning och l\u00e4nkar till n\u00e4ttidningen <strong><em>&#8221;Realisten&#8221;<\/em><\/strong> som visade bild p\u00e5 kvinnan och barnet men ocks\u00e5 talade om vem den troliga m\u00f6rdaren \u00e4r!<br \/>\n<em>&#8221;Realisten&#8221;<\/em> beskriver sig sj\u00e4lv s\u00e5 h\u00e4r: <em>&#8221;Tidningen Realisten \u00e4r en nyhetstidning som vilar p\u00e5 en realistisk id\u00e9bas. Tidningen \u00e4gs av det politiska partiet <strong>Svenskarnas parti<\/strong>, men ideologiska avvikelser fr\u00e5n partiet f\u00f6rekommer. Tidningen ska ses som ideologiskt frist\u00e5ende och publicerar nyheter och artiklar utifr\u00e5n ett brett spektra.&#8221;<\/em><\/p>\n<p><a href=\"http:\/\/www.filindeblogg.nu\/?attachment_id=27791\" rel=\"attachment wp-att-27791\"><img loading=\"lazy\" class=\"alignnone  wp-image-27791\" title=\"Bild fr\u00e5n svenskarnas parti\" src=\"http:\/\/www.filindeblogg.nu\/wp-content\/uploads\/2012\/01\/Bild-fr\u00e5n-svenskarnas-parti.jpg\" alt=\"\" width=\"136\" height=\"181\" \/><\/a>\u00a0 Om &#8221;Svenskarnas parti&#8221; skriver <strong>Wikipedia<\/strong> s\u00e5 h\u00e4r:<\/p>\n<p><em><strong>&#8221;Svenskarnas parti<\/strong> (SvP) \u00e4r ett svenskt h\u00f6gerextremt politiskt parti som definierar sig som nationalistiskt men ofta kallas nynazistiskt i media. Partiet bildades, under beteckningen <strong>Folkfronten<\/strong>, den 22 november 2008 efter att <strong>Nationalsocialistisk front<\/strong> lagts ner. Partiets tidning som ges ut p\u00e5 Internet heter Realisten. Svenskarnas parti h\u00f6r till de grupper som bevakas av svenska s\u00e4kerhetspolisen, och anses av dem ing\u00e5 i vit makt-milj\u00f6n.&#8221;<\/em><\/p>\n<p>Med den informationen kan vem som helst ana varf\u00f6r tidningen &#8221;Realisten&#8221; hade information om en m\u00f6rdare i Arboga. \ud83d\ude41<\/p>\n<p>Etik h\u00f6r inte hemma hos vare sig &#8221;Realisten&#8221; eller &#8221;Svenskarnas parti&#8221;<a href=\"http:\/\/www.aftonbladet.se\/nyheter\/article14222415.ab\" target=\"_blank\">.<\/a> Men Facebook d\u00e5? D\u00e4r allt startade. D\u00e4r jag kunde lugna ner min iskalla r\u00e4dsla. Tja, det beror ju p\u00e5 hur man menar? Och vad man t\u00e4nker om etik?\u00a0 <a href=\"http:\/\/www.filindeblogg.nu\/?attachment_id=27792\" rel=\"attachment wp-att-27792\"><img loading=\"lazy\" class=\"alignnone size-full wp-image-27792\" title=\"Etiken var finns den\" src=\"http:\/\/www.filindeblogg.nu\/wp-content\/uploads\/2012\/01\/Etiken-var-finns-den.jpg\" alt=\"\" width=\"147\" height=\"160\" \/><\/a> Om den egna nyfikenheten v\u00e4ger tyngre \u00e4n de etiska grunderna?<\/p>\n<p>S\u00e5 h\u00e4r st\u00e5r det p\u00e5 Wikipedia om ordet etik: <em>&#8221;<strong>Etik<\/strong>, (fr\u00e5n gr. ethos; sed), eller <strong>moralfilosofi<\/strong>, sedel\u00e4ra, en moralvetenskap, den del av filosofin som f\u00f6rs\u00f6ker besvara fr\u00e5gor som &#8221;vad \u00e4r det goda&#8221;, &#8221;vad \u00e4r det r\u00e4tta&#8221;, &#8221;hur b\u00f6r man bete sig&#8221;.<br \/>\nI mer allm\u00e4n bem\u00e4rkelse: en upps\u00e4ttning regler f\u00f6r upptr\u00e4dande och f\u00f6rh\u00e5llningss\u00e4tt.&#8221;<\/em><\/p>\n<p>Med andra ord &#8211; lite av oskriven lag kanske &#8211; och s\u00e4rskilt i sammanhang som t ex Facebook. F\u00f6r hur h\u00f6ga moraliska v\u00e4rderingar man \u00e4n har kan det vara l\u00e4tt att falla till f\u00f6ga f\u00f6r skvallret. <a href=\"http:\/\/www.filindeblogg.nu\/?attachment_id=27793\" rel=\"attachment wp-att-27793\"><img loading=\"lazy\" class=\"alignnone  wp-image-27793\" title=\"Skvaller\" src=\"http:\/\/www.filindeblogg.nu\/wp-content\/uploads\/2012\/01\/Skvaller.jpg\" alt=\"\" width=\"166\" height=\"110\" \/><\/a> Det ena ger det andra, n\u00e5gon fr\u00e5gar och du svarar.<br \/>\nDu f\u00f6rsvarar dig kanske med att du faktiskt inte sagt allt, inte n\u00e4mnt namn eller detaljer &#8211; men \u00e4nd\u00e5 tillr\u00e4ckligt f\u00f6r att f\u00e5 ig\u00e5ng kedjereaktionerna, tisslet och tasslet. <a href=\"http:\/\/www.filindeblogg.nu\/?attachment_id=27794\" rel=\"attachment wp-att-27794\"><img loading=\"lazy\" class=\"alignnone size-medium wp-image-27794\" title=\"Skvaller 2\" src=\"http:\/\/www.filindeblogg.nu\/wp-content\/uploads\/2012\/01\/Skvaller-2-254x300.jpg\" alt=\"\" width=\"254\" height=\"300\" srcset=\"https:\/\/www.filindeblogg.nu\/wp-content\/uploads\/2012\/01\/Skvaller-2-254x300.jpg 254w, https:\/\/www.filindeblogg.nu\/wp-content\/uploads\/2012\/01\/Skvaller-2.jpeg 350w\" sizes=\"(max-width: 254px) 100vw, 254px\" \/><\/a><\/p>\n<p>Man \u00e4r inte mer \u00e4n m\u00e4nniska. Jag tog ocks\u00e5 reda p\u00e5 mera men gjorde det icke-officiellt s.a.s. Jag gick inte ute p\u00e5 Facebook och ber\u00e4ttade utan h\u00f6ll det f\u00f6r mig sj\u00e4lv.<br \/>\nN\u00e4r folk ber\u00e4ttade \u00f6ppet med namn och detaljer p\u00e5 Facebook samtidigt som man i de lokala n\u00e4ttidningarna skrev att de anh\u00f6riga inte var informerade \u00e4nnu &#8211; d\u00e5 k\u00e4ndes det osmakligt. Inte etiskt alls!<\/p>\n<p>S\u00e5 se upp med pratet! Du vet aldrig n\u00e4r det du s\u00e4ger eller skriver kan hamna i or\u00e4tta h\u00e4nder! Eller n\u00e4r din nyfikenhet blir till skada f\u00f6r andra m\u00e4nniskor. <a href=\"http:\/\/www.filindeblogg.nu\/?attachment_id=27795\" rel=\"attachment wp-att-27795\"><img loading=\"lazy\" class=\"alignnone size-full wp-image-27795\" title=\"Etik och m\u00e4nniskov\u00e4rde\" src=\"http:\/\/www.filindeblogg.nu\/wp-content\/uploads\/2012\/01\/Etik-och-m\u00e4nniskov\u00e4rde.jpg\" alt=\"\" width=\"192\" height=\"119\" \/><\/a><\/p>\n<p>Jag t\u00e4nde ljus f\u00f6r den d\u00f6da kvinnan och hennes lilla barn ig\u00e5r. Mina tankar g\u00e5r till deras anh\u00f6riga.<\/p>\n<p><a href=\"http:\/\/www.filindeblogg.nu\/?attachment_id=27796\" rel=\"attachment wp-att-27796\"><img loading=\"lazy\" class=\"size-full wp-image-27796 aligncenter\" title=\"Tv\u00e5 ljus\" src=\"http:\/\/www.filindeblogg.nu\/wp-content\/uploads\/2012\/01\/Tv\u00e5-ljus.jpg\" alt=\"\" width=\"194\" height=\"259\" \/><\/a><\/p>\n<p>S\u00e5 lite annat. L\u00f6ftet att inte kasta ut granen kom p\u00e5 skam ig\u00e5r. N\u00e4r jag v\u00e4l plockat undan alla julsaker f\u00f6ljde julgranen med av bara farten&#8230; Dock gjorde jag en deal med granen (om man nu kan g\u00f6ra det?). Jag st\u00e4llde ut en hink med vatten och placerade den vackra granen i den. F\u00f6rhoppningsvis kan den dricka vattnet d\u00e5 och d\u00e5 n\u00e4r det inte fryst till is och visst \u00e4r den vacker d\u00e4r den st\u00e5r &#8211; d\u00e4r ocks\u00e5? <a href=\"http:\/\/www.filindeblogg.nu\/?attachment_id=27797\" rel=\"attachment wp-att-27797\"><img loading=\"lazy\" class=\"alignnone  wp-image-27797\" title=\"IMG_2577 (3)\" src=\"http:\/\/www.filindeblogg.nu\/wp-content\/uploads\/2012\/01\/IMG_2577-3-225x300.jpg\" alt=\"\" width=\"135\" height=\"180\" srcset=\"https:\/\/www.filindeblogg.nu\/wp-content\/uploads\/2012\/01\/IMG_2577-3-225x300.jpg 225w, https:\/\/www.filindeblogg.nu\/wp-content\/uploads\/2012\/01\/IMG_2577-3.jpg 346w\" sizes=\"(max-width: 135px) 100vw, 135px\" \/><\/a><\/p>\n<p>Och inne blev det sk\u00f6nt och julfritt \u00f6verallt! <a href=\"http:\/\/www.filindeblogg.nu\/?attachment_id=27798\" rel=\"attachment wp-att-27798\"><img loading=\"lazy\" class=\"alignnone  wp-image-27798\" title=\"IMG_2579 (2)\" src=\"http:\/\/www.filindeblogg.nu\/wp-content\/uploads\/2012\/01\/IMG_2579-2-225x300.jpg\" alt=\"\" width=\"135\" height=\"180\" srcset=\"https:\/\/www.filindeblogg.nu\/wp-content\/uploads\/2012\/01\/IMG_2579-2-225x300.jpg 225w, https:\/\/www.filindeblogg.nu\/wp-content\/uploads\/2012\/01\/IMG_2579-2.jpg 346w\" sizes=\"(max-width: 135px) 100vw, 135px\" \/><\/a> Och inte ens en halv sopskyffel med barr l\u00e4mnade granen efter sig! \ud83d\ude42<\/p>\n<p style=\"text-align: center;\"><strong>Var r\u00e4dda om er &#8211; men ocks\u00e5 om varandra!<\/strong><\/p>\n<p style=\"text-align: center;\"><a href=\"http:\/\/www.filindeblogg.nu\/?attachment_id=27799\" rel=\"attachment wp-att-27799\"><img loading=\"lazy\" class=\"aligncenter size-full wp-image-27799\" title=\"Etik eller ej\" src=\"http:\/\/www.filindeblogg.nu\/wp-content\/uploads\/2012\/01\/Etik-eller-ej.gif\" alt=\"\" width=\"145\" height=\"145\" \/><\/a><\/p>\n<p>&nbsp;<\/p>\n<p>&nbsp;<\/p>\n<p>&nbsp;<\/p>\n<p>&nbsp;<\/p>\n","protected":false},"excerpt":{"rendered":"<p>S\u00e5 h\u00e4r ser Arboga Tidning ut idag. &#8221;Misst\u00e4nkt dubbelmord i Arboga&#8221;. Vi var m\u00e5nga h\u00e4r i Arboga som reagerade starkt n\u00e4r vi fick h\u00f6ra tals om h\u00e4ndelsen ig\u00e5r. Inte bara f\u00f6r att det r\u00f6rde sig om ett misst\u00e4nkt mord utan f\u00f6r att det g\u00e4llde en mor och hennes lilla barn. Tankarna gick direkt till Emma [&hellip;]<\/p>\n","protected":false},"author":1,"featured_media":0,"comment_status":"open","ping_status":"open","sticky":false,"template":"","format":"standard","meta":[],"categories":[127,131,100,101,105],"tags":[],"_links":{"self":[{"href":"https:\/\/www.filindeblogg.nu\/index.php?rest_route=\/wp\/v2\/posts\/27788"}],"collection":[{"href":"https:\/\/www.filindeblogg.nu\/index.php?rest_route=\/wp\/v2\/posts"}],"about":[{"href":"https:\/\/www.filindeblogg.nu\/index.php?rest_route=\/wp\/v2\/types\/post"}],"author":[{"embeddable":true,"href":"https:\/\/www.filindeblogg.nu\/index.php?rest_route=\/wp\/v2\/users\/1"}],"replies":[{"embeddable":true,"href":"https:\/\/www.filindeblogg.nu\/index.php?rest_route=%2Fwp%2Fv2%2Fcomments&post=27788"}],"version-history":[{"count":28,"href":"https:\/\/www.filindeblogg.nu\/index.php?rest_route=\/wp\/v2\/posts\/27788\/revisions"}],"predecessor-version":[{"id":27827,"href":"https:\/\/www.filindeblogg.nu\/index.php?rest_route=\/wp\/v2\/posts\/27788\/revisions\/27827"}],"wp:attachment":[{"href":"https:\/\/www.filindeblogg.nu\/index.php?rest_route=%2Fwp%2Fv2%2Fmedia&parent=27788"}],"wp:term":[{"taxonomy":"category","embeddable":true,"href":"https:\/\/www.filindeblogg.nu\/index.php?rest_route=%2Fwp%2Fv2%2Fcategories&post=27788"},{"taxonomy":"post_tag","embeddable":true,"href":"https:\/\/www.filindeblogg.nu\/index.php?rest_route=%2Fwp%2Fv2%2Ftags&post=27788"}],"curies":[{"name":"wp","href":"https:\/\/api.w.org\/{rel}","templated":true}]}}