{"id":25979,"date":"2011-11-19T12:17:07","date_gmt":"2011-11-19T11:17:07","guid":{"rendered":"http:\/\/www.filindeblogg.nu\/?p=25979"},"modified":"2011-11-19T12:17:07","modified_gmt":"2011-11-19T11:17:07","slug":"overleva-latin-kings-och-annat","status":"publish","type":"post","link":"https:\/\/www.filindeblogg.nu\/?p=25979","title":{"rendered":"\u00d6verleva Latin Kings och annat"},"content":{"rendered":"<p><a href=\"http:\/\/www.filindeblogg.nu\/?attachment_id=25980\" rel=\"attachment wp-att-25980\"><img loading=\"lazy\" class=\"alignnone size-full wp-image-25980\" title=\"Serien \u00d6verleva\" src=\"http:\/\/www.filindeblogg.nu\/wp-content\/uploads\/2011\/11\/Serien-%C3%96verleva.jpg\" alt=\"\" width=\"120\" height=\"90\" \/><\/a> P\u00e5 fredagskv\u00e4llar g\u00e5r en programserie i <a href=\"http:\/\/www.tv4.se\/tv4fakta\" target=\"_blank\"><strong>TV4 Fakta<\/strong> <\/a>som p\u00e5 svenska kallas <strong><em>&#8221;\u00d6verleva&#8221;<\/em><\/strong>. Jag brukar titta p\u00e5 det och programmet handlar om m\u00e4nniskor som varit n\u00e4ra d\u00f6den p\u00e5 olika vis men \u00f6verlevt<a href=\"http:\/\/www.svd.se\/nyheter\/stockholm\/tunnelbana-vittne_6647026.svd\" target=\"_blank\">. <\/a><br \/>\nMina barn tycker att jag \u00e4r lite morbid som vill se serien men jag g\u00f6r det av tv\u00e5 sk\u00e4l. Dels f\u00f6r att jag anser att vi andra, som inte r\u00e5kat ut f\u00f6r de hemska saker som personerna i serien gjort<a href=\"http:\/\/www.dn.se\/nyheter\/varlden\/fyra-poliser-attackerade-av-knivman\" target=\"_blank\">,<\/a> b\u00f6r ta del av deras ber\u00e4ttelser<a href=\"http:\/\/www.aftonbladet.se\/nyheter\/article13957921.ab\" target=\"_blank\">.<\/a> P\u00e5 det viset ge dom n\u00e5gon sorts uppr\u00e4ttelse. Men ocks\u00e5 f\u00f6r att de alltid f\u00e5r fr\u00e5gan: <em>&#8221;- Hur \u00f6verlevde du? Vad var det du gjorde som fick dig att klara dig?&#8221;<\/em> Det ger en tips f\u00f6r hemska saker kan h\u00e4nda oss alla<a href=\"http:\/\/kvp.expressen.se\/nyheter\/1.2626896\/polisen-claes-goran-dog-i-trafikolyckan\" target=\"_blank\">.<\/a><\/p>\n<p><a href=\"http:\/\/www.filindeblogg.nu\/?attachment_id=25981\" rel=\"attachment wp-att-25981\"><img loading=\"lazy\" class=\"alignnone size-full wp-image-25981\" title=\"Latin king m\u00e4rke\" src=\"http:\/\/www.filindeblogg.nu\/wp-content\/uploads\/2011\/11\/Latin-king-m%C3%A4rke.jpg\" alt=\"\" width=\"122\" height=\"149\" \/><\/a> Ig\u00e5r handlade programmet bl.a. om<strong> Ed<\/strong> som \u00f6verf\u00f6lls av tre unga pojkar i <strong>USA<\/strong> p\u00e5 sin hemv\u00e4g fr\u00e5n jobbet. Helt oprovocerat stack de tre pojkarna ner honom med kniv. Hans b\u00e5da lungor punkterades, tarmarna trasades s\u00f6nder och enligt kirurgen som opererade Ed i m\u00e5nga timmar hade han 2 % chans att \u00f6verleva &#8211; men han gjorde det!<br \/>\nDet tre pojkarna i \u00e5ldrarna 16-18 \u00e5r d\u00f6mdes till l\u00e5nga f\u00e4ngelsestraff. Det visade sig att knivattacken var ett intr\u00e4desprov i <strong>Latin Kings<\/strong>&#8230; <a href=\"http:\/\/www.filindeblogg.nu\/?attachment_id=25982\" rel=\"attachment wp-att-25982\"><img loading=\"lazy\" class=\"alignnone size-medium wp-image-25982\" title=\"latinkingsflag\" src=\"http:\/\/www.filindeblogg.nu\/wp-content\/uploads\/2011\/11\/latinkingsflag-300x153.jpg\" alt=\"\" width=\"180\" height=\"92\" srcset=\"https:\/\/www.filindeblogg.nu\/wp-content\/uploads\/2011\/11\/latinkingsflag-300x153.jpg 300w, https:\/\/www.filindeblogg.nu\/wp-content\/uploads\/2011\/11\/latinkingsflag.jpg 472w\" sizes=\"(max-width: 180px) 100vw, 180px\" \/><\/a><br \/>\nLatin Kings \u00e4r ett av <strong>USA<\/strong>:s st\u00f6rsta kriminella gangsterg\u00e4ng.<br \/>\nHur kan man ha en s\u00e5 l\u00e5g, kall och helt st\u00f6rd inst\u00e4llning till m\u00e4nniskoliv!? Ed klarade sig f\u00f6r han hade tur &#8211; men ocks\u00e5 f\u00f6r att han inte gav upp.<\/p>\n<p><a href=\"http:\/\/www.filindeblogg.nu\/?attachment_id=25983\" rel=\"attachment wp-att-25983\"><img loading=\"lazy\" class=\"alignnone size-full wp-image-25983\" title=\"Kvinnov\u00e5ld\" src=\"http:\/\/www.filindeblogg.nu\/wp-content\/uploads\/2011\/11\/Kvinnov%C3%A5ld.jpg\" alt=\"\" width=\"160\" height=\"160\" \/><\/a>\u00a0 Ett par g\u00e5nger har unga flickor ber\u00e4ttat om v\u00e5ldt\u00e4kter under d\u00f6dshot som det utsatts f\u00f6r. Jag gl\u00f6mmer aldrig deras \u00f6gon.<br \/>\nEn flicka var 15 \u00e5r och blev \u00f6verfallen i hemmet av en trio som skulle r\u00e5na familjen. T\u00e5rarna rann n\u00e4r hon ber\u00e4ttade och hon sa bl.a. &#8221;- Jag hade aldrig haft n\u00e5gon pojkv\u00e4n&#8230;&#8221;.<\/p>\n<p>Dessa flickor ber\u00e4ttade att de \u00f6verlevde genom att skrika, sparka alternativt spela d\u00f6d &#8211; men ocks\u00e5 f\u00f6r att de ville leva, det gav inte upp.<\/p>\n<p>F\u00f6r alla dessa \u00f6verlevares skull vill jag ta del av deras ber\u00e4ttelser.<br \/>\nSen tycker jag det \u00e4r osmakligt och hemskt att hiphopbandet <strong>Latin Kings fr\u00e5n Sverige<\/strong> tagit just det namnet! <a href=\"http:\/\/www.filindeblogg.nu\/?attachment_id=25984\" rel=\"attachment wp-att-25984\"><img loading=\"lazy\" class=\"alignnone size-full wp-image-25984\" title=\"Latin kings Sverige\" src=\"http:\/\/www.filindeblogg.nu\/wp-content\/uploads\/2011\/11\/Latin-kings-Sverige.jpg\" alt=\"\" width=\"183\" height=\"135\" \/><\/a> Hur kan man vilja bli sammankopplad med ett av de v\u00e4rsta kriminella g\u00e4ng som finns? <a href=\"http:\/\/www.filindeblogg.nu\/?attachment_id=25985\" rel=\"attachment wp-att-25985\"><img loading=\"lazy\" class=\"alignnone size-full wp-image-25985\" title=\"Latin king medlem\" src=\"http:\/\/www.filindeblogg.nu\/wp-content\/uploads\/2011\/11\/Latin-king-medlem.jpg\" alt=\"\" width=\"120\" height=\"155\" \/><\/a><\/p>\n<p>Andra som vill \u00f6verleva \u00e4r vargen! S\u00e5 h\u00e4r s\u00e5g delar av ins\u00e4ndarsidan ut ig\u00e5r i<strong> Bbl\/AT<\/strong>: <a href=\"http:\/\/www.filindeblogg.nu\/?attachment_id=25986\" rel=\"attachment wp-att-25986\"><img loading=\"lazy\" class=\"alignnone size-medium wp-image-25986\" title=\"IMG_0974 (3)\" src=\"http:\/\/www.filindeblogg.nu\/wp-content\/uploads\/2011\/11\/IMG_0974-3-225x300.jpg\" alt=\"\" width=\"135\" height=\"180\" srcset=\"https:\/\/www.filindeblogg.nu\/wp-content\/uploads\/2011\/11\/IMG_0974-3-225x300.jpg 225w, https:\/\/www.filindeblogg.nu\/wp-content\/uploads\/2011\/11\/IMG_0974-3.jpg 346w\" sizes=\"(max-width: 135px) 100vw, 135px\" \/><\/a> En kille p\u00e5st\u00e5r att sm\u00e5barnsf\u00f6r\u00e4ldrar inte v\u00e5gar flytta ut p\u00e5 landet p\u00e5 grund av &#8221;vargpl\u00e5gan&#8221;.<\/p>\n<p>En annan tycker att Sverige ska bara svenska vargar ha &#8211; fast helst inga alls eftersom vargarna \u00e4r f\u00f6r fega f\u00f6r att jaga vildsvin. ?? <a href=\"http:\/\/www.filindeblogg.nu\/?attachment_id=25987\" rel=\"attachment wp-att-25987\"><img loading=\"lazy\" class=\"alignnone size-medium wp-image-25987\" title=\"IMG_0977 (3)\" src=\"http:\/\/www.filindeblogg.nu\/wp-content\/uploads\/2011\/11\/IMG_0977-3-225x300.jpg\" alt=\"\" width=\"135\" height=\"180\" srcset=\"https:\/\/www.filindeblogg.nu\/wp-content\/uploads\/2011\/11\/IMG_0977-3-225x300.jpg 225w, https:\/\/www.filindeblogg.nu\/wp-content\/uploads\/2011\/11\/IMG_0977-3.jpg 346w\" sizes=\"(max-width: 135px) 100vw, 135px\" \/><\/a> K\u00f6p <a href=\"http:\/\/bblat.se\/\" target=\"_blank\"><strong>Bbl\/AT<\/strong> <\/a>om du vill l\u00e4sa!<br \/>\nSvar p\u00e5 tal fr\u00e5n bloggaren kommer p\u00e5 tisdag. <a href=\"http:\/\/www.filindeblogg.nu\/?attachment_id=25988\" rel=\"attachment wp-att-25988\"><img loading=\"lazy\" class=\"alignnone size-full wp-image-25988\" title=\"VARGTJUT\" src=\"http:\/\/www.filindeblogg.nu\/wp-content\/uploads\/2011\/11\/VARGTJUT6.jpg\" alt=\"\" width=\"101\" height=\"125\" \/><\/a><\/p>\n<p>Talgoxen i \u00e4ppeltr\u00e4det \u00f6verlevde sj\u00e4lvklart! <strong>Felix<\/strong> hade inte en chans fast han satt stel som en staty och vr\u00e5lstirrade p\u00e5 pippin f\u00f6r att finna r\u00e4tt tidpunkt att f\u00e5 sig en munsbit. <a href=\"http:\/\/www.filindeblogg.nu\/?attachment_id=25989\" rel=\"attachment wp-att-25989\"><img loading=\"lazy\" class=\"alignnone size-medium wp-image-25989\" title=\"IMG_0990 (3)\" src=\"http:\/\/www.filindeblogg.nu\/wp-content\/uploads\/2011\/11\/IMG_0990-3-225x300.jpg\" alt=\"\" width=\"158\" height=\"210\" srcset=\"https:\/\/www.filindeblogg.nu\/wp-content\/uploads\/2011\/11\/IMG_0990-3-225x300.jpg 225w, https:\/\/www.filindeblogg.nu\/wp-content\/uploads\/2011\/11\/IMG_0990-3.jpg 346w\" sizes=\"(max-width: 158px) 100vw, 158px\" \/><\/a><\/p>\n<p>\u00d6verlevde gjorde ocks\u00e5 bloggaren den faktum att det \u00e4r n\u00e4st intill om\u00f6jligt att se en enda, speciell passagerare p\u00e5 ett t\u00e5g som susar f\u00f6rbi! Dottern svischade f\u00f6rbi fr\u00e5n Stockholm mot G\u00f6teborg och trots att vi &#8221;st\u00e4mt m\u00f6te&#8221; &#8211; s\u00e5g ingen av oss varandra. S\u00e5 kan det g\u00e5! Fint v\u00e4der fick jag del av i alla fall! \ud83d\ude42 I natt var det +10,1 h\u00e4r i Arboga.<\/p>\n<p><a href=\"http:\/\/www.filindeblogg.nu\/?attachment_id=25990\" rel=\"attachment wp-att-25990\"><img loading=\"lazy\" class=\"aligncenter size-medium wp-image-25990\" title=\"IMG_0993 (2)\" src=\"http:\/\/www.filindeblogg.nu\/wp-content\/uploads\/2011\/11\/IMG_0993-2-300x225.jpg\" alt=\"\" width=\"300\" height=\"225\" srcset=\"https:\/\/www.filindeblogg.nu\/wp-content\/uploads\/2011\/11\/IMG_0993-2-300x225.jpg 300w, https:\/\/www.filindeblogg.nu\/wp-content\/uploads\/2011\/11\/IMG_0993-2.jpg 461w\" sizes=\"(max-width: 300px) 100vw, 300px\" \/><\/a><\/p>\n<p>&nbsp;<\/p>\n<p>&nbsp;<\/p>\n<p>&nbsp;<\/p>\n<p>&nbsp;<\/p>\n","protected":false},"excerpt":{"rendered":"<p>P\u00e5 fredagskv\u00e4llar g\u00e5r en programserie i TV4 Fakta som p\u00e5 svenska kallas &#8221;\u00d6verleva&#8221;. Jag brukar titta p\u00e5 det och programmet handlar om m\u00e4nniskor som varit n\u00e4ra d\u00f6den p\u00e5 olika vis men \u00f6verlevt. Mina barn tycker att jag \u00e4r lite morbid som vill se serien men jag g\u00f6r det av tv\u00e5 sk\u00e4l. Dels f\u00f6r att jag [&hellip;]<\/p>\n","protected":false},"author":1,"featured_media":0,"comment_status":"open","ping_status":"open","sticky":false,"template":"","format":"standard","meta":[],"categories":[127,131,100,101],"tags":[],"_links":{"self":[{"href":"https:\/\/www.filindeblogg.nu\/index.php?rest_route=\/wp\/v2\/posts\/25979"}],"collection":[{"href":"https:\/\/www.filindeblogg.nu\/index.php?rest_route=\/wp\/v2\/posts"}],"about":[{"href":"https:\/\/www.filindeblogg.nu\/index.php?rest_route=\/wp\/v2\/types\/post"}],"author":[{"embeddable":true,"href":"https:\/\/www.filindeblogg.nu\/index.php?rest_route=\/wp\/v2\/users\/1"}],"replies":[{"embeddable":true,"href":"https:\/\/www.filindeblogg.nu\/index.php?rest_route=%2Fwp%2Fv2%2Fcomments&post=25979"}],"version-history":[{"count":16,"href":"https:\/\/www.filindeblogg.nu\/index.php?rest_route=\/wp\/v2\/posts\/25979\/revisions"}],"predecessor-version":[{"id":26006,"href":"https:\/\/www.filindeblogg.nu\/index.php?rest_route=\/wp\/v2\/posts\/25979\/revisions\/26006"}],"wp:attachment":[{"href":"https:\/\/www.filindeblogg.nu\/index.php?rest_route=%2Fwp%2Fv2%2Fmedia&parent=25979"}],"wp:term":[{"taxonomy":"category","embeddable":true,"href":"https:\/\/www.filindeblogg.nu\/index.php?rest_route=%2Fwp%2Fv2%2Fcategories&post=25979"},{"taxonomy":"post_tag","embeddable":true,"href":"https:\/\/www.filindeblogg.nu\/index.php?rest_route=%2Fwp%2Fv2%2Ftags&post=25979"}],"curies":[{"name":"wp","href":"https:\/\/api.w.org\/{rel}","templated":true}]}}