{"id":25802,"date":"2011-11-10T10:51:27","date_gmt":"2011-11-10T09:51:27","guid":{"rendered":"http:\/\/www.filindeblogg.nu\/?p=25802"},"modified":"2011-11-10T10:51:28","modified_gmt":"2011-11-10T09:51:28","slug":"brollop-imorgon-lite-ankdammsnytt","status":"publish","type":"post","link":"https:\/\/www.filindeblogg.nu\/?p=25802","title":{"rendered":"Br\u00f6llop imorgon? Lite Ankdammsnytt."},"content":{"rendered":"<p><a href=\"http:\/\/www.filindeblogg.nu\/?attachment_id=25803\" rel=\"attachment wp-att-25803\"><img loading=\"lazy\" class=\"alignnone size-full wp-image-25803\" title=\"Badanka liten s\u00f6t\" src=\"http:\/\/www.filindeblogg.nu\/wp-content\/uploads\/2011\/11\/Badanka-liten-s%C3%B6t1.jpg\" alt=\"\" width=\"111\" height=\"42\" \/><\/a> Vi b\u00f6rjar med <strong>Ankdammsnyheterna<\/strong>.<\/p>\n<p>F\u00f6rst ur det lokala bladet &#8211; en nog s\u00e5 viktig nyhet! <a href=\"http:\/\/www.filindeblogg.nu\/?attachment_id=25804\" rel=\"attachment wp-att-25804\"><img loading=\"lazy\" class=\"alignnone size-medium wp-image-25804\" title=\"Movits\" src=\"http:\/\/www.filindeblogg.nu\/wp-content\/uploads\/2011\/11\/Movits-225x300.jpg\" alt=\"\" width=\"135\" height=\"180\" srcset=\"https:\/\/www.filindeblogg.nu\/wp-content\/uploads\/2011\/11\/Movits-225x300.jpg 225w, https:\/\/www.filindeblogg.nu\/wp-content\/uploads\/2011\/11\/Movits.jpg 346w\" sizes=\"(max-width: 135px) 100vw, 135px\" \/><\/a> Lilla hunden <strong>Movits<\/strong> f\u00f6rsvann fr\u00e5n <strong>V\u00e4ster\u00e5s<\/strong> f\u00f6r n\u00e5gra dagar sedan och <a href=\"vlt.se\/nyheter\/vasteras\/1.1427689-movits-var-hundnappad\" target=\"_blank\"><strong>VLT<\/strong><\/a> skrev om det p\u00e5 sin hemsida<a href=\"http:\/\/www.expressen.se\/nyheter\/1.2617982\/gunde-mystiskt-sjuk-i-15-veckor\" target=\"_blank\">.<\/a> Jag la ut artikeln p\u00e5 <strong>Facebook<\/strong> och nyheten spreds p\u00e5 olika vis &#8211; och lilla vovven kom till r\u00e4tta!<\/p>\n<p>Den stals fr\u00e5n V\u00e4ster\u00e5s av en man som gav bort den till n\u00e5gra sm\u00e5 barn<a href=\"http:\/\/www.aftonbladet.se\/sportbladet\/fotboll\/internationell\/italien\/zlatan\/article13913100.ab\" target=\"_blank\">.<\/a> M\u00e4rklig present&#8230; Tack och lov att hunden kom tillbaka i alla fall. S\u00e5 se till era jyckar! L\u00e4mna absolut inte hunden ensam utanf\u00f6r aff\u00e4ren n\u00e4r ni g\u00e5r in och handlar! <a href=\"http:\/\/www.filindeblogg.nu\/?attachment_id=25805\" rel=\"attachment wp-att-25805\"><img loading=\"lazy\" class=\"alignnone size-full wp-image-25805\" title=\"Ej hundar\" src=\"http:\/\/www.filindeblogg.nu\/wp-content\/uploads\/2011\/11\/Ej-hundar.jpg\" alt=\"\" width=\"94\" height=\"94\" \/><\/a><\/p>\n<p>Annat om djur hittar jag ocks\u00e5 i <a href=\"http:\/\/bblat.se\/\" target=\"_blank\"><strong>Arboga Tidning<\/strong><\/a>: <a href=\"http:\/\/www.filindeblogg.nu\/?attachment_id=25806\" rel=\"attachment wp-att-25806\"><img loading=\"lazy\" class=\"alignnone size-medium wp-image-25806\" title=\"IMG_0782 (4)\" src=\"http:\/\/www.filindeblogg.nu\/wp-content\/uploads\/2011\/11\/IMG_0782-4-225x300.jpg\" alt=\"\" width=\"135\" height=\"180\" srcset=\"https:\/\/www.filindeblogg.nu\/wp-content\/uploads\/2011\/11\/IMG_0782-4-225x300.jpg 225w, https:\/\/www.filindeblogg.nu\/wp-content\/uploads\/2011\/11\/IMG_0782-4.jpg 346w\" sizes=\"(max-width: 135px) 100vw, 135px\" \/><\/a> Ocks\u00e5 fr\u00e5n V\u00e4ster\u00e5s d\u00e4r en kvinna vr\u00e4kts men &#8221;gl\u00f6mde&#8221; ta med katten med sina fyra ungar&#8230; Fy sk\u00e4ms! D\u00e5 \u00e4r det bra att det finns katthem som tar emot! Klicka <a href=\"http:\/\/www.djurskyddet.se\/se\/stod-oss\/bli-djurhemsfadder\" target=\"_blank\"><strong>H\u00c4R<\/strong><\/a> f\u00f6r att komma till <strong>Djurskyddet Sverige\u00a0<\/strong> och st\u00f6d ett katthem!<\/p>\n<p>Ibland k\u00e4nner man sig som en ordsnok men jag reagerade p\u00e5 den h\u00e4r annonsen: <a href=\"http:\/\/www.filindeblogg.nu\/?attachment_id=25807\" rel=\"attachment wp-att-25807\"><img loading=\"lazy\" class=\"alignnone size-medium wp-image-25807\" title=\"IMG_0783 (3)\" src=\"http:\/\/www.filindeblogg.nu\/wp-content\/uploads\/2011\/11\/IMG_0783-3-225x300.jpg\" alt=\"\" width=\"135\" height=\"180\" srcset=\"https:\/\/www.filindeblogg.nu\/wp-content\/uploads\/2011\/11\/IMG_0783-3-225x300.jpg 225w, https:\/\/www.filindeblogg.nu\/wp-content\/uploads\/2011\/11\/IMG_0783-3.jpg 346w\" sizes=\"(max-width: 135px) 100vw, 135px\" \/><\/a> Reklam f\u00f6r <strong>Europaskolan i Str\u00e4ngn\u00e4s<\/strong>.<br \/>\nDen s\u00e4ger att killen p\u00e5 bilden vill g\u00e5 i ett gymnasium som <span style=\"text-decoration: underline;\">hj\u00e4lper honom att f\u00e5 bra betyg<\/span>. ?? <a href=\"http:\/\/www.filindeblogg.nu\/?attachment_id=25808\" rel=\"attachment wp-att-25808\"><img loading=\"lazy\" class=\"alignnone size-full wp-image-25808\" title=\"Betyghets\" src=\"http:\/\/www.filindeblogg.nu\/wp-content\/uploads\/2011\/11\/Betyghets.jpg\" alt=\"\" width=\"138\" height=\"131\" \/><\/a><br \/>\nJag skulle hellre vilja ha fler gymnasieskolor som ser till att barnen l\u00e4r sig det dom ska! Betyg i all \u00e4ra &#8211; men det \u00e4r kunskaperna som \u00e4r viktiga och hur de l\u00e4rs ut. H\u00f6ga betyg \u00e4r ingenting om man inte har l\u00e4rdomen och kunnandet. <a href=\"http:\/\/www.filindeblogg.nu\/?attachment_id=25809\" rel=\"attachment wp-att-25809\"><img loading=\"lazy\" class=\"alignnone size-full wp-image-25809\" title=\"Betyghets 2\" src=\"http:\/\/www.filindeblogg.nu\/wp-content\/uploads\/2011\/11\/Betyghets-2.jpg\" alt=\"\" width=\"130\" height=\"140\" \/><\/a><\/p>\n<p>Glad blev jag n\u00e4r jag i lokalbladet \u00e5ter fann en liten kr\u00f6nika skriven av<strong> Kerstin Williamsson<\/strong>!\u00a0<a href=\"http:\/\/www.filindeblogg.nu\/?attachment_id=25810\" rel=\"attachment wp-att-25810\"><img loading=\"lazy\" class=\"alignnone size-medium wp-image-25810\" title=\"IMG_0787 (4)\" src=\"http:\/\/www.filindeblogg.nu\/wp-content\/uploads\/2011\/11\/IMG_0787-4-225x300.jpg\" alt=\"\" width=\"135\" height=\"180\" srcset=\"https:\/\/www.filindeblogg.nu\/wp-content\/uploads\/2011\/11\/IMG_0787-4-225x300.jpg 225w, https:\/\/www.filindeblogg.nu\/wp-content\/uploads\/2011\/11\/IMG_0787-4.jpg 346w\" sizes=\"(max-width: 135px) 100vw, 135px\" \/><\/a> Den handlade ocks\u00e5 om skolan men jag blev mindre glad n\u00e4r jag l\u00e4ste hur Kerstin beskrev geografilektioner med hj\u00e4lp av tjurf\u00e4ktning&#8230; \ud83d\ude41 Den goda Kerstin noterar i kr\u00f6nikan att hon tar avst\u00e5nd fr\u00e5n detta djurpl\u00e5geri och det kan ju kanske vara lite f\u00f6rmildrande &#8211; fast det \u00e4r tveksamt.<\/p>\n<p>Annat fr\u00e5n Ankdammen \u00e4r detta: <a href=\"http:\/\/www.filindeblogg.nu\/?attachment_id=25811\" rel=\"attachment wp-att-25811\"><img loading=\"lazy\" class=\"alignnone size-medium wp-image-25811\" title=\"IMG_0743 (2)\" src=\"http:\/\/www.filindeblogg.nu\/wp-content\/uploads\/2011\/11\/IMG_0743-2-300x225.jpg\" alt=\"\" width=\"180\" height=\"135\" srcset=\"https:\/\/www.filindeblogg.nu\/wp-content\/uploads\/2011\/11\/IMG_0743-2-300x225.jpg 300w, https:\/\/www.filindeblogg.nu\/wp-content\/uploads\/2011\/11\/IMG_0743-2.jpg 461w\" sizes=\"(max-width: 180px) 100vw, 180px\" \/><\/a> Aff\u00e4ren <strong>Syb\u00e5gen<\/strong> sl\u00e5r igen! Som opraktisk och mer eller mindre icke sykunnig har denna aff\u00e4r varit guld v\u00e4rd f\u00f6r mig under de 15 \u00e5r den funnits. Men nu f\u00e5r det vara nog tycker \u00e4garinnan som vill ha lite annat att syssla med i livet \u00e4n f\u00f6retaget. J\u00e4ttetr\u00e5kigt att butiken st\u00e4nger men jag f\u00f6rst\u00e5r henne!<\/p>\n<p>Posten kom med det h\u00e4r kuvertet ig\u00e5r: <a href=\"http:\/\/www.filindeblogg.nu\/?attachment_id=25812\" rel=\"attachment wp-att-25812\"><img loading=\"lazy\" class=\"alignnone size-medium wp-image-25812\" title=\"IMG_0788 (3)\" src=\"http:\/\/www.filindeblogg.nu\/wp-content\/uploads\/2011\/11\/IMG_0788-3-300x225.jpg\" alt=\"\" width=\"180\" height=\"135\" srcset=\"https:\/\/www.filindeblogg.nu\/wp-content\/uploads\/2011\/11\/IMG_0788-3-300x225.jpg 300w, https:\/\/www.filindeblogg.nu\/wp-content\/uploads\/2011\/11\/IMG_0788-3.jpg 461w\" sizes=\"(max-width: 180px) 100vw, 180px\" \/><\/a> Svar fr\u00e5n<strong> <a href=\"http:\/\/www.po.se\/\" target=\"_blank\">PO &#8211; Pressombudsmannen<\/a><\/strong>. Jag hade anm\u00e4lt <strong>Svenska Dagbladet<\/strong> och <strong>Dagens Nyheter<\/strong> f\u00f6r de hemska bilder och filmer de lagt ut p\u00e5 en sk\u00e4ndad och d\u00f6ende <strong>Muammar Khadaffi.<\/strong> Jag visste att reglerna s\u00e4ger att jag sj\u00e4lv personligen m\u00e5ste vara ber\u00f6rd av skriverier eller bilder f\u00f6r att f\u00e5 anm\u00e4la till PO &#8211; men jag anm\u00e4lde \u00e4nd\u00e5. Jag m\u00e5ste f\u00e5 reagera &#8211; och agera!<br \/>\nI svaret fick jag ocks\u00e5 lite medh\u00e5ll! Den ansvarige har skrivit att publiceringen kunde ifr\u00e5gas\u00e4ttas men att balansg\u00e5ngen \u00e4r h\u00e5rfin i nyhetssammanhang. <a href=\"http:\/\/www.filindeblogg.nu\/?attachment_id=25813\" rel=\"attachment wp-att-25813\"><img loading=\"lazy\" class=\"alignnone size-full wp-image-25813\" title=\"Khadaffi\" src=\"http:\/\/www.filindeblogg.nu\/wp-content\/uploads\/2011\/11\/Khadaffi.jpg\" alt=\"\" width=\"112\" height=\"161\" \/><\/a><\/p>\n<p>P\u00e5 Facebook startade jag ocks\u00e5 en protestgrupp mot utl\u00e4ggandet av dessa bilder och filmer. Den gruppen \u00e4r nu avslutad.<\/p>\n<p>Sopsortering \u00e4r viktigt f\u00f6r bloggaren och ig\u00e5r var det dags igen! S\u00e5 h\u00e4r kan de se ut i containrarna! <a href=\"http:\/\/www.filindeblogg.nu\/?attachment_id=25814\" rel=\"attachment wp-att-25814\"><img loading=\"lazy\" class=\"alignnone size-medium wp-image-25814\" title=\"IMG_0766 (4)\" src=\"http:\/\/www.filindeblogg.nu\/wp-content\/uploads\/2011\/11\/IMG_0766-4-300x225.jpg\" alt=\"\" width=\"180\" height=\"135\" srcset=\"https:\/\/www.filindeblogg.nu\/wp-content\/uploads\/2011\/11\/IMG_0766-4-300x225.jpg 300w, https:\/\/www.filindeblogg.nu\/wp-content\/uploads\/2011\/11\/IMG_0766-4.jpg 461w\" sizes=\"(max-width: 180px) 100vw, 180px\" \/><\/a>Plast!<\/p>\n<p>F\u00e4rgat glas: <a href=\"http:\/\/www.filindeblogg.nu\/?attachment_id=25815\" rel=\"attachment wp-att-25815\"><img loading=\"lazy\" class=\"alignnone size-medium wp-image-25815\" title=\"IMG_0773 (3)\" src=\"http:\/\/www.filindeblogg.nu\/wp-content\/uploads\/2011\/11\/IMG_0773-3-300x225.jpg\" alt=\"\" width=\"180\" height=\"135\" srcset=\"https:\/\/www.filindeblogg.nu\/wp-content\/uploads\/2011\/11\/IMG_0773-3-300x225.jpg 300w, https:\/\/www.filindeblogg.nu\/wp-content\/uploads\/2011\/11\/IMG_0773-3.jpg 461w\" sizes=\"(max-width: 180px) 100vw, 180px\" \/><\/a> Metall: <a href=\"http:\/\/www.filindeblogg.nu\/?attachment_id=25816\" rel=\"attachment wp-att-25816\"><img loading=\"lazy\" class=\"alignnone size-medium wp-image-25816\" title=\"IMG_0767 (4)\" src=\"http:\/\/www.filindeblogg.nu\/wp-content\/uploads\/2011\/11\/IMG_0767-4-300x225.jpg\" alt=\"\" width=\"180\" height=\"135\" srcset=\"https:\/\/www.filindeblogg.nu\/wp-content\/uploads\/2011\/11\/IMG_0767-4-300x225.jpg 300w, https:\/\/www.filindeblogg.nu\/wp-content\/uploads\/2011\/11\/IMG_0767-4.jpg 461w\" sizes=\"(max-width: 180px) 100vw, 180px\" \/><\/a> Lite si och s\u00e5 med ordningen&#8230;<\/p>\n<p>Jag hade mest tidningar och lite kartong att sl\u00e4nga men \u00e4ven ovanst\u00e5ende sopbeh\u00e5llare fick sin besk\u00e4rda del av mitt avfall.<\/p>\n<p>Gr\u00f6na fingrar som mamma har jag inte &#8211; d\u00e4remot har jag tur med sv\u00e5ra blommor som den h\u00e4r: <a href=\"http:\/\/www.filindeblogg.nu\/?attachment_id=25817\" rel=\"attachment wp-att-25817\"><img loading=\"lazy\" class=\"alignnone size-medium wp-image-25817\" title=\"IMG_0776 (4)\" src=\"http:\/\/www.filindeblogg.nu\/wp-content\/uploads\/2011\/11\/IMG_0776-4-225x300.jpg\" alt=\"\" width=\"135\" height=\"180\" srcset=\"https:\/\/www.filindeblogg.nu\/wp-content\/uploads\/2011\/11\/IMG_0776-4-225x300.jpg 225w, https:\/\/www.filindeblogg.nu\/wp-content\/uploads\/2011\/11\/IMG_0776-4.jpg 346w\" sizes=\"(max-width: 135px) 100vw, 135px\" \/><\/a> Den g\u00e4ller att vattna kontinuerligt och inte gl\u00f6mma bort cyklamen. N\u00e4r jag stod d\u00e4r med vattenkannan uppt\u00e4ckte jag detta: <a href=\"http:\/\/www.filindeblogg.nu\/?attachment_id=25818\" rel=\"attachment wp-att-25818\"><img loading=\"lazy\" class=\"alignnone size-medium wp-image-25818\" title=\"IMG_0779 (3)\" src=\"http:\/\/www.filindeblogg.nu\/wp-content\/uploads\/2011\/11\/IMG_0779-3-300x225.jpg\" alt=\"\" width=\"180\" height=\"135\" srcset=\"https:\/\/www.filindeblogg.nu\/wp-content\/uploads\/2011\/11\/IMG_0779-3-300x225.jpg 300w, https:\/\/www.filindeblogg.nu\/wp-content\/uploads\/2011\/11\/IMG_0779-3.jpg 461w\" sizes=\"(max-width: 180px) 100vw, 180px\" \/><\/a> En knopp &#8211; och inte bara en! Novemberkaktusen var full av knoppar! Pl\u00f6tsligt s\u00e5 d\u00e4r bara! \ud83d\ude42 Underbart!<\/p>\n<p>Underbart kan det bli imorgon ocks\u00e5 f\u00f6r n\u00e5gra som t\u00e4nkt till! Ska du gifta dig b\u00f6r du nog ha bokat in morgondagen redan. Men en f\u00f6rlovning kan du v\u00e4l sl\u00e5 till med &#8211; detta unika datum som infaller imorgon! 111111<\/p>\n<p>P\u00e5 <a href=\"http:\/\/www.nyheterna.se\/1.2352021\/2011\/11\/06\/11_11_11_lockar_till_vigsel\" target=\"_blank\"><strong>TV4:s<\/strong><\/a> hemsida l\u00e4ser jag:<em><strong>\u00a0 Sv\u00e5rt att sl\u00e5 07-07-07!\u00a0 <\/strong>Svenska kyrkan har totalt 323 vigslar inbokade kommande fredag, 11\/11. Som en j\u00e4mf\u00f6relse hade Svenska kyrkan 772 vigslar pingstaftonen i \u00e5r, och 903 vigslar trippeldatumet 08-08-08. Totalt antal gifterm\u00e5l, kyrklig eller borgerlig vigsel, 08-08-08 var 1 939. 09-09-09 var det totala antalet vigslar 546 och 10-10-10 var det 708.<strong> Det popul\u00e4raste trippeldatumet var 07-07-07, som inf\u00f6ll en l\u00f6rdag. D\u00e5 gifte sig 1 993 par.<\/strong><\/em> (D\u00e5 f\u00f6rlovade sig bloggaren &#8211; 7\/7-77!)<\/p>\n<h2 style=\"text-align: center;\">11-11-11<\/h2>\n<p><a href=\"http:\/\/www.filindeblogg.nu\/?attachment_id=25819\" rel=\"attachment wp-att-25819\"><img loading=\"lazy\" class=\"aligncenter size-full wp-image-25819\" title=\"F\u00f6rlovning\" src=\"http:\/\/www.filindeblogg.nu\/wp-content\/uploads\/2011\/11\/F%C3%B6rlovning.jpg\" alt=\"\" width=\"276\" height=\"183\" \/><\/a><\/p>\n<p>&nbsp;<\/p>\n","protected":false},"excerpt":{"rendered":"<p>Vi b\u00f6rjar med Ankdammsnyheterna. F\u00f6rst ur det lokala bladet &#8211; en nog s\u00e5 viktig nyhet! Lilla hunden Movits f\u00f6rsvann fr\u00e5n V\u00e4ster\u00e5s f\u00f6r n\u00e5gra dagar sedan och VLT skrev om det p\u00e5 sin hemsida. Jag la ut artikeln p\u00e5 Facebook och nyheten spreds p\u00e5 olika vis &#8211; och lilla vovven kom till r\u00e4tta! Den stals fr\u00e5n [&hellip;]<\/p>\n","protected":false},"author":1,"featured_media":0,"comment_status":"open","ping_status":"open","sticky":false,"template":"","format":"standard","meta":[],"categories":[118,127,131,100,122,119,110,101,116],"tags":[],"_links":{"self":[{"href":"https:\/\/www.filindeblogg.nu\/index.php?rest_route=\/wp\/v2\/posts\/25802"}],"collection":[{"href":"https:\/\/www.filindeblogg.nu\/index.php?rest_route=\/wp\/v2\/posts"}],"about":[{"href":"https:\/\/www.filindeblogg.nu\/index.php?rest_route=\/wp\/v2\/types\/post"}],"author":[{"embeddable":true,"href":"https:\/\/www.filindeblogg.nu\/index.php?rest_route=\/wp\/v2\/users\/1"}],"replies":[{"embeddable":true,"href":"https:\/\/www.filindeblogg.nu\/index.php?rest_route=%2Fwp%2Fv2%2Fcomments&post=25802"}],"version-history":[{"count":6,"href":"https:\/\/www.filindeblogg.nu\/index.php?rest_route=\/wp\/v2\/posts\/25802\/revisions"}],"predecessor-version":[{"id":25825,"href":"https:\/\/www.filindeblogg.nu\/index.php?rest_route=\/wp\/v2\/posts\/25802\/revisions\/25825"}],"wp:attachment":[{"href":"https:\/\/www.filindeblogg.nu\/index.php?rest_route=%2Fwp%2Fv2%2Fmedia&parent=25802"}],"wp:term":[{"taxonomy":"category","embeddable":true,"href":"https:\/\/www.filindeblogg.nu\/index.php?rest_route=%2Fwp%2Fv2%2Fcategories&post=25802"},{"taxonomy":"post_tag","embeddable":true,"href":"https:\/\/www.filindeblogg.nu\/index.php?rest_route=%2Fwp%2Fv2%2Ftags&post=25802"}],"curies":[{"name":"wp","href":"https:\/\/api.w.org\/{rel}","templated":true}]}}