{"id":21193,"date":"2011-06-22T07:16:46","date_gmt":"2011-06-22T06:16:46","guid":{"rendered":"http:\/\/www.filindeblogg.nu\/?p=21193"},"modified":"2011-06-22T07:16:47","modified_gmt":"2011-06-22T06:16:47","slug":"arbogapromenad-igen-och-mote-pa-kyrkogard","status":"publish","type":"post","link":"https:\/\/www.filindeblogg.nu\/?p=21193","title":{"rendered":"Arbogapromenad igen och m\u00f6te p\u00e5 kyrkog\u00e5rd."},"content":{"rendered":"<p><a rel=\"attachment wp-att-21194\" href=\"http:\/\/www.filindeblogg.nu\/?attachment_id=21194\"><img loading=\"lazy\" class=\"alignnone size-medium wp-image-21194\" title=\"IMG_5512\" src=\"http:\/\/www.filindeblogg.nu\/wp-content\/uploads\/2011\/06\/IMG_5512-225x300.jpg\" alt=\"\" width=\"81\" height=\"108\" srcset=\"https:\/\/www.filindeblogg.nu\/wp-content\/uploads\/2011\/06\/IMG_5512-225x300.jpg 225w, https:\/\/www.filindeblogg.nu\/wp-content\/uploads\/2011\/06\/IMG_5512-768x1024.jpg 768w\" sizes=\"(max-width: 81px) 100vw, 81px\" \/><\/a> Idag kommer fler f\u00f6rsenade bilder fr\u00e5n promenader i lilla <strong>Arboga<\/strong>. Vackra bilder, st\u00e4mningsfulla bilder men ocks\u00e5 lite kritik. V\u00e4lkomna till bloggen onsdag 22 juni 2011!<\/p>\n<p>Min promenad b\u00f6rjar invid <strong>Arboga\u00e5n <\/strong>d\u00e4r det tyv\u00e4rr inte ser s\u00e5 trevlig i nul\u00e4get&#8230; <a rel=\"attachment wp-att-21195\" href=\"http:\/\/www.filindeblogg.nu\/?attachment_id=21195\"><img loading=\"lazy\" class=\"alignnone size-medium wp-image-21195\" title=\"IMG_5427\" src=\"http:\/\/www.filindeblogg.nu\/wp-content\/uploads\/2011\/06\/IMG_5427-300x225.jpg\" alt=\"\" width=\"180\" height=\"135\" srcset=\"https:\/\/www.filindeblogg.nu\/wp-content\/uploads\/2011\/06\/IMG_5427-300x225.jpg 300w, https:\/\/www.filindeblogg.nu\/wp-content\/uploads\/2011\/06\/IMG_5427-1024x768.jpg 1024w\" sizes=\"(max-width: 180px) 100vw, 180px\" \/><\/a> Reparationerna av \u00e5kanten verkar p\u00e5g\u00e5 i det o\u00e4ndliga. Bara det inte blir \u00e4nnu en tr\u00e5kig f\u00f6ljetong f\u00f6r <strong>Tekniska f\u00f6rvaltningen<\/strong> i Arboga&#8230;<\/p>\n<p>Lite l\u00e4ngre p\u00e5 v\u00e4g ser det b\u00e4ttre ut! <a rel=\"attachment wp-att-21196\" href=\"http:\/\/www.filindeblogg.nu\/?attachment_id=21196\"><img loading=\"lazy\" class=\"alignnone size-medium wp-image-21196\" title=\"IMG_5431\" src=\"http:\/\/www.filindeblogg.nu\/wp-content\/uploads\/2011\/06\/IMG_5431-225x300.jpg\" alt=\"\" width=\"135\" height=\"180\" srcset=\"https:\/\/www.filindeblogg.nu\/wp-content\/uploads\/2011\/06\/IMG_5431-225x300.jpg 225w, https:\/\/www.filindeblogg.nu\/wp-content\/uploads\/2011\/06\/IMG_5431-768x1024.jpg 768w\" sizes=\"(max-width: 135px) 100vw, 135px\" \/><\/a> Men s\u00e5 \u00e4r vi nu ocks\u00e5 p\u00e5 <a href=\"http:\/\/www.hjart-lung.se\/halsansstig\/slingor.asp\" target=\"_blank\"><strong><em>&#8221;H\u00e4lsans stig&#8221;<\/em><\/strong><\/a>! <a rel=\"attachment wp-att-21197\" href=\"http:\/\/www.filindeblogg.nu\/?attachment_id=21197\"><img loading=\"lazy\" class=\"alignnone size-medium wp-image-21197\" title=\"IMG_5430\" src=\"http:\/\/www.filindeblogg.nu\/wp-content\/uploads\/2011\/06\/IMG_5430-300x225.jpg\" alt=\"\" width=\"180\" height=\"135\" srcset=\"https:\/\/www.filindeblogg.nu\/wp-content\/uploads\/2011\/06\/IMG_5430-300x225.jpg 300w, https:\/\/www.filindeblogg.nu\/wp-content\/uploads\/2011\/06\/IMG_5430-1024x768.jpg 1024w\" sizes=\"(max-width: 180px) 100vw, 180px\" \/><\/a><\/p>\n<p>Och visst \u00e4r det h\u00e4lsosamt att promenera! <a rel=\"attachment wp-att-21198\" href=\"http:\/\/www.filindeblogg.nu\/?attachment_id=21198\"><img loading=\"lazy\" class=\"alignnone size-medium wp-image-21198\" title=\"IMG_5439 (2)\" src=\"http:\/\/www.filindeblogg.nu\/wp-content\/uploads\/2011\/06\/IMG_5439-2-300x225.jpg\" alt=\"\" width=\"180\" height=\"135\" srcset=\"https:\/\/www.filindeblogg.nu\/wp-content\/uploads\/2011\/06\/IMG_5439-2-300x225.jpg 300w, https:\/\/www.filindeblogg.nu\/wp-content\/uploads\/2011\/06\/IMG_5439-2-1024x768.jpg 1024w\" sizes=\"(max-width: 180px) 100vw, 180px\" \/><\/a> S\u00e4rskilt n\u00e4r omgivningarna ter sig s\u00e5 h\u00e4r vackra! <a rel=\"attachment wp-att-21199\" href=\"http:\/\/www.filindeblogg.nu\/?attachment_id=21199\"><img loading=\"lazy\" class=\"alignnone size-medium wp-image-21199\" title=\"IMG_5437 (2)\" src=\"http:\/\/www.filindeblogg.nu\/wp-content\/uploads\/2011\/06\/IMG_5437-2-225x300.jpg\" alt=\"\" width=\"135\" height=\"180\" srcset=\"https:\/\/www.filindeblogg.nu\/wp-content\/uploads\/2011\/06\/IMG_5437-2-225x300.jpg 225w, https:\/\/www.filindeblogg.nu\/wp-content\/uploads\/2011\/06\/IMG_5437-2-768x1024.jpg 768w\" sizes=\"(max-width: 135px) 100vw, 135px\" \/><\/a><\/p>\n<p><a rel=\"attachment wp-att-21201\" href=\"http:\/\/www.filindeblogg.nu\/?attachment_id=21201\"><img loading=\"lazy\" class=\"alignnone size-medium wp-image-21201\" title=\"IMG_5438 (2)\" src=\"http:\/\/www.filindeblogg.nu\/wp-content\/uploads\/2011\/06\/IMG_5438-2-300x225.jpg\" alt=\"\" width=\"180\" height=\"135\" srcset=\"https:\/\/www.filindeblogg.nu\/wp-content\/uploads\/2011\/06\/IMG_5438-2-300x225.jpg 300w, https:\/\/www.filindeblogg.nu\/wp-content\/uploads\/2011\/06\/IMG_5438-2-1024x768.jpg 1024w\" sizes=\"(max-width: 180px) 100vw, 180px\" \/><\/a> Undrar om en liten and uppskattar omgivningen lika mycket? <a rel=\"attachment wp-att-21202\" href=\"http:\/\/www.filindeblogg.nu\/?attachment_id=21202\"><img loading=\"lazy\" class=\"alignnone size-medium wp-image-21202\" title=\"IMG_5434 (2)\" src=\"http:\/\/www.filindeblogg.nu\/wp-content\/uploads\/2011\/06\/IMG_5434-2-300x225.jpg\" alt=\"\" width=\"180\" height=\"135\" srcset=\"https:\/\/www.filindeblogg.nu\/wp-content\/uploads\/2011\/06\/IMG_5434-2-300x225.jpg 300w, https:\/\/www.filindeblogg.nu\/wp-content\/uploads\/2011\/06\/IMG_5434-2-1024x768.jpg 1024w\" sizes=\"(max-width: 180px) 100vw, 180px\" \/><\/a><\/p>\n<p>En brandstation byggdes s\u00e5 h\u00e4r vacker f\u00f6rr i v\u00e4rlden! <a rel=\"attachment wp-att-21203\" href=\"http:\/\/www.filindeblogg.nu\/?attachment_id=21203\"><img loading=\"lazy\" class=\"alignnone size-medium wp-image-21203\" title=\"IMG_5441 (2)\" src=\"http:\/\/www.filindeblogg.nu\/wp-content\/uploads\/2011\/06\/IMG_5441-2-225x300.jpg\" alt=\"\" width=\"135\" height=\"180\" srcset=\"https:\/\/www.filindeblogg.nu\/wp-content\/uploads\/2011\/06\/IMG_5441-2-225x300.jpg 225w, https:\/\/www.filindeblogg.nu\/wp-content\/uploads\/2011\/06\/IMG_5441-2-768x1024.jpg 768w\" sizes=\"(max-width: 135px) 100vw, 135px\" \/><\/a> Vidare l\u00e4ngs med v\u00e5r vackra \u00e5&#8230;<a rel=\"attachment wp-att-21204\" href=\"http:\/\/www.filindeblogg.nu\/?attachment_id=21204\"><img loading=\"lazy\" class=\"alignnone size-medium wp-image-21204\" title=\"IMG_5442 (2)\" src=\"http:\/\/www.filindeblogg.nu\/wp-content\/uploads\/2011\/06\/IMG_5442-2-300x225.jpg\" alt=\"\" width=\"180\" height=\"135\" srcset=\"https:\/\/www.filindeblogg.nu\/wp-content\/uploads\/2011\/06\/IMG_5442-2-300x225.jpg 300w, https:\/\/www.filindeblogg.nu\/wp-content\/uploads\/2011\/06\/IMG_5442-2-1024x768.jpg 1024w\" sizes=\"(max-width: 180px) 100vw, 180px\" \/><\/a> Utsikt mot de fina, gamla g\u00e5rdarna l\u00e4ngs <strong>Storgatan<\/strong>:\u00a0 <a rel=\"attachment wp-att-21205\" href=\"http:\/\/www.filindeblogg.nu\/?attachment_id=21205\"><img loading=\"lazy\" class=\"alignnone size-medium wp-image-21205\" title=\"IMG_5443 (2)\" src=\"http:\/\/www.filindeblogg.nu\/wp-content\/uploads\/2011\/06\/IMG_5443-2-300x225.jpg\" alt=\"\" width=\"180\" height=\"135\" srcset=\"https:\/\/www.filindeblogg.nu\/wp-content\/uploads\/2011\/06\/IMG_5443-2-300x225.jpg 300w, https:\/\/www.filindeblogg.nu\/wp-content\/uploads\/2011\/06\/IMG_5443-2-1024x768.jpg 1024w\" sizes=\"(max-width: 180px) 100vw, 180px\" \/><\/a><\/p>\n<p>Minns ni denna bukett fr\u00e5n ig\u00e5r? <a rel=\"attachment wp-att-21206\" href=\"http:\/\/www.filindeblogg.nu\/?attachment_id=21206\"><img loading=\"lazy\" class=\"alignnone size-medium wp-image-21206\" title=\"IMG_5445\" src=\"http:\/\/www.filindeblogg.nu\/wp-content\/uploads\/2011\/06\/IMG_54451-300x225.jpg\" alt=\"\" width=\"108\" height=\"81\" srcset=\"https:\/\/www.filindeblogg.nu\/wp-content\/uploads\/2011\/06\/IMG_54451-300x225.jpg 300w, https:\/\/www.filindeblogg.nu\/wp-content\/uploads\/2011\/06\/IMG_54451-1024x768.jpg 1024w\" sizes=\"(max-width: 108px) 100vw, 108px\" \/><\/a> Den \u00e4r jag p\u00e5 v\u00e4g med nu! P\u00e5 <strong>V\u00e4sterl\u00e5nggatan<\/strong> ligger denna port! <a rel=\"attachment wp-att-21207\" href=\"http:\/\/www.filindeblogg.nu\/?attachment_id=21207\"><img loading=\"lazy\" class=\"alignnone size-medium wp-image-21207\" title=\"IMG_5446 (2)\" src=\"http:\/\/www.filindeblogg.nu\/wp-content\/uploads\/2011\/06\/IMG_5446-2-225x300.jpg\" alt=\"\" width=\"135\" height=\"180\" srcset=\"https:\/\/www.filindeblogg.nu\/wp-content\/uploads\/2011\/06\/IMG_5446-2-225x300.jpg 225w, https:\/\/www.filindeblogg.nu\/wp-content\/uploads\/2011\/06\/IMG_5446-2-768x1024.jpg 768w\" sizes=\"(max-width: 135px) 100vw, 135px\" \/><\/a> Nr 10 &#8211; d\u00e4r gick jag som liten flicka med mor till doktorn f\u00f6r att f\u00e5 vaccinationsspruta. D\u00e4r l\u00e5g d\u00e5tidens v\u00e5rdcentral!<\/p>\n<p>Visst kan portar och grindar vara vackra och lite mystiskt fantasieggande! <a rel=\"attachment wp-att-21208\" href=\"http:\/\/www.filindeblogg.nu\/?attachment_id=21208\"><img loading=\"lazy\" class=\"alignnone size-medium wp-image-21208\" title=\"IMG_5448 (2)\" src=\"http:\/\/www.filindeblogg.nu\/wp-content\/uploads\/2011\/06\/IMG_5448-2-300x225.jpg\" alt=\"\" width=\"180\" height=\"135\" srcset=\"https:\/\/www.filindeblogg.nu\/wp-content\/uploads\/2011\/06\/IMG_5448-2-300x225.jpg 300w, https:\/\/www.filindeblogg.nu\/wp-content\/uploads\/2011\/06\/IMG_5448-2-1024x768.jpg 1024w\" sizes=\"(max-width: 180px) 100vw, 180px\" \/><\/a> Som denna, ocks\u00e5 utefter V\u00e4sterl\u00e5nggatan i Arboga.<\/p>\n<p><a rel=\"attachment wp-att-21209\" href=\"http:\/\/www.filindeblogg.nu\/?attachment_id=21209\"><img loading=\"lazy\" class=\"alignnone size-medium wp-image-21209\" title=\"IMG_5450 (2)\" src=\"http:\/\/www.filindeblogg.nu\/wp-content\/uploads\/2011\/06\/IMG_5450-2-300x225.jpg\" alt=\"\" width=\"180\" height=\"135\" srcset=\"https:\/\/www.filindeblogg.nu\/wp-content\/uploads\/2011\/06\/IMG_5450-2-300x225.jpg 300w, https:\/\/www.filindeblogg.nu\/wp-content\/uploads\/2011\/06\/IMG_5450-2-1024x768.jpg 1024w\" sizes=\"(max-width: 180px) 100vw, 180px\" \/><\/a> P\u00e5 v\u00e4g mot kyrkog\u00e5rden.<\/p>\n<p>Ser ni v\u00e4gm\u00e4rket! <a rel=\"attachment wp-att-21210\" href=\"http:\/\/www.filindeblogg.nu\/?attachment_id=21210\"><img loading=\"lazy\" class=\"alignnone size-medium wp-image-21210\" title=\"IMG_5451 (2)\" src=\"http:\/\/www.filindeblogg.nu\/wp-content\/uploads\/2011\/06\/IMG_5451-2-300x225.jpg\" alt=\"\" width=\"180\" height=\"135\" srcset=\"https:\/\/www.filindeblogg.nu\/wp-content\/uploads\/2011\/06\/IMG_5451-2-300x225.jpg 300w, https:\/\/www.filindeblogg.nu\/wp-content\/uploads\/2011\/06\/IMG_5451-2-1024x768.jpg 1024w\" sizes=\"(max-width: 180px) 100vw, 180px\" \/><\/a> <em>&#8221;P\u00e5bjuden g\u00e5ng- och cykelbana&#8221;<\/em> betyder den enligt <a href=\"http:\/\/www.transportstyrelsen.se\/sv\/Vag\/Vagmarken\/Pabudsmarken\/Pabjuden-gang--och-cykelbana\/\" target=\"_blank\"><strong>Transportstyrelsen<\/strong><\/a>. Men f\u00f6r mig betyder pilarna: V\u00e4g till barnen &#8211; rakt fram! <a rel=\"attachment wp-att-21211\" href=\"http:\/\/www.filindeblogg.nu\/?attachment_id=21211\"><img loading=\"lazy\" class=\"alignnone size-full wp-image-21211\" title=\"Hj\u00e4rtan i svartvitt\" src=\"http:\/\/www.filindeblogg.nu\/wp-content\/uploads\/2011\/06\/Hj\u00e4rtan-i-svartvitt.jpg\" alt=\"\" width=\"171\" height=\"106\" \/><\/a><\/p>\n<p><a rel=\"attachment wp-att-21212\" href=\"http:\/\/www.filindeblogg.nu\/?attachment_id=21212\"><img loading=\"lazy\" class=\"alignnone size-medium wp-image-21212\" title=\"IMG_5454\" src=\"http:\/\/www.filindeblogg.nu\/wp-content\/uploads\/2011\/06\/IMG_5454-300x225.jpg\" alt=\"\" width=\"180\" height=\"135\" srcset=\"https:\/\/www.filindeblogg.nu\/wp-content\/uploads\/2011\/06\/IMG_5454-300x225.jpg 300w, https:\/\/www.filindeblogg.nu\/wp-content\/uploads\/2011\/06\/IMG_5454-1024x768.jpg 1024w\" sizes=\"(max-width: 180px) 100vw, 180px\" \/><\/a> Lummigt och gr\u00f6nt, lugnt och sk\u00f6nt p\u00e5 den fina kyrkog\u00e5rden i Arboga. Och rosenbuketten? <a rel=\"attachment wp-att-21213\" href=\"http:\/\/www.filindeblogg.nu\/?attachment_id=21213\"><img loading=\"lazy\" class=\"alignnone size-medium wp-image-21213\" title=\"IMG_5452 (2)\" src=\"http:\/\/www.filindeblogg.nu\/wp-content\/uploads\/2011\/06\/IMG_5452-2-300x225.jpg\" alt=\"\" width=\"180\" height=\"135\" srcset=\"https:\/\/www.filindeblogg.nu\/wp-content\/uploads\/2011\/06\/IMG_5452-2-300x225.jpg 300w, https:\/\/www.filindeblogg.nu\/wp-content\/uploads\/2011\/06\/IMG_5452-2-1024x768.jpg 1024w\" sizes=\"(max-width: 180px) 100vw, 180px\" \/><\/a> Jo, som jag skrev ig\u00e5r s\u00e5 gick det vackra, avbrutna rosorna till tv\u00e5 andra sm\u00e5 &#8211; avbrutna redan i b\u00f6rjan av sina liv. <a rel=\"attachment wp-att-21214\" href=\"http:\/\/www.filindeblogg.nu\/?attachment_id=21214\"><img loading=\"lazy\" class=\"alignnone size-medium wp-image-21214\" title=\"IMG_5459 (2)\" src=\"http:\/\/www.filindeblogg.nu\/wp-content\/uploads\/2011\/06\/IMG_5459-2-300x225.jpg\" alt=\"\" width=\"180\" height=\"135\" srcset=\"https:\/\/www.filindeblogg.nu\/wp-content\/uploads\/2011\/06\/IMG_5459-2-300x225.jpg 300w, https:\/\/www.filindeblogg.nu\/wp-content\/uploads\/2011\/06\/IMG_5459-2-1024x768.jpg 1024w\" sizes=\"(max-width: 180px) 100vw, 180px\" \/><\/a><\/p>\n<p>Se s\u00e5 fint det blev. <a rel=\"attachment wp-att-21215\" href=\"http:\/\/www.filindeblogg.nu\/?attachment_id=21215\"><img loading=\"lazy\" class=\"alignnone size-medium wp-image-21215\" title=\"IMG_5458 (2)\" src=\"http:\/\/www.filindeblogg.nu\/wp-content\/uploads\/2011\/06\/IMG_5458-2-225x300.jpg\" alt=\"\" width=\"135\" height=\"180\" srcset=\"https:\/\/www.filindeblogg.nu\/wp-content\/uploads\/2011\/06\/IMG_5458-2-225x300.jpg 225w, https:\/\/www.filindeblogg.nu\/wp-content\/uploads\/2011\/06\/IMG_5458-2-768x1024.jpg 768w\" sizes=\"(max-width: 135px) 100vw, 135px\" \/><\/a><\/p>\n<p><a rel=\"attachment wp-att-21216\" href=\"http:\/\/www.filindeblogg.nu\/?attachment_id=21216\"><img loading=\"lazy\" class=\"alignnone size-medium wp-image-21216\" title=\"IMG_5463 (2)\" src=\"http:\/\/www.filindeblogg.nu\/wp-content\/uploads\/2011\/06\/IMG_5463-2-225x300.jpg\" alt=\"\" width=\"135\" height=\"180\" srcset=\"https:\/\/www.filindeblogg.nu\/wp-content\/uploads\/2011\/06\/IMG_5463-2-225x300.jpg 225w, https:\/\/www.filindeblogg.nu\/wp-content\/uploads\/2011\/06\/IMG_5463-2-768x1024.jpg 768w\" sizes=\"(max-width: 135px) 100vw, 135px\" \/><\/a> En s\u00e5 vacker grav men s\u00e5 sorglig&#8230; <a rel=\"attachment wp-att-21217\" href=\"http:\/\/www.filindeblogg.nu\/?attachment_id=21217\"><img loading=\"lazy\" class=\"alignnone size-medium wp-image-21217\" title=\"IMG_5464 (2)\" src=\"http:\/\/www.filindeblogg.nu\/wp-content\/uploads\/2011\/06\/IMG_5464-2-300x225.jpg\" alt=\"\" width=\"180\" height=\"135\" srcset=\"https:\/\/www.filindeblogg.nu\/wp-content\/uploads\/2011\/06\/IMG_5464-2-300x225.jpg 300w, https:\/\/www.filindeblogg.nu\/wp-content\/uploads\/2011\/06\/IMG_5464-2-1024x768.jpg 1024w\" sizes=\"(max-width: 180px) 100vw, 180px\" \/><\/a> \u00c4nd\u00e5 \u00e4r det fint att g\u00e5 runt p\u00e5 kyrkog\u00e5rden och har man som jag, lite fantasi, s\u00e5 finns barnen n\u00e4ra \u00e4nd\u00e5. Hoppas att fler kan uppleva den k\u00e4nslan. <a rel=\"attachment wp-att-21218\" href=\"http:\/\/www.filindeblogg.nu\/?attachment_id=21218\"><img loading=\"lazy\" class=\"alignnone size-medium wp-image-21218\" title=\"IMG_5465 (2)\" src=\"http:\/\/www.filindeblogg.nu\/wp-content\/uploads\/2011\/06\/IMG_5465-2-300x225.jpg\" alt=\"\" width=\"180\" height=\"135\" srcset=\"https:\/\/www.filindeblogg.nu\/wp-content\/uploads\/2011\/06\/IMG_5465-2-300x225.jpg 300w, https:\/\/www.filindeblogg.nu\/wp-content\/uploads\/2011\/06\/IMG_5465-2-1024x768.jpg 1024w\" sizes=\"(max-width: 180px) 100vw, 180px\" \/><\/a> Himlen \u00e4r v\u00e4ldigt n\u00e4ra just h\u00e4r &#8211; p\u00e5 en kyrkog\u00e5rd&#8230; <a rel=\"attachment wp-att-21219\" href=\"http:\/\/www.filindeblogg.nu\/?attachment_id=21219\"><img loading=\"lazy\" class=\"alignnone size-medium wp-image-21219\" title=\"IMG_5469\" src=\"http:\/\/www.filindeblogg.nu\/wp-content\/uploads\/2011\/06\/IMG_5469-300x225.jpg\" alt=\"\" width=\"180\" height=\"135\" srcset=\"https:\/\/www.filindeblogg.nu\/wp-content\/uploads\/2011\/06\/IMG_5469-300x225.jpg 300w, https:\/\/www.filindeblogg.nu\/wp-content\/uploads\/2011\/06\/IMG_5469-1024x768.jpg 1024w\" sizes=\"(max-width: 180px) 100vw, 180px\" \/><\/a><\/p>\n<p>P\u00e5 v\u00e4g hem passerade jag denna skylt! \ud83d\ude00 <a rel=\"attachment wp-att-21220\" href=\"http:\/\/www.filindeblogg.nu\/?attachment_id=21220\"><img loading=\"lazy\" class=\"alignnone size-medium wp-image-21220\" title=\"IMG_5483\" src=\"http:\/\/www.filindeblogg.nu\/wp-content\/uploads\/2011\/06\/IMG_5483-225x300.jpg\" alt=\"\" width=\"135\" height=\"180\" srcset=\"https:\/\/www.filindeblogg.nu\/wp-content\/uploads\/2011\/06\/IMG_5483-225x300.jpg 225w, https:\/\/www.filindeblogg.nu\/wp-content\/uploads\/2011\/06\/IMG_5483-768x1024.jpg 768w\" sizes=\"(max-width: 135px) 100vw, 135px\" \/><\/a> F\u00f6r den som tycker det \u00e4r sv\u00e5rl\u00e4st kanske detta kan hj\u00e4lpa till n\u00e5got: <a rel=\"attachment wp-att-21221\" href=\"http:\/\/www.filindeblogg.nu\/?attachment_id=21221\"><img loading=\"lazy\" class=\"alignnone size-medium wp-image-21221\" title=\"IMG_5484\" src=\"http:\/\/www.filindeblogg.nu\/wp-content\/uploads\/2011\/06\/IMG_5484-300x225.jpg\" alt=\"\" width=\"180\" height=\"135\" srcset=\"https:\/\/www.filindeblogg.nu\/wp-content\/uploads\/2011\/06\/IMG_5484-300x225.jpg 300w, https:\/\/www.filindeblogg.nu\/wp-content\/uploads\/2011\/06\/IMG_5484-1024x768.jpg 1024w\" sizes=\"(max-width: 180px) 100vw, 180px\" \/><\/a> &#8221;UTESERVEN&#8221; finns p\u00e5 <a href=\"http:\/\/www.stadskallaren.se\/\" target=\"_blank\"><strong>Stadsk\u00e4llaren! <\/strong><\/a><\/p>\n<p>Lite fler trista kommentarer: Hur kul ser detta torg ut?\u00a0<a rel=\"attachment wp-att-21222\" href=\"http:\/\/www.filindeblogg.nu\/?attachment_id=21222\"><img loading=\"lazy\" class=\"alignnone size-medium wp-image-21222\" title=\"IMG_5487\" src=\"http:\/\/www.filindeblogg.nu\/wp-content\/uploads\/2011\/06\/IMG_5487-300x225.jpg\" alt=\"\" width=\"180\" height=\"135\" srcset=\"https:\/\/www.filindeblogg.nu\/wp-content\/uploads\/2011\/06\/IMG_5487-300x225.jpg 300w, https:\/\/www.filindeblogg.nu\/wp-content\/uploads\/2011\/06\/IMG_5487-1024x768.jpg 1024w\" sizes=\"(max-width: 180px) 100vw, 180px\" \/><\/a> Vi Arbogabor som \u00e4r vana vid <strong>Nytorgets<\/strong> utseende kanske blir hemmablinda &#8211; men hur ser det ut i en turists \u00f6gon? En turist som kan vara en blivande arbogabo? Kan man inte g\u00f6ra n\u00e5got \u00e5t den kala v\u00e4ggen p\u00e5 det s k <strong>Kurirenhuset<\/strong>? Om nu inte v\u00e4xter f\u00e5r st\u00e5 kvar or\u00f6rda s\u00e5 kanske en fin plansch \u00f6ver Arboga &#8211; t ex fr\u00e5n <strong>Medeltidsdagarnas <\/strong>evenemang? Samma sak g\u00e4ller vid <strong>Arboga Station! <\/strong>Kala tomma v\u00e4ggar och ett r\u00f6tt plank efter j\u00e4rnv\u00e4gen som skulle kunna skyltas upp med trevlig och v\u00e4lkomnande reklam!<\/p>\n<p>Slutgn\u00e4llt f\u00f6r idag f\u00f6r nu \u00e4r jag hemma igen i mitt eget lilla paradis av Arboga! <a rel=\"attachment wp-att-21223\" href=\"http:\/\/www.filindeblogg.nu\/?attachment_id=21223\"><img loading=\"lazy\" class=\"alignnone size-medium wp-image-21223\" title=\"IMG_5496\" src=\"http:\/\/www.filindeblogg.nu\/wp-content\/uploads\/2011\/06\/IMG_5496-300x225.jpg\" alt=\"\" width=\"180\" height=\"135\" srcset=\"https:\/\/www.filindeblogg.nu\/wp-content\/uploads\/2011\/06\/IMG_5496-300x225.jpg 300w, https:\/\/www.filindeblogg.nu\/wp-content\/uploads\/2011\/06\/IMG_5496-1024x768.jpg 1024w\" sizes=\"(max-width: 180px) 100vw, 180px\" \/><\/a> Och d\u00e4r m\u00f6ter mig en av mina tre \u00e4lskade katter, <strong>Felix<\/strong>: <a rel=\"attachment wp-att-21224\" href=\"http:\/\/www.filindeblogg.nu\/?attachment_id=21224\"><img loading=\"lazy\" class=\"alignnone size-medium wp-image-21224\" title=\"IMG_5500\" src=\"http:\/\/www.filindeblogg.nu\/wp-content\/uploads\/2011\/06\/IMG_5500-225x300.jpg\" alt=\"\" width=\"135\" height=\"180\" srcset=\"https:\/\/www.filindeblogg.nu\/wp-content\/uploads\/2011\/06\/IMG_5500-225x300.jpg 225w, https:\/\/www.filindeblogg.nu\/wp-content\/uploads\/2011\/06\/IMG_5500-768x1024.jpg 768w\" sizes=\"(max-width: 135px) 100vw, 135px\" \/><\/a><\/p>\n<p>Solen gick ner \u00e4ven ig\u00e5r d\u00e5 det var \u00e5rets l\u00e4ngsta dag &#8211; sommarsolst\u00e5ndet.\u00a0<a rel=\"attachment wp-att-21225\" href=\"http:\/\/www.filindeblogg.nu\/?attachment_id=21225\"><img loading=\"lazy\" class=\"alignnone size-medium wp-image-21225\" title=\"IMG_5570 (2)\" src=\"http:\/\/www.filindeblogg.nu\/wp-content\/uploads\/2011\/06\/IMG_5570-2-225x300.jpg\" alt=\"\" width=\"135\" height=\"180\" srcset=\"https:\/\/www.filindeblogg.nu\/wp-content\/uploads\/2011\/06\/IMG_5570-2-225x300.jpg 225w, https:\/\/www.filindeblogg.nu\/wp-content\/uploads\/2011\/06\/IMG_5570-2-768x1024.jpg 768w\" sizes=\"(max-width: 135px) 100vw, 135px\" \/><\/a> Det f\u00f6rblir ljust n\u00e5gra dagar till men sen blir det s\u00e5 sakteliga m\u00f6rkare igen fram till vintersolst\u00e5ndet, \u00e5rets m\u00f6rkaste dag, som i \u00e5r intr\u00e4ffar den 22 december. Klicka <a href=\"http:\/\/www.smhi.se\/kunskapsbanken\/meteorologi\/sommarsolstand-och-vintersolstand-1.4180\" target=\"_blank\"><strong>H\u00c4R<\/strong><\/a> f\u00f6r att komma till <strong>SMHI <\/strong>och l\u00e4sa mer om sommar- resp vintersolst\u00e5ndet.<\/p>\n<p style=\"text-align: center;\">S\u00e5 njut av v\u00e5r ljusa, vackra sommartid!<br \/>\nH\u00e4r njutning inuti en vildros!<br \/>\nVi ses imorgon igen!<\/p>\n<p style=\"text-align: center;\"><a rel=\"attachment wp-att-21226\" href=\"http:\/\/www.filindeblogg.nu\/?attachment_id=21226\"><img loading=\"lazy\" class=\"aligncenter size-medium wp-image-21226\" title=\"IMG_5516 (2)\" src=\"http:\/\/www.filindeblogg.nu\/wp-content\/uploads\/2011\/06\/IMG_5516-2-300x225.jpg\" alt=\"\" width=\"300\" height=\"225\" srcset=\"https:\/\/www.filindeblogg.nu\/wp-content\/uploads\/2011\/06\/IMG_5516-2-300x225.jpg 300w, https:\/\/www.filindeblogg.nu\/wp-content\/uploads\/2011\/06\/IMG_5516-2-1024x768.jpg 1024w\" sizes=\"(max-width: 300px) 100vw, 300px\" \/><\/a><\/p>\n","protected":false},"excerpt":{"rendered":"<p>Idag kommer fler f\u00f6rsenade bilder fr\u00e5n promenader i lilla Arboga. Vackra bilder, st\u00e4mningsfulla bilder men ocks\u00e5 lite kritik. V\u00e4lkomna till bloggen onsdag 22 juni 2011! Min promenad b\u00f6rjar invid Arboga\u00e5n d\u00e4r det tyv\u00e4rr inte ser s\u00e5 trevlig i nul\u00e4get&#8230; Reparationerna av \u00e5kanten verkar p\u00e5g\u00e5 i det o\u00e4ndliga. Bara det inte blir \u00e4nnu en tr\u00e5kig f\u00f6ljetong [&hellip;]<\/p>\n","protected":false},"author":1,"featured_media":0,"comment_status":"open","ping_status":"open","sticky":false,"template":"","format":"standard","meta":[],"categories":[127,100,101,105],"tags":[],"_links":{"self":[{"href":"https:\/\/www.filindeblogg.nu\/index.php?rest_route=\/wp\/v2\/posts\/21193"}],"collection":[{"href":"https:\/\/www.filindeblogg.nu\/index.php?rest_route=\/wp\/v2\/posts"}],"about":[{"href":"https:\/\/www.filindeblogg.nu\/index.php?rest_route=\/wp\/v2\/types\/post"}],"author":[{"embeddable":true,"href":"https:\/\/www.filindeblogg.nu\/index.php?rest_route=\/wp\/v2\/users\/1"}],"replies":[{"embeddable":true,"href":"https:\/\/www.filindeblogg.nu\/index.php?rest_route=%2Fwp%2Fv2%2Fcomments&post=21193"}],"version-history":[{"count":22,"href":"https:\/\/www.filindeblogg.nu\/index.php?rest_route=\/wp\/v2\/posts\/21193\/revisions"}],"predecessor-version":[{"id":21248,"href":"https:\/\/www.filindeblogg.nu\/index.php?rest_route=\/wp\/v2\/posts\/21193\/revisions\/21248"}],"wp:attachment":[{"href":"https:\/\/www.filindeblogg.nu\/index.php?rest_route=%2Fwp%2Fv2%2Fmedia&parent=21193"}],"wp:term":[{"taxonomy":"category","embeddable":true,"href":"https:\/\/www.filindeblogg.nu\/index.php?rest_route=%2Fwp%2Fv2%2Fcategories&post=21193"},{"taxonomy":"post_tag","embeddable":true,"href":"https:\/\/www.filindeblogg.nu\/index.php?rest_route=%2Fwp%2Fv2%2Ftags&post=21193"}],"curies":[{"name":"wp","href":"https:\/\/api.w.org\/{rel}","templated":true}]}}