{"id":21122,"date":"2011-06-20T07:57:13","date_gmt":"2011-06-20T06:57:13","guid":{"rendered":"http:\/\/www.filindeblogg.nu\/?p=21122"},"modified":"2011-06-20T07:57:13","modified_gmt":"2011-06-20T06:57:13","slug":"promenader-och-karnevaler","status":"publish","type":"post","link":"https:\/\/www.filindeblogg.nu\/?p=21122","title":{"rendered":"Promenader och karnevaler"},"content":{"rendered":"<p>T\u00e4nk s\u00e5 beroende man blir av bilder! I alla fall jag &#8211; och i alla fall n\u00e4r jag skriver blogg. Bilder illustrerar s\u00e5 bra det man vill ha sagt. \u00c4nd\u00e5 b\u00f6rjade jag blogga helt utan foton en g\u00e5ng i tiden. Det gick bra &#8211; d\u00e5&#8230; Nu har man f\u00e5tt andra pretentioner.<\/p>\n<p>Eftersom det fortfarande inte fungerar att f\u00f6ra \u00f6ver bilder till bloggen s\u00e5 blir det bara skriftspr\u00e5k.<\/p>\n<p>Jag hade t\u00e4nkt ber\u00e4tta &#8211; med bilder &#8211; om en tidig morgonpromenad i <strong>Arboga<\/strong>. D\u00e5 jag faktiskt lovade en ok\u00e4nd kvinna jag m\u00f6tte att hon skulle f\u00e5 se bilderna jag tog p\u00e5 min blogg. Men men, det kommer v\u00e4l&#8230;<\/p>\n<p>Promenaden gick l\u00e4ngs gator och gr\u00e4nder i centrala Arboga och jag t\u00e4nkte: &#8211; S\u00e5 m\u00e5nga fina, gamla hus det finns &#8211; och dom beh\u00f6ver inte alls ligga p\u00e5 k\u00e4nda V\u00e4sterl\u00e5nggatan!<br \/>\n<strong>Skepparegr\u00e4nd, Dragmansgatan<\/strong> och mitt eget<strong> \u00d6stra Nygatan<\/strong> f\u00f6r att n\u00e4mna n\u00e5gra.<\/p>\n<p>Efter \u00e5n invid <strong>Kungsg\u00e5rden<\/strong> hade n\u00e5gon &#8221;roat&#8221; sig med att rycka av rosor. S\u00e5dant f\u00f6rst\u00e5r jag inte! Invid husv\u00e4ggen blommar rosor i alla f\u00e4rger och doften \u00e4r underbar. Varf\u00f6r d\u00e5 bryta av blommorna och kasta?<\/p>\n<p>Jag plockade upp dom och det blev en liten fin bukett. Direkt visste jag vilka som skulle f\u00e5 blommorna. N\u00e5gra som ocks\u00e5 blev uppryckta, avbrutna mitt i sin levnad &#8211;<strong> Max och Saga<\/strong>.<br \/>\nS\u00e5 promenaden gick vidare till v\u00e5r vackra kyrkog\u00e5rd mitt i stan.<\/p>\n<p>D\u00e4r inne var det s\u00e5 lugnt och stilla men rymden var full av f\u00e5gels\u00e5ng. Det k\u00e4ndes s\u00e5 lyckligt d\u00e4r inne. Som en liten v\u00e4rld f\u00f6r sig. Jag gick till graven som numera ser ut som en vanlig grav. Inte \u00f6verbelamrad av blommor, gosedjur och \u00f6mhetsbetygelser. Som en vanlig grav och \u00e4nd\u00e5 inte. F\u00f6r Max och Sagas grav blir aldrig en vanlig grav. Viloplatsen var s\u00e5 fin och jag skulle g\u00e4rna visa er bilder om jag bara kunde.<br \/>\nDet jag saknade dock var fotot p\u00e5 barnen.\u00a0 Men det beh\u00f6vs ju egentligen inte &#8211; barnen finns \u00e4nd\u00e5 alltid i mitt minne.<\/p>\n<p>Som vanligt skenade fantasin iv\u00e4g med mig och pl\u00f6tsligt k\u00e4nde jag n\u00e5gon som knackade mig l\u00e4tt p\u00e5 axeln. Det var Max och han ville inte alls prata om sina nya sm\u00e5systrar eller om lekarna p\u00e5 kyrkog\u00e5rden. Han ville ber\u00e4tta att han \u00e4r stor nu! Hela 7 \u00e5r! Och att han b\u00f6rjar skolan till h\u00f6sten!<br \/>\nDet gjorde mig glad och snart s\u00e5g jag Sara virvla runt i dans mellan tr\u00e4den. <em>&#8211; Jag har fyllt 5!<\/em> skrattade hon.<\/p>\n<p>Ja, livet g\u00e5r vidare och ibland \u00e4r man tacksam \u00f6ver sin fantasifullhet.<\/p>\n<p>Mina tankar g\u00e5r nu till barnens f\u00f6r\u00e4ldrar och l\u00e4nkar <a href=\"http:\/\/blogg.aftonbladet.se\/arbogamamman\/2011\/05\/max-7ar\" target=\"_blank\"><strong>H\u00c4R<\/strong><\/a> till <strong>Emmas blogg <\/strong>om Max som blivit 7 &#8211; och <a href=\"http:\/\/blogg.aftonbladet.se\/arbogamamman\/2011\/05\/saga-5ar\" target=\"_blank\"><strong>H\u00c4R <\/strong><\/a>till bloggen om Saras 5-\u00e5rsdag.<\/p>\n<p style=\"text-align: center;\">*** *** ***<\/p>\n<p>Karnevalen tarvar bilder! Det tycker jag best\u00e4mt! S\u00e5 jag hoppas kunna visa n\u00e5gra h\u00e4r p\u00e5 bloggen i sinom tid. <a href=\"http:\/\/www.arbogakarnevalen.se\/\" target=\"_blank\"><strong>Arbogakarnevalen<\/strong><\/a> hade tur med v\u00e4dret! Solsken hela tiden!<\/p>\n<p>Roligt som alltid \u00e4ven om publikskarorna minskar och minskar. Personligen tyckte jag att karnevalst\u00e5get tog v\u00e4l l\u00e5ng tid p\u00e5 sig. Vi stod p\u00e5 <strong>Nygatan<\/strong> n\u00e4ra <strong>\u00d6rtag\u00e5rdskyrkan<\/strong> och efter 45 minuter hade inte karnevalst\u00e5get n\u00e5tt oss \u00e4n&#8230; Starten sker intill gamla <strong>Engelbrektsskolan<\/strong> &#8211; ocks\u00e5 p\u00e5 Nygatan. <em>&#8211; St\u00e5r dom och hoppar p\u00e5 samma st\u00e4lle hela tiden<\/em>? undrade n\u00e5gra ot\u00e5ligt v\u00e4ntande.<\/p>\n<p>Vi k\u00f6rde sen ett &#8221;snabbrace&#8221; av karnevalen och gick dom till m\u00f6tes f\u00f6r att d\u00e4refter vika av in mot <strong>Ahl\u00f6fsparken<\/strong> d\u00e4r vi intog h\u00e4rligt god invandrad mat! N\u00e4r vi \u00e4tit klart &#8211; d\u00e5 f\u00f6rst kom karnevalst\u00e5get till parken!<\/p>\n<p>Kanske \u00e4r det dags att t\u00e4nka till om uppl\u00e4gget p\u00e5 Arbogakarnevalen? Ska vi ha karnevalst\u00e5g genom gatorna &#8211; och i s\u00e5 fall ska karnevalrundans str\u00e4ckning \u00e4ndras? G\u00f6ras kortare?<br \/>\nJag har ingen aning om hur m\u00e5nga som kantade v\u00e4gen efter att t\u00e5get passerat Nygatan men publiken glesnade ur rej\u00e4lt n\u00e4rmare <strong>H\u00f6kenbersgr\u00e4nd<\/strong>. Hur det sen s\u00e5g ut efter <strong>Strandv\u00e4gen, J\u00e4rntorget <\/strong>och <strong>R\u00e5dhusgatan<\/strong> vet jag inte.<\/p>\n<p>J\u00e4ttekul och trevligt \u00e4r det i alla fall med liv och r\u00f6relse i lilla Arboga! Stor eloge till alla duktiga arrang\u00f6rer och tack f\u00f6rst\u00e5s \u00e4ven till alla dansare!<\/p>\n<p>Som renh\u00e5llningsarbetaren jag tr\u00e4ffade p\u00e5 morgonpromenaden sa: <em>&#8211; Man f\u00e5r ta att det \u00e4r lite nedskr\u00e4pning efter en s\u00e5&#8217;n h\u00e4r dag, dagen efter. <\/em>Tack \u00e4ven till honom och \u00f6vriga som snyggade upp efter karnevalen! De avbrutna rosorna tog jag hand om&#8230; \ud83d\ude42<em><br \/>\n<\/em><\/p>\n<p><em><br \/>\n<\/em><\/p>\n<p>&nbsp;<\/p>\n<p>&nbsp;<\/p>\n","protected":false},"excerpt":{"rendered":"<p>T\u00e4nk s\u00e5 beroende man blir av bilder! I alla fall jag &#8211; och i alla fall n\u00e4r jag skriver blogg. Bilder illustrerar s\u00e5 bra det man vill ha sagt. \u00c4nd\u00e5 b\u00f6rjade jag blogga helt utan foton en g\u00e5ng i tiden. Det gick bra &#8211; d\u00e5&#8230; Nu har man f\u00e5tt andra pretentioner. Eftersom det fortfarande inte [&hellip;]<\/p>\n","protected":false},"author":1,"featured_media":0,"comment_status":"open","ping_status":"open","sticky":false,"template":"","format":"standard","meta":[],"categories":[115,126,100,101,105],"tags":[],"_links":{"self":[{"href":"https:\/\/www.filindeblogg.nu\/index.php?rest_route=\/wp\/v2\/posts\/21122"}],"collection":[{"href":"https:\/\/www.filindeblogg.nu\/index.php?rest_route=\/wp\/v2\/posts"}],"about":[{"href":"https:\/\/www.filindeblogg.nu\/index.php?rest_route=\/wp\/v2\/types\/post"}],"author":[{"embeddable":true,"href":"https:\/\/www.filindeblogg.nu\/index.php?rest_route=\/wp\/v2\/users\/1"}],"replies":[{"embeddable":true,"href":"https:\/\/www.filindeblogg.nu\/index.php?rest_route=%2Fwp%2Fv2%2Fcomments&post=21122"}],"version-history":[{"count":14,"href":"https:\/\/www.filindeblogg.nu\/index.php?rest_route=\/wp\/v2\/posts\/21122\/revisions"}],"predecessor-version":[{"id":21136,"href":"https:\/\/www.filindeblogg.nu\/index.php?rest_route=\/wp\/v2\/posts\/21122\/revisions\/21136"}],"wp:attachment":[{"href":"https:\/\/www.filindeblogg.nu\/index.php?rest_route=%2Fwp%2Fv2%2Fmedia&parent=21122"}],"wp:term":[{"taxonomy":"category","embeddable":true,"href":"https:\/\/www.filindeblogg.nu\/index.php?rest_route=%2Fwp%2Fv2%2Fcategories&post=21122"},{"taxonomy":"post_tag","embeddable":true,"href":"https:\/\/www.filindeblogg.nu\/index.php?rest_route=%2Fwp%2Fv2%2Ftags&post=21122"}],"curies":[{"name":"wp","href":"https:\/\/api.w.org\/{rel}","templated":true}]}}