{"id":10855,"date":"2010-05-13T06:14:11","date_gmt":"2010-05-13T05:14:11","guid":{"rendered":"http:\/\/www.filindeblogg.nu\/?p=10855"},"modified":"2010-05-13T10:50:50","modified_gmt":"2010-05-13T09:50:50","slug":"vad-gjorde-emma-med-pengarna","status":"publish","type":"post","link":"https:\/\/www.filindeblogg.nu\/?p=10855","title":{"rendered":"Vad gjorde Emma med pengarna??"},"content":{"rendered":"<p>Trippelmordet i <strong>H\u00e4rn\u00f6sand<\/strong> ig\u00e5r f\u00e5r \u00e5tminstone mig att stanna upp  och t\u00e4nka till p\u00e5 det som kunde ha blivit ett trippelmord i <strong>Arboga<\/strong> mars 2008&#8230;<\/p>\n<p>Det \u00e4r \u00f6ver tv\u00e5 \u00e5r sedan tv\u00e5 sm\u00e5 barn brutalt m\u00f6rdades i <strong>Arboga<\/strong> och deras mamma blev livshotande skadad. Hela <strong>Sverige <\/strong>stannade upp och f\u00f6r lilla Arboga blev det en h\u00e4ndelse som f\u00f6r alltid kommer att s\u00e4tta sina sp\u00e5r<a href=\"http:\/\/www.svd.se\/nyheter\/inrikes\/21-arig-man-erkanner_4705651.svd\">.<\/a><\/p>\n<p>Jag startade en insamling f\u00f6r <strong><a href=\"http:\/\/www.expressen.se\/Nyheter\/1.1986541\/emma-jangestig-ga-din-egen-vag-det-ar-din-sorg\">Emma<\/a><a href=\"http:\/\/www.dn.se\/nyheter\/sverige\/21-aring-erkande-trippelmordet-1.1092391\">,<\/a><\/strong> mamman som n\u00e4stan fick f\u00f6lja sina tv\u00e5 sm\u00e5 barn i graven men mirakul\u00f6st klarade sig. F\u00f6r mig k\u00e4ndes det sj\u00e4lvklart &#8211; n\u00e5got m\u00e5ste g\u00f6ras! Pengar kan inte ers\u00e4tta tv\u00e5 \u00e4lskade barn men pengar kan vara ett medel f\u00f6r att g\u00f6ra det outh\u00e4rdliga mindre outh\u00e4rdligt<a href=\"http:\/\/www.aftonbladet.se\/nyheter\/article7120390.ab\">. <\/a><\/p>\n<p>Att f\u00e5 de man \u00e4lskar mest &#8211; sina tv\u00e5 sm\u00e5 barn &#8211; m\u00f6rdade i det egna hemmet \u00e4r n\u00e5got vi andra inte riktigt kan f\u00f6rst\u00e5<a href=\"http:\/\/www.expressen.se\/Nyheter\/1.1986010\/eleverna-grater-sig-igenom-dagen\">.<\/a> Hemmet som ska vara den absoluta tryggheten. Tryggheten slogs s\u00f6nder och samman den d\u00e4r kv\u00e4llen i mars 2008.<\/p>\n<p>Hur g\u00e5r man vidare efter det? Hur kan man klara minnena? Hur kan man orka se alla saker och f\u00f6rem\u00e5l igen efter\u00e5t d\u00e4r hemma utan att automatiskt f\u00e5r flashbacks? Jag f\u00f6rs\u00f6kte s\u00e4tta mig in i situationen och kom fram till: N\u00e5got m\u00e5ste g\u00f6ras!<\/p>\n<p>Jag startade allts\u00e5 ett insamlingskonto f\u00f6r Emma och pengarna b\u00f6rjade str\u00f6mma in direkt. Fr\u00e5n hela landet men \u00e4ven utanf\u00f6r. M\u00e5nga, m\u00e5nga ville vara med och bidra. Jag pratade ocks\u00e5 med lokala f\u00f6retag som ville hj\u00e4lpa till.<br \/>\nDetta lilla ville jag g\u00f6ra som medm\u00e4nniska f\u00f6r Emma.<\/p>\n<p>Tv\u00e5 \u00e5r senare f\u00e5r jag fr\u00e5gan:<em><strong> &#8221;- Fick Emma pengarna n\u00e5gon g\u00e5ng?&#8221;<\/strong><\/em> och<em><strong> &#8221;-Vad gjorde hon med slantarna?&#8221;<br \/>\n<\/strong><\/em>En modig, \u00e4ldre dam fr\u00e5gade av intresse och inte av misst\u00e4nksamhet. Hon ber\u00e4ttade att hon sj\u00e4lv satt in pengar b\u00e5de till Emma och till den fond som inr\u00e4ttades till minne av barnen <strong>Max och Saga<\/strong>. Jag f\u00f6rst\u00e5r att hon undrar. F\u00f6rmodligen finns det fler. Samtidigt k\u00e4nde jag ett litet, litet styng av misst\u00e4nksamhet mot mig sj\u00e4lv &#8211; outtalat, kanske fel av mig men \u00e4nd\u00e5&#8230; <em><strong>&#8221;-Vad gjorde den d\u00e4r Susanne Linde egentligen med pengarna hon samlade in&#8230;&#8221;<\/strong><\/em><\/p>\n<p>S\u00e5 jag tog kontakt med min v\u00e4n, numera (!),<strong> Emma Jangestig o<\/strong>ch hon f\u00f6rstod s\u00e5v\u00e4l mig som en allm\u00e4nhet. Hon har i sin blogg p\u00e5 <strong>Arboga Tidnings hemsida<\/strong> nu skrivit om detta. Klicka <a href=\"http:\/\/bblat.se\/bloggar\/arbogamamman\"><strong>H\u00c4R<\/strong><\/a> f\u00f6r att komma till bloggen p\u00e5 <strong>Bbl\/AT!<\/strong><\/p>\n<p>Pengarna kom naturligtvis fram! Emma fick dom i sin hand. P\u00e5 bloggen ber\u00e4ttar hon litegrann om vad hon anv\u00e4nt dom till.<\/p>\n<p>Avslutar med en bild fr\u00e5n maj f\u00f6rra \u00e5ret. H\u00e4r bor numera tv\u00e5 sm\u00e5 barn. Men de bor ocks\u00e5 f\u00f6r alltid i Emmas hj\u00e4rta! Och hos sin pappa, sina bonusf\u00f6r\u00e4ldrar, sin \u00f6vriga sl\u00e4kt och hos oss alla som f\u00f6r alltid kommer att b\u00e4ra med oss minnet av tv\u00e5 sm\u00e5 barn som aldrig fick fylla 2 och 4 \u00e5r i detta jordeliv.<\/p>\n<p><a rel=\"attachment wp-att-10857\" href=\"http:\/\/www.filindeblogg.nu\/?attachment_id=10857\"><img loading=\"lazy\" class=\"aligncenter size-medium wp-image-10857\" title=\"Max o Saga3 20 maj\" src=\"http:\/\/www.filindeblogg.nu\/wp-content\/uploads\/2010\/05\/Max-o-Saga3-20-maj1-300x225.jpg\" alt=\"\" width=\"300\" height=\"225\" srcset=\"https:\/\/www.filindeblogg.nu\/wp-content\/uploads\/2010\/05\/Max-o-Saga3-20-maj1-300x225.jpg 300w, https:\/\/www.filindeblogg.nu\/wp-content\/uploads\/2010\/05\/Max-o-Saga3-20-maj1.jpg 600w\" sizes=\"(max-width: 300px) 100vw, 300px\" \/><\/a><\/p>\n","protected":false},"excerpt":{"rendered":"<p>Trippelmordet i H\u00e4rn\u00f6sand ig\u00e5r f\u00e5r \u00e5tminstone mig att stanna upp och t\u00e4nka till p\u00e5 det som kunde ha blivit ett trippelmord i Arboga mars 2008&#8230; Det \u00e4r \u00f6ver tv\u00e5 \u00e5r sedan tv\u00e5 sm\u00e5 barn brutalt m\u00f6rdades i Arboga och deras mamma blev livshotande skadad. Hela Sverige stannade upp och f\u00f6r lilla Arboga blev det en [&hellip;]<\/p>\n","protected":false},"author":1,"featured_media":0,"comment_status":"open","ping_status":"open","sticky":false,"template":"","format":"standard","meta":[],"categories":[100,101,105],"tags":[],"_links":{"self":[{"href":"https:\/\/www.filindeblogg.nu\/index.php?rest_route=\/wp\/v2\/posts\/10855"}],"collection":[{"href":"https:\/\/www.filindeblogg.nu\/index.php?rest_route=\/wp\/v2\/posts"}],"about":[{"href":"https:\/\/www.filindeblogg.nu\/index.php?rest_route=\/wp\/v2\/types\/post"}],"author":[{"embeddable":true,"href":"https:\/\/www.filindeblogg.nu\/index.php?rest_route=\/wp\/v2\/users\/1"}],"replies":[{"embeddable":true,"href":"https:\/\/www.filindeblogg.nu\/index.php?rest_route=%2Fwp%2Fv2%2Fcomments&post=10855"}],"version-history":[{"count":9,"href":"https:\/\/www.filindeblogg.nu\/index.php?rest_route=\/wp\/v2\/posts\/10855\/revisions"}],"predecessor-version":[{"id":10866,"href":"https:\/\/www.filindeblogg.nu\/index.php?rest_route=\/wp\/v2\/posts\/10855\/revisions\/10866"}],"wp:attachment":[{"href":"https:\/\/www.filindeblogg.nu\/index.php?rest_route=%2Fwp%2Fv2%2Fmedia&parent=10855"}],"wp:term":[{"taxonomy":"category","embeddable":true,"href":"https:\/\/www.filindeblogg.nu\/index.php?rest_route=%2Fwp%2Fv2%2Fcategories&post=10855"},{"taxonomy":"post_tag","embeddable":true,"href":"https:\/\/www.filindeblogg.nu\/index.php?rest_route=%2Fwp%2Fv2%2Ftags&post=10855"}],"curies":[{"name":"wp","href":"https:\/\/api.w.org\/{rel}","templated":true}]}}