{"id":9933,"date":"2010-02-26T10:30:36","date_gmt":"2010-02-26T09:30:36","guid":{"rendered":"http:\/\/www.filindeblogg.nu\/?p=9933"},"modified":"2010-02-26T10:36:09","modified_gmt":"2010-02-26T09:36:09","slug":"hanne-kjoller-och-sjukpensionarerna","status":"publish","type":"post","link":"http:\/\/www.filindeblogg.nu\/?p=9933","title":{"rendered":"Hanne Kj\u00f6ller och sjukpension\u00e4rerna"},"content":{"rendered":"<p><a href=\"http:\/\/www.dn.se\/opinion\/signerat\/fortidspensioner-bra-men-mer-kvar-att-gora-1.1052253\"><strong>Hanne Kj\u00f6ller,<\/strong><\/a> <strong>DN<\/strong>:s ledarskribent, har ett gott \u00f6ga till de sjukskrivna. L\u00e4nge har hon propagerat mot desamma och ondgjort sig \u00f6ver att sjuka m\u00e4nniskor f\u00e5r del av sjukf\u00f6rs\u00e4kringen. Varf\u00f6r har jag aldrig f\u00f6rst\u00e5tt. M\u00f6jligen beror det p\u00e5 att hon faktiskt vet f\u00f6r lite &#8211; eller ocks\u00e5 \u00e4r det bara ett s\u00e4tt att som journalist sticka ut, v\u00e4cka uppm\u00e4rksamhet och skapa debatt.<\/p>\n<p>Nu skriver hon igen om sjuka och denna g\u00e5ng om unga sjukpension\u00e4rer. Jag kan h\u00e5lla med henne till viss del. Det \u00e4r orov\u00e4ckande och bekl\u00e4mmande att antalet unga m\u00e4nniskor som sjukpensioneras har \u00f6kat till det tredubbla. Men sen tar v\u00e5r samst\u00e4mmighet slut, som vanligt.<\/p>\n<p>S\u00e5 h\u00e4r skriver Hanne Kj\u00f6ller, citat: <em>&#8221;I SOU-rapporten \u201dBrist p\u00e5 br\u00e5dska \u2013 en \u00f6versyn av aktivitetsers\u00e4ttningen\u201d visar utredningen hur aktivitetsers\u00e4ttningen kan l\u00e5sa in unga m\u00e4nniskor som p\u00e5 grund av funktionsneds\u00e4ttning beh\u00f6ver g\u00e5 i skolan l\u00e4ngre \u00e4n andra. De f\u00e5r ers\u00e4ttningen fr\u00e5n F\u00f6rs\u00e4kringskassan som ett slags studiest\u00f6d som dessutom ger mer pengar \u00e4n de g\u00e4ngse utbetalningskorten fr\u00e5n CSN. Det som s\u00e4kert var v\u00e4l t\u00e4nkt blev fel.&#8221;<br \/>\n<\/em>SOU st\u00e5r f\u00f6r Statens offentliga utredningar<a href=\"http:\/\/www.svd.se\/naringsliv\/nyheter\/praktikanter-dumpas-pa-myndigheter_4333077.svd\">.<\/a><\/p>\n<p>F\u00f6rst skriver Hanne Kj\u00f6ller att aktivitetsers\u00e4ttning &#8221;l\u00e5ser in&#8221; unga m\u00e4nniskor<em> &#8221;som p\u00e5 grund av funktionsneds\u00e4ttning beh\u00f6ver g\u00e5 i skolan l\u00e4ngre \u00e4n andra&#8221;<\/em>. Sen beklagar Kj\u00f6ller sig \u00f6ver att ers\u00e4ttningen blir<em> &#8221;som ett slags studiest\u00f6d som dessutom ger mer pengar \u00e4n de g\u00e4ngse utbetalningskorten fr\u00e5n CSN&#8221;. <\/em>Vari ligger den logiken??<\/p>\n<p>Alla som har det minsta hum om hur skolelever med neuropsykiatriska diagnoser behandlas i grundskolan vet att det oftast \u00e4r en om\u00f6jlighet att forts\u00e4tta direkt p\u00e5 ett gymnasieprogram efter 9:an. Eftersom skolan diskriminerar dessa barn och ungdomar tar det mycket l\u00e4ngre tid &#8211; om \u00e4n n\u00e5gonsin &#8211; f\u00f6r dom att f\u00e5 en utbildning som kan leda\u00a0 till jobb och f\u00f6rs\u00f6rjning.<br \/>\nD\u00e4rmed borde aktivitetsers\u00e4ttning <em>&#8221;som ett slags studiest\u00f6d&#8221;<\/em> vara helt klart ber\u00e4ttigat. Att det r\u00e5kar ge mer pengar \u00e4n<em> &#8221;de g\u00e4ngse utbetalningskorten fr\u00e5n CSN&#8221; <\/em>\u00e4r v\u00e4l m\u00f6jligen ett r\u00e4knefel av staten men borde ses som pl\u00e5ster p\u00e5 s\u00e5ren f\u00f6r den usla undervisning de h\u00e4r eleverna f\u00e5tt med kr\u00e4nkningar och neds\u00e4ttande behandling som st\u00e4ndig f\u00f6ljeslagare inom skolan.<\/p>\n<p><strong>Det \u00e4r en skandal att s\u00e5 m\u00e5nga unga m\u00e4nniskor sjukpensioneras d\u00e4rf\u00f6r att skolan inte f\u00f6ljer lagen och d\u00e4rmed hindrar intelligenta, kreativa m\u00e4nniskor att f\u00e5 den undervisning de har r\u00e4tt till och d\u00e4rmed utesluter dom fr\u00e5n arbete! Det Hanne Kj\u00f6ller &#8211; kan jag h\u00e5lla med om!<\/strong><\/p>\n<p style=\"text-align: center;\"><a rel=\"attachment wp-att-9934\" href=\"http:\/\/www.filindeblogg.nu\/?attachment_id=9934\"><img loading=\"lazy\" class=\"aligncenter size-full wp-image-9934\" title=\"adhd\" src=\"http:\/\/www.filindeblogg.nu\/wp-content\/uploads\/2010\/02\/adhd.jpg\" alt=\"\" width=\"192\" height=\"256\" srcset=\"http:\/\/www.filindeblogg.nu\/wp-content\/uploads\/2010\/02\/adhd.jpg 300w, http:\/\/www.filindeblogg.nu\/wp-content\/uploads\/2010\/02\/adhd-225x300.jpg 225w\" sizes=\"(max-width: 192px) 100vw, 192px\" \/><\/a><\/p>\n<p><em><br \/>\n<\/em><\/p>\n","protected":false},"excerpt":{"rendered":"<p>Hanne Kj\u00f6ller, DN:s ledarskribent, har ett gott \u00f6ga till de sjukskrivna. L\u00e4nge har hon propagerat mot desamma och ondgjort sig \u00f6ver att sjuka m\u00e4nniskor f\u00e5r del av sjukf\u00f6rs\u00e4kringen. Varf\u00f6r har jag aldrig f\u00f6rst\u00e5tt. M\u00f6jligen beror det p\u00e5 att hon faktiskt vet f\u00f6r lite &#8211; eller ocks\u00e5 \u00e4r det bara ett s\u00e4tt att som journalist sticka [&hellip;]<\/p>\n","protected":false},"author":1,"featured_media":0,"comment_status":"open","ping_status":"open","sticky":false,"template":"","format":"standard","meta":[],"categories":[107,100,101],"tags":[],"_links":{"self":[{"href":"http:\/\/www.filindeblogg.nu\/index.php?rest_route=\/wp\/v2\/posts\/9933"}],"collection":[{"href":"http:\/\/www.filindeblogg.nu\/index.php?rest_route=\/wp\/v2\/posts"}],"about":[{"href":"http:\/\/www.filindeblogg.nu\/index.php?rest_route=\/wp\/v2\/types\/post"}],"author":[{"embeddable":true,"href":"http:\/\/www.filindeblogg.nu\/index.php?rest_route=\/wp\/v2\/users\/1"}],"replies":[{"embeddable":true,"href":"http:\/\/www.filindeblogg.nu\/index.php?rest_route=%2Fwp%2Fv2%2Fcomments&post=9933"}],"version-history":[{"count":5,"href":"http:\/\/www.filindeblogg.nu\/index.php?rest_route=\/wp\/v2\/posts\/9933\/revisions"}],"predecessor-version":[{"id":9939,"href":"http:\/\/www.filindeblogg.nu\/index.php?rest_route=\/wp\/v2\/posts\/9933\/revisions\/9939"}],"wp:attachment":[{"href":"http:\/\/www.filindeblogg.nu\/index.php?rest_route=%2Fwp%2Fv2%2Fmedia&parent=9933"}],"wp:term":[{"taxonomy":"category","embeddable":true,"href":"http:\/\/www.filindeblogg.nu\/index.php?rest_route=%2Fwp%2Fv2%2Fcategories&post=9933"},{"taxonomy":"post_tag","embeddable":true,"href":"http:\/\/www.filindeblogg.nu\/index.php?rest_route=%2Fwp%2Fv2%2Ftags&post=9933"}],"curies":[{"name":"wp","href":"https:\/\/api.w.org\/{rel}","templated":true}]}}