{"id":927,"date":"2008-03-11T07:49:46","date_gmt":"2008-03-11T06:49:46","guid":{"rendered":"http:\/\/www.filindeblogg.nu\/?p=927"},"modified":"2009-06-05T04:38:51","modified_gmt":"2009-06-05T03:38:51","slug":"helt-fel-om-adhd-och-aspergers","status":"publish","type":"post","link":"http:\/\/www.filindeblogg.nu\/?p=927","title":{"rendered":"HELT FEL &#8211; om ADHD och Aspergers!!"},"content":{"rendered":"<p>Precis som v\u00e4ldigt, v\u00e4ldigt m\u00e5nga andra s\u00e5 f\u00f6rst\u00e5r heller inte <a href=\"http:\/\/www.dn.se\/DNet\/jsp\/polopoly.jsp?d=147&amp;a=750670\">V\u00e4gverket <\/a>n\u00e5gonting om ADHD och Aspergers syndrom. F\u00f6rutom V\u00e4gverket ing\u00e5r de allra flesta politiker, regeringen, de flesta inom skolv\u00e4rlden och en hel del l\u00e4kare till gruppen som inte vet n\u00e5got om de h\u00e4r &#8221;diagnoserna&#8221;! M a o adekvat kunskap saknas och blir f\u00f6r\u00f6dande n\u00e4r lagar och best\u00e4mmelser klubbas!<\/p>\n<p><em> &#8221;<\/em><span class=\"text\"><em>&#8211; Personer med neuropsykiatriska diagnoser som adhd, damp och Aspergers syndrom \u00e4r en stor och v\u00e4xande grupp och det finns ett stark vetenskapligt st\u00f6d f\u00f6r att adhd \u00e4r en riskfaktor vid bilk\u00f6rning&#8221;<\/em>, s\u00e4ger <strong>chefs\u00f6verl\u00e4kare <a href=\"http:\/\/www.svd.se\/nyheter\/inrikes\/artikel_961053.svd\">Lars Englund<\/a> vid V\u00e4gverket<\/strong> i DN.<\/span><\/p>\n<p><strong>FEL!! <\/strong>ADHD, DAMP, Aspergers &#8211; har funnits i alla tider! <strong>Albert Einstein<\/strong> var en av dom! Han fick ingen diagnos &#8211; som tur var f\u00f6r honom!!<br \/>\nAllts\u00e5 tillh\u00f6r de h\u00e4r <strong>egenskaperna<\/strong>, som jag v\u00e4ljer att kalla det, <strong>inte alls en stor, v\u00e4xande grupp!<\/strong> D\u00e4remot har samh\u00e4llet blivit h\u00e5rdare och tuffare men mindre tolerans f\u00f6r m\u00e4nniskor som inte passar in den gjutform som v\u00e5rt samh\u00e4lle tvingar alla att st\u00f6pas in i!<\/p>\n<p>V\u00e5rt samh\u00e4lle och dess styrande inser inte vilka \u00f6desdigra misstag de g\u00f6r som till\u00e5ter de h\u00e4r st\u00f6pformarna! Olikt\u00e4nkande, nyskapande och kreativa m\u00e4nniskor tvingas till utanf\u00f6rskap. En tragedi f\u00f6r dom sj\u00e4lva naturligtvis med ocks\u00e5 till stort f\u00f6rf\u00e5ng f\u00f6r samh\u00e4llet som beh\u00f6ver innovat\u00f6rer av alla slag!<\/p>\n<p>Nu \u00e4r det allts\u00e5 dags igen! M\u00e4nniskor som tvingats p\u00e5 en diagnos f\u00f6r att \u00f6ver huvud taget f\u00e5 n\u00e5gon form av skolundervisning &#8211; ska nu inte heller f\u00e5 ta k\u00f6rkort!<strong> Det \u00e4r f\u00f6rf\u00f6ljelse!<\/strong><\/p>\n<p><strong>Lagen (2003:307) om f\u00f6rbud mot diskriminering s\u00e4ger f\u00f6ljande:<\/strong><\/p>\n<h2>Lagens \u00e4ndam\u00e5l<\/h2>\n<p><strong>1 \u00a7<\/strong> Denna lag har till \u00e4ndam\u00e5l att motverka diskriminering som har samband med n\u00e5gon av diskrimineringsgrunderna k\u00f6n, etnisk tillh\u00f6righet, religion eller annan trosuppfattning, sexuell l\u00e4ggning eller <strong>funktionshinder<\/strong>. Lag (2005:480).<\/p>\n<p>L\u00e4s vidare genom att klicka <a href=\"http:\/\/www.jamombud.se\/andrasamhallsom\/diskriminerings.asp\">H\u00c4R!<\/a><\/p>\n<p>Hur m\u00e5nga tror V\u00e4gverket k\u00f6r omkring idag odiagnostiserade!? Alla de som hunnit bli 30 \u00e5r och \u00e4ldre och hade turen att inte st\u00e4mplas som v\u00e4rdel\u00f6sa i skolan. Hade turen att f\u00e5 hj\u00e4lp \u00e4nd\u00e5 &#8211; utan stigmatiserade diagnos!<\/p>\n<p><strong>Jag hoppas verkligen att psykiatriker inom s\u00e5v\u00e4l barn-, ungdoms- som vuxenpsykiatrin reagerar nu!!<\/strong><\/p>\n<p><strong><br \/>\n<\/strong><\/p>\n","protected":false},"excerpt":{"rendered":"<p>Precis som v\u00e4ldigt, v\u00e4ldigt m\u00e5nga andra s\u00e5 f\u00f6rst\u00e5r heller inte V\u00e4gverket n\u00e5gonting om ADHD och Aspergers syndrom. F\u00f6rutom V\u00e4gverket ing\u00e5r de allra flesta politiker, regeringen, de flesta inom skolv\u00e4rlden och en hel del l\u00e4kare till gruppen som inte vet n\u00e5got om de h\u00e4r &#8221;diagnoserna&#8221;! M a o adekvat kunskap saknas och blir f\u00f6r\u00f6dande n\u00e4r lagar [&hellip;]<\/p>\n","protected":false},"author":1,"featured_media":0,"comment_status":"open","ping_status":"open","sticky":false,"template":"","format":"standard","meta":[],"categories":[1,107,101],"tags":[],"_links":{"self":[{"href":"http:\/\/www.filindeblogg.nu\/index.php?rest_route=\/wp\/v2\/posts\/927"}],"collection":[{"href":"http:\/\/www.filindeblogg.nu\/index.php?rest_route=\/wp\/v2\/posts"}],"about":[{"href":"http:\/\/www.filindeblogg.nu\/index.php?rest_route=\/wp\/v2\/types\/post"}],"author":[{"embeddable":true,"href":"http:\/\/www.filindeblogg.nu\/index.php?rest_route=\/wp\/v2\/users\/1"}],"replies":[{"embeddable":true,"href":"http:\/\/www.filindeblogg.nu\/index.php?rest_route=%2Fwp%2Fv2%2Fcomments&post=927"}],"version-history":[{"count":1,"href":"http:\/\/www.filindeblogg.nu\/index.php?rest_route=\/wp\/v2\/posts\/927\/revisions"}],"predecessor-version":[{"id":6086,"href":"http:\/\/www.filindeblogg.nu\/index.php?rest_route=\/wp\/v2\/posts\/927\/revisions\/6086"}],"wp:attachment":[{"href":"http:\/\/www.filindeblogg.nu\/index.php?rest_route=%2Fwp%2Fv2%2Fmedia&parent=927"}],"wp:term":[{"taxonomy":"category","embeddable":true,"href":"http:\/\/www.filindeblogg.nu\/index.php?rest_route=%2Fwp%2Fv2%2Fcategories&post=927"},{"taxonomy":"post_tag","embeddable":true,"href":"http:\/\/www.filindeblogg.nu\/index.php?rest_route=%2Fwp%2Fv2%2Ftags&post=927"}],"curies":[{"name":"wp","href":"https:\/\/api.w.org\/{rel}","templated":true}]}}