{"id":8575,"date":"2009-11-20T11:09:56","date_gmt":"2009-11-20T10:09:56","guid":{"rendered":"http:\/\/www.filindeblogg.nu\/?p=8575"},"modified":"2009-11-20T11:12:35","modified_gmt":"2009-11-20T10:12:35","slug":"barn-ar-inget-att-satsa-pa","status":"publish","type":"post","link":"http:\/\/www.filindeblogg.nu\/?p=8575","title":{"rendered":"Barn \u00e4r inget att satsa p\u00e5!"},"content":{"rendered":"<p>Barn \u00e4r ingenting att satsa p\u00e5! S\u00e5 kan man tolka hur det svenska samh\u00e4llet behandlar sina yngsta medborgare! Och det \u00e4r klart &#8211; barn har ju ingen r\u00f6str\u00e4tt, genererar inga pengar utan \u00e4r bara en stor, jobbig kostnad!<\/p>\n<p>Slimmad personal inom skola och barnomsorg har l\u00e4nge talat sitt tydliga spr\u00e5k och nyheterna den senaste tiden ger bara ytterligare bel\u00e4gg f\u00f6r \u00e5sikten.<\/p>\n<p><a href=\"http:\/\/www.svd.se\/nyheter\/inrikes\/artikel_3816389.svd\">&#8221;Tv\u00e5-\u00e5ring fick sparken fr\u00e5n f\u00f6rskola&#8221;<\/a> skriver <strong>Svenskan<\/strong> och\u00a0 <strong><a href=\"http:\/\/www.alltombarn.se\/barn\/sonen-fick-sluta-pa-forskolan-pa-grund-av-sin-adhd-1.30170\">DN <\/a><\/strong>ber\u00e4ttar om Jesper, 8 \u00e5r, som sl\u00e4ngts ut fr\u00e5n sitt dagis p g a sin ADHD.<\/p>\n<p><strong>N\u00e4r ska politikerna satsa p\u00e5 barn och ungdomar!? N\u00e4r ska regeringen f\u00f6rst\u00e5 att sm\u00e5 barn blir vuxna snart &#8211; det \u00e4r en r\u00e4tt enkel matematik?<\/strong> Sverige \u00e4r inget v\u00e4lf\u00e4rdsland om v\u00e4lf\u00e4rden bara g\u00e4ller de som jobbar 100 %, \u00e4r fullt friska och har pengar. V\u00e4lf\u00e4rd f\u00f6r mig \u00e4r att ha r\u00e5d och vilja att unna de som har det s\u00e4mst att \u00e5tminstone f\u00e5 det lika bra som de \u00f6vriga i samh\u00e4llet! Jag talar om barn, ungdomar, sjuka, handikappade och gamla.<\/p>\n<p><strong>Vem ska vi r\u00f6sta p\u00e5 n\u00e4sta \u00e5r?? <\/strong>Finns det n\u00e5got vettigt parti eller ska vi starta en egen revolution?<\/p>\n<p><img loading=\"lazy\" class=\"aligncenter size-full wp-image-8576\" title=\"revolution\" src=\"http:\/\/www.filindeblogg.nu\/wp-content\/uploads\/2009\/11\/revolution.jpeg\" alt=\"revolution\" width=\"128\" height=\"96\" \/><\/p>\n","protected":false},"excerpt":{"rendered":"<p>Barn \u00e4r ingenting att satsa p\u00e5! S\u00e5 kan man tolka hur det svenska samh\u00e4llet behandlar sina yngsta medborgare! Och det \u00e4r klart &#8211; barn har ju ingen r\u00f6str\u00e4tt, genererar inga pengar utan \u00e4r bara en stor, jobbig kostnad! Slimmad personal inom skola och barnomsorg har l\u00e4nge talat sitt tydliga spr\u00e5k och nyheterna den senaste tiden [&hellip;]<\/p>\n","protected":false},"author":1,"featured_media":0,"comment_status":"open","ping_status":"open","sticky":false,"template":"","format":"standard","meta":[],"categories":[107,100,110,101],"tags":[],"_links":{"self":[{"href":"http:\/\/www.filindeblogg.nu\/index.php?rest_route=\/wp\/v2\/posts\/8575"}],"collection":[{"href":"http:\/\/www.filindeblogg.nu\/index.php?rest_route=\/wp\/v2\/posts"}],"about":[{"href":"http:\/\/www.filindeblogg.nu\/index.php?rest_route=\/wp\/v2\/types\/post"}],"author":[{"embeddable":true,"href":"http:\/\/www.filindeblogg.nu\/index.php?rest_route=\/wp\/v2\/users\/1"}],"replies":[{"embeddable":true,"href":"http:\/\/www.filindeblogg.nu\/index.php?rest_route=%2Fwp%2Fv2%2Fcomments&post=8575"}],"version-history":[{"count":3,"href":"http:\/\/www.filindeblogg.nu\/index.php?rest_route=\/wp\/v2\/posts\/8575\/revisions"}],"predecessor-version":[{"id":8579,"href":"http:\/\/www.filindeblogg.nu\/index.php?rest_route=\/wp\/v2\/posts\/8575\/revisions\/8579"}],"wp:attachment":[{"href":"http:\/\/www.filindeblogg.nu\/index.php?rest_route=%2Fwp%2Fv2%2Fmedia&parent=8575"}],"wp:term":[{"taxonomy":"category","embeddable":true,"href":"http:\/\/www.filindeblogg.nu\/index.php?rest_route=%2Fwp%2Fv2%2Fcategories&post=8575"},{"taxonomy":"post_tag","embeddable":true,"href":"http:\/\/www.filindeblogg.nu\/index.php?rest_route=%2Fwp%2Fv2%2Ftags&post=8575"}],"curies":[{"name":"wp","href":"https:\/\/api.w.org\/{rel}","templated":true}]}}