{"id":8299,"date":"2009-10-29T11:02:22","date_gmt":"2009-10-29T10:02:22","guid":{"rendered":"http:\/\/www.filindeblogg.nu\/?p=8299"},"modified":"2009-10-29T12:03:24","modified_gmt":"2009-10-29T11:03:24","slug":"dyslexi-och-adhd-ar-pahitt","status":"publish","type":"post","link":"http:\/\/www.filindeblogg.nu\/?p=8299","title":{"rendered":"Dyslexi och ADHD \u00e4r p\u00e5hitt!"},"content":{"rendered":"<p>Att skolan f\u00f6rst\u00f6r f\u00f6r barn och ungdomar &#8211; det vet tyv\u00e4rr v\u00e4ldigt m\u00e5nga redan. Ytterligare bel\u00e4gg f\u00f6r det f\u00e5r man genom att l\u00e4sa vad rektorn <strong>Sundsgymnasiet<\/strong> i det &#8221;ber\u00f6mda&#8221; <strong>Vellinge<\/strong> &#8211; <strong>Gert \u00c5kesson<\/strong> skriver i gratistidningen <a href=\"http:\/\/www.spegeln.se\/\"><strong>Spegeln<\/strong><\/a> som ges ut i <strong>Staffanstorp<\/strong>, citat<a href=\"http:\/\/www.dn.se\/nyheter\/sverige\/dyslexi-pahittad-sjukdom-1.984278\">:<\/a><\/p>\n<p><strong><em>&#8221;\u201dIbland blir det n\u00e5gon mix av statlig<a href=\"http:\/\/www.svd.se\/nyheter\/inrikes\/artikel_3718307.svd\">,<\/a> regional och sj\u00e4lvutn\u00e4mnd myndighet.    Exempel p\u00e5 det senare \u00e4r f\u00f6reningar och r\u00e5d som bildas kring alla, efter    80-talet uppfunna, handikapp som allergier, Asberger, Damp, ADHD, anorexi,    dyslexi, dyskalkyli, oral galvanism, anal magnetism &#8230; endast fantasin    s\u00e4tter gr\u00e4nser.\u201d <\/em><\/strong>Citatet h\u00e4mtat ut <a href=\"http:\/\/sydsvenskan.se\/omkretsen\/vellinge\/article561914\/Rektor-ser-dyslexi-som-uppfunnet-handikapp.html?refp=562362\"><strong>Sydsvenska Dagbladet.<\/strong><\/a><\/p>\n<p>Vellinge \u00e4r ju sedan tidigare &#8221;ber\u00f6mt&#8221; f\u00f6r vanv\u00e5rd av skolelever<a href=\"http:\/\/www.aftonbladet.se\/nyheter\/article6028615.ab\">!<\/a> Flera fall har uppdagats n\u00e4r normalbeg\u00e5vade elever placerats p\u00e5 s\u00e4rskola<a href=\"http:\/\/www.kvp.se\/nyheter\/1.1760850\/lakare-slar-larm-finns-risk-att-barn-dor\">.<\/a> Se<strong> SVT:s<\/strong> hemsida om <strong>Uppdrag granskning<\/strong> i Vellinge genom att klicka <a href=\"http:\/\/svt.se\/2.33782\/1.1738908\/felplacerades_i_sarskola?lid=senasteNytt_363929&amp;lpos=rubrik_1738908\"><strong>H\u00c4R!<\/strong><\/a><\/p>\n<p>En egen, h\u00f6gst personlig fundering<a href=\"http:\/\/www.dn.se\/sthlm\/interna-fp-krav-att-edholm-avsatter-rektor-1.984429\">:<\/a> <strong>Gert \u00c5kesson &#8211; \u00e4r han m\u00f6jligen sl\u00e4kt med Jimmie \u00c5kesson Sverigedemokraternas ledare&#8230; \ud83d\ude41 <\/strong>Skulle inte g\u00f6ra mig ett jota f\u00f6rv\u00e5nad!! \ud83d\ude41 Samma skrot och korn! \ud83d\ude41<\/p>\n<p style=\"text-align: center;\"><strong>FORTS\u00c4TT GRANSKA SKOLORNA!! <\/strong><\/p>\n<p style=\"text-align: center;\"><strong>SLUTA TRAKASSERA ELEVER SOM REDAN FR\u00c5N B\u00d6RJAN HAR DET SV\u00c5RT! <\/strong><\/p>\n<p style=\"text-align: center;\"><strong>SKOLLAGEN SKA G\u00c4LLA F\u00d6R ALLA!! <\/strong><\/p>\n<p style=\"text-align: center;\">\n<p><strong><em><br \/>\n<\/em><\/strong><\/p>\n","protected":false},"excerpt":{"rendered":"<p>Att skolan f\u00f6rst\u00f6r f\u00f6r barn och ungdomar &#8211; det vet tyv\u00e4rr v\u00e4ldigt m\u00e5nga redan. Ytterligare bel\u00e4gg f\u00f6r det f\u00e5r man genom att l\u00e4sa vad rektorn Sundsgymnasiet i det &#8221;ber\u00f6mda&#8221; Vellinge &#8211; Gert \u00c5kesson skriver i gratistidningen Spegeln som ges ut i Staffanstorp, citat: &#8221;\u201dIbland blir det n\u00e5gon mix av statlig, regional och sj\u00e4lvutn\u00e4mnd myndighet. Exempel [&hellip;]<\/p>\n","protected":false},"author":1,"featured_media":0,"comment_status":"open","ping_status":"open","sticky":false,"template":"","format":"standard","meta":[],"categories":[107,100,101],"tags":[],"_links":{"self":[{"href":"http:\/\/www.filindeblogg.nu\/index.php?rest_route=\/wp\/v2\/posts\/8299"}],"collection":[{"href":"http:\/\/www.filindeblogg.nu\/index.php?rest_route=\/wp\/v2\/posts"}],"about":[{"href":"http:\/\/www.filindeblogg.nu\/index.php?rest_route=\/wp\/v2\/types\/post"}],"author":[{"embeddable":true,"href":"http:\/\/www.filindeblogg.nu\/index.php?rest_route=\/wp\/v2\/users\/1"}],"replies":[{"embeddable":true,"href":"http:\/\/www.filindeblogg.nu\/index.php?rest_route=%2Fwp%2Fv2%2Fcomments&post=8299"}],"version-history":[{"count":4,"href":"http:\/\/www.filindeblogg.nu\/index.php?rest_route=\/wp\/v2\/posts\/8299\/revisions"}],"predecessor-version":[{"id":8303,"href":"http:\/\/www.filindeblogg.nu\/index.php?rest_route=\/wp\/v2\/posts\/8299\/revisions\/8303"}],"wp:attachment":[{"href":"http:\/\/www.filindeblogg.nu\/index.php?rest_route=%2Fwp%2Fv2%2Fmedia&parent=8299"}],"wp:term":[{"taxonomy":"category","embeddable":true,"href":"http:\/\/www.filindeblogg.nu\/index.php?rest_route=%2Fwp%2Fv2%2Fcategories&post=8299"},{"taxonomy":"post_tag","embeddable":true,"href":"http:\/\/www.filindeblogg.nu\/index.php?rest_route=%2Fwp%2Fv2%2Ftags&post=8299"}],"curies":[{"name":"wp","href":"https:\/\/api.w.org\/{rel}","templated":true}]}}