{"id":8245,"date":"2009-10-24T10:22:42","date_gmt":"2009-10-24T09:22:42","guid":{"rendered":"http:\/\/www.filindeblogg.nu\/?p=8245"},"modified":"2009-10-24T10:22:42","modified_gmt":"2009-10-24T09:22:42","slug":"kedja-adhd-are","status":"publish","type":"post","link":"http:\/\/www.filindeblogg.nu\/?p=8245","title":{"rendered":"Kedja ADHD-are!"},"content":{"rendered":"<p>Nja, att kedja ADHD-m\u00e4nniskor \u00e4r inte alls det jag menar<a href=\"http:\/\/www.dn.se\/opinion\/debatt\/ingen-har-ratt-att-strunta-i-barnens-egna-rattigheter-1.981535\">!<\/a> D\u00e4remot att k\u00f6pa sig en kedja! En halskedja som st\u00f6d och sympati f\u00f6r barn, ungdomar och vuxna med ADHD och andra neuropsykiatriska funktionshinder!<\/p>\n<p>PILGRIM &#8211; som f\u00f6r \u00f6vrigt \u00e4r en av mina favoriter &#8211; har designat ett vackert halssmycke f\u00f6r bl.a. <a href=\"http:\/\/www.attention-riks.se\/\"><strong>Riksf\u00f6rbundet Attentions<\/strong> <\/a>r\u00e4kning. <img loading=\"lazy\" class=\"alignnone size-thumbnail wp-image-8246\" title=\"ADHDhalsband 1\" src=\"http:\/\/www.filindeblogg.nu\/wp-content\/uploads\/2009\/10\/ADHDhalsband-1-150x150.jpg\" alt=\"ADHDhalsband 1\" width=\"150\" height=\"150\" \/><\/p>\n<p><em>&#8221;Ett trendigt ADHD-smycke fyllt av symbolik. Smycket best\u00e5r av en kedja med en kapsel med fyra symboler i. Ett hj\u00e4rta f\u00f6r n\u00e4rvaro, ett \u00f6ga f\u00f6r insikt, en nyckel f\u00f6r f\u00f6rst\u00e5else och en stj\u00e4rna f\u00f6r ambitioner.&#8221; <\/em>S\u00e5 beskriver Attention smycket som kostar 275 kr och finns att best\u00e4lla via deras webbutik! Klicka <a href=\"http:\/\/www.attention-riks.se\/index.php\/webbutik.html?page=shop.browse&amp;category_id=10\"><strong>H\u00c4R <\/strong><\/a>f\u00f6r att komma dit!<\/p>\n<p><img loading=\"lazy\" class=\"alignnone size-medium wp-image-8248\" title=\"ADHDhalsbans 1 o halv\" src=\"http:\/\/www.filindeblogg.nu\/wp-content\/uploads\/2009\/10\/ADHDhalsbans-1-o-halv-225x300.jpg\" alt=\"ADHDhalsbans 1 o halv\" width=\"135\" height=\"180\" srcset=\"http:\/\/www.filindeblogg.nu\/wp-content\/uploads\/2009\/10\/ADHDhalsbans-1-o-halv-225x300.jpg 225w, http:\/\/www.filindeblogg.nu\/wp-content\/uploads\/2009\/10\/ADHDhalsbans-1-o-halv.jpg 450w\" sizes=\"(max-width: 135px) 100vw, 135px\" \/> Kedjan \u00e4r l\u00e5ng men kan kortas genom att f\u00e4sta l\u00e5set l\u00e4ngre ner<a href=\"http:\/\/www.svd.se\/stockholm\/nyheter\/artikel_3699329.svd\">.<\/a> Den lilla silvriga kulan med texten ADHD g\u00e5r att \u00f6ppna. <img loading=\"lazy\" class=\"alignnone size-thumbnail wp-image-8247\" title=\"ADHDhalsband2\" src=\"http:\/\/www.filindeblogg.nu\/wp-content\/uploads\/2009\/10\/ADHDhalsband2-150x150.jpg\" alt=\"ADHDhalsband2\" width=\"150\" height=\"150\" \/> Och inuti ligger dessa symboler:\u00a0 <img loading=\"lazy\" class=\"alignnone size-medium wp-image-8249\" title=\"ADHDhalsband 3\" src=\"http:\/\/www.filindeblogg.nu\/wp-content\/uploads\/2009\/10\/ADHDhalsband-3-225x300.jpg\" alt=\"ADHDhalsband 3\" width=\"135\" height=\"180\" srcset=\"http:\/\/www.filindeblogg.nu\/wp-content\/uploads\/2009\/10\/ADHDhalsband-3-225x300.jpg 225w, http:\/\/www.filindeblogg.nu\/wp-content\/uploads\/2009\/10\/ADHDhalsband-3.jpg 450w\" sizes=\"(max-width: 135px) 100vw, 135px\" \/> Ett hj\u00e4rta f\u00f6r n\u00e4rvaro, ett \u00f6ga f\u00f6r insikt, en nyckel f\u00f6r f\u00f6rst\u00e5else och en stj\u00e4rna f\u00f6r ambitioner, som man beskrev det i texten<a href=\"http:\/\/www.aftonbladet.se\/nojesbladet\/article6008980.ab\">.<\/a><br \/>\nJag ser symbolerna p\u00e5 mitt eget s\u00e4tt:<strong> Ett hj\u00e4rta f\u00f6r all k\u00e4rlek att ge och ta emot fr\u00e5n m\u00e4nniskor med ADHD. Ett \u00f6ga f\u00f6r att f\u00f6rst\u00e5 det man inte ser. En nyckel f\u00f6r att l\u00e5sa upp alla d\u00f6rrar. Och en stj\u00e4rna f\u00f6r att alla m\u00e4nniskor med ADHD \u00e4r fantastiska stj\u00e4rnor som ofta slocknar men som kan f\u00e5s att lysa och str\u00e5la p\u00e5 nytt!<\/strong><\/p>\n<p>PILGRIM som \u00e4r danskt &#8211; har f\u00f6ljande lilla folder med n\u00e4r smycket kommer: <img loading=\"lazy\" class=\"alignnone size-full wp-image-8250\" title=\"ADHDtext1\" src=\"http:\/\/www.filindeblogg.nu\/wp-content\/uploads\/2009\/10\/ADHDtext1.jpg\" alt=\"ADHDtext1\" width=\"162\" height=\"216\" srcset=\"http:\/\/www.filindeblogg.nu\/wp-content\/uploads\/2009\/10\/ADHDtext1.jpg 450w, http:\/\/www.filindeblogg.nu\/wp-content\/uploads\/2009\/10\/ADHDtext1-225x300.jpg 225w\" sizes=\"(max-width: 162px) 100vw, 162px\" \/> baksidan: <img loading=\"lazy\" class=\"alignnone size-full wp-image-8251\" title=\"ADHDtext2\" src=\"http:\/\/www.filindeblogg.nu\/wp-content\/uploads\/2009\/10\/ADHDtext2.jpg\" alt=\"ADHDtext2\" width=\"162\" height=\"216\" srcset=\"http:\/\/www.filindeblogg.nu\/wp-content\/uploads\/2009\/10\/ADHDtext2.jpg 450w, http:\/\/www.filindeblogg.nu\/wp-content\/uploads\/2009\/10\/ADHDtext2-225x300.jpg 225w\" sizes=\"(max-width: 162px) 100vw, 162px\" \/><\/p>\n<p>Enligt uppgift har en av \u00e4garna till PILGRIM ett barn med diagnosen ADHD. D\u00e4rmed uppkom viljan att designa ett smycke<a href=\"http:\/\/www.expressen.se\/noje\/fredag\/1.1754897\/katrin-jag-har-matt-jattedaligt\">.<\/a><\/p>\n<p>K\u00f6p smycket! Visa f\u00f6rst\u00e5else och st\u00f6d genom att b\u00e4ra det!<\/p>\n<p><em><br \/>\n<\/em><\/p>\n<p><em><br \/>\n<\/em><\/p>\n<p><em> <\/em><\/p>\n","protected":false},"excerpt":{"rendered":"<p>Nja, att kedja ADHD-m\u00e4nniskor \u00e4r inte alls det jag menar! D\u00e4remot att k\u00f6pa sig en kedja! En halskedja som st\u00f6d och sympati f\u00f6r barn, ungdomar och vuxna med ADHD och andra neuropsykiatriska funktionshinder! PILGRIM &#8211; som f\u00f6r \u00f6vrigt \u00e4r en av mina favoriter &#8211; har designat ett vackert halssmycke f\u00f6r bl.a. Riksf\u00f6rbundet Attentions r\u00e4kning. &#8221;Ett [&hellip;]<\/p>\n","protected":false},"author":1,"featured_media":0,"comment_status":"open","ping_status":"open","sticky":false,"template":"","format":"standard","meta":[],"categories":[107,100,101],"tags":[],"_links":{"self":[{"href":"http:\/\/www.filindeblogg.nu\/index.php?rest_route=\/wp\/v2\/posts\/8245"}],"collection":[{"href":"http:\/\/www.filindeblogg.nu\/index.php?rest_route=\/wp\/v2\/posts"}],"about":[{"href":"http:\/\/www.filindeblogg.nu\/index.php?rest_route=\/wp\/v2\/types\/post"}],"author":[{"embeddable":true,"href":"http:\/\/www.filindeblogg.nu\/index.php?rest_route=\/wp\/v2\/users\/1"}],"replies":[{"embeddable":true,"href":"http:\/\/www.filindeblogg.nu\/index.php?rest_route=%2Fwp%2Fv2%2Fcomments&post=8245"}],"version-history":[{"count":1,"href":"http:\/\/www.filindeblogg.nu\/index.php?rest_route=\/wp\/v2\/posts\/8245\/revisions"}],"predecessor-version":[{"id":8252,"href":"http:\/\/www.filindeblogg.nu\/index.php?rest_route=\/wp\/v2\/posts\/8245\/revisions\/8252"}],"wp:attachment":[{"href":"http:\/\/www.filindeblogg.nu\/index.php?rest_route=%2Fwp%2Fv2%2Fmedia&parent=8245"}],"wp:term":[{"taxonomy":"category","embeddable":true,"href":"http:\/\/www.filindeblogg.nu\/index.php?rest_route=%2Fwp%2Fv2%2Fcategories&post=8245"},{"taxonomy":"post_tag","embeddable":true,"href":"http:\/\/www.filindeblogg.nu\/index.php?rest_route=%2Fwp%2Fv2%2Ftags&post=8245"}],"curies":[{"name":"wp","href":"https:\/\/api.w.org\/{rel}","templated":true}]}}