{"id":8217,"date":"2009-10-22T08:06:41","date_gmt":"2009-10-22T07:06:41","guid":{"rendered":"http:\/\/www.filindeblogg.nu\/?p=8217"},"modified":"2009-10-22T08:10:05","modified_gmt":"2009-10-22T07:10:05","slug":"sarskola-for-alla-idioter","status":"publish","type":"post","link":"http:\/\/www.filindeblogg.nu\/?p=8217","title":{"rendered":"S\u00e4rskola f\u00f6r alla idioter!"},"content":{"rendered":"<p>Ig\u00e5r kunde man i <strong>Uppdrag granskning <\/strong>se ett reportage om ytterligare en elev som tvingats till s\u00e4rskolan trots normalbeg\u00e5vning!<strong> Jag blir RASANDE<a href=\"http:\/\/www.svd.se\/nyheter\/inrikes\/artikel_3685843.svd\">!<\/a> <\/strong><\/p>\n<p>Ni som s\u00e5g det och tror att det bara h\u00e4nder n\u00e5gon g\u00e5ng ibland &#8211; gl\u00f6m det! Det finns \u00f6verallt, \u00f6ver hela landet t o m i min egen stad <strong>Arboga! <\/strong><\/p>\n<p>Jag har sj\u00e4lv suttit i Barn- och Utbildningsn\u00e4mnden i Arboga och ifr\u00e5gasatt den enorma \u00f6kningen av antalet elever till s\u00e4rskolan! Detta \u00e4r s\u00e4kert 15 \u00e5r sedan! D\u00e5varande skolchefen nonchalerade mina protester, s\u00e5 ock de \u00f6vriga i den socialdemokratiskt styrda n\u00e4mnden. P\u00e5 senare \u00e5r har jag bett att f\u00e5 veta hur m\u00e5nga elever med t ex diagnosen ADHD som idag g\u00e5r p\u00e5 s\u00e4rskolan. Den kontaktperson jag har lovade att ta reda p\u00e5 det &#8211; men har inte \u00e5terkommit&#8230; Det kan f\u00f6rutom gl\u00f6mska, kanske ointresse ocks\u00e5 bero p\u00e5 att de f\u00f6r\u00e4ldrar som tvingats s\u00e4tta sin barn i s\u00e4rskolan inte vill &#8221;skylta&#8221; med detta. Det \u00e4r sorgligt och tragiskt nog \u00e4nd\u00e5.<\/p>\n<p>Jag vet en familj i Arboga d\u00e4r sonen har ADHD som fick beskedet: &#8221;-<em>Det finns en plats f\u00f6r honom i s\u00e4rskolan! <\/em>&#8221;N\u00e4r de ville l\u00e5ta honom g\u00e5 kvar i den vanliga grundskolan blev svaret: <em>&#8221;-Men n\u00e5gon assistent d\u00e4r kan du inte r\u00e4kna med, det har vi inte resurser till.&#8221;<\/em> Vad g\u00f6r man d\u00e5 som f\u00f6r\u00e4lder!? Om man redan \u00e4r ledsen, tr\u00f6tt, orkesl\u00f6s &#8211; s\u00e5 tar man inte strid med en kommun som s\u00e4ger sig inte kunna hj\u00e4lpa till. F\u00f6r\u00e4ldrarna har inget alternativ! Barnets framtid \u00e4r d\u00e4rmed utstakad &#8211; ingen utbildning, inget slutbetyg som \u00e4r relevant, inget jobb, ingen f\u00f6rs\u00f6rjning &#8211; tragedi!<\/p>\n<p><strong>Detta \u00e4r en stor skandal! Jag \u00e4r mycket tacksam f\u00f6r program som Uppdrag granskning som visar p\u00e5 dessa enorma diskrimineringar som finns i v\u00e5rt s k v\u00e4lf\u00e4rdsland. V\u00e4lf\u00e4rd f\u00f6r vem??<br \/>\nS\u00e4rskolan \u00e4r inte en plats f\u00f6r &#8221;idioter&#8221; eller &#8221;miffon&#8221; &#8211; det finns n\u00e4mligen inga s\u00e5dana! Alla \u00e4r barn, elever som beh\u00f6ver undervisning efter sitt behov!<br \/>\n<\/strong><\/p>\n<p><strong>Alla f\u00f6r\u00e4ldrar i liknande situation som barnen i Uppdrag granskning ig\u00e5r &#8211; ST\u00c5 P\u00c5 ER! K\u00c4MPA! G\u00e5 p\u00e5 magk\u00e4nslan vad g\u00e4ller era barn! Ingen k\u00e4nner era barn b\u00e4ttre \u00e4n ni sj\u00e4lva! TA STRID! Och ta kontakt med andra i samma situation. Tillsammans blir vi starka!<\/strong><\/p>\n<p>Klicka <a href=\"http:\/\/svt.se\/2.2232\/uppdrag_granskning?lid=index_312864&amp;lpos=sajt&amp;from=innehall_ao\"><strong>H\u00c4R<\/strong><\/a> f\u00f6r att se <strong>Uppdrag granskning<\/strong> fr\u00e5n ig\u00e5r!<\/p>\n<p>Klicka<a href=\"http:\/\/www.attention-riks.se\/\"><strong> H\u00c4R<\/strong><\/a> f\u00f6r att komma till <strong>Attention<\/strong>.\u00a0 <strong>Riksf\u00f6rbundet Attention <\/strong>\u00e4r en intresseorganisation f\u00f6r m\u00e4nniskor med neuropsykiatriska funktionsneds\u00e4ttningar.<\/p>\n<p>Ni \u00e4r ocks\u00e5 v\u00e4lkomna att kontakta mig &#8211; skriv d\u00e5 en kommentar p\u00e5 bloggen!<\/p>\n<p style=\"text-align: center;\"><img loading=\"lazy\" class=\"aligncenter size-full wp-image-8218\" title=\"rullandebild3\" src=\"http:\/\/www.filindeblogg.nu\/wp-content\/uploads\/2009\/10\/rullandebild3.jpg\" alt=\"rullandebild3\" width=\"406\" height=\"168\" srcset=\"http:\/\/www.filindeblogg.nu\/wp-content\/uploads\/2009\/10\/rullandebild3.jpg 677w, http:\/\/www.filindeblogg.nu\/wp-content\/uploads\/2009\/10\/rullandebild3-300x124.jpg 300w\" sizes=\"(max-width: 406px) 100vw, 406px\" \/><\/p>\n","protected":false},"excerpt":{"rendered":"<p>Ig\u00e5r kunde man i Uppdrag granskning se ett reportage om ytterligare en elev som tvingats till s\u00e4rskolan trots normalbeg\u00e5vning! Jag blir RASANDE! Ni som s\u00e5g det och tror att det bara h\u00e4nder n\u00e5gon g\u00e5ng ibland &#8211; gl\u00f6m det! Det finns \u00f6verallt, \u00f6ver hela landet t o m i min egen stad Arboga! Jag har sj\u00e4lv [&hellip;]<\/p>\n","protected":false},"author":1,"featured_media":0,"comment_status":"open","ping_status":"open","sticky":false,"template":"","format":"standard","meta":[],"categories":[107,100,101],"tags":[],"_links":{"self":[{"href":"http:\/\/www.filindeblogg.nu\/index.php?rest_route=\/wp\/v2\/posts\/8217"}],"collection":[{"href":"http:\/\/www.filindeblogg.nu\/index.php?rest_route=\/wp\/v2\/posts"}],"about":[{"href":"http:\/\/www.filindeblogg.nu\/index.php?rest_route=\/wp\/v2\/types\/post"}],"author":[{"embeddable":true,"href":"http:\/\/www.filindeblogg.nu\/index.php?rest_route=\/wp\/v2\/users\/1"}],"replies":[{"embeddable":true,"href":"http:\/\/www.filindeblogg.nu\/index.php?rest_route=%2Fwp%2Fv2%2Fcomments&post=8217"}],"version-history":[{"count":4,"href":"http:\/\/www.filindeblogg.nu\/index.php?rest_route=\/wp\/v2\/posts\/8217\/revisions"}],"predecessor-version":[{"id":8222,"href":"http:\/\/www.filindeblogg.nu\/index.php?rest_route=\/wp\/v2\/posts\/8217\/revisions\/8222"}],"wp:attachment":[{"href":"http:\/\/www.filindeblogg.nu\/index.php?rest_route=%2Fwp%2Fv2%2Fmedia&parent=8217"}],"wp:term":[{"taxonomy":"category","embeddable":true,"href":"http:\/\/www.filindeblogg.nu\/index.php?rest_route=%2Fwp%2Fv2%2Fcategories&post=8217"},{"taxonomy":"post_tag","embeddable":true,"href":"http:\/\/www.filindeblogg.nu\/index.php?rest_route=%2Fwp%2Fv2%2Ftags&post=8217"}],"curies":[{"name":"wp","href":"https:\/\/api.w.org\/{rel}","templated":true}]}}